{"id":84938,"date":"2025-06-18T18:51:00","date_gmt":"2025-06-18T15:51:00","guid":{"rendered":"https:\/\/kibrisdakik.com\/index.php\/2025\/06\/18\/cahitoglu-atletizmdeki-basarilari-kutladi\/"},"modified":"2025-06-18T18:51:00","modified_gmt":"2025-06-18T15:51:00","slug":"cahitoglu-atletizmdeki-basarilari-kutladi","status":"publish","type":"post","link":"https:\/\/kibrisdakik.com\/?p=84938","title":{"rendered":"CAH\u0130TO\u011eLU, ATLET\u0130ZMDEK\u0130 BA\u015eARILARI KUTLADI"},"content":{"rendered":"<p><img decoding=\"async\" src=\"https:\/\/mhahabercom.teimg.com\/crop\/1280x720\/mhahaber-com\/uploads\/2025\/06\/mha-gorsel-104.png\" \/><br \/>Ba\u015fbakanl\u0131k M\u00fcste\u015far\u0131 ve Spor Dairesi Genel Y\u00f6netim Kurulu Ba\u015fkan\u0131 H\u00fcseyin Cahito\u011flu, T\u00fcrkiye Atletizm Federasyonu taraf\u0131ndan \u0130zmir\u2019de d\u00fczenlenen Ayd\u0131n Onur U20 T\u00fcrkiye \u015eampiyonas\u0131\u2019nda madalya kazanan ve rekor k\u0131ran atletler ile federasyon yetkililerini kabul ederek g\u00f6r\u00fc\u015ft\u00fc.<\/p>\n<p>Ba\u015fbakanl\u0131kta ger\u00e7ekle\u015fen kabule, Atletizm Federasyonu Ba\u015fkan\u0131 Ferhat Sakall\u0131, y\u00f6netim kurulu \u00fcyesi ve antren\u00f6r Hasan Maydon, antren\u00f6r Re\u015fat O\u011fuz, atletler Ada Kafa ve Kaz\u0131m R\u00fcstem G\u00fcl kat\u0131ld\u0131.<\/p>\n<p>H\u00fcseyin Cahito\u011flu<\/p>\n<p>Ba\u015fbakanl\u0131k M\u00fcste\u015far\u0131 ve Spor Dairesi Genel Y\u00f6netim Kurulu Ba\u015fkan\u0131 H\u00fcseyin Cahito\u011flu, U20 T\u00fcrkiye Atletizm \u015eampiyonas\u0131\u2019nda y\u00fcksek atlamada 1.99\u2019luk derecesiyle T\u00fcrkiye ikincisi olan Kaz\u0131m R\u00fcstem G\u00fcl ve 800 metre bran\u015f\u0131nda 2:15.60\u2019l\u0131k derecesi ile T\u00fcrkiye \u00fc\u00e7\u00fcnc\u00fcl\u00fc\u011f\u00fc yan\u0131 s\u0131ra kendisine ait KKTC b\u00fcy\u00fckler rekorunu da k\u0131ran Ada Kafa\u2019y\u0131 ba\u015far\u0131lar\u0131ndan dolay\u0131 tebrik etti.<\/p>\n<p>H\u00fcseyin Cahito\u011flu elde edilen ba\u015far\u0131lar\u0131 yak\u0131ndan takip etti\u011fini belirterek di\u011fer bran\u015flarda madalya kazanamayan ancak olduk\u00e7a iyi performanslar sergileyen t\u00fcm sporcular\u0131 da kutlad\u0131.<\/p>\n<p>Atletizmin \u00f6n\u00fcn\u00fcn a\u00e7\u0131k oldu\u011funu kaydeden Cahito\u011flu, atletizme katk\u0131 ve desteklerinin artarak devam edece\u011fini bildirdi.<\/p>\n<p>Cahito\u011flu tesisle\u015fme konusunda atletizm i\u00e7in m\u00fcjde vererek, Lefko\u015fa Atat\u00fcrk Stad\u0131 ve Do\u011fu Akdeniz \u00dcniversitesi tartan pistlerinin yenilenme \u00e7al\u0131\u015fmalar\u0131n\u0131n h\u0131zla devam eti\u011fini bu konuda ihale a\u015famas\u0131na gelindi\u011fini aktard\u0131.<\/p>\n<p>Ferhat Sakall\u0131 <\/p>\n<p>Atletizm Federasyonu Ba\u015fkan\u0131 Ferhat Sakall\u0131 ise kabulde yapt\u0131\u011f\u0131 konu\u015fmada, ge\u00e7ti\u011fimiz y\u0131l Buse\u2019ye yap\u0131lan katk\u0131lar ve elde edilen ba\u015far\u0131larla sporun \u00f6n\u00fcn\u00fcn a\u00e7\u0131ld\u0131\u011f\u0131n\u0131 vurgulayarak \u015funlar\u0131 s\u00f6yledi: \u201cBu durum \u00f6zelde atletizme genelde ise \u00fclke sporuna \u00f6nemli bir ivme kazand\u0131rd\u0131. Alt yap\u0131dan \u00e7ok fazla yetenekli sporcunun gelmesi ile atletizmde tarihin en y\u00fcksek rakamlar\u0131na ula\u015ft\u0131k. U20 kafilesinin ard\u0131ndan U14, U16 ve U18 kafileleri de T\u00fcrkiye \u015eampiyonas\u0131 i\u00e7in haz\u0131rl\u0131klar\u0131n\u0131 s\u00fcrd\u00fcr\u00fcyor. Verilen katk\u0131lar\u0131n \u00e7ok \u00f6nemli. Eskiden yar\u0131\u015ftan bir g\u00fcn \u00f6nce gidip sporcular yorgun m\u00fccadele ederken \u015fimdi ise verilen destekler sayesinde bir hafta \u00f6nceden gidilip kamp yaparak \u00e7ok daha iyi dereceler elde ediliyor. En b\u00fcy\u00fck avantajlardan biri de, eskiden kafilede tek antren\u00f6r yer al\u0131rken \u015fimdi ise her sporcunun kendi antren\u00f6r\u00fcn\u00fcn de yan\u0131nda olmas\u0131 ile sporcular\u0131n performanslar\u0131 en y\u00fcksek seviyeye ula\u015f\u0131yor. \u015eu ana kadar 5 sporcumuz TOHM (T\u00fcrkiye Olimpik Haz\u0131rl\u0131k Merkezi) baraj\u0131 ge\u00e7ti. Bu konuda kamp \u00e7al\u0131\u015fmalar\u0131 i\u00e7in T\u00fcrkiye ile yaz\u0131\u015fmalara ba\u015flad\u0131k.\u201d<\/p>\n","protected":false},"excerpt":{"rendered":"<p>Ba\u015fbakanl\u0131k M\u00fcste\u015far\u0131 ve Spor Dairesi Genel Y\u00f6netim Kurulu Ba\u015fkan\u0131 H\u00fcseyin Cahito\u011flu, T\u00fcrkiye Atletizm Federasyonu taraf\u0131ndan \u0130zmir\u2019de d\u00fczenlenen Ayd\u0131n Onur U20 T\u00fcrkiye \u015eampiyonas\u0131\u2019nda madalya kazanan ve rekor k\u0131ran atletler ile federasyon yetkililerini kabul ederek g\u00f6r\u00fc\u015ft\u00fc. Ba\u015fbakanl\u0131kta ger\u00e7ekle\u015fen kabule, Atletizm Federasyonu Ba\u015fkan\u0131 Ferhat Sakall\u0131, y\u00f6netim kurulu \u00fcyesi ve antren\u00f6r Hasan Maydon, antren\u00f6r Re\u015fat O\u011fuz, atletler Ada Kafa<\/p>\n","protected":false},"author":1,"featured_media":84939,"comment_status":"open","ping_status":"open","sticky":false,"template":"","format":"standard","meta":{"footnotes":""},"categories":[1],"tags":[],"class_list":["post-84938","post","type-post","status-publish","format-standard","has-post-thumbnail","hentry","category-gundem"],"yoast_head":"<!-- This site is optimized with the Yoast SEO plugin v27.4 - https:\/\/yoast.com\/product\/yoast-seo-wordpress\/ -->\n<title>CAH\u0130TO\u011eLU, ATLET\u0130ZMDEK\u0130 BA\u015eARILARI KUTLADI -<\/title>\n<meta name=\"robots\" content=\"index, follow, max-snippet:-1, max-image-preview:large, max-video-preview:-1\" \/>\n<link rel=\"canonical\" href=\"https:\/\/kibrisdakik.com\/?p=84938\" \/>\n<meta property=\"og:locale\" content=\"tr_TR\" \/>\n<meta property=\"og:type\" content=\"article\" \/>\n<meta property=\"og:title\" content=\"CAH\u0130TO\u011eLU, ATLET\u0130ZMDEK\u0130 BA\u015eARILARI KUTLADI -\" \/>\n<meta property=\"og:description\" content=\"Ba\u015fbakanl\u0131k M\u00fcste\u015far\u0131 ve Spor Dairesi Genel Y\u00f6netim Kurulu Ba\u015fkan\u0131 H\u00fcseyin Cahito\u011flu, T\u00fcrkiye Atletizm Federasyonu taraf\u0131ndan \u0130zmir\u2019de d\u00fczenlenen Ayd\u0131n Onur U20 T\u00fcrkiye \u015eampiyonas\u0131\u2019nda madalya kazanan ve rekor k\u0131ran atletler ile federasyon yetkililerini kabul ederek g\u00f6r\u00fc\u015ft\u00fc. Ba\u015fbakanl\u0131kta ger\u00e7ekle\u015fen kabule, Atletizm Federasyonu Ba\u015fkan\u0131 Ferhat Sakall\u0131, y\u00f6netim kurulu \u00fcyesi ve antren\u00f6r Hasan Maydon, antren\u00f6r Re\u015fat O\u011fuz, atletler Ada Kafa\" \/>\n<meta property=\"og:url\" content=\"https:\/\/kibrisdakik.com\/?p=84938\" \/>\n<meta property=\"article:published_time\" content=\"2025-06-18T15:51:00+00:00\" \/>\n<meta property=\"og:image\" content=\"https:\/\/kibrisdakik.com\/wp-content\/uploads\/2025\/06\/mha-gorsel-104-740x420.png\" \/>\n\t<meta property=\"og:image:width\" content=\"1280\" \/>\n\t<meta property=\"og:image:height\" content=\"720\" \/>\n\t<meta property=\"og:image:type\" content=\"image\/png\" \/>\n<meta name=\"author\" content=\"admin\" \/>\n<meta name=\"twitter:card\" content=\"summary_large_image\" \/>\n<meta name=\"twitter:label1\" content=\"Yazan:\" \/>\n\t<meta name=\"twitter:data1\" content=\"admin\" \/>\n\t<meta name=\"twitter:label2\" content=\"Tahmini okuma s\u00fcresi\" \/>\n\t<meta name=\"twitter:data2\" content=\"2 dakika\" \/>\n<script type=\"application\/ld+json\" class=\"yoast-schema-graph\">{\"@context\":\"https:\\\/\\\/schema.org\",\"@graph\":[{\"@type\":\"Article\",\"@id\":\"https:\\\/\\\/kibrisdakik.com\\\/?p=84938#article\",\"isPartOf\":{\"@id\":\"https:\\\/\\\/kibrisdakik.com\\\/?p=84938\"},\"author\":{\"name\":\"admin\",\"@id\":\"https:\\\/\\\/kibrisdakik.com\\\/#\\\/schema\\\/person\\\/9cd9d437bbb44f72b73ba127e06d8e79\"},\"headline\":\"CAH\u0130TO\u011eLU, ATLET\u0130ZMDEK\u0130 BA\u015eARILARI KUTLADI\",\"datePublished\":\"2025-06-18T15:51:00+00:00\",\"mainEntityOfPage\":{\"@id\":\"https:\\\/\\\/kibrisdakik.com\\\/?p=84938\"},\"wordCount\":473,\"commentCount\":0,\"image\":{\"@id\":\"https:\\\/\\\/kibrisdakik.com\\\/?p=84938#primaryimage\"},\"thumbnailUrl\":\"https:\\\/\\\/kibrisdakik.com\\\/wp-content\\\/uploads\\\/2025\\\/06\\\/mha-gorsel-104-740x420.png\",\"articleSection\":[\"G\u00fcndem\"],\"inLanguage\":\"tr\",\"potentialAction\":[{\"@type\":\"CommentAction\",\"name\":\"Comment\",\"target\":[\"https:\\\/\\\/kibrisdakik.com\\\/?p=84938#respond\"]}]},{\"@type\":\"WebPage\",\"@id\":\"https:\\\/\\\/kibrisdakik.com\\\/?p=84938\",\"url\":\"https:\\\/\\\/kibrisdakik.com\\\/?p=84938\",\"name\":\"CAH\u0130TO\u011eLU, ATLET\u0130ZMDEK\u0130 BA\u015eARILARI KUTLADI -\",\"isPartOf\":{\"@id\":\"https:\\\/\\\/kibrisdakik.com\\\/#website\"},\"primaryImageOfPage\":{\"@id\":\"https:\\\/\\\/kibrisdakik.com\\\/?p=84938#primaryimage\"},\"image\":{\"@id\":\"https:\\\/\\\/kibrisdakik.com\\\/?p=84938#primaryimage\"},\"thumbnailUrl\":\"https:\\\/\\\/kibrisdakik.com\\\/wp-content\\\/uploads\\\/2025\\\/06\\\/mha-gorsel-104-740x420.png\",\"datePublished\":\"2025-06-18T15:51:00+00:00\",\"author\":{\"@id\":\"https:\\\/\\\/kibrisdakik.com\\\/#\\\/schema\\\/person\\\/9cd9d437bbb44f72b73ba127e06d8e79\"},\"breadcrumb\":{\"@id\":\"https:\\\/\\\/kibrisdakik.com\\\/?p=84938#breadcrumb\"},\"inLanguage\":\"tr\",\"potentialAction\":[{\"@type\":\"ReadAction\",\"target\":[\"https:\\\/\\\/kibrisdakik.com\\\/?p=84938\"]}]},{\"@type\":\"ImageObject\",\"inLanguage\":\"tr\",\"@id\":\"https:\\\/\\\/kibrisdakik.com\\\/?p=84938#primaryimage\",\"url\":\"https:\\\/\\\/kibrisdakik.com\\\/wp-content\\\/uploads\\\/2025\\\/06\\\/mha-gorsel-104-740x420.png\",\"contentUrl\":\"https:\\\/\\\/kibrisdakik.com\\\/wp-content\\\/uploads\\\/2025\\\/06\\\/mha-gorsel-104-740x420.png\",\"width\":1280,\"height\":720},{\"@type\":\"BreadcrumbList\",\"@id\":\"https:\\\/\\\/kibrisdakik.com\\\/?p=84938#breadcrumb\",\"itemListElement\":[{\"@type\":\"ListItem\",\"position\":1,\"name\":\"Home\",\"item\":\"https:\\\/\\\/kibrisdakik.com\\\/\"},{\"@type\":\"ListItem\",\"position\":2,\"name\":\"CAH\u0130TO\u011eLU, ATLET\u0130ZMDEK\u0130 BA\u015eARILARI KUTLADI\"}]},{\"@type\":\"WebSite\",\"@id\":\"https:\\\/\\\/kibrisdakik.com\\\/#website\",\"url\":\"https:\\\/\\\/kibrisdakik.com\\\/\",\"name\":\"\",\"description\":\"Tam vaktinde haber\",\"potentialAction\":[{\"@type\":\"SearchAction\",\"target\":{\"@type\":\"EntryPoint\",\"urlTemplate\":\"https:\\\/\\\/kibrisdakik.com\\\/?s={search_term_string}\"},\"query-input\":{\"@type\":\"PropertyValueSpecification\",\"valueRequired\":true,\"valueName\":\"search_term_string\"}}],\"inLanguage\":\"tr\"},{\"@type\":\"Person\",\"@id\":\"https:\\\/\\\/kibrisdakik.com\\\/#\\\/schema\\\/person\\\/9cd9d437bbb44f72b73ba127e06d8e79\",\"name\":\"admin\",\"image\":{\"@type\":\"ImageObject\",\"inLanguage\":\"tr\",\"@id\":\"https:\\\/\\\/secure.gravatar.com\\\/avatar\\\/ccc17943b9d660506c869530f897617f7cb1c21a4bf30023f252596d83e1f007?s=96&d=mm&r=g\",\"url\":\"https:\\\/\\\/secure.gravatar.com\\\/avatar\\\/ccc17943b9d660506c869530f897617f7cb1c21a4bf30023f252596d83e1f007?s=96&d=mm&r=g\",\"contentUrl\":\"https:\\\/\\\/secure.gravatar.com\\\/avatar\\\/ccc17943b9d660506c869530f897617f7cb1c21a4bf30023f252596d83e1f007?s=96&d=mm&r=g\",\"caption\":\"admin\"},\"sameAs\":[\"https:\\\/\\\/kibrisdakik.com\"],\"url\":\"https:\\\/\\\/kibrisdakik.com\\\/?author=1\"}]}<\/script>\n<!-- \/ Yoast SEO plugin. -->","yoast_head_json":{"title":"CAH\u0130TO\u011eLU, ATLET\u0130ZMDEK\u0130 BA\u015eARILARI KUTLADI -","robots":{"index":"index","follow":"follow","max-snippet":"max-snippet:-1","max-image-preview":"max-image-preview:large","max-video-preview":"max-video-preview:-1"},"canonical":"https:\/\/kibrisdakik.com\/?p=84938","og_locale":"tr_TR","og_type":"article","og_title":"CAH\u0130TO\u011eLU, ATLET\u0130ZMDEK\u0130 BA\u015eARILARI KUTLADI -","og_description":"Ba\u015fbakanl\u0131k M\u00fcste\u015far\u0131 ve Spor Dairesi Genel Y\u00f6netim Kurulu Ba\u015fkan\u0131 H\u00fcseyin Cahito\u011flu, T\u00fcrkiye Atletizm Federasyonu taraf\u0131ndan \u0130zmir\u2019de d\u00fczenlenen Ayd\u0131n Onur U20 T\u00fcrkiye \u015eampiyonas\u0131\u2019nda madalya kazanan ve rekor k\u0131ran atletler ile federasyon yetkililerini kabul ederek g\u00f6r\u00fc\u015ft\u00fc. Ba\u015fbakanl\u0131kta ger\u00e7ekle\u015fen kabule, Atletizm Federasyonu Ba\u015fkan\u0131 Ferhat Sakall\u0131, y\u00f6netim kurulu \u00fcyesi ve antren\u00f6r Hasan Maydon, antren\u00f6r Re\u015fat O\u011fuz, atletler Ada Kafa","og_url":"https:\/\/kibrisdakik.com\/?p=84938","article_published_time":"2025-06-18T15:51:00+00:00","og_image":[{"width":1280,"height":720,"url":"https:\/\/kibrisdakik.com\/wp-content\/uploads\/2025\/06\/mha-gorsel-104-740x420.png","type":"image\/png"}],"author":"admin","twitter_card":"summary_large_image","twitter_misc":{"Yazan:":"admin","Tahmini okuma s\u00fcresi":"2 dakika"},"schema":{"@context":"https:\/\/schema.org","@graph":[{"@type":"Article","@id":"https:\/\/kibrisdakik.com\/?p=84938#article","isPartOf":{"@id":"https:\/\/kibrisdakik.com\/?p=84938"},"author":{"name":"admin","@id":"https:\/\/kibrisdakik.com\/#\/schema\/person\/9cd9d437bbb44f72b73ba127e06d8e79"},"headline":"CAH\u0130TO\u011eLU, ATLET\u0130ZMDEK\u0130 BA\u015eARILARI KUTLADI","datePublished":"2025-06-18T15:51:00+00:00","mainEntityOfPage":{"@id":"https:\/\/kibrisdakik.com\/?p=84938"},"wordCount":473,"commentCount":0,"image":{"@id":"https:\/\/kibrisdakik.com\/?p=84938#primaryimage"},"thumbnailUrl":"https:\/\/kibrisdakik.com\/wp-content\/uploads\/2025\/06\/mha-gorsel-104-740x420.png","articleSection":["G\u00fcndem"],"inLanguage":"tr","potentialAction":[{"@type":"CommentAction","name":"Comment","target":["https:\/\/kibrisdakik.com\/?p=84938#respond"]}]},{"@type":"WebPage","@id":"https:\/\/kibrisdakik.com\/?p=84938","url":"https:\/\/kibrisdakik.com\/?p=84938","name":"CAH\u0130TO\u011eLU, ATLET\u0130ZMDEK\u0130 BA\u015eARILARI KUTLADI -","isPartOf":{"@id":"https:\/\/kibrisdakik.com\/#website"},"primaryImageOfPage":{"@id":"https:\/\/kibrisdakik.com\/?p=84938#primaryimage"},"image":{"@id":"https:\/\/kibrisdakik.com\/?p=84938#primaryimage"},"thumbnailUrl":"https:\/\/kibrisdakik.com\/wp-content\/uploads\/2025\/06\/mha-gorsel-104-740x420.png","datePublished":"2025-06-18T15:51:00+00:00","author":{"@id":"https:\/\/kibrisdakik.com\/#\/schema\/person\/9cd9d437bbb44f72b73ba127e06d8e79"},"breadcrumb":{"@id":"https:\/\/kibrisdakik.com\/?p=84938#breadcrumb"},"inLanguage":"tr","potentialAction":[{"@type":"ReadAction","target":["https:\/\/kibrisdakik.com\/?p=84938"]}]},{"@type":"ImageObject","inLanguage":"tr","@id":"https:\/\/kibrisdakik.com\/?p=84938#primaryimage","url":"https:\/\/kibrisdakik.com\/wp-content\/uploads\/2025\/06\/mha-gorsel-104-740x420.png","contentUrl":"https:\/\/kibrisdakik.com\/wp-content\/uploads\/2025\/06\/mha-gorsel-104-740x420.png","width":1280,"height":720},{"@type":"BreadcrumbList","@id":"https:\/\/kibrisdakik.com\/?p=84938#breadcrumb","itemListElement":[{"@type":"ListItem","position":1,"name":"Home","item":"https:\/\/kibrisdakik.com\/"},{"@type":"ListItem","position":2,"name":"CAH\u0130TO\u011eLU, ATLET\u0130ZMDEK\u0130 BA\u015eARILARI KUTLADI"}]},{"@type":"WebSite","@id":"https:\/\/kibrisdakik.com\/#website","url":"https:\/\/kibrisdakik.com\/","name":"","description":"Tam vaktinde haber","potentialAction":[{"@type":"SearchAction","target":{"@type":"EntryPoint","urlTemplate":"https:\/\/kibrisdakik.com\/?s={search_term_string}"},"query-input":{"@type":"PropertyValueSpecification","valueRequired":true,"valueName":"search_term_string"}}],"inLanguage":"tr"},{"@type":"Person","@id":"https:\/\/kibrisdakik.com\/#\/schema\/person\/9cd9d437bbb44f72b73ba127e06d8e79","name":"admin","image":{"@type":"ImageObject","inLanguage":"tr","@id":"https:\/\/secure.gravatar.com\/avatar\/ccc17943b9d660506c869530f897617f7cb1c21a4bf30023f252596d83e1f007?s=96&d=mm&r=g","url":"https:\/\/secure.gravatar.com\/avatar\/ccc17943b9d660506c869530f897617f7cb1c21a4bf30023f252596d83e1f007?s=96&d=mm&r=g","contentUrl":"https:\/\/secure.gravatar.com\/avatar\/ccc17943b9d660506c869530f897617f7cb1c21a4bf30023f252596d83e1f007?s=96&d=mm&r=g","caption":"admin"},"sameAs":["https:\/\/kibrisdakik.com"],"url":"https:\/\/kibrisdakik.com\/?author=1"}]}},"_links":{"self":[{"href":"https:\/\/kibrisdakik.com\/index.php?rest_route=\/wp\/v2\/posts\/84938","targetHints":{"allow":["GET"]}}],"collection":[{"href":"https:\/\/kibrisdakik.com\/index.php?rest_route=\/wp\/v2\/posts"}],"about":[{"href":"https:\/\/kibrisdakik.com\/index.php?rest_route=\/wp\/v2\/types\/post"}],"author":[{"embeddable":true,"href":"https:\/\/kibrisdakik.com\/index.php?rest_route=\/wp\/v2\/users\/1"}],"replies":[{"embeddable":true,"href":"https:\/\/kibrisdakik.com\/index.php?rest_route=%2Fwp%2Fv2%2Fcomments&post=84938"}],"version-history":[{"count":0,"href":"https:\/\/kibrisdakik.com\/index.php?rest_route=\/wp\/v2\/posts\/84938\/revisions"}],"wp:featuredmedia":[{"embeddable":true,"href":"https:\/\/kibrisdakik.com\/index.php?rest_route=\/wp\/v2\/media\/84939"}],"wp:attachment":[{"href":"https:\/\/kibrisdakik.com\/index.php?rest_route=%2Fwp%2Fv2%2Fmedia&parent=84938"}],"wp:term":[{"taxonomy":"category","embeddable":true,"href":"https:\/\/kibrisdakik.com\/index.php?rest_route=%2Fwp%2Fv2%2Fcategories&post=84938"},{"taxonomy":"post_tag","embeddable":true,"href":"https:\/\/kibrisdakik.com\/index.php?rest_route=%2Fwp%2Fv2%2Ftags&post=84938"}],"curies":[{"name":"wp","href":"https:\/\/api.w.org\/{rel}","templated":true}]}}