{"id":84991,"date":"2025-06-19T12:48:00","date_gmt":"2025-06-19T09:48:00","guid":{"rendered":"https:\/\/kibrisdakik.com\/index.php\/2025\/06\/19\/ustelden-turk-dunyasina-cagri-kktcye-sahip-cikin\/"},"modified":"2025-06-19T12:48:00","modified_gmt":"2025-06-19T09:48:00","slug":"ustelden-turk-dunyasina-cagri-kktcye-sahip-cikin","status":"publish","type":"post","link":"https:\/\/kibrisdakik.com\/?p=84991","title":{"rendered":"\u00dcSTEL\u2019DEN T\u00dcRK D\u00dcNYASINA \u00c7A\u011eRI: KKTC\u2019YE SAH\u0130P \u00c7IKIN"},"content":{"rendered":"<p><img decoding=\"async\" src=\"https:\/\/mhahabercom.teimg.com\/crop\/1280x720\/mhahaber-com\/uploads\/2025\/06\/mha-gorsel-116.png\" \/><\/p>\n<div data-text-id=\"177910\" property=\"articleBody\">\n<p>Ba\u015fbakan\u0131 \u00dcnal \u00dcstel, T\u00fcrk Devletleri Te\u015fkilat\u0131nda (TDT) g\u00f6zlemci \u00fcyelikten \u00e7\u0131k\u0131p, asil \u00fcyeli\u011fe ge\u00e7meyi hedeflediklerini s\u00f6yleyerek &#8220;Yaln\u0131z Azerbaycan&#8217;la de\u011fil, TDT \u00fcyesi di\u011fer \u00fclkelerle de ili\u015fkilerimizi peki\u015ftirmeyi arzu ediyoruz. Tarihten gelen s\u0131k\u0131 ba\u011flar\u0131m\u0131z\u0131 daha g\u00fc\u00e7l\u00fc sinerjiye d\u00f6n\u00fc\u015ft\u00fcrebiliriz.&#8221; dedi.<\/p>\n<p>T\u00fcrk d\u00fcnyas\u0131na KKTC&#8217;ye sahip \u00e7\u0131kma \u00e7a\u011fr\u0131s\u0131nda bulunan Ba\u015fbakan\u0131 \u00dcstel, &#8220;KKTC&#8217;nin tan\u0131nmas\u0131 yaln\u0131zca diplomatik mesele de\u011fildir. Bu, tarihi bir adaletin yerine gelmesi, T\u00fcrk milletinin kendi kaderini tayin etme hakk\u0131na sahip \u00e7\u0131kmas\u0131d\u0131r. Bu, T\u00fcrk d\u00fcnyas\u0131n\u0131n tarihi sorumlulu\u011fudur.&#8221; ifadelerini kulland\u0131.<\/p>\n<p>Ba\u015fbakan \u00dcstel, KKTC&#8217;nin TDT kapsam\u0131ndaki hedeflerini ve beklentilerini AA muhabirine de\u011ferlendirdi. K\u0131br\u0131s T\u00fcrklerinin 1950&#8217;lerden 1970&#8217;lere kadar varolu\u015f m\u00fccadelesi verdi\u011fini, bu m\u00fccadele anavatan T\u00fcrkiye&#8217;nin hep yanlar\u0131nda oldu\u011funu belirten \u00dcstel, K\u0131br\u0131s Bar\u0131\u015f Harekat\u0131 sonras\u0131nda K\u0131br\u0131s T\u00fcrklerinin kendi devletini kurdu\u011funu ve bu devletin kurumlar\u0131n\u0131n d\u00fcnyaya adapte olmas\u0131 i\u00e7in b\u00fcy\u00fck gayret i\u00e7erisinde olduklar\u0131n\u0131 vurgulad\u0131.<\/p>\n<p>\u00dcnal \u00dcstel, T\u00fcrkiye Cumhurba\u015fkan\u0131 Recep Tayyip Erdo\u011fan&#8217;\u0131n \u00fcst \u00fcste \u00fc\u00e7 Birle\u015fmi\u015f Milletler (BM) toplant\u0131s\u0131nda t\u00fcm d\u00fcnyaya &#8220;KKTC&#8217;yi tan\u0131y\u0131n&#8221; \u00e7a\u011fr\u0131s\u0131 yapt\u0131\u011f\u0131n\u0131 hat\u0131rlatarak Azerbaycan Cumhurba\u015fkan\u0131 \u0130lham Aliyev&#8217;in de KKTC&#8217;nin tan\u0131nmas\u0131 gerekti\u011fini a\u00e7\u0131k\u00e7a ifade etmesinin, kendilerini memnun etti\u011fini dile getirdi.<\/p>\n<p>Erdo\u011fan ve Aliyev&#8217;in destekleriyle KKTC&#8217;nin TDT&#8217;ye g\u00f6zlemci \u00fcye oldu\u011funu an\u0131msatan \u00dcstel, &#8220;Hedefimiz, TDT i\u00e7erisinde g\u00f6zlemci \u00fcyelikten \u00e7\u0131karak asil \u00fcyeli\u011fe ge\u00e7mek ve halklar\u0131m\u0131z aras\u0131ndaki ili\u015fkileri daha \u00fcst d\u00fczeye g\u00f6t\u00fcrmek.&#8221; diye konu\u015ftu.<\/p>\n<p>Ba\u015fbakan \u00dcstel, TDT \u00fclkeleri ile ticari ve turizm ili\u015fkilerinin geli\u015ftirilmesi gerekti\u011fini vurgulayarak &#8220;\u0130nsanlar\u0131m\u0131z\u0131n art\u0131k s\u00f6zde de\u011fil, \u00f6zde kayna\u015fmas\u0131n\u0131 istiyoruz. Yaln\u0131z Azerbaycan&#8217;la de\u011fil, TDT \u00fcyesi di\u011fer \u00fclkelerle de ili\u015fkilerimizi peki\u015ftirmeyi arzu ediyoruz. Tarihten gelen s\u0131k\u0131 ba\u011flar\u0131m\u0131z\u0131 daha g\u00fc\u00e7l\u00fc sinerjiye d\u00f6n\u00fc\u015ft\u00fcrebiliriz.&#8221; ifadelerini kulland\u0131.<\/p>\n<p>\u0130srail&#8217;in Gazze&#8217;ye ve \u0130ran&#8217;a sald\u0131r\u0131lar\u0131 ile Rusya-Ukrayna sava\u015f\u0131na de\u011finen \u00dcstel, &#8220;Bunlar ho\u015f olaylar de\u011fil. D\u00fcnyadan adalet, bar\u0131\u015f ve huzur istiyoruz. Milletlerin sava\u015flarla de\u011fil, g\u00f6r\u00fc\u015fmelerle, bir araya gelmekle sorunlar\u0131n\u0131 \u00e7\u00f6zmesini arzu ediyoruz.&#8221; dedi.<\/p>\n<p>\u00dcstel, T\u00fcrk devletlerine KKTC konusunda ciddi bask\u0131lar geldi\u011fini, karde\u015f devletlerin bu bask\u0131lara boyun e\u011fmeyece\u011finden emin olduklar\u0131n\u0131 dile getirdi. T\u00fcrk d\u00fcnyas\u0131na KKTC&#8217;ye sahip \u00e7\u0131kma \u00e7a\u011fr\u0131s\u0131nda bulunan Ba\u015fbakan\u0131 \u00dcstel, \u015funlar\u0131 kaydetti:<\/p>\n<p>&#8220;Birlikte olursak kimse bize boyun e\u011fdiremez. KKTC&#8217;ye sahip \u00e7\u0131kman\u0131z\u0131 ve tan\u0131man\u0131z\u0131 istiyoruz. KKTC&#8217;nin tan\u0131nmas\u0131 yaln\u0131zca diplomatik mesele de\u011fildir. Bu, tarihi bir adaletin yerine gelmesi, T\u00fcrk milletinin kendi kaderini tayin etme hakk\u0131na sahip \u00e7\u0131kmas\u0131d\u0131r. Bu, T\u00fcrk d\u00fcnyas\u0131n\u0131n tarihi sorumlulu\u011fudur.&#8221;<\/p>\n<\/p><\/div>\n","protected":false},"excerpt":{"rendered":"<p>Ba\u015fbakan\u0131 \u00dcnal \u00dcstel, T\u00fcrk Devletleri Te\u015fkilat\u0131nda (TDT) g\u00f6zlemci \u00fcyelikten \u00e7\u0131k\u0131p, asil \u00fcyeli\u011fe ge\u00e7meyi hedeflediklerini s\u00f6yleyerek &#8220;Yaln\u0131z Azerbaycan&#8217;la de\u011fil, TDT \u00fcyesi di\u011fer \u00fclkelerle de ili\u015fkilerimizi peki\u015ftirmeyi arzu ediyoruz. Tarihten gelen s\u0131k\u0131 ba\u011flar\u0131m\u0131z\u0131 daha g\u00fc\u00e7l\u00fc sinerjiye d\u00f6n\u00fc\u015ft\u00fcrebiliriz.&#8221; dedi. T\u00fcrk d\u00fcnyas\u0131na KKTC&#8217;ye sahip \u00e7\u0131kma \u00e7a\u011fr\u0131s\u0131nda bulunan Ba\u015fbakan\u0131 \u00dcstel, &#8220;KKTC&#8217;nin tan\u0131nmas\u0131 yaln\u0131zca diplomatik mesele de\u011fildir. Bu, tarihi bir adaletin<\/p>\n","protected":false},"author":1,"featured_media":84992,"comment_status":"open","ping_status":"open","sticky":false,"template":"","format":"standard","meta":{"footnotes":""},"categories":[1],"tags":[],"class_list":["post-84991","post","type-post","status-publish","format-standard","has-post-thumbnail","hentry","category-gundem"],"yoast_head":"<!-- This site is optimized with the Yoast SEO plugin v27.5 - https:\/\/yoast.com\/product\/yoast-seo-wordpress\/ -->\n<title>\u00dcSTEL\u2019DEN T\u00dcRK D\u00dcNYASINA \u00c7A\u011eRI: KKTC\u2019YE SAH\u0130P \u00c7IKIN -<\/title>\n<meta name=\"robots\" content=\"index, follow, max-snippet:-1, max-image-preview:large, max-video-preview:-1\" \/>\n<link rel=\"canonical\" href=\"https:\/\/kibrisdakik.com\/?p=84991\" \/>\n<meta property=\"og:locale\" content=\"tr_TR\" \/>\n<meta property=\"og:type\" content=\"article\" \/>\n<meta property=\"og:title\" content=\"\u00dcSTEL\u2019DEN T\u00dcRK D\u00dcNYASINA \u00c7A\u011eRI: KKTC\u2019YE SAH\u0130P \u00c7IKIN -\" \/>\n<meta property=\"og:description\" content=\"Ba\u015fbakan\u0131 \u00dcnal \u00dcstel, T\u00fcrk Devletleri Te\u015fkilat\u0131nda (TDT) g\u00f6zlemci \u00fcyelikten \u00e7\u0131k\u0131p, asil \u00fcyeli\u011fe ge\u00e7meyi hedeflediklerini s\u00f6yleyerek &#8220;Yaln\u0131z Azerbaycan&#8217;la de\u011fil, TDT \u00fcyesi di\u011fer \u00fclkelerle de ili\u015fkilerimizi peki\u015ftirmeyi arzu ediyoruz. Tarihten gelen s\u0131k\u0131 ba\u011flar\u0131m\u0131z\u0131 daha g\u00fc\u00e7l\u00fc sinerjiye d\u00f6n\u00fc\u015ft\u00fcrebiliriz.&#8221; dedi. T\u00fcrk d\u00fcnyas\u0131na KKTC&#8217;ye sahip \u00e7\u0131kma \u00e7a\u011fr\u0131s\u0131nda bulunan Ba\u015fbakan\u0131 \u00dcstel, &#8220;KKTC&#8217;nin tan\u0131nmas\u0131 yaln\u0131zca diplomatik mesele de\u011fildir. Bu, tarihi bir adaletin\" \/>\n<meta property=\"og:url\" content=\"https:\/\/kibrisdakik.com\/?p=84991\" \/>\n<meta property=\"article:published_time\" content=\"2025-06-19T09:48:00+00:00\" \/>\n<meta property=\"og:image\" content=\"https:\/\/kibrisdakik.com\/wp-content\/uploads\/2025\/06\/mha-gorsel-116-740x420.png\" \/>\n\t<meta property=\"og:image:width\" content=\"1280\" \/>\n\t<meta property=\"og:image:height\" content=\"720\" \/>\n\t<meta property=\"og:image:type\" content=\"image\/png\" \/>\n<meta name=\"author\" content=\"admin\" \/>\n<meta name=\"twitter:card\" content=\"summary_large_image\" \/>\n<meta name=\"twitter:label1\" content=\"Yazan:\" \/>\n\t<meta name=\"twitter:data1\" content=\"admin\" \/>\n\t<meta name=\"twitter:label2\" content=\"Tahmini okuma s\u00fcresi\" \/>\n\t<meta name=\"twitter:data2\" content=\"3 dakika\" \/>\n<script type=\"application\/ld+json\" class=\"yoast-schema-graph\">{\"@context\":\"https:\\\/\\\/schema.org\",\"@graph\":[{\"@type\":\"Article\",\"@id\":\"https:\\\/\\\/kibrisdakik.com\\\/?p=84991#article\",\"isPartOf\":{\"@id\":\"https:\\\/\\\/kibrisdakik.com\\\/?p=84991\"},\"author\":{\"name\":\"admin\",\"@id\":\"https:\\\/\\\/kibrisdakik.com\\\/#\\\/schema\\\/person\\\/9cd9d437bbb44f72b73ba127e06d8e79\"},\"headline\":\"\u00dcSTEL\u2019DEN T\u00dcRK D\u00dcNYASINA \u00c7A\u011eRI: KKTC\u2019YE SAH\u0130P \u00c7IKIN\",\"datePublished\":\"2025-06-19T09:48:00+00:00\",\"mainEntityOfPage\":{\"@id\":\"https:\\\/\\\/kibrisdakik.com\\\/?p=84991\"},\"wordCount\":513,\"commentCount\":0,\"image\":{\"@id\":\"https:\\\/\\\/kibrisdakik.com\\\/?p=84991#primaryimage\"},\"thumbnailUrl\":\"https:\\\/\\\/kibrisdakik.com\\\/wp-content\\\/uploads\\\/2025\\\/06\\\/mha-gorsel-116-740x420.png\",\"articleSection\":[\"G\u00fcndem\"],\"inLanguage\":\"tr\",\"potentialAction\":[{\"@type\":\"CommentAction\",\"name\":\"Comment\",\"target\":[\"https:\\\/\\\/kibrisdakik.com\\\/?p=84991#respond\"]}]},{\"@type\":\"WebPage\",\"@id\":\"https:\\\/\\\/kibrisdakik.com\\\/?p=84991\",\"url\":\"https:\\\/\\\/kibrisdakik.com\\\/?p=84991\",\"name\":\"\u00dcSTEL\u2019DEN T\u00dcRK D\u00dcNYASINA \u00c7A\u011eRI: KKTC\u2019YE SAH\u0130P \u00c7IKIN -\",\"isPartOf\":{\"@id\":\"https:\\\/\\\/kibrisdakik.com\\\/#website\"},\"primaryImageOfPage\":{\"@id\":\"https:\\\/\\\/kibrisdakik.com\\\/?p=84991#primaryimage\"},\"image\":{\"@id\":\"https:\\\/\\\/kibrisdakik.com\\\/?p=84991#primaryimage\"},\"thumbnailUrl\":\"https:\\\/\\\/kibrisdakik.com\\\/wp-content\\\/uploads\\\/2025\\\/06\\\/mha-gorsel-116-740x420.png\",\"datePublished\":\"2025-06-19T09:48:00+00:00\",\"author\":{\"@id\":\"https:\\\/\\\/kibrisdakik.com\\\/#\\\/schema\\\/person\\\/9cd9d437bbb44f72b73ba127e06d8e79\"},\"breadcrumb\":{\"@id\":\"https:\\\/\\\/kibrisdakik.com\\\/?p=84991#breadcrumb\"},\"inLanguage\":\"tr\",\"potentialAction\":[{\"@type\":\"ReadAction\",\"target\":[\"https:\\\/\\\/kibrisdakik.com\\\/?p=84991\"]}]},{\"@type\":\"ImageObject\",\"inLanguage\":\"tr\",\"@id\":\"https:\\\/\\\/kibrisdakik.com\\\/?p=84991#primaryimage\",\"url\":\"https:\\\/\\\/kibrisdakik.com\\\/wp-content\\\/uploads\\\/2025\\\/06\\\/mha-gorsel-116-740x420.png\",\"contentUrl\":\"https:\\\/\\\/kibrisdakik.com\\\/wp-content\\\/uploads\\\/2025\\\/06\\\/mha-gorsel-116-740x420.png\",\"width\":1280,\"height\":720},{\"@type\":\"BreadcrumbList\",\"@id\":\"https:\\\/\\\/kibrisdakik.com\\\/?p=84991#breadcrumb\",\"itemListElement\":[{\"@type\":\"ListItem\",\"position\":1,\"name\":\"Home\",\"item\":\"https:\\\/\\\/kibrisdakik.com\\\/\"},{\"@type\":\"ListItem\",\"position\":2,\"name\":\"\u00dcSTEL\u2019DEN T\u00dcRK D\u00dcNYASINA \u00c7A\u011eRI: KKTC\u2019YE SAH\u0130P \u00c7IKIN\"}]},{\"@type\":\"WebSite\",\"@id\":\"https:\\\/\\\/kibrisdakik.com\\\/#website\",\"url\":\"https:\\\/\\\/kibrisdakik.com\\\/\",\"name\":\"\",\"description\":\"Tam vaktinde haber\",\"potentialAction\":[{\"@type\":\"SearchAction\",\"target\":{\"@type\":\"EntryPoint\",\"urlTemplate\":\"https:\\\/\\\/kibrisdakik.com\\\/?s={search_term_string}\"},\"query-input\":{\"@type\":\"PropertyValueSpecification\",\"valueRequired\":true,\"valueName\":\"search_term_string\"}}],\"inLanguage\":\"tr\"},{\"@type\":\"Person\",\"@id\":\"https:\\\/\\\/kibrisdakik.com\\\/#\\\/schema\\\/person\\\/9cd9d437bbb44f72b73ba127e06d8e79\",\"name\":\"admin\",\"image\":{\"@type\":\"ImageObject\",\"inLanguage\":\"tr\",\"@id\":\"https:\\\/\\\/secure.gravatar.com\\\/avatar\\\/ccc17943b9d660506c869530f897617f7cb1c21a4bf30023f252596d83e1f007?s=96&d=mm&r=g\",\"url\":\"https:\\\/\\\/secure.gravatar.com\\\/avatar\\\/ccc17943b9d660506c869530f897617f7cb1c21a4bf30023f252596d83e1f007?s=96&d=mm&r=g\",\"contentUrl\":\"https:\\\/\\\/secure.gravatar.com\\\/avatar\\\/ccc17943b9d660506c869530f897617f7cb1c21a4bf30023f252596d83e1f007?s=96&d=mm&r=g\",\"caption\":\"admin\"},\"sameAs\":[\"https:\\\/\\\/kibrisdakik.com\"],\"url\":\"https:\\\/\\\/kibrisdakik.com\\\/?author=1\"}]}<\/script>\n<!-- \/ Yoast SEO plugin. -->","yoast_head_json":{"title":"\u00dcSTEL\u2019DEN T\u00dcRK D\u00dcNYASINA \u00c7A\u011eRI: KKTC\u2019YE SAH\u0130P \u00c7IKIN -","robots":{"index":"index","follow":"follow","max-snippet":"max-snippet:-1","max-image-preview":"max-image-preview:large","max-video-preview":"max-video-preview:-1"},"canonical":"https:\/\/kibrisdakik.com\/?p=84991","og_locale":"tr_TR","og_type":"article","og_title":"\u00dcSTEL\u2019DEN T\u00dcRK D\u00dcNYASINA \u00c7A\u011eRI: KKTC\u2019YE SAH\u0130P \u00c7IKIN -","og_description":"Ba\u015fbakan\u0131 \u00dcnal \u00dcstel, T\u00fcrk Devletleri Te\u015fkilat\u0131nda (TDT) g\u00f6zlemci \u00fcyelikten \u00e7\u0131k\u0131p, asil \u00fcyeli\u011fe ge\u00e7meyi hedeflediklerini s\u00f6yleyerek &#8220;Yaln\u0131z Azerbaycan&#8217;la de\u011fil, TDT \u00fcyesi di\u011fer \u00fclkelerle de ili\u015fkilerimizi peki\u015ftirmeyi arzu ediyoruz. Tarihten gelen s\u0131k\u0131 ba\u011flar\u0131m\u0131z\u0131 daha g\u00fc\u00e7l\u00fc sinerjiye d\u00f6n\u00fc\u015ft\u00fcrebiliriz.&#8221; dedi. T\u00fcrk d\u00fcnyas\u0131na KKTC&#8217;ye sahip \u00e7\u0131kma \u00e7a\u011fr\u0131s\u0131nda bulunan Ba\u015fbakan\u0131 \u00dcstel, &#8220;KKTC&#8217;nin tan\u0131nmas\u0131 yaln\u0131zca diplomatik mesele de\u011fildir. Bu, tarihi bir adaletin","og_url":"https:\/\/kibrisdakik.com\/?p=84991","article_published_time":"2025-06-19T09:48:00+00:00","og_image":[{"width":1280,"height":720,"url":"https:\/\/kibrisdakik.com\/wp-content\/uploads\/2025\/06\/mha-gorsel-116-740x420.png","type":"image\/png"}],"author":"admin","twitter_card":"summary_large_image","twitter_misc":{"Yazan:":"admin","Tahmini okuma s\u00fcresi":"3 dakika"},"schema":{"@context":"https:\/\/schema.org","@graph":[{"@type":"Article","@id":"https:\/\/kibrisdakik.com\/?p=84991#article","isPartOf":{"@id":"https:\/\/kibrisdakik.com\/?p=84991"},"author":{"name":"admin","@id":"https:\/\/kibrisdakik.com\/#\/schema\/person\/9cd9d437bbb44f72b73ba127e06d8e79"},"headline":"\u00dcSTEL\u2019DEN T\u00dcRK D\u00dcNYASINA \u00c7A\u011eRI: KKTC\u2019YE SAH\u0130P \u00c7IKIN","datePublished":"2025-06-19T09:48:00+00:00","mainEntityOfPage":{"@id":"https:\/\/kibrisdakik.com\/?p=84991"},"wordCount":513,"commentCount":0,"image":{"@id":"https:\/\/kibrisdakik.com\/?p=84991#primaryimage"},"thumbnailUrl":"https:\/\/kibrisdakik.com\/wp-content\/uploads\/2025\/06\/mha-gorsel-116-740x420.png","articleSection":["G\u00fcndem"],"inLanguage":"tr","potentialAction":[{"@type":"CommentAction","name":"Comment","target":["https:\/\/kibrisdakik.com\/?p=84991#respond"]}]},{"@type":"WebPage","@id":"https:\/\/kibrisdakik.com\/?p=84991","url":"https:\/\/kibrisdakik.com\/?p=84991","name":"\u00dcSTEL\u2019DEN T\u00dcRK D\u00dcNYASINA \u00c7A\u011eRI: KKTC\u2019YE SAH\u0130P \u00c7IKIN -","isPartOf":{"@id":"https:\/\/kibrisdakik.com\/#website"},"primaryImageOfPage":{"@id":"https:\/\/kibrisdakik.com\/?p=84991#primaryimage"},"image":{"@id":"https:\/\/kibrisdakik.com\/?p=84991#primaryimage"},"thumbnailUrl":"https:\/\/kibrisdakik.com\/wp-content\/uploads\/2025\/06\/mha-gorsel-116-740x420.png","datePublished":"2025-06-19T09:48:00+00:00","author":{"@id":"https:\/\/kibrisdakik.com\/#\/schema\/person\/9cd9d437bbb44f72b73ba127e06d8e79"},"breadcrumb":{"@id":"https:\/\/kibrisdakik.com\/?p=84991#breadcrumb"},"inLanguage":"tr","potentialAction":[{"@type":"ReadAction","target":["https:\/\/kibrisdakik.com\/?p=84991"]}]},{"@type":"ImageObject","inLanguage":"tr","@id":"https:\/\/kibrisdakik.com\/?p=84991#primaryimage","url":"https:\/\/kibrisdakik.com\/wp-content\/uploads\/2025\/06\/mha-gorsel-116-740x420.png","contentUrl":"https:\/\/kibrisdakik.com\/wp-content\/uploads\/2025\/06\/mha-gorsel-116-740x420.png","width":1280,"height":720},{"@type":"BreadcrumbList","@id":"https:\/\/kibrisdakik.com\/?p=84991#breadcrumb","itemListElement":[{"@type":"ListItem","position":1,"name":"Home","item":"https:\/\/kibrisdakik.com\/"},{"@type":"ListItem","position":2,"name":"\u00dcSTEL\u2019DEN T\u00dcRK D\u00dcNYASINA \u00c7A\u011eRI: KKTC\u2019YE SAH\u0130P \u00c7IKIN"}]},{"@type":"WebSite","@id":"https:\/\/kibrisdakik.com\/#website","url":"https:\/\/kibrisdakik.com\/","name":"","description":"Tam vaktinde haber","potentialAction":[{"@type":"SearchAction","target":{"@type":"EntryPoint","urlTemplate":"https:\/\/kibrisdakik.com\/?s={search_term_string}"},"query-input":{"@type":"PropertyValueSpecification","valueRequired":true,"valueName":"search_term_string"}}],"inLanguage":"tr"},{"@type":"Person","@id":"https:\/\/kibrisdakik.com\/#\/schema\/person\/9cd9d437bbb44f72b73ba127e06d8e79","name":"admin","image":{"@type":"ImageObject","inLanguage":"tr","@id":"https:\/\/secure.gravatar.com\/avatar\/ccc17943b9d660506c869530f897617f7cb1c21a4bf30023f252596d83e1f007?s=96&d=mm&r=g","url":"https:\/\/secure.gravatar.com\/avatar\/ccc17943b9d660506c869530f897617f7cb1c21a4bf30023f252596d83e1f007?s=96&d=mm&r=g","contentUrl":"https:\/\/secure.gravatar.com\/avatar\/ccc17943b9d660506c869530f897617f7cb1c21a4bf30023f252596d83e1f007?s=96&d=mm&r=g","caption":"admin"},"sameAs":["https:\/\/kibrisdakik.com"],"url":"https:\/\/kibrisdakik.com\/?author=1"}]}},"_links":{"self":[{"href":"https:\/\/kibrisdakik.com\/index.php?rest_route=\/wp\/v2\/posts\/84991","targetHints":{"allow":["GET"]}}],"collection":[{"href":"https:\/\/kibrisdakik.com\/index.php?rest_route=\/wp\/v2\/posts"}],"about":[{"href":"https:\/\/kibrisdakik.com\/index.php?rest_route=\/wp\/v2\/types\/post"}],"author":[{"embeddable":true,"href":"https:\/\/kibrisdakik.com\/index.php?rest_route=\/wp\/v2\/users\/1"}],"replies":[{"embeddable":true,"href":"https:\/\/kibrisdakik.com\/index.php?rest_route=%2Fwp%2Fv2%2Fcomments&post=84991"}],"version-history":[{"count":0,"href":"https:\/\/kibrisdakik.com\/index.php?rest_route=\/wp\/v2\/posts\/84991\/revisions"}],"wp:featuredmedia":[{"embeddable":true,"href":"https:\/\/kibrisdakik.com\/index.php?rest_route=\/wp\/v2\/media\/84992"}],"wp:attachment":[{"href":"https:\/\/kibrisdakik.com\/index.php?rest_route=%2Fwp%2Fv2%2Fmedia&parent=84991"}],"wp:term":[{"taxonomy":"category","embeddable":true,"href":"https:\/\/kibrisdakik.com\/index.php?rest_route=%2Fwp%2Fv2%2Fcategories&post=84991"},{"taxonomy":"post_tag","embeddable":true,"href":"https:\/\/kibrisdakik.com\/index.php?rest_route=%2Fwp%2Fv2%2Ftags&post=84991"}],"curies":[{"name":"wp","href":"https:\/\/api.w.org\/{rel}","templated":true}]}}