{"id":85016,"date":"2025-06-19T19:46:01","date_gmt":"2025-06-19T16:46:01","guid":{"rendered":"https:\/\/kibrisdakik.com\/index.php\/2025\/06\/19\/ersoy-iran-israil-savasinin-enflasyonist-etkileri-olacak-diyerek-hukumeti-onlem-almamakla-elestirdi\/"},"modified":"2025-06-19T19:46:01","modified_gmt":"2025-06-19T16:46:01","slug":"ersoy-iran-israil-savasinin-enflasyonist-etkileri-olacak-diyerek-hukumeti-onlem-almamakla-elestirdi","status":"publish","type":"post","link":"https:\/\/kibrisdakik.com\/?p=85016","title":{"rendered":"Ersoy: \u201c\u0130ran &#8211; \u0130srail sava\u015f\u0131n\u0131n enflasyonist etkileri olacak\u201d diyerek h\u00fck\u00fcmeti \u00f6nlem almamakla ele\u015ftirdi"},"content":{"rendered":"<p> <br \/>\n<\/p>\n<div data-text-id=\"78402\" property=\"articleBody\">\n<p><span segoe=\"\" ui=\"\">Ba\u011f\u0131ms\u0131zl\u0131k Yolu (BY) Genel Sekreteri Umut Ersoy, \u0130ran &#8211; \u0130srail sava\u015f\u0131n\u0131n \u00fclkede enflasyonist etki yarataca\u011f\u0131n\u0131, ABD\u2019nin de sava\u015fa girmesiyle petrol fiyatlar\u0131n\u0131n artaca\u011f\u0131n\u0131 savundu ve h\u00fck\u00fcmeti bu konuda herhangi bir \u00f6nlem almamakla ele\u015ftirdi. <\/span><\/p>\n<p><span segoe=\"\" ui=\"\">BY\u2019den verilen bilgiye g\u00f6re, Ersoy, Kuzey K\u0131br\u0131s TV\u2019de kat\u0131ld\u0131\u011f\u0131 bir programda sorular\u0131 yan\u0131tlad\u0131.<\/span><\/p>\n<p><span segoe=\"\" ui=\"\">Ersoy, \u00fclkeyi y\u00f6netenlerin gen\u00e7lere sahip \u00e7\u0131kmas\u0131, onlara g\u00fcvenli, refah i\u00e7erisinde bir gelecek sunmas\u0131, i\u015f imkanlar\u0131ndan ev sahibi olabilmeye kadar bir \u00e7ok imkan sa\u011flamas\u0131 gerekti\u011fini belirtti.<\/span><\/p>\n<p><span segoe=\"\" ui=\"\">\u201c\u00dclkede belli ki s\u0131\u011f\u0131nak yok\u201d iddias\u0131nda bulunan Ersoy, s\u0131\u011f\u0131naklar i\u00e7in al\u0131nan vergilere i\u015faret etti ve h\u00fck\u00fcmetin <\/span><span segoe=\"\" ui=\"\">s\u0131\u011f\u0131naklarla ilgili a\u00e7\u0131klama yapmas\u0131n\u0131 istedi.<\/span><\/p>\n<p><span segoe=\"\" ui=\"\">Seyr\u00fcsefer, e\u011fitim ve sa\u011fl\u0131k i\u00e7in vergiler de al\u0131nd\u0131\u011f\u0131n\u0131 kaydeden Ersoy, \u201cBuna ra\u011fmen \u00fclkede e\u011fitim, sa\u011fl\u0131k, yol olmad\u0131\u011f\u0131n\u0131\u201d \u00f6ne s\u00fcrd\u00fc.<\/span><\/p>\n<p><span segoe=\"\" ui=\"\">Planlama ve kamuculu\u011fun \u00f6nemine i\u015faret eden Ersoy, toplumun ihtiya\u00e7lar\u0131n\u0131n ileriye d\u00f6n\u00fck planlama ve kamucu politikalarla \u00e7\u00f6zebilece\u011fini ifade etti.<\/span><\/p>\n<div class=\"post-flash\">\n        <!--\n\n<h3 class=\"post-flash__title\">G&ouml;zden ka&ccedil;&#305;rmay&#305;n<\/h3>\n\n--><\/p>\n<div class=\"row g-0 align-items-center\">\n<div class=\"col-5 col-sm-3\">\n                \n            <\/div>\n<div class=\"col-7 col-sm-9\">\n<div class=\"post-flash-heading p-2\">\n<p>Cumhuriyet Meclisi, Hukuk, Siyasi \u0130\u015fler, D\u0131\u015f \u0130li\u015fkiler ve Savunma Komitesi bug\u00fcn topland\u0131<\/p>\n<p>\u0130\u00e7eri\u011fi G\u00f6r\u00fcnt\u00fcle <i class=\"fa fa-arrow-right ps-2\"\/><\/p>\n<\/p><\/div>\n<\/p><\/div>\n<\/p><\/div>\n<\/p><\/div>\n<p><span segoe=\"\" ui=\"\">Ersoy, \u00fclkedeki ultra zenginlere y\u00f6nelik te\u015fvik ve vergi aflar\u0131yla ilgili ele\u015ftirilerde de bulundu.<\/span><\/p>\n<p><span segoe=\"\" ui=\"\">ABD\u2019nin de sava\u015fa girmesiyle petrol fiyatlar\u0131n\u0131n bununda enflasyonu artaca\u011f\u0131n\u0131 ileri s\u00fcren Ersoy, sava\u015f\u0131n geni\u015flemesinin ticaret yollar\u0131n\u0131 da etkileyece\u011fini belirterek h\u00fck\u00fcmeti \u201chi\u00e7bir \u015fey yapmamakla\u201d su\u00e7lad\u0131.<\/span><\/p>\n<p><span segoe=\"\" ui=\"\">\u0130ngiliz \u00fcstlerinden kalkan u\u00e7aklar\u0131n \u0130srail ordusu i\u00e7in istihbarat toplad\u0131\u011f\u0131n\u0131, askeri m\u00fchimmat ta\u015f\u0131d\u0131\u011f\u0131n\u0131 belirten Ersoy, sadece adada ya\u015fayanlar\u0131 hedef haline getirdi\u011fi i\u00e7in de\u011fil, Ortado\u011fu halklar\u0131n\u0131n ba\u015f\u0131na bomba olarak d\u00fc\u015ft\u00fc\u011f\u00fc i\u00e7in \u0130ngiliz \u00fcstlerinin bu adadaki varl\u0131\u011f\u0131na do\u011frudan kar\u015f\u0131 \u00e7\u0131k\u0131lmas\u0131 gerekti\u011fini belirtti.<\/span><\/p>\n<p><span segoe=\"\" ui=\"\">\u00dclkeye giri\u015f \u00e7\u0131k\u0131\u015flarda ciddi anlamda kontrol mekanizmas\u0131n\u0131n olmad\u0131\u011f\u0131n\u0131 ileri s\u00fcren Ersoy, <span>\u00fcniversitelerin getirdikleri \u00f6\u011frencilerden sorumlu tutulmas\u0131 gerekti\u011fini de kaydetti.<\/span><\/span><\/p>\n<\/p><\/div>\n<p><br \/>\n<br \/><a href=\"> K\u0131br\u0131s dakik<\/a><\/p>\n","protected":false},"excerpt":{"rendered":"<p>Ba\u011f\u0131ms\u0131zl\u0131k Yolu (BY) Genel Sekreteri Umut Ersoy, \u0130ran &#8211; \u0130srail sava\u015f\u0131n\u0131n \u00fclkede enflasyonist etki yarataca\u011f\u0131n\u0131, ABD\u2019nin de sava\u015fa girmesiyle petrol fiyatlar\u0131n\u0131n artaca\u011f\u0131n\u0131 savundu ve h\u00fck\u00fcmeti bu konuda herhangi bir \u00f6nlem almamakla ele\u015ftirdi. BY\u2019den verilen bilgiye g\u00f6re, Ersoy, Kuzey K\u0131br\u0131s TV\u2019de kat\u0131ld\u0131\u011f\u0131 bir programda sorular\u0131 yan\u0131tlad\u0131. Ersoy, \u00fclkeyi y\u00f6netenlerin gen\u00e7lere sahip \u00e7\u0131kmas\u0131, onlara g\u00fcvenli, refah i\u00e7erisinde<\/p>\n","protected":false},"author":1,"featured_media":85017,"comment_status":"open","ping_status":"open","sticky":false,"template":"","format":"standard","meta":{"footnotes":""},"categories":[81,101],"tags":[],"class_list":["post-85016","post","type-post","status-publish","format-standard","has-post-thumbnail","hentry","category-kibris","category-manset"],"yoast_head":"<!-- This site is optimized with the Yoast SEO plugin v28.4 - https:\/\/yoast.com\/product\/yoast-seo-wordpress\/ -->\n<title>Ersoy: \u201c\u0130ran - \u0130srail sava\u015f\u0131n\u0131n enflasyonist etkileri olacak\u201d diyerek h\u00fck\u00fcmeti \u00f6nlem almamakla ele\u015ftirdi -<\/title>\n<meta name=\"robots\" content=\"index, follow, max-snippet:-1, max-image-preview:large, max-video-preview:-1\" \/>\n<link rel=\"canonical\" href=\"https:\/\/kibrisdakik.com\/?p=85016\" \/>\n<meta property=\"og:locale\" content=\"tr_TR\" \/>\n<meta property=\"og:type\" content=\"article\" \/>\n<meta property=\"og:title\" content=\"Ersoy: \u201c\u0130ran - \u0130srail sava\u015f\u0131n\u0131n enflasyonist etkileri olacak\u201d diyerek h\u00fck\u00fcmeti \u00f6nlem almamakla ele\u015ftirdi -\" \/>\n<meta property=\"og:description\" content=\"Ba\u011f\u0131ms\u0131zl\u0131k Yolu (BY) Genel Sekreteri Umut Ersoy, \u0130ran &#8211; \u0130srail sava\u015f\u0131n\u0131n \u00fclkede enflasyonist etki yarataca\u011f\u0131n\u0131, ABD\u2019nin de sava\u015fa girmesiyle petrol fiyatlar\u0131n\u0131n artaca\u011f\u0131n\u0131 savundu ve h\u00fck\u00fcmeti bu konuda herhangi bir \u00f6nlem almamakla ele\u015ftirdi. BY\u2019den verilen bilgiye g\u00f6re, Ersoy, Kuzey K\u0131br\u0131s TV\u2019de kat\u0131ld\u0131\u011f\u0131 bir programda sorular\u0131 yan\u0131tlad\u0131. Ersoy, \u00fclkeyi y\u00f6netenlerin gen\u00e7lere sahip \u00e7\u0131kmas\u0131, onlara g\u00fcvenli, refah i\u00e7erisinde\" \/>\n<meta property=\"og:url\" content=\"https:\/\/kibrisdakik.com\/?p=85016\" \/>\n<meta property=\"article:published_time\" content=\"2025-06-19T16:46:01+00:00\" \/>\n<meta property=\"og:image\" content=\"https:\/\/kibrisdakik.com\/wp-content\/uploads\/2025\/06\/bagimsizlik-yolu50-1-740x420.jpg\" \/>\n\t<meta property=\"og:image:width\" content=\"1920\" \/>\n\t<meta property=\"og:image:height\" content=\"1080\" \/>\n\t<meta property=\"og:image:type\" content=\"image\/jpeg\" \/>\n<meta name=\"author\" content=\"admin\" \/>\n<meta name=\"twitter:card\" content=\"summary_large_image\" \/>\n<meta name=\"twitter:label1\" content=\"Yazan:\" \/>\n\t<meta name=\"twitter:data1\" content=\"admin\" \/>\n\t<meta name=\"twitter:label2\" content=\"Tahmini okuma s\u00fcresi\" \/>\n\t<meta name=\"twitter:data2\" content=\"2 dakika\" \/>\n<script type=\"application\/ld+json\" class=\"yoast-schema-graph\">{\"@context\":\"https:\\\/\\\/schema.org\",\"@graph\":[{\"@type\":\"Article\",\"@id\":\"https:\\\/\\\/kibrisdakik.com\\\/?p=85016#article\",\"isPartOf\":{\"@id\":\"https:\\\/\\\/kibrisdakik.com\\\/?p=85016\"},\"author\":{\"name\":\"admin\",\"@id\":\"https:\\\/\\\/kibrisdakik.com\\\/#\\\/schema\\\/person\\\/9cd9d437bbb44f72b73ba127e06d8e79\"},\"headline\":\"Ersoy: \u201c\u0130ran &#8211; \u0130srail sava\u015f\u0131n\u0131n enflasyonist etkileri olacak\u201d diyerek h\u00fck\u00fcmeti \u00f6nlem almamakla ele\u015ftirdi\",\"datePublished\":\"2025-06-19T16:46:01+00:00\",\"mainEntityOfPage\":{\"@id\":\"https:\\\/\\\/kibrisdakik.com\\\/?p=85016\"},\"wordCount\":368,\"commentCount\":0,\"publisher\":{\"@id\":\"https:\\\/\\\/kibrisdakik.com\\\/#organization\"},\"image\":{\"@id\":\"https:\\\/\\\/kibrisdakik.com\\\/?p=85016#primaryimage\"},\"thumbnailUrl\":\"https:\\\/\\\/kibrisdakik.com\\\/wp-content\\\/uploads\\\/2025\\\/06\\\/bagimsizlik-yolu50-1-740x420.jpg\",\"articleSection\":[\"K\u0131br\u0131s\",\"Man\u015fet\"],\"inLanguage\":\"tr\",\"potentialAction\":[{\"@type\":\"CommentAction\",\"name\":\"Comment\",\"target\":[\"https:\\\/\\\/kibrisdakik.com\\\/?p=85016#respond\"]}]},{\"@type\":\"WebPage\",\"@id\":\"https:\\\/\\\/kibrisdakik.com\\\/?p=85016\",\"url\":\"https:\\\/\\\/kibrisdakik.com\\\/?p=85016\",\"name\":\"Ersoy: \u201c\u0130ran - \u0130srail sava\u015f\u0131n\u0131n enflasyonist etkileri olacak\u201d diyerek h\u00fck\u00fcmeti \u00f6nlem almamakla ele\u015ftirdi -\",\"isPartOf\":{\"@id\":\"https:\\\/\\\/kibrisdakik.com\\\/#website\"},\"primaryImageOfPage\":{\"@id\":\"https:\\\/\\\/kibrisdakik.com\\\/?p=85016#primaryimage\"},\"image\":{\"@id\":\"https:\\\/\\\/kibrisdakik.com\\\/?p=85016#primaryimage\"},\"thumbnailUrl\":\"https:\\\/\\\/kibrisdakik.com\\\/wp-content\\\/uploads\\\/2025\\\/06\\\/bagimsizlik-yolu50-1-740x420.jpg\",\"datePublished\":\"2025-06-19T16:46:01+00:00\",\"breadcrumb\":{\"@id\":\"https:\\\/\\\/kibrisdakik.com\\\/?p=85016#breadcrumb\"},\"inLanguage\":\"tr\",\"potentialAction\":[{\"@type\":\"ReadAction\",\"target\":[\"https:\\\/\\\/kibrisdakik.com\\\/?p=85016\"]}]},{\"@type\":\"ImageObject\",\"inLanguage\":\"tr\",\"@id\":\"https:\\\/\\\/kibrisdakik.com\\\/?p=85016#primaryimage\",\"url\":\"https:\\\/\\\/kibrisdakik.com\\\/wp-content\\\/uploads\\\/2025\\\/06\\\/bagimsizlik-yolu50-1-740x420.jpg\",\"contentUrl\":\"https:\\\/\\\/kibrisdakik.com\\\/wp-content\\\/uploads\\\/2025\\\/06\\\/bagimsizlik-yolu50-1-740x420.jpg\",\"width\":1920,\"height\":1080},{\"@type\":\"BreadcrumbList\",\"@id\":\"https:\\\/\\\/kibrisdakik.com\\\/?p=85016#breadcrumb\",\"itemListElement\":[{\"@type\":\"ListItem\",\"position\":1,\"name\":\"Home\",\"item\":\"https:\\\/\\\/kibrisdakik.com\\\/\"},{\"@type\":\"ListItem\",\"position\":2,\"name\":\"Ersoy: \u201c\u0130ran &#8211; \u0130srail sava\u015f\u0131n\u0131n enflasyonist etkileri olacak\u201d diyerek h\u00fck\u00fcmeti \u00f6nlem almamakla ele\u015ftirdi\"}]},{\"@type\":\"WebSite\",\"@id\":\"https:\\\/\\\/kibrisdakik.com\\\/#website\",\"url\":\"https:\\\/\\\/kibrisdakik.com\\\/\",\"name\":\"K\u0131br\u0131s Dakik\",\"description\":\"Tam vaktinde haber\",\"publisher\":{\"@id\":\"https:\\\/\\\/kibrisdakik.com\\\/#organization\"},\"potentialAction\":[{\"@type\":\"SearchAction\",\"target\":{\"@type\":\"EntryPoint\",\"urlTemplate\":\"https:\\\/\\\/kibrisdakik.com\\\/?s={search_term_string}\"},\"query-input\":{\"@type\":\"PropertyValueSpecification\",\"valueRequired\":true,\"valueName\":\"search_term_string\"}}],\"inLanguage\":\"tr\"},{\"@type\":\"Organization\",\"@id\":\"https:\\\/\\\/kibrisdakik.com\\\/#organization\",\"name\":\"K\u0131br\u0131s Dakik\",\"url\":\"https:\\\/\\\/kibrisdakik.com\\\/\",\"logo\":{\"@type\":\"ImageObject\",\"inLanguage\":\"tr\",\"@id\":\"https:\\\/\\\/kibrisdakik.com\\\/#\\\/schema\\\/logo\\\/image\\\/\",\"url\":\"https:\\\/\\\/kibrisdakik.com\\\/wp-content\\\/uploads\\\/2025\\\/10\\\/cropped-WhatsApp-Image-2025-10-02-at-12.58.31.jpeg\",\"contentUrl\":\"https:\\\/\\\/kibrisdakik.com\\\/wp-content\\\/uploads\\\/2025\\\/10\\\/cropped-WhatsApp-Image-2025-10-02-at-12.58.31.jpeg\",\"width\":1237,\"height\":190,\"caption\":\"K\u0131br\u0131s Dakik\"},\"image\":{\"@id\":\"https:\\\/\\\/kibrisdakik.com\\\/#\\\/schema\\\/logo\\\/image\\\/\"}},{\"@type\":\"Person\",\"@id\":\"https:\\\/\\\/kibrisdakik.com\\\/#\\\/schema\\\/person\\\/9cd9d437bbb44f72b73ba127e06d8e79\",\"name\":\"admin\",\"image\":{\"@type\":\"ImageObject\",\"inLanguage\":\"tr\",\"@id\":\"https:\\\/\\\/secure.gravatar.com\\\/avatar\\\/ccc17943b9d660506c869530f897617f7cb1c21a4bf30023f252596d83e1f007?s=96&d=mm&r=g\",\"url\":\"https:\\\/\\\/secure.gravatar.com\\\/avatar\\\/ccc17943b9d660506c869530f897617f7cb1c21a4bf30023f252596d83e1f007?s=96&d=mm&r=g\",\"contentUrl\":\"https:\\\/\\\/secure.gravatar.com\\\/avatar\\\/ccc17943b9d660506c869530f897617f7cb1c21a4bf30023f252596d83e1f007?s=96&d=mm&r=g\",\"caption\":\"admin\"},\"sameAs\":[\"https:\\\/\\\/kibrisdakik.com\"],\"url\":\"https:\\\/\\\/kibrisdakik.com\\\/?author=1\"}]}<\/script>\n<!-- \/ Yoast SEO plugin. -->","yoast_head_json":{"title":"Ersoy: \u201c\u0130ran - \u0130srail sava\u015f\u0131n\u0131n enflasyonist etkileri olacak\u201d diyerek h\u00fck\u00fcmeti \u00f6nlem almamakla ele\u015ftirdi -","robots":{"index":"index","follow":"follow","max-snippet":"max-snippet:-1","max-image-preview":"max-image-preview:large","max-video-preview":"max-video-preview:-1"},"canonical":"https:\/\/kibrisdakik.com\/?p=85016","og_locale":"tr_TR","og_type":"article","og_title":"Ersoy: \u201c\u0130ran - \u0130srail sava\u015f\u0131n\u0131n enflasyonist etkileri olacak\u201d diyerek h\u00fck\u00fcmeti \u00f6nlem almamakla ele\u015ftirdi -","og_description":"Ba\u011f\u0131ms\u0131zl\u0131k Yolu (BY) Genel Sekreteri Umut Ersoy, \u0130ran &#8211; \u0130srail sava\u015f\u0131n\u0131n \u00fclkede enflasyonist etki yarataca\u011f\u0131n\u0131, ABD\u2019nin de sava\u015fa girmesiyle petrol fiyatlar\u0131n\u0131n artaca\u011f\u0131n\u0131 savundu ve h\u00fck\u00fcmeti bu konuda herhangi bir \u00f6nlem almamakla ele\u015ftirdi. BY\u2019den verilen bilgiye g\u00f6re, Ersoy, Kuzey K\u0131br\u0131s TV\u2019de kat\u0131ld\u0131\u011f\u0131 bir programda sorular\u0131 yan\u0131tlad\u0131. Ersoy, \u00fclkeyi y\u00f6netenlerin gen\u00e7lere sahip \u00e7\u0131kmas\u0131, onlara g\u00fcvenli, refah i\u00e7erisinde","og_url":"https:\/\/kibrisdakik.com\/?p=85016","article_published_time":"2025-06-19T16:46:01+00:00","og_image":[{"width":1920,"height":1080,"url":"https:\/\/kibrisdakik.com\/wp-content\/uploads\/2025\/06\/bagimsizlik-yolu50-1-740x420.jpg","type":"image\/jpeg"}],"author":"admin","twitter_card":"summary_large_image","twitter_misc":{"Yazan:":"admin","Tahmini okuma s\u00fcresi":"2 dakika"},"schema":{"@context":"https:\/\/schema.org","@graph":[{"@type":"Article","@id":"https:\/\/kibrisdakik.com\/?p=85016#article","isPartOf":{"@id":"https:\/\/kibrisdakik.com\/?p=85016"},"author":{"name":"admin","@id":"https:\/\/kibrisdakik.com\/#\/schema\/person\/9cd9d437bbb44f72b73ba127e06d8e79"},"headline":"Ersoy: \u201c\u0130ran &#8211; \u0130srail sava\u015f\u0131n\u0131n enflasyonist etkileri olacak\u201d diyerek h\u00fck\u00fcmeti \u00f6nlem almamakla ele\u015ftirdi","datePublished":"2025-06-19T16:46:01+00:00","mainEntityOfPage":{"@id":"https:\/\/kibrisdakik.com\/?p=85016"},"wordCount":368,"commentCount":0,"publisher":{"@id":"https:\/\/kibrisdakik.com\/#organization"},"image":{"@id":"https:\/\/kibrisdakik.com\/?p=85016#primaryimage"},"thumbnailUrl":"https:\/\/kibrisdakik.com\/wp-content\/uploads\/2025\/06\/bagimsizlik-yolu50-1-740x420.jpg","articleSection":["K\u0131br\u0131s","Man\u015fet"],"inLanguage":"tr","potentialAction":[{"@type":"CommentAction","name":"Comment","target":["https:\/\/kibrisdakik.com\/?p=85016#respond"]}]},{"@type":"WebPage","@id":"https:\/\/kibrisdakik.com\/?p=85016","url":"https:\/\/kibrisdakik.com\/?p=85016","name":"Ersoy: \u201c\u0130ran - \u0130srail sava\u015f\u0131n\u0131n enflasyonist etkileri olacak\u201d diyerek h\u00fck\u00fcmeti \u00f6nlem almamakla ele\u015ftirdi -","isPartOf":{"@id":"https:\/\/kibrisdakik.com\/#website"},"primaryImageOfPage":{"@id":"https:\/\/kibrisdakik.com\/?p=85016#primaryimage"},"image":{"@id":"https:\/\/kibrisdakik.com\/?p=85016#primaryimage"},"thumbnailUrl":"https:\/\/kibrisdakik.com\/wp-content\/uploads\/2025\/06\/bagimsizlik-yolu50-1-740x420.jpg","datePublished":"2025-06-19T16:46:01+00:00","breadcrumb":{"@id":"https:\/\/kibrisdakik.com\/?p=85016#breadcrumb"},"inLanguage":"tr","potentialAction":[{"@type":"ReadAction","target":["https:\/\/kibrisdakik.com\/?p=85016"]}]},{"@type":"ImageObject","inLanguage":"tr","@id":"https:\/\/kibrisdakik.com\/?p=85016#primaryimage","url":"https:\/\/kibrisdakik.com\/wp-content\/uploads\/2025\/06\/bagimsizlik-yolu50-1-740x420.jpg","contentUrl":"https:\/\/kibrisdakik.com\/wp-content\/uploads\/2025\/06\/bagimsizlik-yolu50-1-740x420.jpg","width":1920,"height":1080},{"@type":"BreadcrumbList","@id":"https:\/\/kibrisdakik.com\/?p=85016#breadcrumb","itemListElement":[{"@type":"ListItem","position":1,"name":"Home","item":"https:\/\/kibrisdakik.com\/"},{"@type":"ListItem","position":2,"name":"Ersoy: \u201c\u0130ran &#8211; \u0130srail sava\u015f\u0131n\u0131n enflasyonist etkileri olacak\u201d diyerek h\u00fck\u00fcmeti \u00f6nlem almamakla ele\u015ftirdi"}]},{"@type":"WebSite","@id":"https:\/\/kibrisdakik.com\/#website","url":"https:\/\/kibrisdakik.com\/","name":"K\u0131br\u0131s Dakik","description":"Tam vaktinde haber","publisher":{"@id":"https:\/\/kibrisdakik.com\/#organization"},"potentialAction":[{"@type":"SearchAction","target":{"@type":"EntryPoint","urlTemplate":"https:\/\/kibrisdakik.com\/?s={search_term_string}"},"query-input":{"@type":"PropertyValueSpecification","valueRequired":true,"valueName":"search_term_string"}}],"inLanguage":"tr"},{"@type":"Organization","@id":"https:\/\/kibrisdakik.com\/#organization","name":"K\u0131br\u0131s Dakik","url":"https:\/\/kibrisdakik.com\/","logo":{"@type":"ImageObject","inLanguage":"tr","@id":"https:\/\/kibrisdakik.com\/#\/schema\/logo\/image\/","url":"https:\/\/kibrisdakik.com\/wp-content\/uploads\/2025\/10\/cropped-WhatsApp-Image-2025-10-02-at-12.58.31.jpeg","contentUrl":"https:\/\/kibrisdakik.com\/wp-content\/uploads\/2025\/10\/cropped-WhatsApp-Image-2025-10-02-at-12.58.31.jpeg","width":1237,"height":190,"caption":"K\u0131br\u0131s Dakik"},"image":{"@id":"https:\/\/kibrisdakik.com\/#\/schema\/logo\/image\/"}},{"@type":"Person","@id":"https:\/\/kibrisdakik.com\/#\/schema\/person\/9cd9d437bbb44f72b73ba127e06d8e79","name":"admin","image":{"@type":"ImageObject","inLanguage":"tr","@id":"https:\/\/secure.gravatar.com\/avatar\/ccc17943b9d660506c869530f897617f7cb1c21a4bf30023f252596d83e1f007?s=96&d=mm&r=g","url":"https:\/\/secure.gravatar.com\/avatar\/ccc17943b9d660506c869530f897617f7cb1c21a4bf30023f252596d83e1f007?s=96&d=mm&r=g","contentUrl":"https:\/\/secure.gravatar.com\/avatar\/ccc17943b9d660506c869530f897617f7cb1c21a4bf30023f252596d83e1f007?s=96&d=mm&r=g","caption":"admin"},"sameAs":["https:\/\/kibrisdakik.com"],"url":"https:\/\/kibrisdakik.com\/?author=1"}]}},"_links":{"self":[{"href":"https:\/\/kibrisdakik.com\/index.php?rest_route=\/wp\/v2\/posts\/85016","targetHints":{"allow":["GET"]}}],"collection":[{"href":"https:\/\/kibrisdakik.com\/index.php?rest_route=\/wp\/v2\/posts"}],"about":[{"href":"https:\/\/kibrisdakik.com\/index.php?rest_route=\/wp\/v2\/types\/post"}],"author":[{"embeddable":true,"href":"https:\/\/kibrisdakik.com\/index.php?rest_route=\/wp\/v2\/users\/1"}],"replies":[{"embeddable":true,"href":"https:\/\/kibrisdakik.com\/index.php?rest_route=%2Fwp%2Fv2%2Fcomments&post=85016"}],"version-history":[{"count":0,"href":"https:\/\/kibrisdakik.com\/index.php?rest_route=\/wp\/v2\/posts\/85016\/revisions"}],"wp:featuredmedia":[{"embeddable":true,"href":"https:\/\/kibrisdakik.com\/index.php?rest_route=\/wp\/v2\/media\/85017"}],"wp:attachment":[{"href":"https:\/\/kibrisdakik.com\/index.php?rest_route=%2Fwp%2Fv2%2Fmedia&parent=85016"}],"wp:term":[{"taxonomy":"category","embeddable":true,"href":"https:\/\/kibrisdakik.com\/index.php?rest_route=%2Fwp%2Fv2%2Fcategories&post=85016"},{"taxonomy":"post_tag","embeddable":true,"href":"https:\/\/kibrisdakik.com\/index.php?rest_route=%2Fwp%2Fv2%2Ftags&post=85016"}],"curies":[{"name":"wp","href":"https:\/\/api.w.org\/{rel}","templated":true}]}}