{"id":85040,"date":"2025-06-20T01:51:21","date_gmt":"2025-06-19T22:51:21","guid":{"rendered":"https:\/\/kibrisdakik.com\/index.php\/2025\/06\/20\/cumhurbaskani-tatar-kktfad-odul-torenine-katildi\/"},"modified":"2025-06-20T01:51:21","modified_gmt":"2025-06-19T22:51:21","slug":"cumhurbaskani-tatar-kktfad-odul-torenine-katildi","status":"publish","type":"post","link":"https:\/\/kibrisdakik.com\/?p=85040","title":{"rendered":"Cumhurba\u015fkan\u0131 Tatar KKTFAD \u00f6d\u00fcl t\u00f6renine kat\u0131ld\u0131"},"content":{"rendered":"<p> <br \/>\n<\/p>\n<div data-text-id=\"78391\" property=\"articleBody\">\n<p><span>Cumhurba\u015fkan\u0131 Ersin Tatar, Kuzey K\u0131br\u0131s T\u00fcrk Futbol Antren\u00f6rleri Derne\u011fi (KKTFAD) taraf\u0131ndan d\u00fczenlenen \u00f6d\u00fcl t\u00f6renine kat\u0131ld\u0131.<\/span><\/p>\n<p><span helvetica=\"\">Cumhurba\u015fkanl\u0131\u011f\u0131\u2019ndan yap\u0131lan a\u00e7\u0131klamaya g\u00f6re, Cumhurba\u015fkan\u0131 Tatar, t\u00f6rende yapt\u0131\u011f\u0131 konu\u015fmada, KKTFAD taraf\u0131ndan ge\u00e7en g\u00fcn d\u00fczenlenen seminerde antren\u00f6rlerle bir araya geldi\u011fini belirterek, Dernek Ba\u015fkan\u0131 Hasan Topalo\u011flu ve y\u00f6netim kurulunu yapt\u0131klar\u0131 \u00e7al\u0131\u015fmalardan dolay\u0131 tebrik etti.<\/span><\/p>\n<p><span helvetica=\"\">Rekabet ko\u015fullar\u0131 i\u00e7erisinde y\u00fcksek maliyetli oyuncular\u0131n transfer edilmesiyle altyap\u0131n\u0131n ihmal edildi\u011fine i\u015faret eden Tatar, altyap\u0131dan gen\u00e7 sporcular\u0131n yeti\u015ftirilmesi ve kul\u00fcplere kazand\u0131r\u0131lmas\u0131 konusunda antren\u00f6rlere b\u00fcy\u00fck g\u00f6revler d\u00fc\u015ft\u00fc\u011f\u00fcn\u00fc vurgulad\u0131.<\/span><\/p>\n<p><span helvetica=\"\">Cumhurba\u015fkan\u0131 Tatar, futbol liglerinde 80\u2019den fazla kul\u00fcb\u00fcn m\u00fccadele etti\u011fini belirterek, kul\u00fcplerin y\u00f6netimlerine, sporcular\u0131na ve taraftarlar\u0131na ba\u015far\u0131lar diledi.<\/span><\/p>\n<p><span helvetica=\"\">-K\u0131br\u0131s T\u00fcrkleri aras\u0131ndan yetenekli futbolcular yeti\u015fiyor<\/span><\/p>\n<p><span helvetica=\"\">Antren\u00f6rlerin, gen\u00e7lere \u00e7ocuk ya\u015fta sahip \u00e7\u0131kt\u0131\u011f\u0131n\u0131 ve spora y\u00f6nlendirdi\u011fini anlatan Tatar, K\u0131br\u0131s T\u00fcrkleri aras\u0131ndan yetenekli futbolcular\u0131n yeti\u015fti\u011fini kaydetti.<\/span><\/p>\n<p><span helvetica=\"\">Avustralya Futbol Milli Tak\u0131m\u0131\u2019nda gol atarak tak\u0131m\u0131n\u0131 D\u00fcnya Kupas\u0131&#8217;na ta\u015f\u0131yan Aziz Behi\u00e7\u2019ten de bahseden Cumhurba\u015fkan\u0131 Tatar, kendisiyle gurur duydu\u011funu dile getirdi.<\/span><\/p>\n<div class=\"post-flash\">\n        <!--\n\n<h3 class=\"post-flash__title\">G&ouml;zden ka&ccedil;&#305;rmay&#305;n<\/h3>\n\n--><\/p>\n<div class=\"row g-0 align-items-center\">\n<div class=\"col-5 col-sm-3\">\n                \n            <\/div>\n<div class=\"col-7 col-sm-9\">\n<div class=\"post-flash-heading p-2\">\n<p>Tatl\u0131su Seralar ve Sahil b\u00f6lgesine yar\u0131n 3 saat elektrik verilemeyecek<\/p>\n<p>\u0130\u00e7eri\u011fi G\u00f6r\u00fcnt\u00fcle <i class=\"fa fa-arrow-right ps-2\"\/><\/p>\n<\/p><\/div>\n<\/p><\/div>\n<\/p><\/div>\n<\/p><\/div>\n<p><span helvetica=\"\">Tatar, T\u00fcrkiye futbol tak\u0131mlar\u0131ndan Fenerbah\u00e7e altyap\u0131s\u0131nda 4 K\u0131br\u0131sl\u0131 T\u00fcrk\u2019\u00fcn yer ald\u0131\u011f\u0131n\u0131 ifade ederek, yap\u0131lacak \u00e7al\u0131\u015fmalarla K\u0131br\u0131s T\u00fcrk futbolunun geli\u015fece\u011fine dikkat \u00e7ekti. <\/span><\/p>\n<p><span helvetica=\"\">Konu\u015fmas\u0131nda, T\u00fcrkiye\u2019de trafik kazas\u0131nda hayat\u0131n\u0131 kaybeden futbolcu Mete Adan\u0131r\u2019\u0131 da rahmetle anan Cumhurba\u015fkan\u0131 Tatar, kendisiyle beraber futbol oynad\u0131\u011f\u0131n\u0131, Adan\u0131r\u2019\u0131n \u0130ngiltere\u2019ye gitti\u011fi d\u00f6nemde bir araya geldiklerini aktard\u0131.<\/span><\/p>\n<p><span helvetica=\"\">KKTC\u2019de ge\u00e7mi\u015fe g\u00f6re daha \u00e7ok imk\u00e2n\u0131n bulundu\u011funu dile getiren Tatar, d\u00fczenlenen seminerler ve teknolojiden yararlan\u0131lmas\u0131yla antren\u00f6rlerin kendilerini geli\u015ftirmesini temenni etti.<\/span><\/p>\n<p><span helvetica=\"\">Cumhurba\u015fkan\u0131 Tatar konu\u015fmas\u0131n\u0131n sonunda \u00f6d\u00fcl alan antren\u00f6rleri tebrik etti.<\/span><\/p>\n<\/p><\/div>\n<p><br \/>\n<br \/><a href=\"> K\u0131br\u0131s dakik<\/a><\/p>\n","protected":false},"excerpt":{"rendered":"<p>Cumhurba\u015fkan\u0131 Ersin Tatar, Kuzey K\u0131br\u0131s T\u00fcrk Futbol Antren\u00f6rleri Derne\u011fi (KKTFAD) taraf\u0131ndan d\u00fczenlenen \u00f6d\u00fcl t\u00f6renine kat\u0131ld\u0131. Cumhurba\u015fkanl\u0131\u011f\u0131\u2019ndan yap\u0131lan a\u00e7\u0131klamaya g\u00f6re, Cumhurba\u015fkan\u0131 Tatar, t\u00f6rende yapt\u0131\u011f\u0131 konu\u015fmada, KKTFAD taraf\u0131ndan ge\u00e7en g\u00fcn d\u00fczenlenen seminerde antren\u00f6rlerle bir araya geldi\u011fini belirterek, Dernek Ba\u015fkan\u0131 Hasan Topalo\u011flu ve y\u00f6netim kurulunu yapt\u0131klar\u0131 \u00e7al\u0131\u015fmalardan dolay\u0131 tebrik etti. Rekabet ko\u015fullar\u0131 i\u00e7erisinde y\u00fcksek maliyetli oyuncular\u0131n transfer edilmesiyle<\/p>\n","protected":false},"author":1,"featured_media":85041,"comment_status":"open","ping_status":"open","sticky":false,"template":"","format":"standard","meta":{"footnotes":""},"categories":[81,101],"tags":[],"class_list":["post-85040","post","type-post","status-publish","format-standard","has-post-thumbnail","hentry","category-kibris","category-manset"],"yoast_head":"<!-- This site is optimized with the Yoast SEO plugin v27.5 - https:\/\/yoast.com\/product\/yoast-seo-wordpress\/ -->\n<title>Cumhurba\u015fkan\u0131 Tatar KKTFAD \u00f6d\u00fcl t\u00f6renine kat\u0131ld\u0131 -<\/title>\n<meta name=\"robots\" content=\"index, follow, max-snippet:-1, max-image-preview:large, max-video-preview:-1\" \/>\n<link rel=\"canonical\" href=\"https:\/\/kibrisdakik.com\/?p=85040\" \/>\n<meta property=\"og:locale\" content=\"tr_TR\" \/>\n<meta property=\"og:type\" content=\"article\" \/>\n<meta property=\"og:title\" content=\"Cumhurba\u015fkan\u0131 Tatar KKTFAD \u00f6d\u00fcl t\u00f6renine kat\u0131ld\u0131 -\" \/>\n<meta property=\"og:description\" content=\"Cumhurba\u015fkan\u0131 Ersin Tatar, Kuzey K\u0131br\u0131s T\u00fcrk Futbol Antren\u00f6rleri Derne\u011fi (KKTFAD) taraf\u0131ndan d\u00fczenlenen \u00f6d\u00fcl t\u00f6renine kat\u0131ld\u0131. Cumhurba\u015fkanl\u0131\u011f\u0131\u2019ndan yap\u0131lan a\u00e7\u0131klamaya g\u00f6re, Cumhurba\u015fkan\u0131 Tatar, t\u00f6rende yapt\u0131\u011f\u0131 konu\u015fmada, KKTFAD taraf\u0131ndan ge\u00e7en g\u00fcn d\u00fczenlenen seminerde antren\u00f6rlerle bir araya geldi\u011fini belirterek, Dernek Ba\u015fkan\u0131 Hasan Topalo\u011flu ve y\u00f6netim kurulunu yapt\u0131klar\u0131 \u00e7al\u0131\u015fmalardan dolay\u0131 tebrik etti. Rekabet ko\u015fullar\u0131 i\u00e7erisinde y\u00fcksek maliyetli oyuncular\u0131n transfer edilmesiyle\" \/>\n<meta property=\"og:url\" content=\"https:\/\/kibrisdakik.com\/?p=85040\" \/>\n<meta property=\"article:published_time\" content=\"2025-06-19T22:51:21+00:00\" \/>\n<meta property=\"og:image\" content=\"https:\/\/kibrisdakik.com\/wp-content\/uploads\/2025\/06\/tatar-antrenorler-dernegi3-740x420.jpg\" \/>\n\t<meta property=\"og:image:width\" content=\"1600\" \/>\n\t<meta property=\"og:image:height\" content=\"1066\" \/>\n\t<meta property=\"og:image:type\" content=\"image\/jpeg\" \/>\n<meta name=\"author\" content=\"admin\" \/>\n<meta name=\"twitter:card\" content=\"summary_large_image\" \/>\n<meta name=\"twitter:label1\" content=\"Yazan:\" \/>\n\t<meta name=\"twitter:data1\" content=\"admin\" \/>\n\t<meta name=\"twitter:label2\" content=\"Tahmini okuma s\u00fcresi\" \/>\n\t<meta name=\"twitter:data2\" content=\"2 dakika\" \/>\n<script type=\"application\/ld+json\" class=\"yoast-schema-graph\">{\"@context\":\"https:\\\/\\\/schema.org\",\"@graph\":[{\"@type\":\"Article\",\"@id\":\"https:\\\/\\\/kibrisdakik.com\\\/?p=85040#article\",\"isPartOf\":{\"@id\":\"https:\\\/\\\/kibrisdakik.com\\\/?p=85040\"},\"author\":{\"name\":\"admin\",\"@id\":\"https:\\\/\\\/kibrisdakik.com\\\/#\\\/schema\\\/person\\\/9cd9d437bbb44f72b73ba127e06d8e79\"},\"headline\":\"Cumhurba\u015fkan\u0131 Tatar KKTFAD \u00f6d\u00fcl t\u00f6renine kat\u0131ld\u0131\",\"datePublished\":\"2025-06-19T22:51:21+00:00\",\"mainEntityOfPage\":{\"@id\":\"https:\\\/\\\/kibrisdakik.com\\\/?p=85040\"},\"wordCount\":380,\"commentCount\":0,\"image\":{\"@id\":\"https:\\\/\\\/kibrisdakik.com\\\/?p=85040#primaryimage\"},\"thumbnailUrl\":\"https:\\\/\\\/kibrisdakik.com\\\/wp-content\\\/uploads\\\/2025\\\/06\\\/tatar-antrenorler-dernegi3-740x420.jpg\",\"articleSection\":[\"K\u0131br\u0131s\",\"Man\u015fet\"],\"inLanguage\":\"tr\",\"potentialAction\":[{\"@type\":\"CommentAction\",\"name\":\"Comment\",\"target\":[\"https:\\\/\\\/kibrisdakik.com\\\/?p=85040#respond\"]}]},{\"@type\":\"WebPage\",\"@id\":\"https:\\\/\\\/kibrisdakik.com\\\/?p=85040\",\"url\":\"https:\\\/\\\/kibrisdakik.com\\\/?p=85040\",\"name\":\"Cumhurba\u015fkan\u0131 Tatar KKTFAD \u00f6d\u00fcl t\u00f6renine kat\u0131ld\u0131 -\",\"isPartOf\":{\"@id\":\"https:\\\/\\\/kibrisdakik.com\\\/#website\"},\"primaryImageOfPage\":{\"@id\":\"https:\\\/\\\/kibrisdakik.com\\\/?p=85040#primaryimage\"},\"image\":{\"@id\":\"https:\\\/\\\/kibrisdakik.com\\\/?p=85040#primaryimage\"},\"thumbnailUrl\":\"https:\\\/\\\/kibrisdakik.com\\\/wp-content\\\/uploads\\\/2025\\\/06\\\/tatar-antrenorler-dernegi3-740x420.jpg\",\"datePublished\":\"2025-06-19T22:51:21+00:00\",\"author\":{\"@id\":\"https:\\\/\\\/kibrisdakik.com\\\/#\\\/schema\\\/person\\\/9cd9d437bbb44f72b73ba127e06d8e79\"},\"breadcrumb\":{\"@id\":\"https:\\\/\\\/kibrisdakik.com\\\/?p=85040#breadcrumb\"},\"inLanguage\":\"tr\",\"potentialAction\":[{\"@type\":\"ReadAction\",\"target\":[\"https:\\\/\\\/kibrisdakik.com\\\/?p=85040\"]}]},{\"@type\":\"ImageObject\",\"inLanguage\":\"tr\",\"@id\":\"https:\\\/\\\/kibrisdakik.com\\\/?p=85040#primaryimage\",\"url\":\"https:\\\/\\\/kibrisdakik.com\\\/wp-content\\\/uploads\\\/2025\\\/06\\\/tatar-antrenorler-dernegi3-740x420.jpg\",\"contentUrl\":\"https:\\\/\\\/kibrisdakik.com\\\/wp-content\\\/uploads\\\/2025\\\/06\\\/tatar-antrenorler-dernegi3-740x420.jpg\",\"width\":1600,\"height\":1066},{\"@type\":\"BreadcrumbList\",\"@id\":\"https:\\\/\\\/kibrisdakik.com\\\/?p=85040#breadcrumb\",\"itemListElement\":[{\"@type\":\"ListItem\",\"position\":1,\"name\":\"Home\",\"item\":\"https:\\\/\\\/kibrisdakik.com\\\/\"},{\"@type\":\"ListItem\",\"position\":2,\"name\":\"Cumhurba\u015fkan\u0131 Tatar KKTFAD \u00f6d\u00fcl t\u00f6renine kat\u0131ld\u0131\"}]},{\"@type\":\"WebSite\",\"@id\":\"https:\\\/\\\/kibrisdakik.com\\\/#website\",\"url\":\"https:\\\/\\\/kibrisdakik.com\\\/\",\"name\":\"\",\"description\":\"Tam vaktinde haber\",\"potentialAction\":[{\"@type\":\"SearchAction\",\"target\":{\"@type\":\"EntryPoint\",\"urlTemplate\":\"https:\\\/\\\/kibrisdakik.com\\\/?s={search_term_string}\"},\"query-input\":{\"@type\":\"PropertyValueSpecification\",\"valueRequired\":true,\"valueName\":\"search_term_string\"}}],\"inLanguage\":\"tr\"},{\"@type\":\"Person\",\"@id\":\"https:\\\/\\\/kibrisdakik.com\\\/#\\\/schema\\\/person\\\/9cd9d437bbb44f72b73ba127e06d8e79\",\"name\":\"admin\",\"image\":{\"@type\":\"ImageObject\",\"inLanguage\":\"tr\",\"@id\":\"https:\\\/\\\/secure.gravatar.com\\\/avatar\\\/ccc17943b9d660506c869530f897617f7cb1c21a4bf30023f252596d83e1f007?s=96&d=mm&r=g\",\"url\":\"https:\\\/\\\/secure.gravatar.com\\\/avatar\\\/ccc17943b9d660506c869530f897617f7cb1c21a4bf30023f252596d83e1f007?s=96&d=mm&r=g\",\"contentUrl\":\"https:\\\/\\\/secure.gravatar.com\\\/avatar\\\/ccc17943b9d660506c869530f897617f7cb1c21a4bf30023f252596d83e1f007?s=96&d=mm&r=g\",\"caption\":\"admin\"},\"sameAs\":[\"https:\\\/\\\/kibrisdakik.com\"],\"url\":\"https:\\\/\\\/kibrisdakik.com\\\/?author=1\"}]}<\/script>\n<!-- \/ Yoast SEO plugin. -->","yoast_head_json":{"title":"Cumhurba\u015fkan\u0131 Tatar KKTFAD \u00f6d\u00fcl t\u00f6renine kat\u0131ld\u0131 -","robots":{"index":"index","follow":"follow","max-snippet":"max-snippet:-1","max-image-preview":"max-image-preview:large","max-video-preview":"max-video-preview:-1"},"canonical":"https:\/\/kibrisdakik.com\/?p=85040","og_locale":"tr_TR","og_type":"article","og_title":"Cumhurba\u015fkan\u0131 Tatar KKTFAD \u00f6d\u00fcl t\u00f6renine kat\u0131ld\u0131 -","og_description":"Cumhurba\u015fkan\u0131 Ersin Tatar, Kuzey K\u0131br\u0131s T\u00fcrk Futbol Antren\u00f6rleri Derne\u011fi (KKTFAD) taraf\u0131ndan d\u00fczenlenen \u00f6d\u00fcl t\u00f6renine kat\u0131ld\u0131. Cumhurba\u015fkanl\u0131\u011f\u0131\u2019ndan yap\u0131lan a\u00e7\u0131klamaya g\u00f6re, Cumhurba\u015fkan\u0131 Tatar, t\u00f6rende yapt\u0131\u011f\u0131 konu\u015fmada, KKTFAD taraf\u0131ndan ge\u00e7en g\u00fcn d\u00fczenlenen seminerde antren\u00f6rlerle bir araya geldi\u011fini belirterek, Dernek Ba\u015fkan\u0131 Hasan Topalo\u011flu ve y\u00f6netim kurulunu yapt\u0131klar\u0131 \u00e7al\u0131\u015fmalardan dolay\u0131 tebrik etti. Rekabet ko\u015fullar\u0131 i\u00e7erisinde y\u00fcksek maliyetli oyuncular\u0131n transfer edilmesiyle","og_url":"https:\/\/kibrisdakik.com\/?p=85040","article_published_time":"2025-06-19T22:51:21+00:00","og_image":[{"width":1600,"height":1066,"url":"https:\/\/kibrisdakik.com\/wp-content\/uploads\/2025\/06\/tatar-antrenorler-dernegi3-740x420.jpg","type":"image\/jpeg"}],"author":"admin","twitter_card":"summary_large_image","twitter_misc":{"Yazan:":"admin","Tahmini okuma s\u00fcresi":"2 dakika"},"schema":{"@context":"https:\/\/schema.org","@graph":[{"@type":"Article","@id":"https:\/\/kibrisdakik.com\/?p=85040#article","isPartOf":{"@id":"https:\/\/kibrisdakik.com\/?p=85040"},"author":{"name":"admin","@id":"https:\/\/kibrisdakik.com\/#\/schema\/person\/9cd9d437bbb44f72b73ba127e06d8e79"},"headline":"Cumhurba\u015fkan\u0131 Tatar KKTFAD \u00f6d\u00fcl t\u00f6renine kat\u0131ld\u0131","datePublished":"2025-06-19T22:51:21+00:00","mainEntityOfPage":{"@id":"https:\/\/kibrisdakik.com\/?p=85040"},"wordCount":380,"commentCount":0,"image":{"@id":"https:\/\/kibrisdakik.com\/?p=85040#primaryimage"},"thumbnailUrl":"https:\/\/kibrisdakik.com\/wp-content\/uploads\/2025\/06\/tatar-antrenorler-dernegi3-740x420.jpg","articleSection":["K\u0131br\u0131s","Man\u015fet"],"inLanguage":"tr","potentialAction":[{"@type":"CommentAction","name":"Comment","target":["https:\/\/kibrisdakik.com\/?p=85040#respond"]}]},{"@type":"WebPage","@id":"https:\/\/kibrisdakik.com\/?p=85040","url":"https:\/\/kibrisdakik.com\/?p=85040","name":"Cumhurba\u015fkan\u0131 Tatar KKTFAD \u00f6d\u00fcl t\u00f6renine kat\u0131ld\u0131 -","isPartOf":{"@id":"https:\/\/kibrisdakik.com\/#website"},"primaryImageOfPage":{"@id":"https:\/\/kibrisdakik.com\/?p=85040#primaryimage"},"image":{"@id":"https:\/\/kibrisdakik.com\/?p=85040#primaryimage"},"thumbnailUrl":"https:\/\/kibrisdakik.com\/wp-content\/uploads\/2025\/06\/tatar-antrenorler-dernegi3-740x420.jpg","datePublished":"2025-06-19T22:51:21+00:00","author":{"@id":"https:\/\/kibrisdakik.com\/#\/schema\/person\/9cd9d437bbb44f72b73ba127e06d8e79"},"breadcrumb":{"@id":"https:\/\/kibrisdakik.com\/?p=85040#breadcrumb"},"inLanguage":"tr","potentialAction":[{"@type":"ReadAction","target":["https:\/\/kibrisdakik.com\/?p=85040"]}]},{"@type":"ImageObject","inLanguage":"tr","@id":"https:\/\/kibrisdakik.com\/?p=85040#primaryimage","url":"https:\/\/kibrisdakik.com\/wp-content\/uploads\/2025\/06\/tatar-antrenorler-dernegi3-740x420.jpg","contentUrl":"https:\/\/kibrisdakik.com\/wp-content\/uploads\/2025\/06\/tatar-antrenorler-dernegi3-740x420.jpg","width":1600,"height":1066},{"@type":"BreadcrumbList","@id":"https:\/\/kibrisdakik.com\/?p=85040#breadcrumb","itemListElement":[{"@type":"ListItem","position":1,"name":"Home","item":"https:\/\/kibrisdakik.com\/"},{"@type":"ListItem","position":2,"name":"Cumhurba\u015fkan\u0131 Tatar KKTFAD \u00f6d\u00fcl t\u00f6renine kat\u0131ld\u0131"}]},{"@type":"WebSite","@id":"https:\/\/kibrisdakik.com\/#website","url":"https:\/\/kibrisdakik.com\/","name":"","description":"Tam vaktinde haber","potentialAction":[{"@type":"SearchAction","target":{"@type":"EntryPoint","urlTemplate":"https:\/\/kibrisdakik.com\/?s={search_term_string}"},"query-input":{"@type":"PropertyValueSpecification","valueRequired":true,"valueName":"search_term_string"}}],"inLanguage":"tr"},{"@type":"Person","@id":"https:\/\/kibrisdakik.com\/#\/schema\/person\/9cd9d437bbb44f72b73ba127e06d8e79","name":"admin","image":{"@type":"ImageObject","inLanguage":"tr","@id":"https:\/\/secure.gravatar.com\/avatar\/ccc17943b9d660506c869530f897617f7cb1c21a4bf30023f252596d83e1f007?s=96&d=mm&r=g","url":"https:\/\/secure.gravatar.com\/avatar\/ccc17943b9d660506c869530f897617f7cb1c21a4bf30023f252596d83e1f007?s=96&d=mm&r=g","contentUrl":"https:\/\/secure.gravatar.com\/avatar\/ccc17943b9d660506c869530f897617f7cb1c21a4bf30023f252596d83e1f007?s=96&d=mm&r=g","caption":"admin"},"sameAs":["https:\/\/kibrisdakik.com"],"url":"https:\/\/kibrisdakik.com\/?author=1"}]}},"_links":{"self":[{"href":"https:\/\/kibrisdakik.com\/index.php?rest_route=\/wp\/v2\/posts\/85040","targetHints":{"allow":["GET"]}}],"collection":[{"href":"https:\/\/kibrisdakik.com\/index.php?rest_route=\/wp\/v2\/posts"}],"about":[{"href":"https:\/\/kibrisdakik.com\/index.php?rest_route=\/wp\/v2\/types\/post"}],"author":[{"embeddable":true,"href":"https:\/\/kibrisdakik.com\/index.php?rest_route=\/wp\/v2\/users\/1"}],"replies":[{"embeddable":true,"href":"https:\/\/kibrisdakik.com\/index.php?rest_route=%2Fwp%2Fv2%2Fcomments&post=85040"}],"version-history":[{"count":0,"href":"https:\/\/kibrisdakik.com\/index.php?rest_route=\/wp\/v2\/posts\/85040\/revisions"}],"wp:featuredmedia":[{"embeddable":true,"href":"https:\/\/kibrisdakik.com\/index.php?rest_route=\/wp\/v2\/media\/85041"}],"wp:attachment":[{"href":"https:\/\/kibrisdakik.com\/index.php?rest_route=%2Fwp%2Fv2%2Fmedia&parent=85040"}],"wp:term":[{"taxonomy":"category","embeddable":true,"href":"https:\/\/kibrisdakik.com\/index.php?rest_route=%2Fwp%2Fv2%2Fcategories&post=85040"},{"taxonomy":"post_tag","embeddable":true,"href":"https:\/\/kibrisdakik.com\/index.php?rest_route=%2Fwp%2Fv2%2Ftags&post=85040"}],"curies":[{"name":"wp","href":"https:\/\/api.w.org\/{rel}","templated":true}]}}