{"id":85101,"date":"2025-06-20T18:09:20","date_gmt":"2025-06-20T15:09:20","guid":{"rendered":"https:\/\/kibrisdakik.com\/index.php\/2025\/06\/20\/kibtesten-egitim-bakanligina-ve-ktoeose-elestiri\/"},"modified":"2025-06-20T18:09:20","modified_gmt":"2025-06-20T15:09:20","slug":"kibtesten-egitim-bakanligina-ve-ktoeose-elestiri","status":"publish","type":"post","link":"https:\/\/kibrisdakik.com\/?p=85101","title":{"rendered":"KIBTES&#8217;ten E\u011fitim bakanl\u0131\u011f\u0131na ve KTOE\u00d6S&#8217;e ele\u015ftiri&#8230;"},"content":{"rendered":"<p> <br \/>\n<\/p>\n<div data-text-id=\"78461\" property=\"articleBody\">\n<p><span>K\u0131br\u0131s T\u00fcrk E\u011fitimciler Sendikas\u0131 (KIBTES), orta e\u011fitimde ya\u015fand\u0131\u011f\u0131n\u0131 belirtti\u011fi &#8220;kay\u0131plardan&#8221; bakanl\u0131k ve sendikay\u0131 sorumlu tuttu.<\/span><\/p>\n<p><span>KIBTES Ba\u015fkan\u0131 Himmet Turgut taraf\u0131ndan yap\u0131lan yaz\u0131l\u0131 a\u00e7\u0131klamada, 2024-2025 E\u011fitim \u00d6\u011fretim y\u0131l\u0131nda \u201cBakanl\u0131\u011f\u0131n ihmalleri ve KTOE\u00d6S y\u00f6netiminin grev ve eylem kararlar\u0131\u201d sebebiyle orta\u00f6\u011fretimde yakla\u015f\u0131k 30 bin ders kayb\u0131 ya\u015fand\u0131\u011f\u0131 \u00f6ne s\u00fcr\u00fcld\u00fc.<\/span><\/p>\n<p>A\u00e7\u0131klamada, sendika iddialar\u0131n\u0131 \u015f\u00f6yle s\u0131ralad\u0131:<\/p>\n<p>\u201cBakanl\u0131k okullar\u0131m\u0131zdaki altyap\u0131 eksikliklerini giderememi\u015f ve tam g\u00fcn e\u011fitim karar\u0131n\u0131n i\u00e7eri\u011fini dolduracak ad\u0131mlar maalesef atamam\u0131\u015ft\u0131r. Bunun yan\u0131nda okul servislerindeki \u00e7a\u011fd\u0131\u015f\u0131 ko\u015fullar kazalara meydan vermi\u015f bu durum \u00f6\u011frencilerimizi ma\u011fdur etmi\u015ftir. <span>\u00d6\u011frencilerimizin e\u011fitim haklar\u0131 yasalarla korunmaktad\u0131r ve hi\u00e7bir mazeret bu hakk\u0131 ellerinden almamal\u0131d\u0131r. Bu noktada grev ve eylemlere kat\u0131lmay\u0131p dersini i\u015flemek isteyen \u00f6\u011fretmenlerinizin ciddi ders kay\u0131plar\u0131 olmu\u015ftur. <\/span><span>E\u011fitim politikalar\u0131ndaki \u0130hmaller, grev ve eylemler sebebiyle okullarda kaos ortam\u0131 olu\u015fmu\u015f; g\u00fcvenlik zafiyetlerini ortaya \u00e7\u0131karm\u0131\u015f, bu durum disiplin olaylar\u0131n\u0131n artmas\u0131na sebep olmu\u015ftur. <\/span><span>Grev ve eylemlere kat\u0131lmayan \u00f6\u011fretmenlerin \u00fczerine fazla i\u015f y\u00fck\u00fc verilmi\u015ftir.\u201d<\/span><\/p>\n<div class=\"post-flash\">\n        <!--\n\n<h3 class=\"post-flash__title\">G&ouml;zden ka&ccedil;&#305;rmay&#305;n<\/h3>\n\n--><\/p>\n<div class=\"row g-0 align-items-center\">\n<div class=\"col-5 col-sm-3\">\n                \n            <\/div>\n<div class=\"col-7 col-sm-9\">\n<div class=\"post-flash-heading p-2\">\n<p>Ta\u015f ocaklar\u0131 konusunda \u00e7al\u0131\u015ftay d\u00fczenlendi<\/p>\n<p>\u0130\u00e7eri\u011fi G\u00f6r\u00fcnt\u00fcle <i class=\"fa fa-arrow-right ps-2\"\/><\/p>\n<\/p><\/div>\n<\/p><\/div>\n<\/p><\/div>\n<\/p><\/div>\n<p>KTOE\u00d6S\u2019\u00fcn E\u011fitim Bakan\u0131 i\u00e7in haz\u0131rlad\u0131\u011f\u0131 temsili karnede bakana \u201cba\u015far\u0131s\u0131z\u201d notu verdi\u011fi ifade edilen a\u00e7\u0131klamada, \u201cSendika y\u00f6netimi de \u2018\u00f6\u011frencinin e\u011fitim hakk\u0131na sayg\u0131, e\u011fitime bilimsel katk\u0131, grev ve eylem zamanlamas\u0131, K\u0131br\u0131s T\u00fcrk toplumuna sundu\u011fu katk\u0131 ve \u00f6\u011fretmenleri temsil etme\u2019 konular\u0131nda s\u0131n\u0131fta kalm\u0131\u015ft\u0131r.\u201d ifadelerine yer verildi.<\/p>\n<p>A\u00e7\u0131klamada, &#8220;\u00f6\u011frencilerin e\u011fitim hakk\u0131n\u0131n kutsal oldu\u011fu, e\u011fitim-\u00f6\u011fretim faaliyetlerinin ideolojik sebepler ve sendikal dayatmalarla aksat\u0131lmamas\u0131 gerekti\u011fi, e\u011fitimde istikrar\u0131n ve s\u00fcrd\u00fcr\u00fclebilirli\u011fin sa\u011flanmas\u0131 ve velilerin \u00e7ocuklar\u0131n\u0131 g\u00fcven duyarak okullara g\u00f6nderebilmeleri i\u00e7in Bakanl\u0131\u011f\u0131n t\u00fcm payda\u015flarla e\u011fitim sorunlar\u0131n\u0131 tespit edip proaktif bir tutum i\u00e7inde \u00e7al\u0131\u015fmalar\u0131n\u0131 y\u00fcr\u00fctmesi gerekti\u011fi&#8221; g\u00f6r\u00fc\u015f\u00fc kaydedildi.<\/p>\n<\/p><\/div>\n<p><br \/>\n<br \/><a href=\"> K\u0131br\u0131s dakik<\/a><\/p>\n","protected":false},"excerpt":{"rendered":"<p>K\u0131br\u0131s T\u00fcrk E\u011fitimciler Sendikas\u0131 (KIBTES), orta e\u011fitimde ya\u015fand\u0131\u011f\u0131n\u0131 belirtti\u011fi &#8220;kay\u0131plardan&#8221; bakanl\u0131k ve sendikay\u0131 sorumlu tuttu. KIBTES Ba\u015fkan\u0131 Himmet Turgut taraf\u0131ndan yap\u0131lan yaz\u0131l\u0131 a\u00e7\u0131klamada, 2024-2025 E\u011fitim \u00d6\u011fretim y\u0131l\u0131nda \u201cBakanl\u0131\u011f\u0131n ihmalleri ve KTOE\u00d6S y\u00f6netiminin grev ve eylem kararlar\u0131\u201d sebebiyle orta\u00f6\u011fretimde yakla\u015f\u0131k 30 bin ders kayb\u0131 ya\u015fand\u0131\u011f\u0131 \u00f6ne s\u00fcr\u00fcld\u00fc. A\u00e7\u0131klamada, sendika iddialar\u0131n\u0131 \u015f\u00f6yle s\u0131ralad\u0131: \u201cBakanl\u0131k okullar\u0131m\u0131zdaki altyap\u0131 eksikliklerini<\/p>\n","protected":false},"author":1,"featured_media":85102,"comment_status":"open","ping_status":"open","sticky":false,"template":"","format":"standard","meta":{"footnotes":""},"categories":[81,101],"tags":[],"class_list":["post-85101","post","type-post","status-publish","format-standard","has-post-thumbnail","hentry","category-kibris","category-manset"],"yoast_head":"<!-- This site is optimized with the Yoast SEO plugin v27.5 - https:\/\/yoast.com\/product\/yoast-seo-wordpress\/ -->\n<title>KIBTES&#039;ten E\u011fitim bakanl\u0131\u011f\u0131na ve KTOE\u00d6S&#039;e ele\u015ftiri... -<\/title>\n<meta name=\"robots\" content=\"index, follow, max-snippet:-1, max-image-preview:large, max-video-preview:-1\" \/>\n<link rel=\"canonical\" href=\"https:\/\/kibrisdakik.com\/?p=85101\" \/>\n<meta property=\"og:locale\" content=\"tr_TR\" \/>\n<meta property=\"og:type\" content=\"article\" \/>\n<meta property=\"og:title\" content=\"KIBTES&#039;ten E\u011fitim bakanl\u0131\u011f\u0131na ve KTOE\u00d6S&#039;e ele\u015ftiri... -\" \/>\n<meta property=\"og:description\" content=\"K\u0131br\u0131s T\u00fcrk E\u011fitimciler Sendikas\u0131 (KIBTES), orta e\u011fitimde ya\u015fand\u0131\u011f\u0131n\u0131 belirtti\u011fi &#8220;kay\u0131plardan&#8221; bakanl\u0131k ve sendikay\u0131 sorumlu tuttu. KIBTES Ba\u015fkan\u0131 Himmet Turgut taraf\u0131ndan yap\u0131lan yaz\u0131l\u0131 a\u00e7\u0131klamada, 2024-2025 E\u011fitim \u00d6\u011fretim y\u0131l\u0131nda \u201cBakanl\u0131\u011f\u0131n ihmalleri ve KTOE\u00d6S y\u00f6netiminin grev ve eylem kararlar\u0131\u201d sebebiyle orta\u00f6\u011fretimde yakla\u015f\u0131k 30 bin ders kayb\u0131 ya\u015fand\u0131\u011f\u0131 \u00f6ne s\u00fcr\u00fcld\u00fc. A\u00e7\u0131klamada, sendika iddialar\u0131n\u0131 \u015f\u00f6yle s\u0131ralad\u0131: \u201cBakanl\u0131k okullar\u0131m\u0131zdaki altyap\u0131 eksikliklerini\" \/>\n<meta property=\"og:url\" content=\"https:\/\/kibrisdakik.com\/?p=85101\" \/>\n<meta property=\"article:published_time\" content=\"2025-06-20T15:09:20+00:00\" \/>\n<meta property=\"og:image\" content=\"https:\/\/kibrisdakik.com\/wp-content\/uploads\/2025\/06\/kibtes-5-740x420.png\" \/>\n\t<meta property=\"og:image:width\" content=\"1161\" \/>\n\t<meta property=\"og:image:height\" content=\"1161\" \/>\n\t<meta property=\"og:image:type\" content=\"image\/png\" \/>\n<meta name=\"author\" content=\"admin\" \/>\n<meta name=\"twitter:card\" content=\"summary_large_image\" \/>\n<meta name=\"twitter:label1\" content=\"Yazan:\" \/>\n\t<meta name=\"twitter:data1\" content=\"admin\" \/>\n\t<meta name=\"twitter:label2\" content=\"Tahmini okuma s\u00fcresi\" \/>\n\t<meta name=\"twitter:data2\" content=\"2 dakika\" \/>\n<script type=\"application\/ld+json\" class=\"yoast-schema-graph\">{\"@context\":\"https:\\\/\\\/schema.org\",\"@graph\":[{\"@type\":\"Article\",\"@id\":\"https:\\\/\\\/kibrisdakik.com\\\/?p=85101#article\",\"isPartOf\":{\"@id\":\"https:\\\/\\\/kibrisdakik.com\\\/?p=85101\"},\"author\":{\"name\":\"admin\",\"@id\":\"https:\\\/\\\/kibrisdakik.com\\\/#\\\/schema\\\/person\\\/9cd9d437bbb44f72b73ba127e06d8e79\"},\"headline\":\"KIBTES&#8217;ten E\u011fitim bakanl\u0131\u011f\u0131na ve KTOE\u00d6S&#8217;e ele\u015ftiri&#8230;\",\"datePublished\":\"2025-06-20T15:09:20+00:00\",\"mainEntityOfPage\":{\"@id\":\"https:\\\/\\\/kibrisdakik.com\\\/?p=85101\"},\"wordCount\":371,\"commentCount\":0,\"image\":{\"@id\":\"https:\\\/\\\/kibrisdakik.com\\\/?p=85101#primaryimage\"},\"thumbnailUrl\":\"https:\\\/\\\/kibrisdakik.com\\\/wp-content\\\/uploads\\\/2025\\\/06\\\/kibtes-5-740x420.png\",\"articleSection\":[\"K\u0131br\u0131s\",\"Man\u015fet\"],\"inLanguage\":\"tr\",\"potentialAction\":[{\"@type\":\"CommentAction\",\"name\":\"Comment\",\"target\":[\"https:\\\/\\\/kibrisdakik.com\\\/?p=85101#respond\"]}]},{\"@type\":\"WebPage\",\"@id\":\"https:\\\/\\\/kibrisdakik.com\\\/?p=85101\",\"url\":\"https:\\\/\\\/kibrisdakik.com\\\/?p=85101\",\"name\":\"KIBTES'ten E\u011fitim bakanl\u0131\u011f\u0131na ve KTOE\u00d6S'e ele\u015ftiri... -\",\"isPartOf\":{\"@id\":\"https:\\\/\\\/kibrisdakik.com\\\/#website\"},\"primaryImageOfPage\":{\"@id\":\"https:\\\/\\\/kibrisdakik.com\\\/?p=85101#primaryimage\"},\"image\":{\"@id\":\"https:\\\/\\\/kibrisdakik.com\\\/?p=85101#primaryimage\"},\"thumbnailUrl\":\"https:\\\/\\\/kibrisdakik.com\\\/wp-content\\\/uploads\\\/2025\\\/06\\\/kibtes-5-740x420.png\",\"datePublished\":\"2025-06-20T15:09:20+00:00\",\"author\":{\"@id\":\"https:\\\/\\\/kibrisdakik.com\\\/#\\\/schema\\\/person\\\/9cd9d437bbb44f72b73ba127e06d8e79\"},\"breadcrumb\":{\"@id\":\"https:\\\/\\\/kibrisdakik.com\\\/?p=85101#breadcrumb\"},\"inLanguage\":\"tr\",\"potentialAction\":[{\"@type\":\"ReadAction\",\"target\":[\"https:\\\/\\\/kibrisdakik.com\\\/?p=85101\"]}]},{\"@type\":\"ImageObject\",\"inLanguage\":\"tr\",\"@id\":\"https:\\\/\\\/kibrisdakik.com\\\/?p=85101#primaryimage\",\"url\":\"https:\\\/\\\/kibrisdakik.com\\\/wp-content\\\/uploads\\\/2025\\\/06\\\/kibtes-5-740x420.png\",\"contentUrl\":\"https:\\\/\\\/kibrisdakik.com\\\/wp-content\\\/uploads\\\/2025\\\/06\\\/kibtes-5-740x420.png\",\"width\":1161,\"height\":1161},{\"@type\":\"BreadcrumbList\",\"@id\":\"https:\\\/\\\/kibrisdakik.com\\\/?p=85101#breadcrumb\",\"itemListElement\":[{\"@type\":\"ListItem\",\"position\":1,\"name\":\"Home\",\"item\":\"https:\\\/\\\/kibrisdakik.com\\\/\"},{\"@type\":\"ListItem\",\"position\":2,\"name\":\"KIBTES&#8217;ten E\u011fitim bakanl\u0131\u011f\u0131na ve KTOE\u00d6S&#8217;e ele\u015ftiri&#8230;\"}]},{\"@type\":\"WebSite\",\"@id\":\"https:\\\/\\\/kibrisdakik.com\\\/#website\",\"url\":\"https:\\\/\\\/kibrisdakik.com\\\/\",\"name\":\"\",\"description\":\"Tam vaktinde haber\",\"potentialAction\":[{\"@type\":\"SearchAction\",\"target\":{\"@type\":\"EntryPoint\",\"urlTemplate\":\"https:\\\/\\\/kibrisdakik.com\\\/?s={search_term_string}\"},\"query-input\":{\"@type\":\"PropertyValueSpecification\",\"valueRequired\":true,\"valueName\":\"search_term_string\"}}],\"inLanguage\":\"tr\"},{\"@type\":\"Person\",\"@id\":\"https:\\\/\\\/kibrisdakik.com\\\/#\\\/schema\\\/person\\\/9cd9d437bbb44f72b73ba127e06d8e79\",\"name\":\"admin\",\"image\":{\"@type\":\"ImageObject\",\"inLanguage\":\"tr\",\"@id\":\"https:\\\/\\\/secure.gravatar.com\\\/avatar\\\/ccc17943b9d660506c869530f897617f7cb1c21a4bf30023f252596d83e1f007?s=96&d=mm&r=g\",\"url\":\"https:\\\/\\\/secure.gravatar.com\\\/avatar\\\/ccc17943b9d660506c869530f897617f7cb1c21a4bf30023f252596d83e1f007?s=96&d=mm&r=g\",\"contentUrl\":\"https:\\\/\\\/secure.gravatar.com\\\/avatar\\\/ccc17943b9d660506c869530f897617f7cb1c21a4bf30023f252596d83e1f007?s=96&d=mm&r=g\",\"caption\":\"admin\"},\"sameAs\":[\"https:\\\/\\\/kibrisdakik.com\"],\"url\":\"https:\\\/\\\/kibrisdakik.com\\\/?author=1\"}]}<\/script>\n<!-- \/ Yoast SEO plugin. -->","yoast_head_json":{"title":"KIBTES'ten E\u011fitim bakanl\u0131\u011f\u0131na ve KTOE\u00d6S'e ele\u015ftiri... -","robots":{"index":"index","follow":"follow","max-snippet":"max-snippet:-1","max-image-preview":"max-image-preview:large","max-video-preview":"max-video-preview:-1"},"canonical":"https:\/\/kibrisdakik.com\/?p=85101","og_locale":"tr_TR","og_type":"article","og_title":"KIBTES'ten E\u011fitim bakanl\u0131\u011f\u0131na ve KTOE\u00d6S'e ele\u015ftiri... -","og_description":"K\u0131br\u0131s T\u00fcrk E\u011fitimciler Sendikas\u0131 (KIBTES), orta e\u011fitimde ya\u015fand\u0131\u011f\u0131n\u0131 belirtti\u011fi &#8220;kay\u0131plardan&#8221; bakanl\u0131k ve sendikay\u0131 sorumlu tuttu. KIBTES Ba\u015fkan\u0131 Himmet Turgut taraf\u0131ndan yap\u0131lan yaz\u0131l\u0131 a\u00e7\u0131klamada, 2024-2025 E\u011fitim \u00d6\u011fretim y\u0131l\u0131nda \u201cBakanl\u0131\u011f\u0131n ihmalleri ve KTOE\u00d6S y\u00f6netiminin grev ve eylem kararlar\u0131\u201d sebebiyle orta\u00f6\u011fretimde yakla\u015f\u0131k 30 bin ders kayb\u0131 ya\u015fand\u0131\u011f\u0131 \u00f6ne s\u00fcr\u00fcld\u00fc. A\u00e7\u0131klamada, sendika iddialar\u0131n\u0131 \u015f\u00f6yle s\u0131ralad\u0131: \u201cBakanl\u0131k okullar\u0131m\u0131zdaki altyap\u0131 eksikliklerini","og_url":"https:\/\/kibrisdakik.com\/?p=85101","article_published_time":"2025-06-20T15:09:20+00:00","og_image":[{"width":1161,"height":1161,"url":"https:\/\/kibrisdakik.com\/wp-content\/uploads\/2025\/06\/kibtes-5-740x420.png","type":"image\/png"}],"author":"admin","twitter_card":"summary_large_image","twitter_misc":{"Yazan:":"admin","Tahmini okuma s\u00fcresi":"2 dakika"},"schema":{"@context":"https:\/\/schema.org","@graph":[{"@type":"Article","@id":"https:\/\/kibrisdakik.com\/?p=85101#article","isPartOf":{"@id":"https:\/\/kibrisdakik.com\/?p=85101"},"author":{"name":"admin","@id":"https:\/\/kibrisdakik.com\/#\/schema\/person\/9cd9d437bbb44f72b73ba127e06d8e79"},"headline":"KIBTES&#8217;ten E\u011fitim bakanl\u0131\u011f\u0131na ve KTOE\u00d6S&#8217;e ele\u015ftiri&#8230;","datePublished":"2025-06-20T15:09:20+00:00","mainEntityOfPage":{"@id":"https:\/\/kibrisdakik.com\/?p=85101"},"wordCount":371,"commentCount":0,"image":{"@id":"https:\/\/kibrisdakik.com\/?p=85101#primaryimage"},"thumbnailUrl":"https:\/\/kibrisdakik.com\/wp-content\/uploads\/2025\/06\/kibtes-5-740x420.png","articleSection":["K\u0131br\u0131s","Man\u015fet"],"inLanguage":"tr","potentialAction":[{"@type":"CommentAction","name":"Comment","target":["https:\/\/kibrisdakik.com\/?p=85101#respond"]}]},{"@type":"WebPage","@id":"https:\/\/kibrisdakik.com\/?p=85101","url":"https:\/\/kibrisdakik.com\/?p=85101","name":"KIBTES'ten E\u011fitim bakanl\u0131\u011f\u0131na ve KTOE\u00d6S'e ele\u015ftiri... -","isPartOf":{"@id":"https:\/\/kibrisdakik.com\/#website"},"primaryImageOfPage":{"@id":"https:\/\/kibrisdakik.com\/?p=85101#primaryimage"},"image":{"@id":"https:\/\/kibrisdakik.com\/?p=85101#primaryimage"},"thumbnailUrl":"https:\/\/kibrisdakik.com\/wp-content\/uploads\/2025\/06\/kibtes-5-740x420.png","datePublished":"2025-06-20T15:09:20+00:00","author":{"@id":"https:\/\/kibrisdakik.com\/#\/schema\/person\/9cd9d437bbb44f72b73ba127e06d8e79"},"breadcrumb":{"@id":"https:\/\/kibrisdakik.com\/?p=85101#breadcrumb"},"inLanguage":"tr","potentialAction":[{"@type":"ReadAction","target":["https:\/\/kibrisdakik.com\/?p=85101"]}]},{"@type":"ImageObject","inLanguage":"tr","@id":"https:\/\/kibrisdakik.com\/?p=85101#primaryimage","url":"https:\/\/kibrisdakik.com\/wp-content\/uploads\/2025\/06\/kibtes-5-740x420.png","contentUrl":"https:\/\/kibrisdakik.com\/wp-content\/uploads\/2025\/06\/kibtes-5-740x420.png","width":1161,"height":1161},{"@type":"BreadcrumbList","@id":"https:\/\/kibrisdakik.com\/?p=85101#breadcrumb","itemListElement":[{"@type":"ListItem","position":1,"name":"Home","item":"https:\/\/kibrisdakik.com\/"},{"@type":"ListItem","position":2,"name":"KIBTES&#8217;ten E\u011fitim bakanl\u0131\u011f\u0131na ve KTOE\u00d6S&#8217;e ele\u015ftiri&#8230;"}]},{"@type":"WebSite","@id":"https:\/\/kibrisdakik.com\/#website","url":"https:\/\/kibrisdakik.com\/","name":"","description":"Tam vaktinde haber","potentialAction":[{"@type":"SearchAction","target":{"@type":"EntryPoint","urlTemplate":"https:\/\/kibrisdakik.com\/?s={search_term_string}"},"query-input":{"@type":"PropertyValueSpecification","valueRequired":true,"valueName":"search_term_string"}}],"inLanguage":"tr"},{"@type":"Person","@id":"https:\/\/kibrisdakik.com\/#\/schema\/person\/9cd9d437bbb44f72b73ba127e06d8e79","name":"admin","image":{"@type":"ImageObject","inLanguage":"tr","@id":"https:\/\/secure.gravatar.com\/avatar\/ccc17943b9d660506c869530f897617f7cb1c21a4bf30023f252596d83e1f007?s=96&d=mm&r=g","url":"https:\/\/secure.gravatar.com\/avatar\/ccc17943b9d660506c869530f897617f7cb1c21a4bf30023f252596d83e1f007?s=96&d=mm&r=g","contentUrl":"https:\/\/secure.gravatar.com\/avatar\/ccc17943b9d660506c869530f897617f7cb1c21a4bf30023f252596d83e1f007?s=96&d=mm&r=g","caption":"admin"},"sameAs":["https:\/\/kibrisdakik.com"],"url":"https:\/\/kibrisdakik.com\/?author=1"}]}},"_links":{"self":[{"href":"https:\/\/kibrisdakik.com\/index.php?rest_route=\/wp\/v2\/posts\/85101","targetHints":{"allow":["GET"]}}],"collection":[{"href":"https:\/\/kibrisdakik.com\/index.php?rest_route=\/wp\/v2\/posts"}],"about":[{"href":"https:\/\/kibrisdakik.com\/index.php?rest_route=\/wp\/v2\/types\/post"}],"author":[{"embeddable":true,"href":"https:\/\/kibrisdakik.com\/index.php?rest_route=\/wp\/v2\/users\/1"}],"replies":[{"embeddable":true,"href":"https:\/\/kibrisdakik.com\/index.php?rest_route=%2Fwp%2Fv2%2Fcomments&post=85101"}],"version-history":[{"count":0,"href":"https:\/\/kibrisdakik.com\/index.php?rest_route=\/wp\/v2\/posts\/85101\/revisions"}],"wp:featuredmedia":[{"embeddable":true,"href":"https:\/\/kibrisdakik.com\/index.php?rest_route=\/wp\/v2\/media\/85102"}],"wp:attachment":[{"href":"https:\/\/kibrisdakik.com\/index.php?rest_route=%2Fwp%2Fv2%2Fmedia&parent=85101"}],"wp:term":[{"taxonomy":"category","embeddable":true,"href":"https:\/\/kibrisdakik.com\/index.php?rest_route=%2Fwp%2Fv2%2Fcategories&post=85101"},{"taxonomy":"post_tag","embeddable":true,"href":"https:\/\/kibrisdakik.com\/index.php?rest_route=%2Fwp%2Fv2%2Ftags&post=85101"}],"curies":[{"name":"wp","href":"https:\/\/api.w.org\/{rel}","templated":true}]}}