{"id":85125,"date":"2025-06-21T00:15:11","date_gmt":"2025-06-20T21:15:11","guid":{"rendered":"https:\/\/kibrisdakik.com\/index.php\/2025\/06\/21\/47-guzelyurt-portakal-festivali-kapsaminda-duzenlenen-hali-saha-maclari-tamamlandi\/"},"modified":"2025-06-21T00:15:11","modified_gmt":"2025-06-20T21:15:11","slug":"47-guzelyurt-portakal-festivali-kapsaminda-duzenlenen-hali-saha-maclari-tamamlandi","status":"publish","type":"post","link":"https:\/\/kibrisdakik.com\/?p=85125","title":{"rendered":"47. G\u00fczelyurt Portakal Festivali kapsam\u0131nda d\u00fczenlenen hal\u0131 saha ma\u00e7lar\u0131 tamamland\u0131"},"content":{"rendered":"<p> <br \/>\n<\/p>\n<div data-text-id=\"78456\" property=\"articleBody\">\n<p><span new=\"\" roman=\"\" times=\"\">47. G\u00fczelyurt Portakal Festivali kapsam\u0131nda d\u00fczenlenen hal\u0131 saha ma\u00e7lar\u0131 d\u00fcn sona erdi. <\/span><\/p>\n<div class=\"post-flash\">\n        <!--\n\n<h3 class=\"post-flash__title\">G&ouml;zden ka&ccedil;&#305;rmay&#305;n<\/h3>\n\n--><\/p>\n<div class=\"row g-0 align-items-center\">\n<div class=\"col-5 col-sm-3\">\n                \n            <\/div>\n<div class=\"col-7 col-sm-9\">\n<div class=\"post-flash-heading p-2\">\n<p>\u201cLefke T\u00fcrk Spor Kul\u00fcb\u00fc\u2019n\u00fcn Alt\u0131n Y\u0131l\u0131:1972\u201d tan\u0131t\u0131ld\u0131<\/p>\n<p>\u0130\u00e7eri\u011fi G\u00f6r\u00fcnt\u00fcle <i class=\"fa fa-arrow-right ps-2\"\/><\/p>\n<\/p><\/div>\n<\/p><\/div>\n<\/p><\/div>\n<\/p><\/div>\n<p><span new=\"\" roman=\"\" times=\"\">G\u00fczelyurt Belediyesi\u2019nden yap\u0131lan a\u00e7\u0131klamaya g\u00f6re, ge\u00e7ti\u011fimiz g\u00fcn Cumhuriyet Meclisi ile belediye ba\u015fkanlar\u0131 aras\u0131nda ger\u00e7ekle\u015ftirilen kar\u015f\u0131la\u015fma sonras\u0131nda d\u00fcn de G\u00fczelyurt ile Girne Belediye Meclis \u00fcyeleri aras\u0131nda ma\u00e7 yap\u0131ld\u0131. <\/span><\/p>\n<p><span new=\"\" roman=\"\" times=\"\">G\u00fczelyurt Festival Park\u0131 hal\u0131 sahas\u0131nda saat 19.00\u2019da ger\u00e7ekle\u015fen kar\u015f\u0131la\u015fmada, Girne Belediye Meclis \u00fcyelerinden olu\u015fan tak\u0131m ma\u00e7\u0131 6-3 kazand\u0131. <\/span><\/p>\n<p><span new=\"\" roman=\"\" times=\"\">Meclis \u00fcyeleri aras\u0131ndaki dostluk ma\u00e7\u0131n\u0131, <span>G\u00fczelyurt Belediye Ba\u015fkan\u0131 Mahmut \u00d6z\u00e7\u0131nar, Girne Belediye Ba\u015fkan\u0131 Murat \u015eenkul ve futbolseverler izledi.<\/span><\/span><\/p>\n<\/p><\/div>\n<p><br \/>\n<br \/><a href=\"> K\u0131br\u0131s dakik<\/a><\/p>\n","protected":false},"excerpt":{"rendered":"<p>47. G\u00fczelyurt Portakal Festivali kapsam\u0131nda d\u00fczenlenen hal\u0131 saha ma\u00e7lar\u0131 d\u00fcn sona erdi. \u201cLefke T\u00fcrk Spor Kul\u00fcb\u00fc\u2019n\u00fcn Alt\u0131n Y\u0131l\u0131:1972\u201d tan\u0131t\u0131ld\u0131 \u0130\u00e7eri\u011fi G\u00f6r\u00fcnt\u00fcle G\u00fczelyurt Belediyesi\u2019nden yap\u0131lan a\u00e7\u0131klamaya g\u00f6re, ge\u00e7ti\u011fimiz g\u00fcn Cumhuriyet Meclisi ile belediye ba\u015fkanlar\u0131 aras\u0131nda ger\u00e7ekle\u015ftirilen kar\u015f\u0131la\u015fma sonras\u0131nda d\u00fcn de G\u00fczelyurt ile Girne Belediye Meclis \u00fcyeleri aras\u0131nda ma\u00e7 yap\u0131ld\u0131. G\u00fczelyurt Festival Park\u0131 hal\u0131 sahas\u0131nda saat 19.00\u2019da<\/p>\n","protected":false},"author":1,"featured_media":85126,"comment_status":"open","ping_status":"open","sticky":false,"template":"","format":"standard","meta":{"footnotes":""},"categories":[81,101],"tags":[],"class_list":["post-85125","post","type-post","status-publish","format-standard","has-post-thumbnail","hentry","category-kibris","category-manset"],"yoast_head":"<!-- This site is optimized with the Yoast SEO plugin v27.5 - https:\/\/yoast.com\/product\/yoast-seo-wordpress\/ -->\n<title>47. G\u00fczelyurt Portakal Festivali kapsam\u0131nda d\u00fczenlenen hal\u0131 saha ma\u00e7lar\u0131 tamamland\u0131 -<\/title>\n<meta name=\"robots\" content=\"index, follow, max-snippet:-1, max-image-preview:large, max-video-preview:-1\" \/>\n<link rel=\"canonical\" href=\"https:\/\/kibrisdakik.com\/?p=85125\" \/>\n<meta property=\"og:locale\" content=\"tr_TR\" \/>\n<meta property=\"og:type\" content=\"article\" \/>\n<meta property=\"og:title\" content=\"47. G\u00fczelyurt Portakal Festivali kapsam\u0131nda d\u00fczenlenen hal\u0131 saha ma\u00e7lar\u0131 tamamland\u0131 -\" \/>\n<meta property=\"og:description\" content=\"47. G\u00fczelyurt Portakal Festivali kapsam\u0131nda d\u00fczenlenen hal\u0131 saha ma\u00e7lar\u0131 d\u00fcn sona erdi. \u201cLefke T\u00fcrk Spor Kul\u00fcb\u00fc\u2019n\u00fcn Alt\u0131n Y\u0131l\u0131:1972\u201d tan\u0131t\u0131ld\u0131 \u0130\u00e7eri\u011fi G\u00f6r\u00fcnt\u00fcle G\u00fczelyurt Belediyesi\u2019nden yap\u0131lan a\u00e7\u0131klamaya g\u00f6re, ge\u00e7ti\u011fimiz g\u00fcn Cumhuriyet Meclisi ile belediye ba\u015fkanlar\u0131 aras\u0131nda ger\u00e7ekle\u015ftirilen kar\u015f\u0131la\u015fma sonras\u0131nda d\u00fcn de G\u00fczelyurt ile Girne Belediye Meclis \u00fcyeleri aras\u0131nda ma\u00e7 yap\u0131ld\u0131. G\u00fczelyurt Festival Park\u0131 hal\u0131 sahas\u0131nda saat 19.00\u2019da\" \/>\n<meta property=\"og:url\" content=\"https:\/\/kibrisdakik.com\/?p=85125\" \/>\n<meta property=\"article:published_time\" content=\"2025-06-20T21:15:11+00:00\" \/>\n<meta property=\"og:image\" content=\"https:\/\/kibrisdakik.com\/wp-content\/uploads\/2025\/06\/guzelyurt-hali-saha3-740x420.jpg\" \/>\n\t<meta property=\"og:image:width\" content=\"2560\" \/>\n\t<meta property=\"og:image:height\" content=\"1707\" \/>\n\t<meta property=\"og:image:type\" content=\"image\/jpeg\" \/>\n<meta name=\"author\" content=\"admin\" \/>\n<meta name=\"twitter:card\" content=\"summary_large_image\" \/>\n<meta name=\"twitter:label1\" content=\"Yazan:\" \/>\n\t<meta name=\"twitter:data1\" content=\"admin\" \/>\n\t<meta name=\"twitter:label2\" content=\"Tahmini okuma s\u00fcresi\" \/>\n\t<meta name=\"twitter:data2\" content=\"1 dakika\" \/>\n<script type=\"application\/ld+json\" class=\"yoast-schema-graph\">{\"@context\":\"https:\\\/\\\/schema.org\",\"@graph\":[{\"@type\":\"Article\",\"@id\":\"https:\\\/\\\/kibrisdakik.com\\\/?p=85125#article\",\"isPartOf\":{\"@id\":\"https:\\\/\\\/kibrisdakik.com\\\/?p=85125\"},\"author\":{\"name\":\"admin\",\"@id\":\"https:\\\/\\\/kibrisdakik.com\\\/#\\\/schema\\\/person\\\/9cd9d437bbb44f72b73ba127e06d8e79\"},\"headline\":\"47. G\u00fczelyurt Portakal Festivali kapsam\u0131nda d\u00fczenlenen hal\u0131 saha ma\u00e7lar\u0131 tamamland\u0131\",\"datePublished\":\"2025-06-20T21:15:11+00:00\",\"mainEntityOfPage\":{\"@id\":\"https:\\\/\\\/kibrisdakik.com\\\/?p=85125\"},\"wordCount\":148,\"commentCount\":0,\"image\":{\"@id\":\"https:\\\/\\\/kibrisdakik.com\\\/?p=85125#primaryimage\"},\"thumbnailUrl\":\"https:\\\/\\\/kibrisdakik.com\\\/wp-content\\\/uploads\\\/2025\\\/06\\\/guzelyurt-hali-saha3-740x420.jpg\",\"articleSection\":[\"K\u0131br\u0131s\",\"Man\u015fet\"],\"inLanguage\":\"tr\",\"potentialAction\":[{\"@type\":\"CommentAction\",\"name\":\"Comment\",\"target\":[\"https:\\\/\\\/kibrisdakik.com\\\/?p=85125#respond\"]}]},{\"@type\":\"WebPage\",\"@id\":\"https:\\\/\\\/kibrisdakik.com\\\/?p=85125\",\"url\":\"https:\\\/\\\/kibrisdakik.com\\\/?p=85125\",\"name\":\"47. G\u00fczelyurt Portakal Festivali kapsam\u0131nda d\u00fczenlenen hal\u0131 saha ma\u00e7lar\u0131 tamamland\u0131 -\",\"isPartOf\":{\"@id\":\"https:\\\/\\\/kibrisdakik.com\\\/#website\"},\"primaryImageOfPage\":{\"@id\":\"https:\\\/\\\/kibrisdakik.com\\\/?p=85125#primaryimage\"},\"image\":{\"@id\":\"https:\\\/\\\/kibrisdakik.com\\\/?p=85125#primaryimage\"},\"thumbnailUrl\":\"https:\\\/\\\/kibrisdakik.com\\\/wp-content\\\/uploads\\\/2025\\\/06\\\/guzelyurt-hali-saha3-740x420.jpg\",\"datePublished\":\"2025-06-20T21:15:11+00:00\",\"author\":{\"@id\":\"https:\\\/\\\/kibrisdakik.com\\\/#\\\/schema\\\/person\\\/9cd9d437bbb44f72b73ba127e06d8e79\"},\"breadcrumb\":{\"@id\":\"https:\\\/\\\/kibrisdakik.com\\\/?p=85125#breadcrumb\"},\"inLanguage\":\"tr\",\"potentialAction\":[{\"@type\":\"ReadAction\",\"target\":[\"https:\\\/\\\/kibrisdakik.com\\\/?p=85125\"]}]},{\"@type\":\"ImageObject\",\"inLanguage\":\"tr\",\"@id\":\"https:\\\/\\\/kibrisdakik.com\\\/?p=85125#primaryimage\",\"url\":\"https:\\\/\\\/kibrisdakik.com\\\/wp-content\\\/uploads\\\/2025\\\/06\\\/guzelyurt-hali-saha3-740x420.jpg\",\"contentUrl\":\"https:\\\/\\\/kibrisdakik.com\\\/wp-content\\\/uploads\\\/2025\\\/06\\\/guzelyurt-hali-saha3-740x420.jpg\",\"width\":2560,\"height\":1707},{\"@type\":\"BreadcrumbList\",\"@id\":\"https:\\\/\\\/kibrisdakik.com\\\/?p=85125#breadcrumb\",\"itemListElement\":[{\"@type\":\"ListItem\",\"position\":1,\"name\":\"Home\",\"item\":\"https:\\\/\\\/kibrisdakik.com\\\/\"},{\"@type\":\"ListItem\",\"position\":2,\"name\":\"47. G\u00fczelyurt Portakal Festivali kapsam\u0131nda d\u00fczenlenen hal\u0131 saha ma\u00e7lar\u0131 tamamland\u0131\"}]},{\"@type\":\"WebSite\",\"@id\":\"https:\\\/\\\/kibrisdakik.com\\\/#website\",\"url\":\"https:\\\/\\\/kibrisdakik.com\\\/\",\"name\":\"\",\"description\":\"Tam vaktinde haber\",\"potentialAction\":[{\"@type\":\"SearchAction\",\"target\":{\"@type\":\"EntryPoint\",\"urlTemplate\":\"https:\\\/\\\/kibrisdakik.com\\\/?s={search_term_string}\"},\"query-input\":{\"@type\":\"PropertyValueSpecification\",\"valueRequired\":true,\"valueName\":\"search_term_string\"}}],\"inLanguage\":\"tr\"},{\"@type\":\"Person\",\"@id\":\"https:\\\/\\\/kibrisdakik.com\\\/#\\\/schema\\\/person\\\/9cd9d437bbb44f72b73ba127e06d8e79\",\"name\":\"admin\",\"image\":{\"@type\":\"ImageObject\",\"inLanguage\":\"tr\",\"@id\":\"https:\\\/\\\/secure.gravatar.com\\\/avatar\\\/ccc17943b9d660506c869530f897617f7cb1c21a4bf30023f252596d83e1f007?s=96&d=mm&r=g\",\"url\":\"https:\\\/\\\/secure.gravatar.com\\\/avatar\\\/ccc17943b9d660506c869530f897617f7cb1c21a4bf30023f252596d83e1f007?s=96&d=mm&r=g\",\"contentUrl\":\"https:\\\/\\\/secure.gravatar.com\\\/avatar\\\/ccc17943b9d660506c869530f897617f7cb1c21a4bf30023f252596d83e1f007?s=96&d=mm&r=g\",\"caption\":\"admin\"},\"sameAs\":[\"https:\\\/\\\/kibrisdakik.com\"],\"url\":\"https:\\\/\\\/kibrisdakik.com\\\/?author=1\"}]}<\/script>\n<!-- \/ Yoast SEO plugin. -->","yoast_head_json":{"title":"47. G\u00fczelyurt Portakal Festivali kapsam\u0131nda d\u00fczenlenen hal\u0131 saha ma\u00e7lar\u0131 tamamland\u0131 -","robots":{"index":"index","follow":"follow","max-snippet":"max-snippet:-1","max-image-preview":"max-image-preview:large","max-video-preview":"max-video-preview:-1"},"canonical":"https:\/\/kibrisdakik.com\/?p=85125","og_locale":"tr_TR","og_type":"article","og_title":"47. G\u00fczelyurt Portakal Festivali kapsam\u0131nda d\u00fczenlenen hal\u0131 saha ma\u00e7lar\u0131 tamamland\u0131 -","og_description":"47. G\u00fczelyurt Portakal Festivali kapsam\u0131nda d\u00fczenlenen hal\u0131 saha ma\u00e7lar\u0131 d\u00fcn sona erdi. \u201cLefke T\u00fcrk Spor Kul\u00fcb\u00fc\u2019n\u00fcn Alt\u0131n Y\u0131l\u0131:1972\u201d tan\u0131t\u0131ld\u0131 \u0130\u00e7eri\u011fi G\u00f6r\u00fcnt\u00fcle G\u00fczelyurt Belediyesi\u2019nden yap\u0131lan a\u00e7\u0131klamaya g\u00f6re, ge\u00e7ti\u011fimiz g\u00fcn Cumhuriyet Meclisi ile belediye ba\u015fkanlar\u0131 aras\u0131nda ger\u00e7ekle\u015ftirilen kar\u015f\u0131la\u015fma sonras\u0131nda d\u00fcn de G\u00fczelyurt ile Girne Belediye Meclis \u00fcyeleri aras\u0131nda ma\u00e7 yap\u0131ld\u0131. G\u00fczelyurt Festival Park\u0131 hal\u0131 sahas\u0131nda saat 19.00\u2019da","og_url":"https:\/\/kibrisdakik.com\/?p=85125","article_published_time":"2025-06-20T21:15:11+00:00","og_image":[{"width":2560,"height":1707,"url":"https:\/\/kibrisdakik.com\/wp-content\/uploads\/2025\/06\/guzelyurt-hali-saha3-740x420.jpg","type":"image\/jpeg"}],"author":"admin","twitter_card":"summary_large_image","twitter_misc":{"Yazan:":"admin","Tahmini okuma s\u00fcresi":"1 dakika"},"schema":{"@context":"https:\/\/schema.org","@graph":[{"@type":"Article","@id":"https:\/\/kibrisdakik.com\/?p=85125#article","isPartOf":{"@id":"https:\/\/kibrisdakik.com\/?p=85125"},"author":{"name":"admin","@id":"https:\/\/kibrisdakik.com\/#\/schema\/person\/9cd9d437bbb44f72b73ba127e06d8e79"},"headline":"47. G\u00fczelyurt Portakal Festivali kapsam\u0131nda d\u00fczenlenen hal\u0131 saha ma\u00e7lar\u0131 tamamland\u0131","datePublished":"2025-06-20T21:15:11+00:00","mainEntityOfPage":{"@id":"https:\/\/kibrisdakik.com\/?p=85125"},"wordCount":148,"commentCount":0,"image":{"@id":"https:\/\/kibrisdakik.com\/?p=85125#primaryimage"},"thumbnailUrl":"https:\/\/kibrisdakik.com\/wp-content\/uploads\/2025\/06\/guzelyurt-hali-saha3-740x420.jpg","articleSection":["K\u0131br\u0131s","Man\u015fet"],"inLanguage":"tr","potentialAction":[{"@type":"CommentAction","name":"Comment","target":["https:\/\/kibrisdakik.com\/?p=85125#respond"]}]},{"@type":"WebPage","@id":"https:\/\/kibrisdakik.com\/?p=85125","url":"https:\/\/kibrisdakik.com\/?p=85125","name":"47. G\u00fczelyurt Portakal Festivali kapsam\u0131nda d\u00fczenlenen hal\u0131 saha ma\u00e7lar\u0131 tamamland\u0131 -","isPartOf":{"@id":"https:\/\/kibrisdakik.com\/#website"},"primaryImageOfPage":{"@id":"https:\/\/kibrisdakik.com\/?p=85125#primaryimage"},"image":{"@id":"https:\/\/kibrisdakik.com\/?p=85125#primaryimage"},"thumbnailUrl":"https:\/\/kibrisdakik.com\/wp-content\/uploads\/2025\/06\/guzelyurt-hali-saha3-740x420.jpg","datePublished":"2025-06-20T21:15:11+00:00","author":{"@id":"https:\/\/kibrisdakik.com\/#\/schema\/person\/9cd9d437bbb44f72b73ba127e06d8e79"},"breadcrumb":{"@id":"https:\/\/kibrisdakik.com\/?p=85125#breadcrumb"},"inLanguage":"tr","potentialAction":[{"@type":"ReadAction","target":["https:\/\/kibrisdakik.com\/?p=85125"]}]},{"@type":"ImageObject","inLanguage":"tr","@id":"https:\/\/kibrisdakik.com\/?p=85125#primaryimage","url":"https:\/\/kibrisdakik.com\/wp-content\/uploads\/2025\/06\/guzelyurt-hali-saha3-740x420.jpg","contentUrl":"https:\/\/kibrisdakik.com\/wp-content\/uploads\/2025\/06\/guzelyurt-hali-saha3-740x420.jpg","width":2560,"height":1707},{"@type":"BreadcrumbList","@id":"https:\/\/kibrisdakik.com\/?p=85125#breadcrumb","itemListElement":[{"@type":"ListItem","position":1,"name":"Home","item":"https:\/\/kibrisdakik.com\/"},{"@type":"ListItem","position":2,"name":"47. G\u00fczelyurt Portakal Festivali kapsam\u0131nda d\u00fczenlenen hal\u0131 saha ma\u00e7lar\u0131 tamamland\u0131"}]},{"@type":"WebSite","@id":"https:\/\/kibrisdakik.com\/#website","url":"https:\/\/kibrisdakik.com\/","name":"","description":"Tam vaktinde haber","potentialAction":[{"@type":"SearchAction","target":{"@type":"EntryPoint","urlTemplate":"https:\/\/kibrisdakik.com\/?s={search_term_string}"},"query-input":{"@type":"PropertyValueSpecification","valueRequired":true,"valueName":"search_term_string"}}],"inLanguage":"tr"},{"@type":"Person","@id":"https:\/\/kibrisdakik.com\/#\/schema\/person\/9cd9d437bbb44f72b73ba127e06d8e79","name":"admin","image":{"@type":"ImageObject","inLanguage":"tr","@id":"https:\/\/secure.gravatar.com\/avatar\/ccc17943b9d660506c869530f897617f7cb1c21a4bf30023f252596d83e1f007?s=96&d=mm&r=g","url":"https:\/\/secure.gravatar.com\/avatar\/ccc17943b9d660506c869530f897617f7cb1c21a4bf30023f252596d83e1f007?s=96&d=mm&r=g","contentUrl":"https:\/\/secure.gravatar.com\/avatar\/ccc17943b9d660506c869530f897617f7cb1c21a4bf30023f252596d83e1f007?s=96&d=mm&r=g","caption":"admin"},"sameAs":["https:\/\/kibrisdakik.com"],"url":"https:\/\/kibrisdakik.com\/?author=1"}]}},"_links":{"self":[{"href":"https:\/\/kibrisdakik.com\/index.php?rest_route=\/wp\/v2\/posts\/85125","targetHints":{"allow":["GET"]}}],"collection":[{"href":"https:\/\/kibrisdakik.com\/index.php?rest_route=\/wp\/v2\/posts"}],"about":[{"href":"https:\/\/kibrisdakik.com\/index.php?rest_route=\/wp\/v2\/types\/post"}],"author":[{"embeddable":true,"href":"https:\/\/kibrisdakik.com\/index.php?rest_route=\/wp\/v2\/users\/1"}],"replies":[{"embeddable":true,"href":"https:\/\/kibrisdakik.com\/index.php?rest_route=%2Fwp%2Fv2%2Fcomments&post=85125"}],"version-history":[{"count":0,"href":"https:\/\/kibrisdakik.com\/index.php?rest_route=\/wp\/v2\/posts\/85125\/revisions"}],"wp:featuredmedia":[{"embeddable":true,"href":"https:\/\/kibrisdakik.com\/index.php?rest_route=\/wp\/v2\/media\/85126"}],"wp:attachment":[{"href":"https:\/\/kibrisdakik.com\/index.php?rest_route=%2Fwp%2Fv2%2Fmedia&parent=85125"}],"wp:term":[{"taxonomy":"category","embeddable":true,"href":"https:\/\/kibrisdakik.com\/index.php?rest_route=%2Fwp%2Fv2%2Fcategories&post=85125"},{"taxonomy":"post_tag","embeddable":true,"href":"https:\/\/kibrisdakik.com\/index.php?rest_route=%2Fwp%2Fv2%2Ftags&post=85125"}],"curies":[{"name":"wp","href":"https:\/\/api.w.org\/{rel}","templated":true}]}}