{"id":85133,"date":"2025-06-21T02:17:01","date_gmt":"2025-06-20T23:17:01","guid":{"rendered":"https:\/\/kibrisdakik.com\/index.php\/2025\/06\/21\/on-bes-kasim-kibris-universitesi-bakude-tanitildi\/"},"modified":"2025-06-21T02:17:01","modified_gmt":"2025-06-20T23:17:01","slug":"on-bes-kasim-kibris-universitesi-bakude-tanitildi","status":"publish","type":"post","link":"https:\/\/kibrisdakik.com\/?p=85133","title":{"rendered":"On Be\u015f Kas\u0131m K\u0131br\u0131s \u00dcniversitesi, Bak\u00fc\u2019de tan\u0131t\u0131ld\u0131"},"content":{"rendered":"<p> <br \/>\n<\/p>\n<div data-text-id=\"78454\" property=\"articleBody\">\n<p><span new=\"\" roman=\"\" times=\"\">On Be\u015f Kas\u0131m K\u0131br\u0131s \u00dcniversitesi, Azerbaycan\u2019\u0131n ba\u015fkenti Bak\u00fc\u2019de tan\u0131t\u0131ld\u0131.<\/span><\/p>\n<div class=\"post-flash\">\n        <!--\n\n<h3 class=\"post-flash__title\">G&ouml;zden ka&ccedil;&#305;rmay&#305;n<\/h3>\n\n--><\/p>\n<div class=\"row g-0 align-items-center\">\n<div class=\"col-5 col-sm-3\">\n                \n            <\/div>\n<div class=\"col-7 col-sm-9\">\n<div class=\"post-flash-heading p-2\">\n<p>\u201cRum kesiminin KKTC ekonomisine zarar verme \u00e7abalar\u0131na hi\u00e7bir \u015fekilde kay\u0131ts\u0131z kal\u0131nmayacak\u201d<\/p>\n<p>\u0130\u00e7eri\u011fi G\u00f6r\u00fcnt\u00fcle <i class=\"fa fa-arrow-right ps-2\"\/><\/p>\n<\/p><\/div>\n<\/p><\/div>\n<\/p><\/div>\n<\/p><\/div>\n<p><span new=\"\" roman=\"\" times=\"\">\u00dcniversiteden verilen bilgiye g\u00f6re, Anadolu Grubu ile d\u00fczenlenen, i\u015f birli\u011fi anla\u015fmas\u0131 da imzalanan galaya, siyasileri, sivil toplum temsilcileri ve akademisyenler kat\u0131ld\u0131. <\/span><\/p>\n<p><span new=\"\" roman=\"\" times=\"\">Gecede s\u00f6z alan On Be\u015f Kas\u0131m K\u0131br\u0131s \u00dcniversitesi M\u00fctevelli Heyeti Ba\u015fkan\u0131 Ertan Birinci, Azerbaycan\u2019a ilk kez geldi\u011fini ancak g\u00f6n\u00fcllerin her zaman birlikte oldu\u011funu vurgulayarak, gen\u00e7leri e\u011fitimin en iyisiyle bulu\u015fturmak i\u00e7in Bak\u00fc\u2019de olduklar\u0131n\u0131 ifade etti.<\/span><\/p>\n<p><span new=\"\" roman=\"\" times=\"\">On Be\u015f Kas\u0131m K\u0131br\u0131s \u00dcniversitesi Rekt\u00f6r\u00fc Prof. Dr. Mustafa Menekay da, kendisini yeti\u015ftiren ve bu etkinlikte de bulunan Azerbaycanl\u0131 hocas\u0131na te\u015fekk\u00fcr ederek <\/span><span new=\"\" roman=\"\" times=\"\">daima \u00f6\u011frencilerin yan\u0131nda olduklar\u0131n\u0131 vurgulad\u0131.<\/span><\/p>\n<p><span new=\"\" roman=\"\" times=\"\">Galada, Anadolu Grup Ba\u015fkan\u0131 Elvin Cavadzade ile Kuzey K\u0131br\u0131s T\u00fcrk Cumhuriyeti Bak\u00fc Temsilcisi Ufuk Turganer de konu\u015fma yapt\u0131. <\/span><\/p>\n<\/p><\/div>\n<p><br \/>\n<br \/><a href=\"> K\u0131br\u0131s dakik<\/a><\/p>\n","protected":false},"excerpt":{"rendered":"<p>On Be\u015f Kas\u0131m K\u0131br\u0131s \u00dcniversitesi, Azerbaycan\u2019\u0131n ba\u015fkenti Bak\u00fc\u2019de tan\u0131t\u0131ld\u0131. \u201cRum kesiminin KKTC ekonomisine zarar verme \u00e7abalar\u0131na hi\u00e7bir \u015fekilde kay\u0131ts\u0131z kal\u0131nmayacak\u201d \u0130\u00e7eri\u011fi G\u00f6r\u00fcnt\u00fcle \u00dcniversiteden verilen bilgiye g\u00f6re, Anadolu Grubu ile d\u00fczenlenen, i\u015f birli\u011fi anla\u015fmas\u0131 da imzalanan galaya, siyasileri, sivil toplum temsilcileri ve akademisyenler kat\u0131ld\u0131. Gecede s\u00f6z alan On Be\u015f Kas\u0131m K\u0131br\u0131s \u00dcniversitesi M\u00fctevelli Heyeti Ba\u015fkan\u0131 Ertan<\/p>\n","protected":false},"author":1,"featured_media":85134,"comment_status":"open","ping_status":"open","sticky":false,"template":"","format":"standard","meta":{"footnotes":""},"categories":[81,101],"tags":[],"class_list":["post-85133","post","type-post","status-publish","format-standard","has-post-thumbnail","hentry","category-kibris","category-manset"],"yoast_head":"<!-- This site is optimized with the Yoast SEO plugin v27.5 - https:\/\/yoast.com\/product\/yoast-seo-wordpress\/ -->\n<title>On Be\u015f Kas\u0131m K\u0131br\u0131s \u00dcniversitesi, Bak\u00fc\u2019de tan\u0131t\u0131ld\u0131 -<\/title>\n<meta name=\"robots\" content=\"index, follow, max-snippet:-1, max-image-preview:large, max-video-preview:-1\" \/>\n<link rel=\"canonical\" href=\"https:\/\/kibrisdakik.com\/?p=85133\" \/>\n<meta property=\"og:locale\" content=\"tr_TR\" \/>\n<meta property=\"og:type\" content=\"article\" \/>\n<meta property=\"og:title\" content=\"On Be\u015f Kas\u0131m K\u0131br\u0131s \u00dcniversitesi, Bak\u00fc\u2019de tan\u0131t\u0131ld\u0131 -\" \/>\n<meta property=\"og:description\" content=\"On Be\u015f Kas\u0131m K\u0131br\u0131s \u00dcniversitesi, Azerbaycan\u2019\u0131n ba\u015fkenti Bak\u00fc\u2019de tan\u0131t\u0131ld\u0131. \u201cRum kesiminin KKTC ekonomisine zarar verme \u00e7abalar\u0131na hi\u00e7bir \u015fekilde kay\u0131ts\u0131z kal\u0131nmayacak\u201d \u0130\u00e7eri\u011fi G\u00f6r\u00fcnt\u00fcle \u00dcniversiteden verilen bilgiye g\u00f6re, Anadolu Grubu ile d\u00fczenlenen, i\u015f birli\u011fi anla\u015fmas\u0131 da imzalanan galaya, siyasileri, sivil toplum temsilcileri ve akademisyenler kat\u0131ld\u0131. Gecede s\u00f6z alan On Be\u015f Kas\u0131m K\u0131br\u0131s \u00dcniversitesi M\u00fctevelli Heyeti Ba\u015fkan\u0131 Ertan\" \/>\n<meta property=\"og:url\" content=\"https:\/\/kibrisdakik.com\/?p=85133\" \/>\n<meta property=\"article:published_time\" content=\"2025-06-20T23:17:01+00:00\" \/>\n<meta property=\"og:image\" content=\"https:\/\/kibrisdakik.com\/wp-content\/uploads\/2025\/06\/onbes-kasim-uni-baku14-740x420.jpeg\" \/>\n\t<meta property=\"og:image:width\" content=\"1320\" \/>\n\t<meta property=\"og:image:height\" content=\"1001\" \/>\n\t<meta property=\"og:image:type\" content=\"image\/jpeg\" \/>\n<meta name=\"author\" content=\"admin\" \/>\n<meta name=\"twitter:card\" content=\"summary_large_image\" \/>\n<meta name=\"twitter:label1\" content=\"Yazan:\" \/>\n\t<meta name=\"twitter:data1\" content=\"admin\" \/>\n\t<meta name=\"twitter:label2\" content=\"Tahmini okuma s\u00fcresi\" \/>\n\t<meta name=\"twitter:data2\" content=\"1 dakika\" \/>\n<script type=\"application\/ld+json\" class=\"yoast-schema-graph\">{\"@context\":\"https:\\\/\\\/schema.org\",\"@graph\":[{\"@type\":\"Article\",\"@id\":\"https:\\\/\\\/kibrisdakik.com\\\/?p=85133#article\",\"isPartOf\":{\"@id\":\"https:\\\/\\\/kibrisdakik.com\\\/?p=85133\"},\"author\":{\"name\":\"admin\",\"@id\":\"https:\\\/\\\/kibrisdakik.com\\\/#\\\/schema\\\/person\\\/9cd9d437bbb44f72b73ba127e06d8e79\"},\"headline\":\"On Be\u015f Kas\u0131m K\u0131br\u0131s \u00dcniversitesi, Bak\u00fc\u2019de tan\u0131t\u0131ld\u0131\",\"datePublished\":\"2025-06-20T23:17:01+00:00\",\"mainEntityOfPage\":{\"@id\":\"https:\\\/\\\/kibrisdakik.com\\\/?p=85133\"},\"wordCount\":191,\"commentCount\":0,\"image\":{\"@id\":\"https:\\\/\\\/kibrisdakik.com\\\/?p=85133#primaryimage\"},\"thumbnailUrl\":\"https:\\\/\\\/kibrisdakik.com\\\/wp-content\\\/uploads\\\/2025\\\/06\\\/onbes-kasim-uni-baku14-740x420.jpeg\",\"articleSection\":[\"K\u0131br\u0131s\",\"Man\u015fet\"],\"inLanguage\":\"tr\",\"potentialAction\":[{\"@type\":\"CommentAction\",\"name\":\"Comment\",\"target\":[\"https:\\\/\\\/kibrisdakik.com\\\/?p=85133#respond\"]}]},{\"@type\":\"WebPage\",\"@id\":\"https:\\\/\\\/kibrisdakik.com\\\/?p=85133\",\"url\":\"https:\\\/\\\/kibrisdakik.com\\\/?p=85133\",\"name\":\"On Be\u015f Kas\u0131m K\u0131br\u0131s \u00dcniversitesi, Bak\u00fc\u2019de tan\u0131t\u0131ld\u0131 -\",\"isPartOf\":{\"@id\":\"https:\\\/\\\/kibrisdakik.com\\\/#website\"},\"primaryImageOfPage\":{\"@id\":\"https:\\\/\\\/kibrisdakik.com\\\/?p=85133#primaryimage\"},\"image\":{\"@id\":\"https:\\\/\\\/kibrisdakik.com\\\/?p=85133#primaryimage\"},\"thumbnailUrl\":\"https:\\\/\\\/kibrisdakik.com\\\/wp-content\\\/uploads\\\/2025\\\/06\\\/onbes-kasim-uni-baku14-740x420.jpeg\",\"datePublished\":\"2025-06-20T23:17:01+00:00\",\"author\":{\"@id\":\"https:\\\/\\\/kibrisdakik.com\\\/#\\\/schema\\\/person\\\/9cd9d437bbb44f72b73ba127e06d8e79\"},\"breadcrumb\":{\"@id\":\"https:\\\/\\\/kibrisdakik.com\\\/?p=85133#breadcrumb\"},\"inLanguage\":\"tr\",\"potentialAction\":[{\"@type\":\"ReadAction\",\"target\":[\"https:\\\/\\\/kibrisdakik.com\\\/?p=85133\"]}]},{\"@type\":\"ImageObject\",\"inLanguage\":\"tr\",\"@id\":\"https:\\\/\\\/kibrisdakik.com\\\/?p=85133#primaryimage\",\"url\":\"https:\\\/\\\/kibrisdakik.com\\\/wp-content\\\/uploads\\\/2025\\\/06\\\/onbes-kasim-uni-baku14-740x420.jpeg\",\"contentUrl\":\"https:\\\/\\\/kibrisdakik.com\\\/wp-content\\\/uploads\\\/2025\\\/06\\\/onbes-kasim-uni-baku14-740x420.jpeg\",\"width\":1320,\"height\":1001},{\"@type\":\"BreadcrumbList\",\"@id\":\"https:\\\/\\\/kibrisdakik.com\\\/?p=85133#breadcrumb\",\"itemListElement\":[{\"@type\":\"ListItem\",\"position\":1,\"name\":\"Home\",\"item\":\"https:\\\/\\\/kibrisdakik.com\\\/\"},{\"@type\":\"ListItem\",\"position\":2,\"name\":\"On Be\u015f Kas\u0131m K\u0131br\u0131s \u00dcniversitesi, Bak\u00fc\u2019de tan\u0131t\u0131ld\u0131\"}]},{\"@type\":\"WebSite\",\"@id\":\"https:\\\/\\\/kibrisdakik.com\\\/#website\",\"url\":\"https:\\\/\\\/kibrisdakik.com\\\/\",\"name\":\"\",\"description\":\"Tam vaktinde haber\",\"potentialAction\":[{\"@type\":\"SearchAction\",\"target\":{\"@type\":\"EntryPoint\",\"urlTemplate\":\"https:\\\/\\\/kibrisdakik.com\\\/?s={search_term_string}\"},\"query-input\":{\"@type\":\"PropertyValueSpecification\",\"valueRequired\":true,\"valueName\":\"search_term_string\"}}],\"inLanguage\":\"tr\"},{\"@type\":\"Person\",\"@id\":\"https:\\\/\\\/kibrisdakik.com\\\/#\\\/schema\\\/person\\\/9cd9d437bbb44f72b73ba127e06d8e79\",\"name\":\"admin\",\"image\":{\"@type\":\"ImageObject\",\"inLanguage\":\"tr\",\"@id\":\"https:\\\/\\\/secure.gravatar.com\\\/avatar\\\/ccc17943b9d660506c869530f897617f7cb1c21a4bf30023f252596d83e1f007?s=96&d=mm&r=g\",\"url\":\"https:\\\/\\\/secure.gravatar.com\\\/avatar\\\/ccc17943b9d660506c869530f897617f7cb1c21a4bf30023f252596d83e1f007?s=96&d=mm&r=g\",\"contentUrl\":\"https:\\\/\\\/secure.gravatar.com\\\/avatar\\\/ccc17943b9d660506c869530f897617f7cb1c21a4bf30023f252596d83e1f007?s=96&d=mm&r=g\",\"caption\":\"admin\"},\"sameAs\":[\"https:\\\/\\\/kibrisdakik.com\"],\"url\":\"https:\\\/\\\/kibrisdakik.com\\\/?author=1\"}]}<\/script>\n<!-- \/ Yoast SEO plugin. -->","yoast_head_json":{"title":"On Be\u015f Kas\u0131m K\u0131br\u0131s \u00dcniversitesi, Bak\u00fc\u2019de tan\u0131t\u0131ld\u0131 -","robots":{"index":"index","follow":"follow","max-snippet":"max-snippet:-1","max-image-preview":"max-image-preview:large","max-video-preview":"max-video-preview:-1"},"canonical":"https:\/\/kibrisdakik.com\/?p=85133","og_locale":"tr_TR","og_type":"article","og_title":"On Be\u015f Kas\u0131m K\u0131br\u0131s \u00dcniversitesi, Bak\u00fc\u2019de tan\u0131t\u0131ld\u0131 -","og_description":"On Be\u015f Kas\u0131m K\u0131br\u0131s \u00dcniversitesi, Azerbaycan\u2019\u0131n ba\u015fkenti Bak\u00fc\u2019de tan\u0131t\u0131ld\u0131. \u201cRum kesiminin KKTC ekonomisine zarar verme \u00e7abalar\u0131na hi\u00e7bir \u015fekilde kay\u0131ts\u0131z kal\u0131nmayacak\u201d \u0130\u00e7eri\u011fi G\u00f6r\u00fcnt\u00fcle \u00dcniversiteden verilen bilgiye g\u00f6re, Anadolu Grubu ile d\u00fczenlenen, i\u015f birli\u011fi anla\u015fmas\u0131 da imzalanan galaya, siyasileri, sivil toplum temsilcileri ve akademisyenler kat\u0131ld\u0131. Gecede s\u00f6z alan On Be\u015f Kas\u0131m K\u0131br\u0131s \u00dcniversitesi M\u00fctevelli Heyeti Ba\u015fkan\u0131 Ertan","og_url":"https:\/\/kibrisdakik.com\/?p=85133","article_published_time":"2025-06-20T23:17:01+00:00","og_image":[{"width":1320,"height":1001,"url":"https:\/\/kibrisdakik.com\/wp-content\/uploads\/2025\/06\/onbes-kasim-uni-baku14-740x420.jpeg","type":"image\/jpeg"}],"author":"admin","twitter_card":"summary_large_image","twitter_misc":{"Yazan:":"admin","Tahmini okuma s\u00fcresi":"1 dakika"},"schema":{"@context":"https:\/\/schema.org","@graph":[{"@type":"Article","@id":"https:\/\/kibrisdakik.com\/?p=85133#article","isPartOf":{"@id":"https:\/\/kibrisdakik.com\/?p=85133"},"author":{"name":"admin","@id":"https:\/\/kibrisdakik.com\/#\/schema\/person\/9cd9d437bbb44f72b73ba127e06d8e79"},"headline":"On Be\u015f Kas\u0131m K\u0131br\u0131s \u00dcniversitesi, Bak\u00fc\u2019de tan\u0131t\u0131ld\u0131","datePublished":"2025-06-20T23:17:01+00:00","mainEntityOfPage":{"@id":"https:\/\/kibrisdakik.com\/?p=85133"},"wordCount":191,"commentCount":0,"image":{"@id":"https:\/\/kibrisdakik.com\/?p=85133#primaryimage"},"thumbnailUrl":"https:\/\/kibrisdakik.com\/wp-content\/uploads\/2025\/06\/onbes-kasim-uni-baku14-740x420.jpeg","articleSection":["K\u0131br\u0131s","Man\u015fet"],"inLanguage":"tr","potentialAction":[{"@type":"CommentAction","name":"Comment","target":["https:\/\/kibrisdakik.com\/?p=85133#respond"]}]},{"@type":"WebPage","@id":"https:\/\/kibrisdakik.com\/?p=85133","url":"https:\/\/kibrisdakik.com\/?p=85133","name":"On Be\u015f Kas\u0131m K\u0131br\u0131s \u00dcniversitesi, Bak\u00fc\u2019de tan\u0131t\u0131ld\u0131 -","isPartOf":{"@id":"https:\/\/kibrisdakik.com\/#website"},"primaryImageOfPage":{"@id":"https:\/\/kibrisdakik.com\/?p=85133#primaryimage"},"image":{"@id":"https:\/\/kibrisdakik.com\/?p=85133#primaryimage"},"thumbnailUrl":"https:\/\/kibrisdakik.com\/wp-content\/uploads\/2025\/06\/onbes-kasim-uni-baku14-740x420.jpeg","datePublished":"2025-06-20T23:17:01+00:00","author":{"@id":"https:\/\/kibrisdakik.com\/#\/schema\/person\/9cd9d437bbb44f72b73ba127e06d8e79"},"breadcrumb":{"@id":"https:\/\/kibrisdakik.com\/?p=85133#breadcrumb"},"inLanguage":"tr","potentialAction":[{"@type":"ReadAction","target":["https:\/\/kibrisdakik.com\/?p=85133"]}]},{"@type":"ImageObject","inLanguage":"tr","@id":"https:\/\/kibrisdakik.com\/?p=85133#primaryimage","url":"https:\/\/kibrisdakik.com\/wp-content\/uploads\/2025\/06\/onbes-kasim-uni-baku14-740x420.jpeg","contentUrl":"https:\/\/kibrisdakik.com\/wp-content\/uploads\/2025\/06\/onbes-kasim-uni-baku14-740x420.jpeg","width":1320,"height":1001},{"@type":"BreadcrumbList","@id":"https:\/\/kibrisdakik.com\/?p=85133#breadcrumb","itemListElement":[{"@type":"ListItem","position":1,"name":"Home","item":"https:\/\/kibrisdakik.com\/"},{"@type":"ListItem","position":2,"name":"On Be\u015f Kas\u0131m K\u0131br\u0131s \u00dcniversitesi, Bak\u00fc\u2019de tan\u0131t\u0131ld\u0131"}]},{"@type":"WebSite","@id":"https:\/\/kibrisdakik.com\/#website","url":"https:\/\/kibrisdakik.com\/","name":"","description":"Tam vaktinde haber","potentialAction":[{"@type":"SearchAction","target":{"@type":"EntryPoint","urlTemplate":"https:\/\/kibrisdakik.com\/?s={search_term_string}"},"query-input":{"@type":"PropertyValueSpecification","valueRequired":true,"valueName":"search_term_string"}}],"inLanguage":"tr"},{"@type":"Person","@id":"https:\/\/kibrisdakik.com\/#\/schema\/person\/9cd9d437bbb44f72b73ba127e06d8e79","name":"admin","image":{"@type":"ImageObject","inLanguage":"tr","@id":"https:\/\/secure.gravatar.com\/avatar\/ccc17943b9d660506c869530f897617f7cb1c21a4bf30023f252596d83e1f007?s=96&d=mm&r=g","url":"https:\/\/secure.gravatar.com\/avatar\/ccc17943b9d660506c869530f897617f7cb1c21a4bf30023f252596d83e1f007?s=96&d=mm&r=g","contentUrl":"https:\/\/secure.gravatar.com\/avatar\/ccc17943b9d660506c869530f897617f7cb1c21a4bf30023f252596d83e1f007?s=96&d=mm&r=g","caption":"admin"},"sameAs":["https:\/\/kibrisdakik.com"],"url":"https:\/\/kibrisdakik.com\/?author=1"}]}},"_links":{"self":[{"href":"https:\/\/kibrisdakik.com\/index.php?rest_route=\/wp\/v2\/posts\/85133","targetHints":{"allow":["GET"]}}],"collection":[{"href":"https:\/\/kibrisdakik.com\/index.php?rest_route=\/wp\/v2\/posts"}],"about":[{"href":"https:\/\/kibrisdakik.com\/index.php?rest_route=\/wp\/v2\/types\/post"}],"author":[{"embeddable":true,"href":"https:\/\/kibrisdakik.com\/index.php?rest_route=\/wp\/v2\/users\/1"}],"replies":[{"embeddable":true,"href":"https:\/\/kibrisdakik.com\/index.php?rest_route=%2Fwp%2Fv2%2Fcomments&post=85133"}],"version-history":[{"count":0,"href":"https:\/\/kibrisdakik.com\/index.php?rest_route=\/wp\/v2\/posts\/85133\/revisions"}],"wp:featuredmedia":[{"embeddable":true,"href":"https:\/\/kibrisdakik.com\/index.php?rest_route=\/wp\/v2\/media\/85134"}],"wp:attachment":[{"href":"https:\/\/kibrisdakik.com\/index.php?rest_route=%2Fwp%2Fv2%2Fmedia&parent=85133"}],"wp:term":[{"taxonomy":"category","embeddable":true,"href":"https:\/\/kibrisdakik.com\/index.php?rest_route=%2Fwp%2Fv2%2Fcategories&post=85133"},{"taxonomy":"post_tag","embeddable":true,"href":"https:\/\/kibrisdakik.com\/index.php?rest_route=%2Fwp%2Fv2%2Ftags&post=85133"}],"curies":[{"name":"wp","href":"https:\/\/api.w.org\/{rel}","templated":true}]}}