{"id":85150,"date":"2025-06-20T15:49:00","date_gmt":"2025-06-20T12:49:00","guid":{"rendered":"https:\/\/kibrisdakik.com\/index.php\/2025\/06\/20\/yodak-110-ulkenin-katildigi-kongrede-yer-aldi\/"},"modified":"2025-06-20T15:49:00","modified_gmt":"2025-06-20T12:49:00","slug":"yodak-110-ulkenin-katildigi-kongrede-yer-aldi","status":"publish","type":"post","link":"https:\/\/kibrisdakik.com\/?p=85150","title":{"rendered":"Y\u00d6DAK, 110 \u00dcLKEN\u0130N KATILDI\u011eI KONGREDE YER ALDI"},"content":{"rendered":"<p><img decoding=\"async\" src=\"https:\/\/mhahabercom.teimg.com\/crop\/1280x720\/mhahaber-com\/uploads\/2025\/06\/mha-gorsel-173.png\" \/><\/p>\n<div data-text-id=\"178084\" property=\"articleBody\">\n<p>Y\u00fcksek\u00f6\u011fretim Planlama, Denetleme, Akreditasyon ve Koordinasyon Kurulu (Y\u00d6DAK), \u0130stanbul Kongre Merkezi\u2019nde d\u00fczenlenen K\u00fcresel S\u00fcrd\u00fcr\u00fclebilir Kalk\u0131nma Kongresi\u2019ne kat\u0131ld\u0131.<\/p>\n<p>Y\u00d6DAK\u2019tan yap\u0131lan a\u00e7\u0131klamada, 16-19 Haziran tarihleri aras\u0131nda yap\u0131lan Kongre\u2019de, Y\u00d6DAK\u2019\u0131n Kuzey K\u0131br\u0131s T\u00fcrk Cumhuriyeti\u2019ni ve KKTC y\u00fcksek\u00f6\u011fretimini uluslararas\u0131 d\u00fczeyde temsil etti\u011fi belirtildi.<\/p>\n<p>Y\u00fcksek\u00f6\u011fretim Kurulu (Y\u00d6K) ile uluslararas\u0131 y\u00fcksek\u00f6\u011fretim derecelendirme kurulu\u015fu Times Higher Education (THE) i\u015f birli\u011fiyle bu y\u0131l d\u00f6rd\u00fcnc\u00fcs\u00fc d\u00fczenlenen kongreye, 110 \u00fclkeden 5 bini a\u015fk\u0131n kat\u0131l\u0131mc\u0131 i\u015ftirak etti.<\/p>\n<p>Kongre\u2019ye Y\u00d6DAK Ba\u015fkan\u0131 Prof. Dr. Aykut Hocan\u0131n, Y\u00d6DAK Ba\u015fkan Yard\u0131mc\u0131s\u0131 Prof. Dr. Hasan Amca ve Y\u00d6DAK \u00dcyesi Prof. Dr. H\u00fclya Haruto\u011flu kat\u0131ld\u0131.<\/p>\n<p>A\u00e7\u0131klamada, Y\u00d6DAK heyetinin kongre s\u00fcresince bir\u00e7ok akademik ve kurumsal temsilciyle g\u00f6r\u00fc\u015ft\u00fc\u011f\u00fc ve KKTC\u2019deki y\u00fcksek\u00f6\u011fretim sisteminin s\u00fcrd\u00fcr\u00fclebilir kalk\u0131nma hedefleriyle nas\u0131l daha uyumlu hale getirilebilece\u011fi konusunda i\u015f birli\u011fi olanaklar\u0131n\u0131 ele ald\u0131\u011f\u0131 belirtildi.<\/p>\n<p>Y\u00d6DAK Ba\u015fkan\u0131 Hocan\u0131n, kongre kapsam\u0131nda Y\u00d6K yetkilileriyle bir araya gelerek, KKTC y\u00fcksek\u00f6\u011frenim sistemiyle ilgili de\u011ferlendirmelerde bulundu\u011fu aktar\u0131lan a\u00e7\u0131klamada, sistemin kalite g\u00fcvencesi, uluslararas\u0131la\u015fma ve s\u00fcrd\u00fcr\u00fclebilirlik odakl\u0131 d\u00f6n\u00fc\u015f\u00fcm s\u00fcre\u00e7leri \u00fczerine g\u00f6r\u00fc\u015f al\u0131\u015fveri\u015fi yap\u0131ld\u0131\u011f\u0131 da ifade edildi.<\/p>\n<p>Kongre, 17 Haziran\u2019da Y\u00d6K Ba\u015fkan\u0131 Prof. Dr. Erol \u00d6zvar ve THE K\u00fcresel Direkt\u00f6r\u00fc Phil Baty taraf\u0131ndan a\u00e7\u0131ld\u0131.<\/p>\n<p>Program kapsam\u0131nda, Birle\u015fmi\u015f Milletler\u2019in belirledi\u011fi 17 s\u00fcrd\u00fcr\u00fclebilir kalk\u0131nma amac\u0131n\u0131n y\u00fcksek\u00f6\u011fretim kurumlar\u0131 taraf\u0131ndan nas\u0131l hayata ge\u00e7irildi\u011fi, iyi uygulama \u00f6rnekleriyle birlikte de\u011ferlendirildi.<\/p>\n<p>-Kongrede, d\u00fcnya \u00fcniversitelerinin 2025 y\u0131l\u0131 Etki S\u0131ralamas\u0131 sonu\u00e7lar\u0131 a\u00e7\u0131kland\u0131<\/p>\n<p>Kongrede, ayr\u0131ca, d\u00fcnya \u00fcniversitelerinin 2025 y\u0131l\u0131 Etki S\u0131ralamas\u0131 (Impact Rankings) sonu\u00e7lar\u0131 da kamuoyuyla payla\u015f\u0131ld\u0131.<\/p>\n<p>\u0130klim de\u011fi\u015fikli\u011fi, sosyo-ekonomik e\u015fitlik, yapay zek\u00e2, s\u00fcrd\u00fcr\u00fclebilir kamp\u00fcsler, enerji, sa\u011fl\u0131k, e\u011fitim ve s\u00fcrd\u00fcr\u00fclebilir kalk\u0131nma ekonomisi gibi ba\u015fl\u0131klar\u0131n ele al\u0131nd\u0131\u011f\u0131 kongrede, \u00fcniversitelerin toplumsal etki potansiyeli ve k\u00fcresel sorumluluklar\u0131 \u00f6ne \u00e7\u0131kar\u0131ld\u0131.<\/p>\n<p>Y\u00d6DAK temsilcileri, bu \u00e7er\u00e7evede KKTC \u00fcniversitelerinin s\u00fcrd\u00fcr\u00fclebilirlik odakl\u0131 d\u00f6n\u00fc\u015f\u00fcm\u00fcnde kalite, \u015feffafl\u0131k ve stratejik i\u015f birliklerinin \u00f6nemini vurgulad\u0131.<\/p>\n<p>Kongrede, T\u00fcrk \u00fcniversitelerinin uluslararas\u0131 g\u00f6r\u00fcn\u00fcrl\u00fc\u011f\u00fcn\u00fc art\u0131rmak amac\u0131yla \u201cT\u00fcrk \u00dcniversiteleri Pavilyonu\u201d kuruldu. Burada y\u00fcksek\u00f6\u011fretim kurumlar\u0131, stantlar arac\u0131l\u0131\u011f\u0131yla e\u011fitim programlar\u0131n\u0131 ve ara\u015ft\u0131rma kapasitelerini tan\u0131tt\u0131.<\/p>\n<p>Y\u00d6DAK heyeti, pavilyonda KKTC \u00fcniversitelerinin tan\u0131t\u0131m\u0131n\u0131 da destekleyerek, \u00fcniversiteler aras\u0131 i\u015f birliklerinin geli\u015ftirilmesine katk\u0131 sa\u011flad\u0131.<\/p>\n<p>Y\u00d6DAK a\u00e7\u0131klamas\u0131nda, bu t\u00fcr k\u00fcresel platformlara kat\u0131l\u0131m\u0131n, KKTC y\u00fcksek\u00f6\u011fretiminin uluslararas\u0131la\u015fmas\u0131 ve s\u00fcrd\u00fcr\u00fclebilir kalk\u0131nma hedeflerine entegrasyonu a\u00e7\u0131s\u0131ndan b\u00fcy\u00fck \u00f6nem ta\u015f\u0131d\u0131\u011f\u0131na dikkat \u00e7ekti.<\/p>\n<\/p><\/div>\n","protected":false},"excerpt":{"rendered":"<p>Y\u00fcksek\u00f6\u011fretim Planlama, Denetleme, Akreditasyon ve Koordinasyon Kurulu (Y\u00d6DAK), \u0130stanbul Kongre Merkezi\u2019nde d\u00fczenlenen K\u00fcresel S\u00fcrd\u00fcr\u00fclebilir Kalk\u0131nma Kongresi\u2019ne kat\u0131ld\u0131. Y\u00d6DAK\u2019tan yap\u0131lan a\u00e7\u0131klamada, 16-19 Haziran tarihleri aras\u0131nda yap\u0131lan Kongre\u2019de, Y\u00d6DAK\u2019\u0131n Kuzey K\u0131br\u0131s T\u00fcrk Cumhuriyeti\u2019ni ve KKTC y\u00fcksek\u00f6\u011fretimini uluslararas\u0131 d\u00fczeyde temsil etti\u011fi belirtildi. Y\u00fcksek\u00f6\u011fretim Kurulu (Y\u00d6K) ile uluslararas\u0131 y\u00fcksek\u00f6\u011fretim derecelendirme kurulu\u015fu Times Higher Education (THE) i\u015f birli\u011fiyle bu y\u0131l<\/p>\n","protected":false},"author":1,"featured_media":85151,"comment_status":"open","ping_status":"open","sticky":false,"template":"","format":"standard","meta":{"footnotes":""},"categories":[1],"tags":[],"class_list":["post-85150","post","type-post","status-publish","format-standard","has-post-thumbnail","hentry","category-gundem"],"yoast_head":"<!-- This site is optimized with the Yoast SEO plugin v27.5 - https:\/\/yoast.com\/product\/yoast-seo-wordpress\/ -->\n<title>Y\u00d6DAK, 110 \u00dcLKEN\u0130N KATILDI\u011eI KONGREDE YER ALDI -<\/title>\n<meta name=\"robots\" content=\"index, follow, max-snippet:-1, max-image-preview:large, max-video-preview:-1\" \/>\n<link rel=\"canonical\" href=\"https:\/\/kibrisdakik.com\/?p=85150\" \/>\n<meta property=\"og:locale\" content=\"tr_TR\" \/>\n<meta property=\"og:type\" content=\"article\" \/>\n<meta property=\"og:title\" content=\"Y\u00d6DAK, 110 \u00dcLKEN\u0130N KATILDI\u011eI KONGREDE YER ALDI -\" \/>\n<meta property=\"og:description\" content=\"Y\u00fcksek\u00f6\u011fretim Planlama, Denetleme, Akreditasyon ve Koordinasyon Kurulu (Y\u00d6DAK), \u0130stanbul Kongre Merkezi\u2019nde d\u00fczenlenen K\u00fcresel S\u00fcrd\u00fcr\u00fclebilir Kalk\u0131nma Kongresi\u2019ne kat\u0131ld\u0131. Y\u00d6DAK\u2019tan yap\u0131lan a\u00e7\u0131klamada, 16-19 Haziran tarihleri aras\u0131nda yap\u0131lan Kongre\u2019de, Y\u00d6DAK\u2019\u0131n Kuzey K\u0131br\u0131s T\u00fcrk Cumhuriyeti\u2019ni ve KKTC y\u00fcksek\u00f6\u011fretimini uluslararas\u0131 d\u00fczeyde temsil etti\u011fi belirtildi. Y\u00fcksek\u00f6\u011fretim Kurulu (Y\u00d6K) ile uluslararas\u0131 y\u00fcksek\u00f6\u011fretim derecelendirme kurulu\u015fu Times Higher Education (THE) i\u015f birli\u011fiyle bu y\u0131l\" \/>\n<meta property=\"og:url\" content=\"https:\/\/kibrisdakik.com\/?p=85150\" \/>\n<meta property=\"article:published_time\" content=\"2025-06-20T12:49:00+00:00\" \/>\n<meta property=\"og:image\" content=\"https:\/\/kibrisdakik.com\/wp-content\/uploads\/2025\/06\/mha-gorsel-173-740x420.png\" \/>\n\t<meta property=\"og:image:width\" content=\"1280\" \/>\n\t<meta property=\"og:image:height\" content=\"720\" \/>\n\t<meta property=\"og:image:type\" content=\"image\/png\" \/>\n<meta name=\"author\" content=\"admin\" \/>\n<meta name=\"twitter:card\" content=\"summary_large_image\" \/>\n<meta name=\"twitter:label1\" content=\"Yazan:\" \/>\n\t<meta name=\"twitter:data1\" content=\"admin\" \/>\n\t<meta name=\"twitter:label2\" content=\"Tahmini okuma s\u00fcresi\" \/>\n\t<meta name=\"twitter:data2\" content=\"3 dakika\" \/>\n<script type=\"application\/ld+json\" class=\"yoast-schema-graph\">{\"@context\":\"https:\\\/\\\/schema.org\",\"@graph\":[{\"@type\":\"Article\",\"@id\":\"https:\\\/\\\/kibrisdakik.com\\\/?p=85150#article\",\"isPartOf\":{\"@id\":\"https:\\\/\\\/kibrisdakik.com\\\/?p=85150\"},\"author\":{\"name\":\"admin\",\"@id\":\"https:\\\/\\\/kibrisdakik.com\\\/#\\\/schema\\\/person\\\/9cd9d437bbb44f72b73ba127e06d8e79\"},\"headline\":\"Y\u00d6DAK, 110 \u00dcLKEN\u0130N KATILDI\u011eI KONGREDE YER ALDI\",\"datePublished\":\"2025-06-20T12:49:00+00:00\",\"mainEntityOfPage\":{\"@id\":\"https:\\\/\\\/kibrisdakik.com\\\/?p=85150\"},\"wordCount\":529,\"commentCount\":0,\"image\":{\"@id\":\"https:\\\/\\\/kibrisdakik.com\\\/?p=85150#primaryimage\"},\"thumbnailUrl\":\"https:\\\/\\\/kibrisdakik.com\\\/wp-content\\\/uploads\\\/2025\\\/06\\\/mha-gorsel-173-740x420.png\",\"articleSection\":[\"G\u00fcndem\"],\"inLanguage\":\"tr\",\"potentialAction\":[{\"@type\":\"CommentAction\",\"name\":\"Comment\",\"target\":[\"https:\\\/\\\/kibrisdakik.com\\\/?p=85150#respond\"]}]},{\"@type\":\"WebPage\",\"@id\":\"https:\\\/\\\/kibrisdakik.com\\\/?p=85150\",\"url\":\"https:\\\/\\\/kibrisdakik.com\\\/?p=85150\",\"name\":\"Y\u00d6DAK, 110 \u00dcLKEN\u0130N KATILDI\u011eI KONGREDE YER ALDI -\",\"isPartOf\":{\"@id\":\"https:\\\/\\\/kibrisdakik.com\\\/#website\"},\"primaryImageOfPage\":{\"@id\":\"https:\\\/\\\/kibrisdakik.com\\\/?p=85150#primaryimage\"},\"image\":{\"@id\":\"https:\\\/\\\/kibrisdakik.com\\\/?p=85150#primaryimage\"},\"thumbnailUrl\":\"https:\\\/\\\/kibrisdakik.com\\\/wp-content\\\/uploads\\\/2025\\\/06\\\/mha-gorsel-173-740x420.png\",\"datePublished\":\"2025-06-20T12:49:00+00:00\",\"author\":{\"@id\":\"https:\\\/\\\/kibrisdakik.com\\\/#\\\/schema\\\/person\\\/9cd9d437bbb44f72b73ba127e06d8e79\"},\"breadcrumb\":{\"@id\":\"https:\\\/\\\/kibrisdakik.com\\\/?p=85150#breadcrumb\"},\"inLanguage\":\"tr\",\"potentialAction\":[{\"@type\":\"ReadAction\",\"target\":[\"https:\\\/\\\/kibrisdakik.com\\\/?p=85150\"]}]},{\"@type\":\"ImageObject\",\"inLanguage\":\"tr\",\"@id\":\"https:\\\/\\\/kibrisdakik.com\\\/?p=85150#primaryimage\",\"url\":\"https:\\\/\\\/kibrisdakik.com\\\/wp-content\\\/uploads\\\/2025\\\/06\\\/mha-gorsel-173-740x420.png\",\"contentUrl\":\"https:\\\/\\\/kibrisdakik.com\\\/wp-content\\\/uploads\\\/2025\\\/06\\\/mha-gorsel-173-740x420.png\",\"width\":1280,\"height\":720},{\"@type\":\"BreadcrumbList\",\"@id\":\"https:\\\/\\\/kibrisdakik.com\\\/?p=85150#breadcrumb\",\"itemListElement\":[{\"@type\":\"ListItem\",\"position\":1,\"name\":\"Home\",\"item\":\"https:\\\/\\\/kibrisdakik.com\\\/\"},{\"@type\":\"ListItem\",\"position\":2,\"name\":\"Y\u00d6DAK, 110 \u00dcLKEN\u0130N KATILDI\u011eI KONGREDE YER ALDI\"}]},{\"@type\":\"WebSite\",\"@id\":\"https:\\\/\\\/kibrisdakik.com\\\/#website\",\"url\":\"https:\\\/\\\/kibrisdakik.com\\\/\",\"name\":\"\",\"description\":\"Tam vaktinde haber\",\"potentialAction\":[{\"@type\":\"SearchAction\",\"target\":{\"@type\":\"EntryPoint\",\"urlTemplate\":\"https:\\\/\\\/kibrisdakik.com\\\/?s={search_term_string}\"},\"query-input\":{\"@type\":\"PropertyValueSpecification\",\"valueRequired\":true,\"valueName\":\"search_term_string\"}}],\"inLanguage\":\"tr\"},{\"@type\":\"Person\",\"@id\":\"https:\\\/\\\/kibrisdakik.com\\\/#\\\/schema\\\/person\\\/9cd9d437bbb44f72b73ba127e06d8e79\",\"name\":\"admin\",\"image\":{\"@type\":\"ImageObject\",\"inLanguage\":\"tr\",\"@id\":\"https:\\\/\\\/secure.gravatar.com\\\/avatar\\\/ccc17943b9d660506c869530f897617f7cb1c21a4bf30023f252596d83e1f007?s=96&d=mm&r=g\",\"url\":\"https:\\\/\\\/secure.gravatar.com\\\/avatar\\\/ccc17943b9d660506c869530f897617f7cb1c21a4bf30023f252596d83e1f007?s=96&d=mm&r=g\",\"contentUrl\":\"https:\\\/\\\/secure.gravatar.com\\\/avatar\\\/ccc17943b9d660506c869530f897617f7cb1c21a4bf30023f252596d83e1f007?s=96&d=mm&r=g\",\"caption\":\"admin\"},\"sameAs\":[\"https:\\\/\\\/kibrisdakik.com\"],\"url\":\"https:\\\/\\\/kibrisdakik.com\\\/?author=1\"}]}<\/script>\n<!-- \/ Yoast SEO plugin. -->","yoast_head_json":{"title":"Y\u00d6DAK, 110 \u00dcLKEN\u0130N KATILDI\u011eI KONGREDE YER ALDI -","robots":{"index":"index","follow":"follow","max-snippet":"max-snippet:-1","max-image-preview":"max-image-preview:large","max-video-preview":"max-video-preview:-1"},"canonical":"https:\/\/kibrisdakik.com\/?p=85150","og_locale":"tr_TR","og_type":"article","og_title":"Y\u00d6DAK, 110 \u00dcLKEN\u0130N KATILDI\u011eI KONGREDE YER ALDI -","og_description":"Y\u00fcksek\u00f6\u011fretim Planlama, Denetleme, Akreditasyon ve Koordinasyon Kurulu (Y\u00d6DAK), \u0130stanbul Kongre Merkezi\u2019nde d\u00fczenlenen K\u00fcresel S\u00fcrd\u00fcr\u00fclebilir Kalk\u0131nma Kongresi\u2019ne kat\u0131ld\u0131. Y\u00d6DAK\u2019tan yap\u0131lan a\u00e7\u0131klamada, 16-19 Haziran tarihleri aras\u0131nda yap\u0131lan Kongre\u2019de, Y\u00d6DAK\u2019\u0131n Kuzey K\u0131br\u0131s T\u00fcrk Cumhuriyeti\u2019ni ve KKTC y\u00fcksek\u00f6\u011fretimini uluslararas\u0131 d\u00fczeyde temsil etti\u011fi belirtildi. Y\u00fcksek\u00f6\u011fretim Kurulu (Y\u00d6K) ile uluslararas\u0131 y\u00fcksek\u00f6\u011fretim derecelendirme kurulu\u015fu Times Higher Education (THE) i\u015f birli\u011fiyle bu y\u0131l","og_url":"https:\/\/kibrisdakik.com\/?p=85150","article_published_time":"2025-06-20T12:49:00+00:00","og_image":[{"width":1280,"height":720,"url":"https:\/\/kibrisdakik.com\/wp-content\/uploads\/2025\/06\/mha-gorsel-173-740x420.png","type":"image\/png"}],"author":"admin","twitter_card":"summary_large_image","twitter_misc":{"Yazan:":"admin","Tahmini okuma s\u00fcresi":"3 dakika"},"schema":{"@context":"https:\/\/schema.org","@graph":[{"@type":"Article","@id":"https:\/\/kibrisdakik.com\/?p=85150#article","isPartOf":{"@id":"https:\/\/kibrisdakik.com\/?p=85150"},"author":{"name":"admin","@id":"https:\/\/kibrisdakik.com\/#\/schema\/person\/9cd9d437bbb44f72b73ba127e06d8e79"},"headline":"Y\u00d6DAK, 110 \u00dcLKEN\u0130N KATILDI\u011eI KONGREDE YER ALDI","datePublished":"2025-06-20T12:49:00+00:00","mainEntityOfPage":{"@id":"https:\/\/kibrisdakik.com\/?p=85150"},"wordCount":529,"commentCount":0,"image":{"@id":"https:\/\/kibrisdakik.com\/?p=85150#primaryimage"},"thumbnailUrl":"https:\/\/kibrisdakik.com\/wp-content\/uploads\/2025\/06\/mha-gorsel-173-740x420.png","articleSection":["G\u00fcndem"],"inLanguage":"tr","potentialAction":[{"@type":"CommentAction","name":"Comment","target":["https:\/\/kibrisdakik.com\/?p=85150#respond"]}]},{"@type":"WebPage","@id":"https:\/\/kibrisdakik.com\/?p=85150","url":"https:\/\/kibrisdakik.com\/?p=85150","name":"Y\u00d6DAK, 110 \u00dcLKEN\u0130N KATILDI\u011eI KONGREDE YER ALDI -","isPartOf":{"@id":"https:\/\/kibrisdakik.com\/#website"},"primaryImageOfPage":{"@id":"https:\/\/kibrisdakik.com\/?p=85150#primaryimage"},"image":{"@id":"https:\/\/kibrisdakik.com\/?p=85150#primaryimage"},"thumbnailUrl":"https:\/\/kibrisdakik.com\/wp-content\/uploads\/2025\/06\/mha-gorsel-173-740x420.png","datePublished":"2025-06-20T12:49:00+00:00","author":{"@id":"https:\/\/kibrisdakik.com\/#\/schema\/person\/9cd9d437bbb44f72b73ba127e06d8e79"},"breadcrumb":{"@id":"https:\/\/kibrisdakik.com\/?p=85150#breadcrumb"},"inLanguage":"tr","potentialAction":[{"@type":"ReadAction","target":["https:\/\/kibrisdakik.com\/?p=85150"]}]},{"@type":"ImageObject","inLanguage":"tr","@id":"https:\/\/kibrisdakik.com\/?p=85150#primaryimage","url":"https:\/\/kibrisdakik.com\/wp-content\/uploads\/2025\/06\/mha-gorsel-173-740x420.png","contentUrl":"https:\/\/kibrisdakik.com\/wp-content\/uploads\/2025\/06\/mha-gorsel-173-740x420.png","width":1280,"height":720},{"@type":"BreadcrumbList","@id":"https:\/\/kibrisdakik.com\/?p=85150#breadcrumb","itemListElement":[{"@type":"ListItem","position":1,"name":"Home","item":"https:\/\/kibrisdakik.com\/"},{"@type":"ListItem","position":2,"name":"Y\u00d6DAK, 110 \u00dcLKEN\u0130N KATILDI\u011eI KONGREDE YER ALDI"}]},{"@type":"WebSite","@id":"https:\/\/kibrisdakik.com\/#website","url":"https:\/\/kibrisdakik.com\/","name":"","description":"Tam vaktinde haber","potentialAction":[{"@type":"SearchAction","target":{"@type":"EntryPoint","urlTemplate":"https:\/\/kibrisdakik.com\/?s={search_term_string}"},"query-input":{"@type":"PropertyValueSpecification","valueRequired":true,"valueName":"search_term_string"}}],"inLanguage":"tr"},{"@type":"Person","@id":"https:\/\/kibrisdakik.com\/#\/schema\/person\/9cd9d437bbb44f72b73ba127e06d8e79","name":"admin","image":{"@type":"ImageObject","inLanguage":"tr","@id":"https:\/\/secure.gravatar.com\/avatar\/ccc17943b9d660506c869530f897617f7cb1c21a4bf30023f252596d83e1f007?s=96&d=mm&r=g","url":"https:\/\/secure.gravatar.com\/avatar\/ccc17943b9d660506c869530f897617f7cb1c21a4bf30023f252596d83e1f007?s=96&d=mm&r=g","contentUrl":"https:\/\/secure.gravatar.com\/avatar\/ccc17943b9d660506c869530f897617f7cb1c21a4bf30023f252596d83e1f007?s=96&d=mm&r=g","caption":"admin"},"sameAs":["https:\/\/kibrisdakik.com"],"url":"https:\/\/kibrisdakik.com\/?author=1"}]}},"_links":{"self":[{"href":"https:\/\/kibrisdakik.com\/index.php?rest_route=\/wp\/v2\/posts\/85150","targetHints":{"allow":["GET"]}}],"collection":[{"href":"https:\/\/kibrisdakik.com\/index.php?rest_route=\/wp\/v2\/posts"}],"about":[{"href":"https:\/\/kibrisdakik.com\/index.php?rest_route=\/wp\/v2\/types\/post"}],"author":[{"embeddable":true,"href":"https:\/\/kibrisdakik.com\/index.php?rest_route=\/wp\/v2\/users\/1"}],"replies":[{"embeddable":true,"href":"https:\/\/kibrisdakik.com\/index.php?rest_route=%2Fwp%2Fv2%2Fcomments&post=85150"}],"version-history":[{"count":0,"href":"https:\/\/kibrisdakik.com\/index.php?rest_route=\/wp\/v2\/posts\/85150\/revisions"}],"wp:featuredmedia":[{"embeddable":true,"href":"https:\/\/kibrisdakik.com\/index.php?rest_route=\/wp\/v2\/media\/85151"}],"wp:attachment":[{"href":"https:\/\/kibrisdakik.com\/index.php?rest_route=%2Fwp%2Fv2%2Fmedia&parent=85150"}],"wp:term":[{"taxonomy":"category","embeddable":true,"href":"https:\/\/kibrisdakik.com\/index.php?rest_route=%2Fwp%2Fv2%2Fcategories&post=85150"},{"taxonomy":"post_tag","embeddable":true,"href":"https:\/\/kibrisdakik.com\/index.php?rest_route=%2Fwp%2Fv2%2Ftags&post=85150"}],"curies":[{"name":"wp","href":"https:\/\/api.w.org\/{rel}","templated":true}]}}