{"id":85179,"date":"2025-06-23T11:51:07","date_gmt":"2025-06-23T08:51:07","guid":{"rendered":"https:\/\/coral-rabbit-752605.hostingersite.com\/index.php\/2025\/06\/23\/ataoglu-gencler-gelecegimizdir-onlara-yatirim-yapmaya-devam-edecegiz\/"},"modified":"2025-06-23T11:51:07","modified_gmt":"2025-06-23T08:51:07","slug":"ataoglu-gencler-gelecegimizdir-onlara-yatirim-yapmaya-devam-edecegiz","status":"publish","type":"post","link":"https:\/\/kibrisdakik.com\/?p=85179","title":{"rendered":"Atao\u011flu: \u201cGen\u00e7ler gelece\u011fimizdir; onlara yat\u0131r\u0131m yapmaya devam edece\u011fiz\u201d"},"content":{"rendered":"<p><\/p>\n<div>\n<p> Ba\u015fbakan Yard\u0131mc\u0131s\u0131 Turizm, K\u00fclt\u00fcr, Gen\u00e7lik ve \u00c7evre Bakan\u0131 Fikri Atao\u011flu gen\u00e7lerin \u00fclkenin gelece\u011fi oldu\u011funu ve gen\u00e7lere yat\u0131r\u0131m yapmay\u0131 s\u00fcrd\u00fcreceklerini s\u00f6yledi.<\/p>\n<p>Turizm Bakanl\u0131\u011f\u0131ndan verilen bilgiye g\u00f6re, Mesarya\u2019da d\u00fczenlenen Gen\u00e7lik Festivali, gen\u00e7lerin sanatsal ve k\u00fclt\u00fcrel projelerle bulu\u015fmas\u0131na sahne oldu.<\/p>\n<p>Festivalde konu\u015fan Ba\u015fbakan Yard\u0131mc\u0131s\u0131 Turizm, K\u00fclt\u00fcr, Gen\u00e7lik ve \u00c7evre Bakan\u0131 Fikri Atao\u011flu, gen\u00e7lere verilen \u00f6nemin alt\u0131n\u0131 \u00e7izerek, k\u00fclt\u00fcrel miras\u0131n gelece\u011fe ta\u015f\u0131nmas\u0131nda gen\u00e7lerin rol\u00fcn\u00fc vurgulad\u0131.<\/p>\n<div class=\"des-g\"><a href=\"#\" class=\"rk\"><\/a><\/div>\n<p>Atao\u011flu, etkinli\u011fin ba\u015far\u0131yla ger\u00e7ekle\u015fmesinden memnuniyet duyarken, baz\u0131 siyaset\u00e7ilerin kat\u0131lmamas\u0131n\u0131 \u201cgen\u00e7lerin eme\u011fine sayg\u0131s\u0131zl\u0131k\u201d olarak niteledi.<\/p>\n<div class=\"ads mobileg-g\">\n                                <center><a href=\"#\" class=\"rk\"><img decoding=\"async\" src=\"https:\/\/haberadam.temadam.com\/wp-content\/uploads\/2020\/12\/TZK8D0.png\" alt=\"\"\/><\/a><\/center>                            <\/div>\n<p>Festivalin, ayn\u0131 zamanda gen\u00e7lik politikalar\u0131na y\u00f6n verecek geri bildirimlerin topland\u0131\u011f\u0131 bir platform i\u015flevini g\u00f6rd\u00fc\u011f\u00fc a\u00e7\u0131kland\u0131.<\/p>\n<\/div>\n<p><script async\n                    defer\n                    crossorigin=\"anonymous\"\n                    src=\"https:\/\/connect.facebook.net\/tr_TR\/sdk.js#xfbml=1&#038;version=v3.3\"\n            ><\/script><\/p>\n","protected":false},"excerpt":{"rendered":"<p>Ba\u015fbakan Yard\u0131mc\u0131s\u0131 Turizm, K\u00fclt\u00fcr, Gen\u00e7lik ve \u00c7evre Bakan\u0131 Fikri Atao\u011flu gen\u00e7lerin \u00fclkenin gelece\u011fi oldu\u011funu ve gen\u00e7lere yat\u0131r\u0131m yapmay\u0131 s\u00fcrd\u00fcreceklerini s\u00f6yledi. Turizm Bakanl\u0131\u011f\u0131ndan verilen bilgiye g\u00f6re, Mesarya\u2019da d\u00fczenlenen Gen\u00e7lik Festivali, gen\u00e7lerin sanatsal ve k\u00fclt\u00fcrel projelerle bulu\u015fmas\u0131na sahne oldu. Festivalde konu\u015fan Ba\u015fbakan Yard\u0131mc\u0131s\u0131 Turizm, K\u00fclt\u00fcr, Gen\u00e7lik ve \u00c7evre Bakan\u0131 Fikri Atao\u011flu, gen\u00e7lere verilen \u00f6nemin alt\u0131n\u0131 \u00e7izerek, k\u00fclt\u00fcrel<\/p>\n","protected":false},"author":1,"featured_media":85180,"comment_status":"open","ping_status":"open","sticky":false,"template":"","format":"standard","meta":{"footnotes":""},"categories":[1,101],"tags":[],"class_list":["post-85179","post","type-post","status-publish","format-standard","has-post-thumbnail","hentry","category-gundem","category-manset"],"yoast_head":"<!-- This site is optimized with the Yoast SEO plugin v27.4 - https:\/\/yoast.com\/product\/yoast-seo-wordpress\/ -->\n<title>Atao\u011flu: \u201cGen\u00e7ler gelece\u011fimizdir; onlara yat\u0131r\u0131m yapmaya devam edece\u011fiz\u201d -<\/title>\n<meta name=\"robots\" content=\"index, follow, max-snippet:-1, max-image-preview:large, max-video-preview:-1\" \/>\n<link rel=\"canonical\" href=\"https:\/\/kibrisdakik.com\/?p=85179\" \/>\n<meta property=\"og:locale\" content=\"tr_TR\" \/>\n<meta property=\"og:type\" content=\"article\" \/>\n<meta property=\"og:title\" content=\"Atao\u011flu: \u201cGen\u00e7ler gelece\u011fimizdir; onlara yat\u0131r\u0131m yapmaya devam edece\u011fiz\u201d -\" \/>\n<meta property=\"og:description\" content=\"Ba\u015fbakan Yard\u0131mc\u0131s\u0131 Turizm, K\u00fclt\u00fcr, Gen\u00e7lik ve \u00c7evre Bakan\u0131 Fikri Atao\u011flu gen\u00e7lerin \u00fclkenin gelece\u011fi oldu\u011funu ve gen\u00e7lere yat\u0131r\u0131m yapmay\u0131 s\u00fcrd\u00fcreceklerini s\u00f6yledi. Turizm Bakanl\u0131\u011f\u0131ndan verilen bilgiye g\u00f6re, Mesarya\u2019da d\u00fczenlenen Gen\u00e7lik Festivali, gen\u00e7lerin sanatsal ve k\u00fclt\u00fcrel projelerle bulu\u015fmas\u0131na sahne oldu. Festivalde konu\u015fan Ba\u015fbakan Yard\u0131mc\u0131s\u0131 Turizm, K\u00fclt\u00fcr, Gen\u00e7lik ve \u00c7evre Bakan\u0131 Fikri Atao\u011flu, gen\u00e7lere verilen \u00f6nemin alt\u0131n\u0131 \u00e7izerek, k\u00fclt\u00fcrel\" \/>\n<meta property=\"og:url\" content=\"https:\/\/kibrisdakik.com\/?p=85179\" \/>\n<meta property=\"article:published_time\" content=\"2025-06-23T08:51:07+00:00\" \/>\n<meta property=\"og:image\" content=\"https:\/\/kibrisdakik.com\/wp-content\/uploads\/2025\/06\/898989898-740x420.jpg\" \/>\n\t<meta property=\"og:image:width\" content=\"1920\" \/>\n\t<meta property=\"og:image:height\" content=\"1080\" \/>\n\t<meta property=\"og:image:type\" content=\"image\/jpeg\" \/>\n<meta name=\"author\" content=\"admin\" \/>\n<meta name=\"twitter:card\" content=\"summary_large_image\" \/>\n<meta name=\"twitter:label1\" content=\"Yazan:\" \/>\n\t<meta name=\"twitter:data1\" content=\"admin\" \/>\n\t<meta name=\"twitter:label2\" content=\"Tahmini okuma s\u00fcresi\" \/>\n\t<meta name=\"twitter:data2\" content=\"1 dakika\" \/>\n<script type=\"application\/ld+json\" class=\"yoast-schema-graph\">{\"@context\":\"https:\\\/\\\/schema.org\",\"@graph\":[{\"@type\":\"Article\",\"@id\":\"https:\\\/\\\/kibrisdakik.com\\\/?p=85179#article\",\"isPartOf\":{\"@id\":\"https:\\\/\\\/kibrisdakik.com\\\/?p=85179\"},\"author\":{\"name\":\"admin\",\"@id\":\"https:\\\/\\\/kibrisdakik.com\\\/#\\\/schema\\\/person\\\/9cd9d437bbb44f72b73ba127e06d8e79\"},\"headline\":\"Atao\u011flu: \u201cGen\u00e7ler gelece\u011fimizdir; onlara yat\u0131r\u0131m yapmaya devam edece\u011fiz\u201d\",\"datePublished\":\"2025-06-23T08:51:07+00:00\",\"mainEntityOfPage\":{\"@id\":\"https:\\\/\\\/kibrisdakik.com\\\/?p=85179\"},\"wordCount\":168,\"commentCount\":0,\"image\":{\"@id\":\"https:\\\/\\\/kibrisdakik.com\\\/?p=85179#primaryimage\"},\"thumbnailUrl\":\"https:\\\/\\\/kibrisdakik.com\\\/wp-content\\\/uploads\\\/2025\\\/06\\\/898989898-740x420.jpg\",\"articleSection\":[\"G\u00fcndem\",\"Man\u015fet\"],\"inLanguage\":\"tr\",\"potentialAction\":[{\"@type\":\"CommentAction\",\"name\":\"Comment\",\"target\":[\"https:\\\/\\\/kibrisdakik.com\\\/?p=85179#respond\"]}]},{\"@type\":\"WebPage\",\"@id\":\"https:\\\/\\\/kibrisdakik.com\\\/?p=85179\",\"url\":\"https:\\\/\\\/kibrisdakik.com\\\/?p=85179\",\"name\":\"Atao\u011flu: \u201cGen\u00e7ler gelece\u011fimizdir; onlara yat\u0131r\u0131m yapmaya devam edece\u011fiz\u201d -\",\"isPartOf\":{\"@id\":\"https:\\\/\\\/kibrisdakik.com\\\/#website\"},\"primaryImageOfPage\":{\"@id\":\"https:\\\/\\\/kibrisdakik.com\\\/?p=85179#primaryimage\"},\"image\":{\"@id\":\"https:\\\/\\\/kibrisdakik.com\\\/?p=85179#primaryimage\"},\"thumbnailUrl\":\"https:\\\/\\\/kibrisdakik.com\\\/wp-content\\\/uploads\\\/2025\\\/06\\\/898989898-740x420.jpg\",\"datePublished\":\"2025-06-23T08:51:07+00:00\",\"author\":{\"@id\":\"https:\\\/\\\/kibrisdakik.com\\\/#\\\/schema\\\/person\\\/9cd9d437bbb44f72b73ba127e06d8e79\"},\"breadcrumb\":{\"@id\":\"https:\\\/\\\/kibrisdakik.com\\\/?p=85179#breadcrumb\"},\"inLanguage\":\"tr\",\"potentialAction\":[{\"@type\":\"ReadAction\",\"target\":[\"https:\\\/\\\/kibrisdakik.com\\\/?p=85179\"]}]},{\"@type\":\"ImageObject\",\"inLanguage\":\"tr\",\"@id\":\"https:\\\/\\\/kibrisdakik.com\\\/?p=85179#primaryimage\",\"url\":\"https:\\\/\\\/kibrisdakik.com\\\/wp-content\\\/uploads\\\/2025\\\/06\\\/898989898-740x420.jpg\",\"contentUrl\":\"https:\\\/\\\/kibrisdakik.com\\\/wp-content\\\/uploads\\\/2025\\\/06\\\/898989898-740x420.jpg\",\"width\":1920,\"height\":1080},{\"@type\":\"BreadcrumbList\",\"@id\":\"https:\\\/\\\/kibrisdakik.com\\\/?p=85179#breadcrumb\",\"itemListElement\":[{\"@type\":\"ListItem\",\"position\":1,\"name\":\"Home\",\"item\":\"https:\\\/\\\/kibrisdakik.com\\\/\"},{\"@type\":\"ListItem\",\"position\":2,\"name\":\"Atao\u011flu: \u201cGen\u00e7ler gelece\u011fimizdir; onlara yat\u0131r\u0131m yapmaya devam edece\u011fiz\u201d\"}]},{\"@type\":\"WebSite\",\"@id\":\"https:\\\/\\\/kibrisdakik.com\\\/#website\",\"url\":\"https:\\\/\\\/kibrisdakik.com\\\/\",\"name\":\"\",\"description\":\"Tam vaktinde haber\",\"potentialAction\":[{\"@type\":\"SearchAction\",\"target\":{\"@type\":\"EntryPoint\",\"urlTemplate\":\"https:\\\/\\\/kibrisdakik.com\\\/?s={search_term_string}\"},\"query-input\":{\"@type\":\"PropertyValueSpecification\",\"valueRequired\":true,\"valueName\":\"search_term_string\"}}],\"inLanguage\":\"tr\"},{\"@type\":\"Person\",\"@id\":\"https:\\\/\\\/kibrisdakik.com\\\/#\\\/schema\\\/person\\\/9cd9d437bbb44f72b73ba127e06d8e79\",\"name\":\"admin\",\"image\":{\"@type\":\"ImageObject\",\"inLanguage\":\"tr\",\"@id\":\"https:\\\/\\\/secure.gravatar.com\\\/avatar\\\/ccc17943b9d660506c869530f897617f7cb1c21a4bf30023f252596d83e1f007?s=96&d=mm&r=g\",\"url\":\"https:\\\/\\\/secure.gravatar.com\\\/avatar\\\/ccc17943b9d660506c869530f897617f7cb1c21a4bf30023f252596d83e1f007?s=96&d=mm&r=g\",\"contentUrl\":\"https:\\\/\\\/secure.gravatar.com\\\/avatar\\\/ccc17943b9d660506c869530f897617f7cb1c21a4bf30023f252596d83e1f007?s=96&d=mm&r=g\",\"caption\":\"admin\"},\"sameAs\":[\"https:\\\/\\\/kibrisdakik.com\"],\"url\":\"https:\\\/\\\/kibrisdakik.com\\\/?author=1\"}]}<\/script>\n<!-- \/ Yoast SEO plugin. -->","yoast_head_json":{"title":"Atao\u011flu: \u201cGen\u00e7ler gelece\u011fimizdir; onlara yat\u0131r\u0131m yapmaya devam edece\u011fiz\u201d -","robots":{"index":"index","follow":"follow","max-snippet":"max-snippet:-1","max-image-preview":"max-image-preview:large","max-video-preview":"max-video-preview:-1"},"canonical":"https:\/\/kibrisdakik.com\/?p=85179","og_locale":"tr_TR","og_type":"article","og_title":"Atao\u011flu: \u201cGen\u00e7ler gelece\u011fimizdir; onlara yat\u0131r\u0131m yapmaya devam edece\u011fiz\u201d -","og_description":"Ba\u015fbakan Yard\u0131mc\u0131s\u0131 Turizm, K\u00fclt\u00fcr, Gen\u00e7lik ve \u00c7evre Bakan\u0131 Fikri Atao\u011flu gen\u00e7lerin \u00fclkenin gelece\u011fi oldu\u011funu ve gen\u00e7lere yat\u0131r\u0131m yapmay\u0131 s\u00fcrd\u00fcreceklerini s\u00f6yledi. Turizm Bakanl\u0131\u011f\u0131ndan verilen bilgiye g\u00f6re, Mesarya\u2019da d\u00fczenlenen Gen\u00e7lik Festivali, gen\u00e7lerin sanatsal ve k\u00fclt\u00fcrel projelerle bulu\u015fmas\u0131na sahne oldu. Festivalde konu\u015fan Ba\u015fbakan Yard\u0131mc\u0131s\u0131 Turizm, K\u00fclt\u00fcr, Gen\u00e7lik ve \u00c7evre Bakan\u0131 Fikri Atao\u011flu, gen\u00e7lere verilen \u00f6nemin alt\u0131n\u0131 \u00e7izerek, k\u00fclt\u00fcrel","og_url":"https:\/\/kibrisdakik.com\/?p=85179","article_published_time":"2025-06-23T08:51:07+00:00","og_image":[{"width":1920,"height":1080,"url":"https:\/\/kibrisdakik.com\/wp-content\/uploads\/2025\/06\/898989898-740x420.jpg","type":"image\/jpeg"}],"author":"admin","twitter_card":"summary_large_image","twitter_misc":{"Yazan:":"admin","Tahmini okuma s\u00fcresi":"1 dakika"},"schema":{"@context":"https:\/\/schema.org","@graph":[{"@type":"Article","@id":"https:\/\/kibrisdakik.com\/?p=85179#article","isPartOf":{"@id":"https:\/\/kibrisdakik.com\/?p=85179"},"author":{"name":"admin","@id":"https:\/\/kibrisdakik.com\/#\/schema\/person\/9cd9d437bbb44f72b73ba127e06d8e79"},"headline":"Atao\u011flu: \u201cGen\u00e7ler gelece\u011fimizdir; onlara yat\u0131r\u0131m yapmaya devam edece\u011fiz\u201d","datePublished":"2025-06-23T08:51:07+00:00","mainEntityOfPage":{"@id":"https:\/\/kibrisdakik.com\/?p=85179"},"wordCount":168,"commentCount":0,"image":{"@id":"https:\/\/kibrisdakik.com\/?p=85179#primaryimage"},"thumbnailUrl":"https:\/\/kibrisdakik.com\/wp-content\/uploads\/2025\/06\/898989898-740x420.jpg","articleSection":["G\u00fcndem","Man\u015fet"],"inLanguage":"tr","potentialAction":[{"@type":"CommentAction","name":"Comment","target":["https:\/\/kibrisdakik.com\/?p=85179#respond"]}]},{"@type":"WebPage","@id":"https:\/\/kibrisdakik.com\/?p=85179","url":"https:\/\/kibrisdakik.com\/?p=85179","name":"Atao\u011flu: \u201cGen\u00e7ler gelece\u011fimizdir; onlara yat\u0131r\u0131m yapmaya devam edece\u011fiz\u201d -","isPartOf":{"@id":"https:\/\/kibrisdakik.com\/#website"},"primaryImageOfPage":{"@id":"https:\/\/kibrisdakik.com\/?p=85179#primaryimage"},"image":{"@id":"https:\/\/kibrisdakik.com\/?p=85179#primaryimage"},"thumbnailUrl":"https:\/\/kibrisdakik.com\/wp-content\/uploads\/2025\/06\/898989898-740x420.jpg","datePublished":"2025-06-23T08:51:07+00:00","author":{"@id":"https:\/\/kibrisdakik.com\/#\/schema\/person\/9cd9d437bbb44f72b73ba127e06d8e79"},"breadcrumb":{"@id":"https:\/\/kibrisdakik.com\/?p=85179#breadcrumb"},"inLanguage":"tr","potentialAction":[{"@type":"ReadAction","target":["https:\/\/kibrisdakik.com\/?p=85179"]}]},{"@type":"ImageObject","inLanguage":"tr","@id":"https:\/\/kibrisdakik.com\/?p=85179#primaryimage","url":"https:\/\/kibrisdakik.com\/wp-content\/uploads\/2025\/06\/898989898-740x420.jpg","contentUrl":"https:\/\/kibrisdakik.com\/wp-content\/uploads\/2025\/06\/898989898-740x420.jpg","width":1920,"height":1080},{"@type":"BreadcrumbList","@id":"https:\/\/kibrisdakik.com\/?p=85179#breadcrumb","itemListElement":[{"@type":"ListItem","position":1,"name":"Home","item":"https:\/\/kibrisdakik.com\/"},{"@type":"ListItem","position":2,"name":"Atao\u011flu: \u201cGen\u00e7ler gelece\u011fimizdir; onlara yat\u0131r\u0131m yapmaya devam edece\u011fiz\u201d"}]},{"@type":"WebSite","@id":"https:\/\/kibrisdakik.com\/#website","url":"https:\/\/kibrisdakik.com\/","name":"","description":"Tam vaktinde haber","potentialAction":[{"@type":"SearchAction","target":{"@type":"EntryPoint","urlTemplate":"https:\/\/kibrisdakik.com\/?s={search_term_string}"},"query-input":{"@type":"PropertyValueSpecification","valueRequired":true,"valueName":"search_term_string"}}],"inLanguage":"tr"},{"@type":"Person","@id":"https:\/\/kibrisdakik.com\/#\/schema\/person\/9cd9d437bbb44f72b73ba127e06d8e79","name":"admin","image":{"@type":"ImageObject","inLanguage":"tr","@id":"https:\/\/secure.gravatar.com\/avatar\/ccc17943b9d660506c869530f897617f7cb1c21a4bf30023f252596d83e1f007?s=96&d=mm&r=g","url":"https:\/\/secure.gravatar.com\/avatar\/ccc17943b9d660506c869530f897617f7cb1c21a4bf30023f252596d83e1f007?s=96&d=mm&r=g","contentUrl":"https:\/\/secure.gravatar.com\/avatar\/ccc17943b9d660506c869530f897617f7cb1c21a4bf30023f252596d83e1f007?s=96&d=mm&r=g","caption":"admin"},"sameAs":["https:\/\/kibrisdakik.com"],"url":"https:\/\/kibrisdakik.com\/?author=1"}]}},"_links":{"self":[{"href":"https:\/\/kibrisdakik.com\/index.php?rest_route=\/wp\/v2\/posts\/85179","targetHints":{"allow":["GET"]}}],"collection":[{"href":"https:\/\/kibrisdakik.com\/index.php?rest_route=\/wp\/v2\/posts"}],"about":[{"href":"https:\/\/kibrisdakik.com\/index.php?rest_route=\/wp\/v2\/types\/post"}],"author":[{"embeddable":true,"href":"https:\/\/kibrisdakik.com\/index.php?rest_route=\/wp\/v2\/users\/1"}],"replies":[{"embeddable":true,"href":"https:\/\/kibrisdakik.com\/index.php?rest_route=%2Fwp%2Fv2%2Fcomments&post=85179"}],"version-history":[{"count":0,"href":"https:\/\/kibrisdakik.com\/index.php?rest_route=\/wp\/v2\/posts\/85179\/revisions"}],"wp:featuredmedia":[{"embeddable":true,"href":"https:\/\/kibrisdakik.com\/index.php?rest_route=\/wp\/v2\/media\/85180"}],"wp:attachment":[{"href":"https:\/\/kibrisdakik.com\/index.php?rest_route=%2Fwp%2Fv2%2Fmedia&parent=85179"}],"wp:term":[{"taxonomy":"category","embeddable":true,"href":"https:\/\/kibrisdakik.com\/index.php?rest_route=%2Fwp%2Fv2%2Fcategories&post=85179"},{"taxonomy":"post_tag","embeddable":true,"href":"https:\/\/kibrisdakik.com\/index.php?rest_route=%2Fwp%2Fv2%2Ftags&post=85179"}],"curies":[{"name":"wp","href":"https:\/\/api.w.org\/{rel}","templated":true}]}}