{"id":85214,"date":"2025-06-23T18:34:00","date_gmt":"2025-06-23T15:34:00","guid":{"rendered":"https:\/\/coral-rabbit-752605.hostingersite.com\/index.php\/2025\/06\/23\/iran-ordusu-katar-ve-iraktaki-abd-uslerine-saldiri-baslatti\/"},"modified":"2025-06-23T18:34:00","modified_gmt":"2025-06-23T15:34:00","slug":"iran-ordusu-katar-ve-iraktaki-abd-uslerine-saldiri-baslatti","status":"publish","type":"post","link":"https:\/\/kibrisdakik.com\/?p=85214","title":{"rendered":"\u0130ran ordusu Katar ve Irak\u2019taki ABD \u00fcslerine sald\u0131r\u0131 ba\u015flatt\u0131"},"content":{"rendered":"<p><\/p>\n<div>\n<div class=\"mariselle-image-container center\">\n                <img loading=\"lazy\" decoding=\"async\" width=\"971\" height=\"551\" class=\"lazy-image\" alt=\"\" sizes=\"auto, (max-width: 971px) 100vw, 971px\" src=\"https:\/\/brtk.net\/wp-content\/uploads\/2025\/06\/23\/v2yeniproje24_1750698132.jpg?ver=9d40854f5a9c79e00c880ad24e3e2153\" srcset=\"https:\/\/brtk.net\/wp-content\/uploads\/2025\/06\/23\/v2yeniproje24_1750698132.jpg?ver=9d40854f5a9c79e00c880ad24e3e2153 971w, https:\/\/brtk.net\/wp-content\/uploads\/2025\/06\/23\/v2yeniproje24_1750698132-300x170.jpg?ver=9d40854f5a9c79e00c880ad24e3e2153 300w, https:\/\/brtk.net\/wp-content\/uploads\/2025\/06\/23\/v2yeniproje24_1750698132-768x436.jpg?ver=9d40854f5a9c79e00c880ad24e3e2153 768w\"\/>                            <\/div>\n<p>\u0130ran\u2019\u0131n Katar ve Irak\u2019taki ABD \u00fcslerine y\u00f6nelik askeri harekat ba\u015flatt\u0131\u011f\u0131 bildirildi.<\/p>\n<p>\u0130ran devlet televizyonu IRIB\u2019de, \u201cFetih M\u00fcjdesi\u201d ismi verilen sald\u0131r\u0131n\u0131n, Katar\u2019daki ABD \u00fcss\u00fc El-Udeyd\u2019e y\u00f6nelik oldu\u011fu aktar\u0131ld\u0131.<\/p>\n<p>\u0130ran haber ajans\u0131 IRNA ise Irak\u2019taki bir ABD \u00fcss\u00fcne de f\u00fcze sald\u0131r\u0131s\u0131 d\u00fczenledi\u011fini duyurdu.<\/p>\n<p>\u0130srail bas\u0131n\u0131 ise \u0130ran\u2019\u0131n ba\u015flatt\u0131\u011f\u0131 sald\u0131r\u0131n\u0131n 4 farkl\u0131 K\u00f6rfez \u00fclkesindeki ABD \u00fcslerine y\u00f6nelik oldu\u011funu \u00f6ne s\u00fcrd\u00fc.<\/p>\n<p>ABD\u2019den konuya ili\u015fkin hen\u00fcz a\u00e7\u0131klama gelmedi.<\/p>\n<p>Katar Savunma Bakanl\u0131\u011f\u0131 taraf\u0131ndan yap\u0131lan a\u00e7\u0131klamada, \u201c\u0130ran\u2019\u0131n (ABD \u00fcss\u00fcne) sald\u0131r\u0131s\u0131na kar\u015f\u0131 koyuldu. Can kayb\u0131 yok.\u201d denildi.<\/p>\n<p>K\u0131demli bir Beyaz Saray yetkilisi ise \u201cBeyaz Saray ve Savunma Bakanl\u0131\u011f\u0131, Katar\u2019daki El-Udeyd Hava \u00dcss\u00fc\u2019ne y\u00f6nelik potansiyel tehditlerin fark\u0131nda ve durumu yak\u0131ndan izliyor.\u201d dedi.<br \/>ABD\u2019nin Katar B\u00fcy\u00fckel\u00e7ili\u011fi, \u00fclkedeki vatanda\u015flar\u0131na s\u0131\u011f\u0131naklara gitmesi \u00e7a\u011fr\u0131s\u0131 yapt\u0131<\/p>\n<p>ABD\u2019nin Katar B\u00fcy\u00fckel\u00e7ili\u011fi, internet sitesinden a\u00e7\u0131klama yay\u0131mlad\u0131.<\/p>\n<p>A\u00e7\u0131klamada, \u0130ran\u2019\u0131n ABD \u00fcslerine misillemesine kar\u015f\u0131l\u0131k, \u201cA\u015f\u0131r\u0131 tedbir amac\u0131yla, ABD vatanda\u015flar\u0131na, aksi belirtilene kadar s\u0131\u011f\u0131naklarda kalmalar\u0131n\u0131 \u00f6neriyoruz.\u201d uyar\u0131s\u0131 yap\u0131ld\u0131.<\/p>\n<p>Katar D\u0131\u015fi\u015fleri Bakanl\u0131\u011f\u0131 da bug\u00fcn yapt\u0131\u011f\u0131 a\u00e7\u0131klamada, b\u00f6lgedeki geli\u015fmeler \u0131\u015f\u0131\u011f\u0131nda g\u00fcvenlik nedeniyle \u00fclkenin hava trafi\u011finin ge\u00e7ici olarak durduruldu\u011funu duyurmu\u015ftu.<\/p>\n<p>ABD\u2019nin Katar\u2019da bulunan Al-Udeyd Hava \u00dcss\u00fc, 8 bin ABD personeli ile Orta Do\u011fu\u2019da bulunan askeri \u00fcslerin en b\u00fcy\u00fc\u011f\u00fcn\u00fc olu\u015fturuyor.<\/p>\n<p>Katar\u2019daki \u00fcs dahil, Orta Do\u011fu\u2019da de\u011fi\u015fik b\u00f6lgelerindeki askeri \u00fcslerinde ABD\u2019nin yakla\u015f\u0131k 40 bin personeli bulunuyor.<\/p>\n<\/p><\/div>\n<p><script async\n                    defer\n                    crossorigin=\"anonymous\"\n                    src=\"https:\/\/connect.facebook.net\/tr_TR\/sdk.js#xfbml=1&#038;version=v3.3\"\n            ><\/script><\/p>\n","protected":false},"excerpt":{"rendered":"<p>\u0130ran\u2019\u0131n Katar ve Irak\u2019taki ABD \u00fcslerine y\u00f6nelik askeri harekat ba\u015flatt\u0131\u011f\u0131 bildirildi. \u0130ran devlet televizyonu IRIB\u2019de, \u201cFetih M\u00fcjdesi\u201d ismi verilen sald\u0131r\u0131n\u0131n, Katar\u2019daki ABD \u00fcss\u00fc El-Udeyd\u2019e y\u00f6nelik oldu\u011fu aktar\u0131ld\u0131. \u0130ran haber ajans\u0131 IRNA ise Irak\u2019taki bir ABD \u00fcss\u00fcne de f\u00fcze sald\u0131r\u0131s\u0131 d\u00fczenledi\u011fini duyurdu. \u0130srail bas\u0131n\u0131 ise \u0130ran\u2019\u0131n ba\u015flatt\u0131\u011f\u0131 sald\u0131r\u0131n\u0131n 4 farkl\u0131 K\u00f6rfez \u00fclkesindeki ABD \u00fcslerine y\u00f6nelik oldu\u011funu<\/p>\n","protected":false},"author":1,"featured_media":85215,"comment_status":"open","ping_status":"open","sticky":false,"template":"","format":"standard","meta":{"footnotes":""},"categories":[1],"tags":[],"class_list":["post-85214","post","type-post","status-publish","format-standard","has-post-thumbnail","hentry","category-gundem"],"yoast_head":"<!-- This site is optimized with the Yoast SEO plugin v27.4 - https:\/\/yoast.com\/product\/yoast-seo-wordpress\/ -->\n<title>\u0130ran ordusu Katar ve Irak\u2019taki ABD \u00fcslerine sald\u0131r\u0131 ba\u015flatt\u0131 -<\/title>\n<meta name=\"robots\" content=\"index, follow, max-snippet:-1, max-image-preview:large, max-video-preview:-1\" \/>\n<link rel=\"canonical\" href=\"https:\/\/kibrisdakik.com\/?p=85214\" \/>\n<meta property=\"og:locale\" content=\"tr_TR\" \/>\n<meta property=\"og:type\" content=\"article\" \/>\n<meta property=\"og:title\" content=\"\u0130ran ordusu Katar ve Irak\u2019taki ABD \u00fcslerine sald\u0131r\u0131 ba\u015flatt\u0131 -\" \/>\n<meta property=\"og:description\" content=\"\u0130ran\u2019\u0131n Katar ve Irak\u2019taki ABD \u00fcslerine y\u00f6nelik askeri harekat ba\u015flatt\u0131\u011f\u0131 bildirildi. \u0130ran devlet televizyonu IRIB\u2019de, \u201cFetih M\u00fcjdesi\u201d ismi verilen sald\u0131r\u0131n\u0131n, Katar\u2019daki ABD \u00fcss\u00fc El-Udeyd\u2019e y\u00f6nelik oldu\u011fu aktar\u0131ld\u0131. \u0130ran haber ajans\u0131 IRNA ise Irak\u2019taki bir ABD \u00fcss\u00fcne de f\u00fcze sald\u0131r\u0131s\u0131 d\u00fczenledi\u011fini duyurdu. \u0130srail bas\u0131n\u0131 ise \u0130ran\u2019\u0131n ba\u015flatt\u0131\u011f\u0131 sald\u0131r\u0131n\u0131n 4 farkl\u0131 K\u00f6rfez \u00fclkesindeki ABD \u00fcslerine y\u00f6nelik oldu\u011funu\" \/>\n<meta property=\"og:url\" content=\"https:\/\/kibrisdakik.com\/?p=85214\" \/>\n<meta property=\"article:published_time\" content=\"2025-06-23T15:34:00+00:00\" \/>\n<meta property=\"og:image\" content=\"https:\/\/kibrisdakik.com\/wp-content\/uploads\/2025\/06\/v2yeniproje24_1750698132-740x420.jpg\" \/>\n\t<meta property=\"og:image:width\" content=\"971\" \/>\n\t<meta property=\"og:image:height\" content=\"551\" \/>\n\t<meta property=\"og:image:type\" content=\"image\/jpeg\" \/>\n<meta name=\"author\" content=\"admin\" \/>\n<meta name=\"twitter:card\" content=\"summary_large_image\" \/>\n<meta name=\"twitter:label1\" content=\"Yazan:\" \/>\n\t<meta name=\"twitter:data1\" content=\"admin\" \/>\n\t<meta name=\"twitter:label2\" content=\"Tahmini okuma s\u00fcresi\" \/>\n\t<meta name=\"twitter:data2\" content=\"1 dakika\" \/>\n<script type=\"application\/ld+json\" class=\"yoast-schema-graph\">{\"@context\":\"https:\\\/\\\/schema.org\",\"@graph\":[{\"@type\":\"Article\",\"@id\":\"https:\\\/\\\/kibrisdakik.com\\\/?p=85214#article\",\"isPartOf\":{\"@id\":\"https:\\\/\\\/kibrisdakik.com\\\/?p=85214\"},\"author\":{\"name\":\"admin\",\"@id\":\"https:\\\/\\\/kibrisdakik.com\\\/#\\\/schema\\\/person\\\/9cd9d437bbb44f72b73ba127e06d8e79\"},\"headline\":\"\u0130ran ordusu Katar ve Irak\u2019taki ABD \u00fcslerine sald\u0131r\u0131 ba\u015flatt\u0131\",\"datePublished\":\"2025-06-23T15:34:00+00:00\",\"mainEntityOfPage\":{\"@id\":\"https:\\\/\\\/kibrisdakik.com\\\/?p=85214\"},\"wordCount\":304,\"commentCount\":0,\"image\":{\"@id\":\"https:\\\/\\\/kibrisdakik.com\\\/?p=85214#primaryimage\"},\"thumbnailUrl\":\"https:\\\/\\\/kibrisdakik.com\\\/wp-content\\\/uploads\\\/2025\\\/06\\\/v2yeniproje24_1750698132-740x420.jpg\",\"articleSection\":[\"G\u00fcndem\"],\"inLanguage\":\"tr\",\"potentialAction\":[{\"@type\":\"CommentAction\",\"name\":\"Comment\",\"target\":[\"https:\\\/\\\/kibrisdakik.com\\\/?p=85214#respond\"]}]},{\"@type\":\"WebPage\",\"@id\":\"https:\\\/\\\/kibrisdakik.com\\\/?p=85214\",\"url\":\"https:\\\/\\\/kibrisdakik.com\\\/?p=85214\",\"name\":\"\u0130ran ordusu Katar ve Irak\u2019taki ABD \u00fcslerine sald\u0131r\u0131 ba\u015flatt\u0131 -\",\"isPartOf\":{\"@id\":\"https:\\\/\\\/kibrisdakik.com\\\/#website\"},\"primaryImageOfPage\":{\"@id\":\"https:\\\/\\\/kibrisdakik.com\\\/?p=85214#primaryimage\"},\"image\":{\"@id\":\"https:\\\/\\\/kibrisdakik.com\\\/?p=85214#primaryimage\"},\"thumbnailUrl\":\"https:\\\/\\\/kibrisdakik.com\\\/wp-content\\\/uploads\\\/2025\\\/06\\\/v2yeniproje24_1750698132-740x420.jpg\",\"datePublished\":\"2025-06-23T15:34:00+00:00\",\"author\":{\"@id\":\"https:\\\/\\\/kibrisdakik.com\\\/#\\\/schema\\\/person\\\/9cd9d437bbb44f72b73ba127e06d8e79\"},\"breadcrumb\":{\"@id\":\"https:\\\/\\\/kibrisdakik.com\\\/?p=85214#breadcrumb\"},\"inLanguage\":\"tr\",\"potentialAction\":[{\"@type\":\"ReadAction\",\"target\":[\"https:\\\/\\\/kibrisdakik.com\\\/?p=85214\"]}]},{\"@type\":\"ImageObject\",\"inLanguage\":\"tr\",\"@id\":\"https:\\\/\\\/kibrisdakik.com\\\/?p=85214#primaryimage\",\"url\":\"https:\\\/\\\/kibrisdakik.com\\\/wp-content\\\/uploads\\\/2025\\\/06\\\/v2yeniproje24_1750698132-740x420.jpg\",\"contentUrl\":\"https:\\\/\\\/kibrisdakik.com\\\/wp-content\\\/uploads\\\/2025\\\/06\\\/v2yeniproje24_1750698132-740x420.jpg\",\"width\":971,\"height\":551},{\"@type\":\"BreadcrumbList\",\"@id\":\"https:\\\/\\\/kibrisdakik.com\\\/?p=85214#breadcrumb\",\"itemListElement\":[{\"@type\":\"ListItem\",\"position\":1,\"name\":\"Home\",\"item\":\"https:\\\/\\\/kibrisdakik.com\\\/\"},{\"@type\":\"ListItem\",\"position\":2,\"name\":\"\u0130ran ordusu Katar ve Irak\u2019taki ABD \u00fcslerine sald\u0131r\u0131 ba\u015flatt\u0131\"}]},{\"@type\":\"WebSite\",\"@id\":\"https:\\\/\\\/kibrisdakik.com\\\/#website\",\"url\":\"https:\\\/\\\/kibrisdakik.com\\\/\",\"name\":\"\",\"description\":\"Tam vaktinde haber\",\"potentialAction\":[{\"@type\":\"SearchAction\",\"target\":{\"@type\":\"EntryPoint\",\"urlTemplate\":\"https:\\\/\\\/kibrisdakik.com\\\/?s={search_term_string}\"},\"query-input\":{\"@type\":\"PropertyValueSpecification\",\"valueRequired\":true,\"valueName\":\"search_term_string\"}}],\"inLanguage\":\"tr\"},{\"@type\":\"Person\",\"@id\":\"https:\\\/\\\/kibrisdakik.com\\\/#\\\/schema\\\/person\\\/9cd9d437bbb44f72b73ba127e06d8e79\",\"name\":\"admin\",\"image\":{\"@type\":\"ImageObject\",\"inLanguage\":\"tr\",\"@id\":\"https:\\\/\\\/secure.gravatar.com\\\/avatar\\\/ccc17943b9d660506c869530f897617f7cb1c21a4bf30023f252596d83e1f007?s=96&d=mm&r=g\",\"url\":\"https:\\\/\\\/secure.gravatar.com\\\/avatar\\\/ccc17943b9d660506c869530f897617f7cb1c21a4bf30023f252596d83e1f007?s=96&d=mm&r=g\",\"contentUrl\":\"https:\\\/\\\/secure.gravatar.com\\\/avatar\\\/ccc17943b9d660506c869530f897617f7cb1c21a4bf30023f252596d83e1f007?s=96&d=mm&r=g\",\"caption\":\"admin\"},\"sameAs\":[\"https:\\\/\\\/kibrisdakik.com\"],\"url\":\"https:\\\/\\\/kibrisdakik.com\\\/?author=1\"}]}<\/script>\n<!-- \/ Yoast SEO plugin. -->","yoast_head_json":{"title":"\u0130ran ordusu Katar ve Irak\u2019taki ABD \u00fcslerine sald\u0131r\u0131 ba\u015flatt\u0131 -","robots":{"index":"index","follow":"follow","max-snippet":"max-snippet:-1","max-image-preview":"max-image-preview:large","max-video-preview":"max-video-preview:-1"},"canonical":"https:\/\/kibrisdakik.com\/?p=85214","og_locale":"tr_TR","og_type":"article","og_title":"\u0130ran ordusu Katar ve Irak\u2019taki ABD \u00fcslerine sald\u0131r\u0131 ba\u015flatt\u0131 -","og_description":"\u0130ran\u2019\u0131n Katar ve Irak\u2019taki ABD \u00fcslerine y\u00f6nelik askeri harekat ba\u015flatt\u0131\u011f\u0131 bildirildi. \u0130ran devlet televizyonu IRIB\u2019de, \u201cFetih M\u00fcjdesi\u201d ismi verilen sald\u0131r\u0131n\u0131n, Katar\u2019daki ABD \u00fcss\u00fc El-Udeyd\u2019e y\u00f6nelik oldu\u011fu aktar\u0131ld\u0131. \u0130ran haber ajans\u0131 IRNA ise Irak\u2019taki bir ABD \u00fcss\u00fcne de f\u00fcze sald\u0131r\u0131s\u0131 d\u00fczenledi\u011fini duyurdu. \u0130srail bas\u0131n\u0131 ise \u0130ran\u2019\u0131n ba\u015flatt\u0131\u011f\u0131 sald\u0131r\u0131n\u0131n 4 farkl\u0131 K\u00f6rfez \u00fclkesindeki ABD \u00fcslerine y\u00f6nelik oldu\u011funu","og_url":"https:\/\/kibrisdakik.com\/?p=85214","article_published_time":"2025-06-23T15:34:00+00:00","og_image":[{"width":971,"height":551,"url":"https:\/\/kibrisdakik.com\/wp-content\/uploads\/2025\/06\/v2yeniproje24_1750698132-740x420.jpg","type":"image\/jpeg"}],"author":"admin","twitter_card":"summary_large_image","twitter_misc":{"Yazan:":"admin","Tahmini okuma s\u00fcresi":"1 dakika"},"schema":{"@context":"https:\/\/schema.org","@graph":[{"@type":"Article","@id":"https:\/\/kibrisdakik.com\/?p=85214#article","isPartOf":{"@id":"https:\/\/kibrisdakik.com\/?p=85214"},"author":{"name":"admin","@id":"https:\/\/kibrisdakik.com\/#\/schema\/person\/9cd9d437bbb44f72b73ba127e06d8e79"},"headline":"\u0130ran ordusu Katar ve Irak\u2019taki ABD \u00fcslerine sald\u0131r\u0131 ba\u015flatt\u0131","datePublished":"2025-06-23T15:34:00+00:00","mainEntityOfPage":{"@id":"https:\/\/kibrisdakik.com\/?p=85214"},"wordCount":304,"commentCount":0,"image":{"@id":"https:\/\/kibrisdakik.com\/?p=85214#primaryimage"},"thumbnailUrl":"https:\/\/kibrisdakik.com\/wp-content\/uploads\/2025\/06\/v2yeniproje24_1750698132-740x420.jpg","articleSection":["G\u00fcndem"],"inLanguage":"tr","potentialAction":[{"@type":"CommentAction","name":"Comment","target":["https:\/\/kibrisdakik.com\/?p=85214#respond"]}]},{"@type":"WebPage","@id":"https:\/\/kibrisdakik.com\/?p=85214","url":"https:\/\/kibrisdakik.com\/?p=85214","name":"\u0130ran ordusu Katar ve Irak\u2019taki ABD \u00fcslerine sald\u0131r\u0131 ba\u015flatt\u0131 -","isPartOf":{"@id":"https:\/\/kibrisdakik.com\/#website"},"primaryImageOfPage":{"@id":"https:\/\/kibrisdakik.com\/?p=85214#primaryimage"},"image":{"@id":"https:\/\/kibrisdakik.com\/?p=85214#primaryimage"},"thumbnailUrl":"https:\/\/kibrisdakik.com\/wp-content\/uploads\/2025\/06\/v2yeniproje24_1750698132-740x420.jpg","datePublished":"2025-06-23T15:34:00+00:00","author":{"@id":"https:\/\/kibrisdakik.com\/#\/schema\/person\/9cd9d437bbb44f72b73ba127e06d8e79"},"breadcrumb":{"@id":"https:\/\/kibrisdakik.com\/?p=85214#breadcrumb"},"inLanguage":"tr","potentialAction":[{"@type":"ReadAction","target":["https:\/\/kibrisdakik.com\/?p=85214"]}]},{"@type":"ImageObject","inLanguage":"tr","@id":"https:\/\/kibrisdakik.com\/?p=85214#primaryimage","url":"https:\/\/kibrisdakik.com\/wp-content\/uploads\/2025\/06\/v2yeniproje24_1750698132-740x420.jpg","contentUrl":"https:\/\/kibrisdakik.com\/wp-content\/uploads\/2025\/06\/v2yeniproje24_1750698132-740x420.jpg","width":971,"height":551},{"@type":"BreadcrumbList","@id":"https:\/\/kibrisdakik.com\/?p=85214#breadcrumb","itemListElement":[{"@type":"ListItem","position":1,"name":"Home","item":"https:\/\/kibrisdakik.com\/"},{"@type":"ListItem","position":2,"name":"\u0130ran ordusu Katar ve Irak\u2019taki ABD \u00fcslerine sald\u0131r\u0131 ba\u015flatt\u0131"}]},{"@type":"WebSite","@id":"https:\/\/kibrisdakik.com\/#website","url":"https:\/\/kibrisdakik.com\/","name":"","description":"Tam vaktinde haber","potentialAction":[{"@type":"SearchAction","target":{"@type":"EntryPoint","urlTemplate":"https:\/\/kibrisdakik.com\/?s={search_term_string}"},"query-input":{"@type":"PropertyValueSpecification","valueRequired":true,"valueName":"search_term_string"}}],"inLanguage":"tr"},{"@type":"Person","@id":"https:\/\/kibrisdakik.com\/#\/schema\/person\/9cd9d437bbb44f72b73ba127e06d8e79","name":"admin","image":{"@type":"ImageObject","inLanguage":"tr","@id":"https:\/\/secure.gravatar.com\/avatar\/ccc17943b9d660506c869530f897617f7cb1c21a4bf30023f252596d83e1f007?s=96&d=mm&r=g","url":"https:\/\/secure.gravatar.com\/avatar\/ccc17943b9d660506c869530f897617f7cb1c21a4bf30023f252596d83e1f007?s=96&d=mm&r=g","contentUrl":"https:\/\/secure.gravatar.com\/avatar\/ccc17943b9d660506c869530f897617f7cb1c21a4bf30023f252596d83e1f007?s=96&d=mm&r=g","caption":"admin"},"sameAs":["https:\/\/kibrisdakik.com"],"url":"https:\/\/kibrisdakik.com\/?author=1"}]}},"_links":{"self":[{"href":"https:\/\/kibrisdakik.com\/index.php?rest_route=\/wp\/v2\/posts\/85214","targetHints":{"allow":["GET"]}}],"collection":[{"href":"https:\/\/kibrisdakik.com\/index.php?rest_route=\/wp\/v2\/posts"}],"about":[{"href":"https:\/\/kibrisdakik.com\/index.php?rest_route=\/wp\/v2\/types\/post"}],"author":[{"embeddable":true,"href":"https:\/\/kibrisdakik.com\/index.php?rest_route=\/wp\/v2\/users\/1"}],"replies":[{"embeddable":true,"href":"https:\/\/kibrisdakik.com\/index.php?rest_route=%2Fwp%2Fv2%2Fcomments&post=85214"}],"version-history":[{"count":0,"href":"https:\/\/kibrisdakik.com\/index.php?rest_route=\/wp\/v2\/posts\/85214\/revisions"}],"wp:featuredmedia":[{"embeddable":true,"href":"https:\/\/kibrisdakik.com\/index.php?rest_route=\/wp\/v2\/media\/85215"}],"wp:attachment":[{"href":"https:\/\/kibrisdakik.com\/index.php?rest_route=%2Fwp%2Fv2%2Fmedia&parent=85214"}],"wp:term":[{"taxonomy":"category","embeddable":true,"href":"https:\/\/kibrisdakik.com\/index.php?rest_route=%2Fwp%2Fv2%2Fcategories&post=85214"},{"taxonomy":"post_tag","embeddable":true,"href":"https:\/\/kibrisdakik.com\/index.php?rest_route=%2Fwp%2Fv2%2Ftags&post=85214"}],"curies":[{"name":"wp","href":"https:\/\/api.w.org\/{rel}","templated":true}]}}