{"id":85216,"date":"2025-06-23T22:54:08","date_gmt":"2025-06-23T19:54:08","guid":{"rendered":"https:\/\/coral-rabbit-752605.hostingersite.com\/index.php\/2025\/06\/23\/meclis-genel-kurulu-toplantisi-sona-erdi-2\/"},"modified":"2025-06-23T22:54:08","modified_gmt":"2025-06-23T19:54:08","slug":"meclis-genel-kurulu-toplantisi-sona-erdi-2","status":"publish","type":"post","link":"https:\/\/kibrisdakik.com\/?p=85216","title":{"rendered":"Meclis Genel Kurulu toplant\u0131s\u0131 sona erdi"},"content":{"rendered":"<p><\/p>\n<div>\n<p>Cumhuriyet Meclisi Genel Kurulu, yasa tasar\u0131lar\u0131n\u0131n g\u00f6r\u00fc\u015f\u00fcl\u00fcp oylanmas\u0131yla bug\u00fcnk\u00fc \u00e7al\u0131\u015fmas\u0131n\u0131 tamamlad\u0131. Genel Kurul, \u00e7al\u0131\u015fmalar\u0131na yar\u0131n yap\u0131lacak oturumla devam edecek.<\/p>\n<p>Genel Kurul\u2019da Devlet Laboratuvar\u0131 (Kurulu\u015f, G\u00f6rev ve \u00c7al\u0131\u015fma Esaslar\u0131) (De\u011fi\u015fiklik) Yasa Tasar\u0131s\u0131 ve \u0130dari, Kamu ve Sa\u011fl\u0131k \u0130\u015fleri Komitesi\u2019nin Tasar\u0131\u2019ya ili\u015fkin Komite raporu okundu ve Tasar\u0131 madde madde g\u00f6r\u00fc\u015f\u00fcld\u00fc.<\/p>\n<p>Tasar\u0131\u2019n\u0131n ikinci g\u00f6r\u00fc\u015fmesinin sona ermesinin ard\u0131ndan \u00fc\u00e7\u00fcnc\u00fc g\u00f6r\u00fc\u015fmesine ge\u00e7ildi. Daha sonra Tasar\u0131\u2019n\u0131n b\u00fct\u00fcn\u00fc milletvekillerinin onay\u0131na sunuldu ve oy birli\u011fiyle kabul edildi.<\/p>\n<div class=\"des-g\"><a href=\"#\" class=\"rk\"><\/a><\/div>\n<p>Daha sonra Sakinlerin Kayd\u0131 (De\u011fi\u015fiklik) Yasa Tasar\u0131s\u0131 ve Hukuk, Siyasi \u0130\u015fler, D\u0131\u015f \u0130li\u015fkiler ve Savunma Komitesi\u2019nin Tasar\u0131ya ili\u015fkin Komite raporu okundu.<\/p>\n<div class=\"ads mobileg-g\">\n                                <center><a href=\"#\" class=\"rk\"><img decoding=\"async\" src=\"https:\/\/haberadam.temadam.com\/wp-content\/uploads\/2020\/12\/TZK8D0.png\" alt=\"\"\/><\/a><\/center>                            <\/div>\n<p>\u2013 Solyal\u0131<\/p>\n<p>Tasar\u0131 \u00fczerine s\u00f6z alan CTP Milletvekili \u00dcr\u00fcn Solyal\u0131, yasan\u0131n \u00f6nemli oldu\u011funu s\u00f6yledi.<\/p>\n<p>\u00dclkede n\u00fcfusun ne oldu\u011fu ve n\u00fcfusun alt da\u011f\u0131l\u0131mlar\u0131n\u0131n neler i\u00e7erdi\u011fiyle ilgili her zaman sorular y\u00f6nelttiklerini kaydeden Solyal\u0131, yasada tadilat istemi geldi\u011fini ve oylar\u0131n\u0131n olumlu oldu\u011funu ifade etti.<\/p>\n<p>Dijital devlet olma gere\u011fini hala T\u00dcRKSAT\u2019\u0131n elinden alabilmi\u015f bir devlet otoritesi g\u00fcndeme gelemedi\u011fini ileri s\u00fcren Solyal\u0131, h\u00fck\u00fcmete y\u00f6nelik ele\u015ftirilerde bulundu.<\/p>\n<div class=\"ads mobileg-g\">\n                                <center><a href=\"#\" class=\"rk\"><img decoding=\"async\" src=\"https:\/\/haberadam.temadam.com\/wp-content\/uploads\/2020\/12\/TZK8D0.png\" alt=\"\"\/><\/a><\/center>                            <\/div>\n<p>Bunu bir ad\u0131m olarak de\u011ferlendirdiklerini ama b\u00fct\u00fcn yasan\u0131n yeniden elden ge\u00e7irilmesi zorunlulu\u011funu da ortaya koyduklar\u0131n\u0131 dile getiren Solyal\u0131, n\u00fcfus bilgilerinin bu \u00fclkenin organizasyonunda ciddi bir veri ve de\u011fer oldu\u011funu s\u00f6yledi.<\/p>\n<p>Do\u011fru n\u00fcfus bilgisinin \u00f6nemli oldu\u011funu kaydeden Solyal\u0131, yasay\u0131 olumlu de\u011ferlendirdiklerini s\u00f6yledi.<\/p>\n<p>H\u00fck\u00fcmete vatanda\u015fl\u0131k rakamlar\u0131 konusunda ele\u015ftirilerde bulunan Solyal\u0131, baz\u0131 sorular y\u00f6neltti.<\/p>\n<p>\u2013 Bar\u00e7\u0131n<\/p>\n<p>CTP Milletvekili Devrim Bar\u00e7\u0131n da, Ba\u011f\u0131ms\u0131z Milletvekili Ay\u015feg\u00fcl Baybars\u2019\u0131n gerek d\u00f6rtl\u00fc h\u00fck\u00fcmet d\u00f6neminde gerekse UBP-HP d\u00f6neminde KKTC vatanda\u015f\u0131 say\u0131s\u0131n\u0131n ka\u00e7 oldu\u011funu defalarca k\u00fcrs\u00fcden s\u00f6yledi\u011fini an\u0131msatt\u0131.<\/p>\n<div class=\"des-g\"><a href=\"#\" class=\"rk\"><img decoding=\"async\" src=\"https:\/\/haberadam.temadam.com\/wp-content\/uploads\/2020\/12\/sit1.jpg\" alt=\"\"\/><\/a><\/div>\n<p>11 Haziran 2024\u2019te yaz\u0131l\u0131 bir soru \u00f6nergesi verdi\u011fini kaydeden Bar\u00e7\u0131n, say\u0131lara y\u00f6nelik bilgi talep etti\u011fini kaydetti.<\/p>\n<p>KKTC vatanda\u015f\u0131 say\u0131s\u0131n\u0131n ka\u00e7 oldu\u011fuyla ilgili sorular y\u00f6nelten Bar\u00e7\u0131n, \u00e7al\u0131\u015fma, i\u015f kurma, \u00f6\u011frenci, k\u0131sa d\u00f6nem ikamet izinli say\u0131s\u0131 ile ilgili veriler payla\u015ft\u0131.<\/p>\n<p>Ada\u2019daki turist vizeli say\u0131n\u0131n ka\u00e7 oldu\u011funu da soran Bar\u00e7\u0131n, ele\u015ftirilerde bulundu.<\/p>\n<p>\u201cKKTC vatanda\u015f\u0131 say\u0131s\u0131n\u0131 daha s\u00f6yleyemiyorlar. Ka\u00e7 tane, KKTC kimlik kartl\u0131 insan say\u0131s\u0131 vard\u0131r.\u201d diyen Bar\u00e7\u0131n, h\u00fck\u00fcmetin kendi vatanda\u015f say\u0131s\u0131n\u0131 dahi veremedi\u011fini ileri s\u00fcrd\u00fc.<\/p>\n<p>\u2013 O\u011fuz<\/p>\n<p>Ele\u015ftirilere yan\u0131t vermek i\u00e7in s\u00f6z alan \u0130\u00e7i\u015fleri Bakan\u0131 Dursun O\u011fuz, MAKS Projesi\u2019ne de\u011findi.<\/p>\n<p>N\u00fcfus ve KKTC vatanda\u015f\u0131 say\u0131lar\u0131yla ilgili konu\u015fan O\u011fuz, \u201cMakam, hizmet i\u00e7in tutulur.\u201d dedi.<\/p>\n<p>Ada\u2019daki turist vizeli say\u0131n\u0131n ka\u00e7 oldu\u011fuyla ilgili sorular\u0131 yan\u0131tlayan O\u011fuz, g\u00fcnl\u00fck turist vizesinin ne kadar oldu\u011fuyla ilgili bilgilere polis muhaceretten ula\u015f\u0131labilece\u011fini s\u00f6yledi.<\/p>\n<p>\u201c\u0130\u015fte \u00fclkede bu eksiklikleri konu\u015fmak laz\u0131m\u2026 Neden bunun alt yap\u0131lar yok, bunu konu\u015fmam\u0131z gerekiyor. Biz bunlar\u0131 yapmakla ilgili \u00e7al\u0131\u015f\u0131yoruz.\u201d diye konu\u015fan O\u011fuz, \u00fclkede izinsiz \u00e7al\u0131\u015fanlar konusuna da de\u011findi.<\/p>\n<p>\u00dclkenin n\u00fcfusuyla ilgili a\u00e7\u0131klama yapacak birimin belli oldu\u011funu kaydeden O\u011fuz, sorulara yan\u0131t verdi.<\/p>\n<p>O\u011fuz, 2024 y\u0131l\u0131nda ne kadar vatanda\u015f yap\u0131ld\u0131\u011f\u0131 ve k\u0131staslarla ilgili daha \u00f6nce bilgi verdiklerini s\u00f6yledi.<\/p>\n<p>CTP\u2019li baz\u0131 vekiller de yerinden s\u00f6z alarak \u201cKKTC vatanda\u015f\u0131 say\u0131s\u0131n\u0131n ne oldu\u011fuyla\u201d ilgili sorular y\u00f6neltti, ele\u015ftirilerde bulundu.<\/p>\n<p>\u2013 Solyal\u0131<\/p>\n<p>CTP Milletvekili \u00dcr\u00fcn Solyal\u0131, yeniden s\u00f6z alarak \u0130\u00e7i\u015fleri Bakan\u0131\u2019na y\u00f6nelik ele\u015ftirilerde bulundu.<\/p>\n<p>\u201cKKTC vatanda\u015f\u0131 say\u0131s\u0131yla ilgili\u201d sorular\u0131n\u0131n \u00e7ok a\u00e7\u0131k ve net olmas\u0131na ra\u011fmen sorular\u0131na yan\u0131t alamad\u0131klar\u0131n\u0131 ifade eden Solyal\u0131, ka\u00e7amak cevaplar verildi\u011fini savundu.<\/p>\n<p>Solyal\u0131, yasan\u0131n \u00fclkedeki b\u00fct\u00fcn sakinleri kaydetme sorumlulu\u011fu ve zorunlu\u011fu verdi\u011fini belirtti.<\/p>\n<p>Yerinden s\u00f6z alan \u0130\u00e7i\u015fleri Bakan\u0131 Dursun O\u011fuz da, \u201cN\u00fcfus say\u0131n\u0131n\u0131 s\u00f6ylemeyince koltuk doldurmuyor mu oluyor?. Bir tek o mudur sizin k\u0131stas\u0131n\u0131z?\u201d diye sordu.<\/p>\n<p>Konu\u015fmalar\u0131n ard\u0131ndan Yasa Tasar\u0131s\u0131\u2019n\u0131n madde madde g\u00f6r\u00fc\u015f\u00fclmesine ge\u00e7ildi.<\/p>\n<p>Tasar\u0131\u2019n\u0131n ikinci g\u00f6r\u00fc\u015fmesinin sona ermesinin ard\u0131ndan \u00fc\u00e7\u00fcnc\u00fc g\u00f6r\u00fc\u015fmesine ge\u00e7ildi. Daha sonra Tasar\u0131\u2019n\u0131n b\u00fct\u00fcn\u00fc milletvekillerinin onay\u0131na sunuldu ve oy birli\u011fiyle kabul edildi.<\/p>\n<p>Bir sonraki birle\u015fim gruplar aras\u0131 kararla\u015ft\u0131r\u0131lan mutabakat gere\u011fi yar\u0131n saat 14.00\u2019te yap\u0131lacak.<\/p>\n<\/div>\n<p><script async\n                    defer\n                    crossorigin=\"anonymous\"\n                    src=\"https:\/\/connect.facebook.net\/tr_TR\/sdk.js#xfbml=1&#038;version=v3.3\"\n            ><\/script><\/p>\n","protected":false},"excerpt":{"rendered":"<p>Cumhuriyet Meclisi Genel Kurulu, yasa tasar\u0131lar\u0131n\u0131n g\u00f6r\u00fc\u015f\u00fcl\u00fcp oylanmas\u0131yla bug\u00fcnk\u00fc \u00e7al\u0131\u015fmas\u0131n\u0131 tamamlad\u0131. Genel Kurul, \u00e7al\u0131\u015fmalar\u0131na yar\u0131n yap\u0131lacak oturumla devam edecek. Genel Kurul\u2019da Devlet Laboratuvar\u0131 (Kurulu\u015f, G\u00f6rev ve \u00c7al\u0131\u015fma Esaslar\u0131) (De\u011fi\u015fiklik) Yasa Tasar\u0131s\u0131 ve \u0130dari, Kamu ve Sa\u011fl\u0131k \u0130\u015fleri Komitesi\u2019nin Tasar\u0131\u2019ya ili\u015fkin Komite raporu okundu ve Tasar\u0131 madde madde g\u00f6r\u00fc\u015f\u00fcld\u00fc. Tasar\u0131\u2019n\u0131n ikinci g\u00f6r\u00fc\u015fmesinin sona ermesinin ard\u0131ndan \u00fc\u00e7\u00fcnc\u00fc<\/p>\n","protected":false},"author":1,"featured_media":85217,"comment_status":"open","ping_status":"open","sticky":false,"template":"","format":"standard","meta":{"footnotes":""},"categories":[1,101],"tags":[],"class_list":["post-85216","post","type-post","status-publish","format-standard","has-post-thumbnail","hentry","category-gundem","category-manset"],"yoast_head":"<!-- This site is optimized with the Yoast SEO plugin v27.5 - https:\/\/yoast.com\/product\/yoast-seo-wordpress\/ -->\n<title>Meclis Genel Kurulu toplant\u0131s\u0131 sona erdi -<\/title>\n<meta name=\"robots\" content=\"index, follow, max-snippet:-1, max-image-preview:large, max-video-preview:-1\" \/>\n<link rel=\"canonical\" href=\"https:\/\/kibrisdakik.com\/?p=85216\" \/>\n<meta property=\"og:locale\" content=\"tr_TR\" \/>\n<meta property=\"og:type\" content=\"article\" \/>\n<meta property=\"og:title\" content=\"Meclis Genel Kurulu toplant\u0131s\u0131 sona erdi -\" \/>\n<meta property=\"og:description\" content=\"Cumhuriyet Meclisi Genel Kurulu, yasa tasar\u0131lar\u0131n\u0131n g\u00f6r\u00fc\u015f\u00fcl\u00fcp oylanmas\u0131yla bug\u00fcnk\u00fc \u00e7al\u0131\u015fmas\u0131n\u0131 tamamlad\u0131. Genel Kurul, \u00e7al\u0131\u015fmalar\u0131na yar\u0131n yap\u0131lacak oturumla devam edecek. Genel Kurul\u2019da Devlet Laboratuvar\u0131 (Kurulu\u015f, G\u00f6rev ve \u00c7al\u0131\u015fma Esaslar\u0131) (De\u011fi\u015fiklik) Yasa Tasar\u0131s\u0131 ve \u0130dari, Kamu ve Sa\u011fl\u0131k \u0130\u015fleri Komitesi\u2019nin Tasar\u0131\u2019ya ili\u015fkin Komite raporu okundu ve Tasar\u0131 madde madde g\u00f6r\u00fc\u015f\u00fcld\u00fc. Tasar\u0131\u2019n\u0131n ikinci g\u00f6r\u00fc\u015fmesinin sona ermesinin ard\u0131ndan \u00fc\u00e7\u00fcnc\u00fc\" \/>\n<meta property=\"og:url\" content=\"https:\/\/kibrisdakik.com\/?p=85216\" \/>\n<meta property=\"article:published_time\" content=\"2025-06-23T19:54:08+00:00\" \/>\n<meta property=\"og:image\" content=\"https:\/\/kibrisdakik.com\/wp-content\/uploads\/2025\/06\/1750689687970meclis2-scaled-740x420.jpeg\" \/>\n\t<meta property=\"og:image:width\" content=\"2560\" \/>\n\t<meta property=\"og:image:height\" content=\"1707\" \/>\n\t<meta property=\"og:image:type\" content=\"image\/jpeg\" \/>\n<meta name=\"author\" content=\"admin\" \/>\n<meta name=\"twitter:card\" content=\"summary_large_image\" \/>\n<meta name=\"twitter:label1\" content=\"Yazan:\" \/>\n\t<meta name=\"twitter:data1\" content=\"admin\" \/>\n\t<meta name=\"twitter:label2\" content=\"Tahmini okuma s\u00fcresi\" \/>\n\t<meta name=\"twitter:data2\" content=\"4 dakika\" \/>\n<script type=\"application\/ld+json\" class=\"yoast-schema-graph\">{\"@context\":\"https:\\\/\\\/schema.org\",\"@graph\":[{\"@type\":\"Article\",\"@id\":\"https:\\\/\\\/kibrisdakik.com\\\/?p=85216#article\",\"isPartOf\":{\"@id\":\"https:\\\/\\\/kibrisdakik.com\\\/?p=85216\"},\"author\":{\"name\":\"admin\",\"@id\":\"https:\\\/\\\/kibrisdakik.com\\\/#\\\/schema\\\/person\\\/9cd9d437bbb44f72b73ba127e06d8e79\"},\"headline\":\"Meclis Genel Kurulu toplant\u0131s\u0131 sona erdi\",\"datePublished\":\"2025-06-23T19:54:08+00:00\",\"mainEntityOfPage\":{\"@id\":\"https:\\\/\\\/kibrisdakik.com\\\/?p=85216\"},\"wordCount\":812,\"commentCount\":0,\"image\":{\"@id\":\"https:\\\/\\\/kibrisdakik.com\\\/?p=85216#primaryimage\"},\"thumbnailUrl\":\"https:\\\/\\\/kibrisdakik.com\\\/wp-content\\\/uploads\\\/2025\\\/06\\\/1750689687970meclis2-scaled-740x420.jpeg\",\"articleSection\":[\"G\u00fcndem\",\"Man\u015fet\"],\"inLanguage\":\"tr\",\"potentialAction\":[{\"@type\":\"CommentAction\",\"name\":\"Comment\",\"target\":[\"https:\\\/\\\/kibrisdakik.com\\\/?p=85216#respond\"]}]},{\"@type\":\"WebPage\",\"@id\":\"https:\\\/\\\/kibrisdakik.com\\\/?p=85216\",\"url\":\"https:\\\/\\\/kibrisdakik.com\\\/?p=85216\",\"name\":\"Meclis Genel Kurulu toplant\u0131s\u0131 sona erdi -\",\"isPartOf\":{\"@id\":\"https:\\\/\\\/kibrisdakik.com\\\/#website\"},\"primaryImageOfPage\":{\"@id\":\"https:\\\/\\\/kibrisdakik.com\\\/?p=85216#primaryimage\"},\"image\":{\"@id\":\"https:\\\/\\\/kibrisdakik.com\\\/?p=85216#primaryimage\"},\"thumbnailUrl\":\"https:\\\/\\\/kibrisdakik.com\\\/wp-content\\\/uploads\\\/2025\\\/06\\\/1750689687970meclis2-scaled-740x420.jpeg\",\"datePublished\":\"2025-06-23T19:54:08+00:00\",\"author\":{\"@id\":\"https:\\\/\\\/kibrisdakik.com\\\/#\\\/schema\\\/person\\\/9cd9d437bbb44f72b73ba127e06d8e79\"},\"breadcrumb\":{\"@id\":\"https:\\\/\\\/kibrisdakik.com\\\/?p=85216#breadcrumb\"},\"inLanguage\":\"tr\",\"potentialAction\":[{\"@type\":\"ReadAction\",\"target\":[\"https:\\\/\\\/kibrisdakik.com\\\/?p=85216\"]}]},{\"@type\":\"ImageObject\",\"inLanguage\":\"tr\",\"@id\":\"https:\\\/\\\/kibrisdakik.com\\\/?p=85216#primaryimage\",\"url\":\"https:\\\/\\\/kibrisdakik.com\\\/wp-content\\\/uploads\\\/2025\\\/06\\\/1750689687970meclis2-scaled-740x420.jpeg\",\"contentUrl\":\"https:\\\/\\\/kibrisdakik.com\\\/wp-content\\\/uploads\\\/2025\\\/06\\\/1750689687970meclis2-scaled-740x420.jpeg\",\"width\":2560,\"height\":1707},{\"@type\":\"BreadcrumbList\",\"@id\":\"https:\\\/\\\/kibrisdakik.com\\\/?p=85216#breadcrumb\",\"itemListElement\":[{\"@type\":\"ListItem\",\"position\":1,\"name\":\"Home\",\"item\":\"https:\\\/\\\/kibrisdakik.com\\\/\"},{\"@type\":\"ListItem\",\"position\":2,\"name\":\"Meclis Genel Kurulu toplant\u0131s\u0131 sona erdi\"}]},{\"@type\":\"WebSite\",\"@id\":\"https:\\\/\\\/kibrisdakik.com\\\/#website\",\"url\":\"https:\\\/\\\/kibrisdakik.com\\\/\",\"name\":\"\",\"description\":\"Tam vaktinde haber\",\"potentialAction\":[{\"@type\":\"SearchAction\",\"target\":{\"@type\":\"EntryPoint\",\"urlTemplate\":\"https:\\\/\\\/kibrisdakik.com\\\/?s={search_term_string}\"},\"query-input\":{\"@type\":\"PropertyValueSpecification\",\"valueRequired\":true,\"valueName\":\"search_term_string\"}}],\"inLanguage\":\"tr\"},{\"@type\":\"Person\",\"@id\":\"https:\\\/\\\/kibrisdakik.com\\\/#\\\/schema\\\/person\\\/9cd9d437bbb44f72b73ba127e06d8e79\",\"name\":\"admin\",\"image\":{\"@type\":\"ImageObject\",\"inLanguage\":\"tr\",\"@id\":\"https:\\\/\\\/secure.gravatar.com\\\/avatar\\\/ccc17943b9d660506c869530f897617f7cb1c21a4bf30023f252596d83e1f007?s=96&d=mm&r=g\",\"url\":\"https:\\\/\\\/secure.gravatar.com\\\/avatar\\\/ccc17943b9d660506c869530f897617f7cb1c21a4bf30023f252596d83e1f007?s=96&d=mm&r=g\",\"contentUrl\":\"https:\\\/\\\/secure.gravatar.com\\\/avatar\\\/ccc17943b9d660506c869530f897617f7cb1c21a4bf30023f252596d83e1f007?s=96&d=mm&r=g\",\"caption\":\"admin\"},\"sameAs\":[\"https:\\\/\\\/kibrisdakik.com\"],\"url\":\"https:\\\/\\\/kibrisdakik.com\\\/?author=1\"}]}<\/script>\n<!-- \/ Yoast SEO plugin. -->","yoast_head_json":{"title":"Meclis Genel Kurulu toplant\u0131s\u0131 sona erdi -","robots":{"index":"index","follow":"follow","max-snippet":"max-snippet:-1","max-image-preview":"max-image-preview:large","max-video-preview":"max-video-preview:-1"},"canonical":"https:\/\/kibrisdakik.com\/?p=85216","og_locale":"tr_TR","og_type":"article","og_title":"Meclis Genel Kurulu toplant\u0131s\u0131 sona erdi -","og_description":"Cumhuriyet Meclisi Genel Kurulu, yasa tasar\u0131lar\u0131n\u0131n g\u00f6r\u00fc\u015f\u00fcl\u00fcp oylanmas\u0131yla bug\u00fcnk\u00fc \u00e7al\u0131\u015fmas\u0131n\u0131 tamamlad\u0131. Genel Kurul, \u00e7al\u0131\u015fmalar\u0131na yar\u0131n yap\u0131lacak oturumla devam edecek. Genel Kurul\u2019da Devlet Laboratuvar\u0131 (Kurulu\u015f, G\u00f6rev ve \u00c7al\u0131\u015fma Esaslar\u0131) (De\u011fi\u015fiklik) Yasa Tasar\u0131s\u0131 ve \u0130dari, Kamu ve Sa\u011fl\u0131k \u0130\u015fleri Komitesi\u2019nin Tasar\u0131\u2019ya ili\u015fkin Komite raporu okundu ve Tasar\u0131 madde madde g\u00f6r\u00fc\u015f\u00fcld\u00fc. Tasar\u0131\u2019n\u0131n ikinci g\u00f6r\u00fc\u015fmesinin sona ermesinin ard\u0131ndan \u00fc\u00e7\u00fcnc\u00fc","og_url":"https:\/\/kibrisdakik.com\/?p=85216","article_published_time":"2025-06-23T19:54:08+00:00","og_image":[{"width":2560,"height":1707,"url":"https:\/\/kibrisdakik.com\/wp-content\/uploads\/2025\/06\/1750689687970meclis2-scaled-740x420.jpeg","type":"image\/jpeg"}],"author":"admin","twitter_card":"summary_large_image","twitter_misc":{"Yazan:":"admin","Tahmini okuma s\u00fcresi":"4 dakika"},"schema":{"@context":"https:\/\/schema.org","@graph":[{"@type":"Article","@id":"https:\/\/kibrisdakik.com\/?p=85216#article","isPartOf":{"@id":"https:\/\/kibrisdakik.com\/?p=85216"},"author":{"name":"admin","@id":"https:\/\/kibrisdakik.com\/#\/schema\/person\/9cd9d437bbb44f72b73ba127e06d8e79"},"headline":"Meclis Genel Kurulu toplant\u0131s\u0131 sona erdi","datePublished":"2025-06-23T19:54:08+00:00","mainEntityOfPage":{"@id":"https:\/\/kibrisdakik.com\/?p=85216"},"wordCount":812,"commentCount":0,"image":{"@id":"https:\/\/kibrisdakik.com\/?p=85216#primaryimage"},"thumbnailUrl":"https:\/\/kibrisdakik.com\/wp-content\/uploads\/2025\/06\/1750689687970meclis2-scaled-740x420.jpeg","articleSection":["G\u00fcndem","Man\u015fet"],"inLanguage":"tr","potentialAction":[{"@type":"CommentAction","name":"Comment","target":["https:\/\/kibrisdakik.com\/?p=85216#respond"]}]},{"@type":"WebPage","@id":"https:\/\/kibrisdakik.com\/?p=85216","url":"https:\/\/kibrisdakik.com\/?p=85216","name":"Meclis Genel Kurulu toplant\u0131s\u0131 sona erdi -","isPartOf":{"@id":"https:\/\/kibrisdakik.com\/#website"},"primaryImageOfPage":{"@id":"https:\/\/kibrisdakik.com\/?p=85216#primaryimage"},"image":{"@id":"https:\/\/kibrisdakik.com\/?p=85216#primaryimage"},"thumbnailUrl":"https:\/\/kibrisdakik.com\/wp-content\/uploads\/2025\/06\/1750689687970meclis2-scaled-740x420.jpeg","datePublished":"2025-06-23T19:54:08+00:00","author":{"@id":"https:\/\/kibrisdakik.com\/#\/schema\/person\/9cd9d437bbb44f72b73ba127e06d8e79"},"breadcrumb":{"@id":"https:\/\/kibrisdakik.com\/?p=85216#breadcrumb"},"inLanguage":"tr","potentialAction":[{"@type":"ReadAction","target":["https:\/\/kibrisdakik.com\/?p=85216"]}]},{"@type":"ImageObject","inLanguage":"tr","@id":"https:\/\/kibrisdakik.com\/?p=85216#primaryimage","url":"https:\/\/kibrisdakik.com\/wp-content\/uploads\/2025\/06\/1750689687970meclis2-scaled-740x420.jpeg","contentUrl":"https:\/\/kibrisdakik.com\/wp-content\/uploads\/2025\/06\/1750689687970meclis2-scaled-740x420.jpeg","width":2560,"height":1707},{"@type":"BreadcrumbList","@id":"https:\/\/kibrisdakik.com\/?p=85216#breadcrumb","itemListElement":[{"@type":"ListItem","position":1,"name":"Home","item":"https:\/\/kibrisdakik.com\/"},{"@type":"ListItem","position":2,"name":"Meclis Genel Kurulu toplant\u0131s\u0131 sona erdi"}]},{"@type":"WebSite","@id":"https:\/\/kibrisdakik.com\/#website","url":"https:\/\/kibrisdakik.com\/","name":"","description":"Tam vaktinde haber","potentialAction":[{"@type":"SearchAction","target":{"@type":"EntryPoint","urlTemplate":"https:\/\/kibrisdakik.com\/?s={search_term_string}"},"query-input":{"@type":"PropertyValueSpecification","valueRequired":true,"valueName":"search_term_string"}}],"inLanguage":"tr"},{"@type":"Person","@id":"https:\/\/kibrisdakik.com\/#\/schema\/person\/9cd9d437bbb44f72b73ba127e06d8e79","name":"admin","image":{"@type":"ImageObject","inLanguage":"tr","@id":"https:\/\/secure.gravatar.com\/avatar\/ccc17943b9d660506c869530f897617f7cb1c21a4bf30023f252596d83e1f007?s=96&d=mm&r=g","url":"https:\/\/secure.gravatar.com\/avatar\/ccc17943b9d660506c869530f897617f7cb1c21a4bf30023f252596d83e1f007?s=96&d=mm&r=g","contentUrl":"https:\/\/secure.gravatar.com\/avatar\/ccc17943b9d660506c869530f897617f7cb1c21a4bf30023f252596d83e1f007?s=96&d=mm&r=g","caption":"admin"},"sameAs":["https:\/\/kibrisdakik.com"],"url":"https:\/\/kibrisdakik.com\/?author=1"}]}},"_links":{"self":[{"href":"https:\/\/kibrisdakik.com\/index.php?rest_route=\/wp\/v2\/posts\/85216","targetHints":{"allow":["GET"]}}],"collection":[{"href":"https:\/\/kibrisdakik.com\/index.php?rest_route=\/wp\/v2\/posts"}],"about":[{"href":"https:\/\/kibrisdakik.com\/index.php?rest_route=\/wp\/v2\/types\/post"}],"author":[{"embeddable":true,"href":"https:\/\/kibrisdakik.com\/index.php?rest_route=\/wp\/v2\/users\/1"}],"replies":[{"embeddable":true,"href":"https:\/\/kibrisdakik.com\/index.php?rest_route=%2Fwp%2Fv2%2Fcomments&post=85216"}],"version-history":[{"count":0,"href":"https:\/\/kibrisdakik.com\/index.php?rest_route=\/wp\/v2\/posts\/85216\/revisions"}],"wp:featuredmedia":[{"embeddable":true,"href":"https:\/\/kibrisdakik.com\/index.php?rest_route=\/wp\/v2\/media\/85217"}],"wp:attachment":[{"href":"https:\/\/kibrisdakik.com\/index.php?rest_route=%2Fwp%2Fv2%2Fmedia&parent=85216"}],"wp:term":[{"taxonomy":"category","embeddable":true,"href":"https:\/\/kibrisdakik.com\/index.php?rest_route=%2Fwp%2Fv2%2Fcategories&post=85216"},{"taxonomy":"post_tag","embeddable":true,"href":"https:\/\/kibrisdakik.com\/index.php?rest_route=%2Fwp%2Fv2%2Ftags&post=85216"}],"curies":[{"name":"wp","href":"https:\/\/api.w.org\/{rel}","templated":true}]}}