{"id":85228,"date":"2025-06-24T02:07:19","date_gmt":"2025-06-23T23:07:19","guid":{"rendered":"https:\/\/coral-rabbit-752605.hostingersite.com\/index.php\/2025\/06\/24\/kutuphaneciler-derneginden-meclis-kutuphanesine-ziyaret\/"},"modified":"2025-06-24T02:07:19","modified_gmt":"2025-06-23T23:07:19","slug":"kutuphaneciler-derneginden-meclis-kutuphanesine-ziyaret","status":"publish","type":"post","link":"https:\/\/kibrisdakik.com\/?p=85228","title":{"rendered":"K\u00fct\u00fcphaneciler Derne\u011fi\u2019nden Meclis K\u00fct\u00fcphanesi\u2019ne ziyaret"},"content":{"rendered":"<p><\/p>\n<div>\n<p>K\u0131br\u0131s T\u00fcrk K\u00fct\u00fcphaneciler Derne\u011fi, Cumhuriyet Meclisi yeni binas\u0131nda hizmet vermeye ba\u015flayan Meclis K\u00fct\u00fcphanesi\u2019ni ziyaret etti.<\/p>\n<p>Dernekten verilen bilgiye g\u00f6re, heyet Meclis K\u00fct\u00fcphanesi\u2019nin fiziksel alan\u0131n\u0131 ve teknik donan\u0131m\u0131n\u0131 yerinde inceleyerek, y\u00fcr\u00fct\u00fclen \u00e7al\u0131\u015fmalar hakk\u0131nda yetkililerden bilgi ald\u0131.<\/p>\n<p>Ziyarette kamusal bilgi hizmetlerinin g\u00fc\u00e7lendirilmesi, k\u00fct\u00fcphaneler aras\u0131 i\u015f birli\u011finin art\u0131r\u0131lmas\u0131 ve kullan\u0131c\u0131 odakl\u0131 hizmet modelleri \u00fczerinde g\u00f6r\u00fc\u015f al\u0131\u015fveri\u015finde bulunuldu.<\/p>\n<div class=\"des-g\"><a href=\"#\" class=\"rk\"><\/a><\/div>\n<p>K\u0131br\u0131s T\u00fcrk K\u00fct\u00fcphaneciler Derne\u011fi heyeti, \u00fclke genelindeki bilgi merkezleriyle ili\u015fkilerini s\u00fcrd\u00fcrmeye ve g\u00fc\u00e7lendirmeye devam edece\u011fini vurgularken, Meclis K\u00fct\u00fcphanesi\u2019nin demokratik s\u00fcre\u00e7lere bilgi temelli katk\u0131 sa\u011flayan \u00f6nemli bir yap\u0131 ta\u015f\u0131 oldu\u011funu ifade etti.<\/p>\n<div class=\"ads mobileg-g\">\n                                <center><a href=\"#\" class=\"rk\"><img decoding=\"async\" src=\"https:\/\/haberadam.temadam.com\/wp-content\/uploads\/2020\/12\/TZK8D0.png\" alt=\"\"\/><\/a><\/center>                            <\/div>\n<\/div>\n<p><script async\n                    defer\n                    crossorigin=\"anonymous\"\n                    src=\"https:\/\/connect.facebook.net\/tr_TR\/sdk.js#xfbml=1&#038;version=v3.3\"\n            ><\/script><\/p>\n","protected":false},"excerpt":{"rendered":"<p>K\u0131br\u0131s T\u00fcrk K\u00fct\u00fcphaneciler Derne\u011fi, Cumhuriyet Meclisi yeni binas\u0131nda hizmet vermeye ba\u015flayan Meclis K\u00fct\u00fcphanesi\u2019ni ziyaret etti. Dernekten verilen bilgiye g\u00f6re, heyet Meclis K\u00fct\u00fcphanesi\u2019nin fiziksel alan\u0131n\u0131 ve teknik donan\u0131m\u0131n\u0131 yerinde inceleyerek, y\u00fcr\u00fct\u00fclen \u00e7al\u0131\u015fmalar hakk\u0131nda yetkililerden bilgi ald\u0131. Ziyarette kamusal bilgi hizmetlerinin g\u00fc\u00e7lendirilmesi, k\u00fct\u00fcphaneler aras\u0131 i\u015f birli\u011finin art\u0131r\u0131lmas\u0131 ve kullan\u0131c\u0131 odakl\u0131 hizmet modelleri \u00fczerinde g\u00f6r\u00fc\u015f al\u0131\u015fveri\u015finde bulunuldu. K\u0131br\u0131s<\/p>\n","protected":false},"author":1,"featured_media":85229,"comment_status":"open","ping_status":"open","sticky":false,"template":"","format":"standard","meta":{"footnotes":""},"categories":[1,101],"tags":[],"class_list":["post-85228","post","type-post","status-publish","format-standard","has-post-thumbnail","hentry","category-gundem","category-manset"],"yoast_head":"<!-- This site is optimized with the Yoast SEO plugin v27.5 - https:\/\/yoast.com\/product\/yoast-seo-wordpress\/ -->\n<title>K\u00fct\u00fcphaneciler Derne\u011fi\u2019nden Meclis K\u00fct\u00fcphanesi\u2019ne ziyaret -<\/title>\n<meta name=\"robots\" content=\"index, follow, max-snippet:-1, max-image-preview:large, max-video-preview:-1\" \/>\n<link rel=\"canonical\" href=\"https:\/\/kibrisdakik.com\/?p=85228\" \/>\n<meta property=\"og:locale\" content=\"tr_TR\" \/>\n<meta property=\"og:type\" content=\"article\" \/>\n<meta property=\"og:title\" content=\"K\u00fct\u00fcphaneciler Derne\u011fi\u2019nden Meclis K\u00fct\u00fcphanesi\u2019ne ziyaret -\" \/>\n<meta property=\"og:description\" content=\"K\u0131br\u0131s T\u00fcrk K\u00fct\u00fcphaneciler Derne\u011fi, Cumhuriyet Meclisi yeni binas\u0131nda hizmet vermeye ba\u015flayan Meclis K\u00fct\u00fcphanesi\u2019ni ziyaret etti. Dernekten verilen bilgiye g\u00f6re, heyet Meclis K\u00fct\u00fcphanesi\u2019nin fiziksel alan\u0131n\u0131 ve teknik donan\u0131m\u0131n\u0131 yerinde inceleyerek, y\u00fcr\u00fct\u00fclen \u00e7al\u0131\u015fmalar hakk\u0131nda yetkililerden bilgi ald\u0131. Ziyarette kamusal bilgi hizmetlerinin g\u00fc\u00e7lendirilmesi, k\u00fct\u00fcphaneler aras\u0131 i\u015f birli\u011finin art\u0131r\u0131lmas\u0131 ve kullan\u0131c\u0131 odakl\u0131 hizmet modelleri \u00fczerinde g\u00f6r\u00fc\u015f al\u0131\u015fveri\u015finde bulunuldu. K\u0131br\u0131s\" \/>\n<meta property=\"og:url\" content=\"https:\/\/kibrisdakik.com\/?p=85228\" \/>\n<meta property=\"article:published_time\" content=\"2025-06-23T23:07:19+00:00\" \/>\n<meta property=\"og:image\" content=\"https:\/\/kibrisdakik.com\/wp-content\/uploads\/2025\/06\/uououuoouuo-740x420.jpg\" \/>\n\t<meta property=\"og:image:width\" content=\"1189\" \/>\n\t<meta property=\"og:image:height\" content=\"892\" \/>\n\t<meta property=\"og:image:type\" content=\"image\/jpeg\" \/>\n<meta name=\"author\" content=\"admin\" \/>\n<meta name=\"twitter:card\" content=\"summary_large_image\" \/>\n<meta name=\"twitter:label1\" content=\"Yazan:\" \/>\n\t<meta name=\"twitter:data1\" content=\"admin\" \/>\n\t<meta name=\"twitter:label2\" content=\"Tahmini okuma s\u00fcresi\" \/>\n\t<meta name=\"twitter:data2\" content=\"1 dakika\" \/>\n<script type=\"application\/ld+json\" class=\"yoast-schema-graph\">{\"@context\":\"https:\\\/\\\/schema.org\",\"@graph\":[{\"@type\":\"Article\",\"@id\":\"https:\\\/\\\/kibrisdakik.com\\\/?p=85228#article\",\"isPartOf\":{\"@id\":\"https:\\\/\\\/kibrisdakik.com\\\/?p=85228\"},\"author\":{\"name\":\"admin\",\"@id\":\"https:\\\/\\\/kibrisdakik.com\\\/#\\\/schema\\\/person\\\/9cd9d437bbb44f72b73ba127e06d8e79\"},\"headline\":\"K\u00fct\u00fcphaneciler Derne\u011fi\u2019nden Meclis K\u00fct\u00fcphanesi\u2019ne ziyaret\",\"datePublished\":\"2025-06-23T23:07:19+00:00\",\"mainEntityOfPage\":{\"@id\":\"https:\\\/\\\/kibrisdakik.com\\\/?p=85228\"},\"wordCount\":148,\"commentCount\":0,\"image\":{\"@id\":\"https:\\\/\\\/kibrisdakik.com\\\/?p=85228#primaryimage\"},\"thumbnailUrl\":\"https:\\\/\\\/kibrisdakik.com\\\/wp-content\\\/uploads\\\/2025\\\/06\\\/uououuoouuo-740x420.jpg\",\"articleSection\":[\"G\u00fcndem\",\"Man\u015fet\"],\"inLanguage\":\"tr\",\"potentialAction\":[{\"@type\":\"CommentAction\",\"name\":\"Comment\",\"target\":[\"https:\\\/\\\/kibrisdakik.com\\\/?p=85228#respond\"]}]},{\"@type\":\"WebPage\",\"@id\":\"https:\\\/\\\/kibrisdakik.com\\\/?p=85228\",\"url\":\"https:\\\/\\\/kibrisdakik.com\\\/?p=85228\",\"name\":\"K\u00fct\u00fcphaneciler Derne\u011fi\u2019nden Meclis K\u00fct\u00fcphanesi\u2019ne ziyaret -\",\"isPartOf\":{\"@id\":\"https:\\\/\\\/kibrisdakik.com\\\/#website\"},\"primaryImageOfPage\":{\"@id\":\"https:\\\/\\\/kibrisdakik.com\\\/?p=85228#primaryimage\"},\"image\":{\"@id\":\"https:\\\/\\\/kibrisdakik.com\\\/?p=85228#primaryimage\"},\"thumbnailUrl\":\"https:\\\/\\\/kibrisdakik.com\\\/wp-content\\\/uploads\\\/2025\\\/06\\\/uououuoouuo-740x420.jpg\",\"datePublished\":\"2025-06-23T23:07:19+00:00\",\"author\":{\"@id\":\"https:\\\/\\\/kibrisdakik.com\\\/#\\\/schema\\\/person\\\/9cd9d437bbb44f72b73ba127e06d8e79\"},\"breadcrumb\":{\"@id\":\"https:\\\/\\\/kibrisdakik.com\\\/?p=85228#breadcrumb\"},\"inLanguage\":\"tr\",\"potentialAction\":[{\"@type\":\"ReadAction\",\"target\":[\"https:\\\/\\\/kibrisdakik.com\\\/?p=85228\"]}]},{\"@type\":\"ImageObject\",\"inLanguage\":\"tr\",\"@id\":\"https:\\\/\\\/kibrisdakik.com\\\/?p=85228#primaryimage\",\"url\":\"https:\\\/\\\/kibrisdakik.com\\\/wp-content\\\/uploads\\\/2025\\\/06\\\/uououuoouuo-740x420.jpg\",\"contentUrl\":\"https:\\\/\\\/kibrisdakik.com\\\/wp-content\\\/uploads\\\/2025\\\/06\\\/uououuoouuo-740x420.jpg\",\"width\":1189,\"height\":892},{\"@type\":\"BreadcrumbList\",\"@id\":\"https:\\\/\\\/kibrisdakik.com\\\/?p=85228#breadcrumb\",\"itemListElement\":[{\"@type\":\"ListItem\",\"position\":1,\"name\":\"Home\",\"item\":\"https:\\\/\\\/kibrisdakik.com\\\/\"},{\"@type\":\"ListItem\",\"position\":2,\"name\":\"K\u00fct\u00fcphaneciler Derne\u011fi\u2019nden Meclis K\u00fct\u00fcphanesi\u2019ne ziyaret\"}]},{\"@type\":\"WebSite\",\"@id\":\"https:\\\/\\\/kibrisdakik.com\\\/#website\",\"url\":\"https:\\\/\\\/kibrisdakik.com\\\/\",\"name\":\"\",\"description\":\"Tam vaktinde haber\",\"potentialAction\":[{\"@type\":\"SearchAction\",\"target\":{\"@type\":\"EntryPoint\",\"urlTemplate\":\"https:\\\/\\\/kibrisdakik.com\\\/?s={search_term_string}\"},\"query-input\":{\"@type\":\"PropertyValueSpecification\",\"valueRequired\":true,\"valueName\":\"search_term_string\"}}],\"inLanguage\":\"tr\"},{\"@type\":\"Person\",\"@id\":\"https:\\\/\\\/kibrisdakik.com\\\/#\\\/schema\\\/person\\\/9cd9d437bbb44f72b73ba127e06d8e79\",\"name\":\"admin\",\"image\":{\"@type\":\"ImageObject\",\"inLanguage\":\"tr\",\"@id\":\"https:\\\/\\\/secure.gravatar.com\\\/avatar\\\/ccc17943b9d660506c869530f897617f7cb1c21a4bf30023f252596d83e1f007?s=96&d=mm&r=g\",\"url\":\"https:\\\/\\\/secure.gravatar.com\\\/avatar\\\/ccc17943b9d660506c869530f897617f7cb1c21a4bf30023f252596d83e1f007?s=96&d=mm&r=g\",\"contentUrl\":\"https:\\\/\\\/secure.gravatar.com\\\/avatar\\\/ccc17943b9d660506c869530f897617f7cb1c21a4bf30023f252596d83e1f007?s=96&d=mm&r=g\",\"caption\":\"admin\"},\"sameAs\":[\"https:\\\/\\\/kibrisdakik.com\"],\"url\":\"https:\\\/\\\/kibrisdakik.com\\\/?author=1\"}]}<\/script>\n<!-- \/ Yoast SEO plugin. -->","yoast_head_json":{"title":"K\u00fct\u00fcphaneciler Derne\u011fi\u2019nden Meclis K\u00fct\u00fcphanesi\u2019ne ziyaret -","robots":{"index":"index","follow":"follow","max-snippet":"max-snippet:-1","max-image-preview":"max-image-preview:large","max-video-preview":"max-video-preview:-1"},"canonical":"https:\/\/kibrisdakik.com\/?p=85228","og_locale":"tr_TR","og_type":"article","og_title":"K\u00fct\u00fcphaneciler Derne\u011fi\u2019nden Meclis K\u00fct\u00fcphanesi\u2019ne ziyaret -","og_description":"K\u0131br\u0131s T\u00fcrk K\u00fct\u00fcphaneciler Derne\u011fi, Cumhuriyet Meclisi yeni binas\u0131nda hizmet vermeye ba\u015flayan Meclis K\u00fct\u00fcphanesi\u2019ni ziyaret etti. Dernekten verilen bilgiye g\u00f6re, heyet Meclis K\u00fct\u00fcphanesi\u2019nin fiziksel alan\u0131n\u0131 ve teknik donan\u0131m\u0131n\u0131 yerinde inceleyerek, y\u00fcr\u00fct\u00fclen \u00e7al\u0131\u015fmalar hakk\u0131nda yetkililerden bilgi ald\u0131. Ziyarette kamusal bilgi hizmetlerinin g\u00fc\u00e7lendirilmesi, k\u00fct\u00fcphaneler aras\u0131 i\u015f birli\u011finin art\u0131r\u0131lmas\u0131 ve kullan\u0131c\u0131 odakl\u0131 hizmet modelleri \u00fczerinde g\u00f6r\u00fc\u015f al\u0131\u015fveri\u015finde bulunuldu. K\u0131br\u0131s","og_url":"https:\/\/kibrisdakik.com\/?p=85228","article_published_time":"2025-06-23T23:07:19+00:00","og_image":[{"width":1189,"height":892,"url":"https:\/\/kibrisdakik.com\/wp-content\/uploads\/2025\/06\/uououuoouuo-740x420.jpg","type":"image\/jpeg"}],"author":"admin","twitter_card":"summary_large_image","twitter_misc":{"Yazan:":"admin","Tahmini okuma s\u00fcresi":"1 dakika"},"schema":{"@context":"https:\/\/schema.org","@graph":[{"@type":"Article","@id":"https:\/\/kibrisdakik.com\/?p=85228#article","isPartOf":{"@id":"https:\/\/kibrisdakik.com\/?p=85228"},"author":{"name":"admin","@id":"https:\/\/kibrisdakik.com\/#\/schema\/person\/9cd9d437bbb44f72b73ba127e06d8e79"},"headline":"K\u00fct\u00fcphaneciler Derne\u011fi\u2019nden Meclis K\u00fct\u00fcphanesi\u2019ne ziyaret","datePublished":"2025-06-23T23:07:19+00:00","mainEntityOfPage":{"@id":"https:\/\/kibrisdakik.com\/?p=85228"},"wordCount":148,"commentCount":0,"image":{"@id":"https:\/\/kibrisdakik.com\/?p=85228#primaryimage"},"thumbnailUrl":"https:\/\/kibrisdakik.com\/wp-content\/uploads\/2025\/06\/uououuoouuo-740x420.jpg","articleSection":["G\u00fcndem","Man\u015fet"],"inLanguage":"tr","potentialAction":[{"@type":"CommentAction","name":"Comment","target":["https:\/\/kibrisdakik.com\/?p=85228#respond"]}]},{"@type":"WebPage","@id":"https:\/\/kibrisdakik.com\/?p=85228","url":"https:\/\/kibrisdakik.com\/?p=85228","name":"K\u00fct\u00fcphaneciler Derne\u011fi\u2019nden Meclis K\u00fct\u00fcphanesi\u2019ne ziyaret -","isPartOf":{"@id":"https:\/\/kibrisdakik.com\/#website"},"primaryImageOfPage":{"@id":"https:\/\/kibrisdakik.com\/?p=85228#primaryimage"},"image":{"@id":"https:\/\/kibrisdakik.com\/?p=85228#primaryimage"},"thumbnailUrl":"https:\/\/kibrisdakik.com\/wp-content\/uploads\/2025\/06\/uououuoouuo-740x420.jpg","datePublished":"2025-06-23T23:07:19+00:00","author":{"@id":"https:\/\/kibrisdakik.com\/#\/schema\/person\/9cd9d437bbb44f72b73ba127e06d8e79"},"breadcrumb":{"@id":"https:\/\/kibrisdakik.com\/?p=85228#breadcrumb"},"inLanguage":"tr","potentialAction":[{"@type":"ReadAction","target":["https:\/\/kibrisdakik.com\/?p=85228"]}]},{"@type":"ImageObject","inLanguage":"tr","@id":"https:\/\/kibrisdakik.com\/?p=85228#primaryimage","url":"https:\/\/kibrisdakik.com\/wp-content\/uploads\/2025\/06\/uououuoouuo-740x420.jpg","contentUrl":"https:\/\/kibrisdakik.com\/wp-content\/uploads\/2025\/06\/uououuoouuo-740x420.jpg","width":1189,"height":892},{"@type":"BreadcrumbList","@id":"https:\/\/kibrisdakik.com\/?p=85228#breadcrumb","itemListElement":[{"@type":"ListItem","position":1,"name":"Home","item":"https:\/\/kibrisdakik.com\/"},{"@type":"ListItem","position":2,"name":"K\u00fct\u00fcphaneciler Derne\u011fi\u2019nden Meclis K\u00fct\u00fcphanesi\u2019ne ziyaret"}]},{"@type":"WebSite","@id":"https:\/\/kibrisdakik.com\/#website","url":"https:\/\/kibrisdakik.com\/","name":"","description":"Tam vaktinde haber","potentialAction":[{"@type":"SearchAction","target":{"@type":"EntryPoint","urlTemplate":"https:\/\/kibrisdakik.com\/?s={search_term_string}"},"query-input":{"@type":"PropertyValueSpecification","valueRequired":true,"valueName":"search_term_string"}}],"inLanguage":"tr"},{"@type":"Person","@id":"https:\/\/kibrisdakik.com\/#\/schema\/person\/9cd9d437bbb44f72b73ba127e06d8e79","name":"admin","image":{"@type":"ImageObject","inLanguage":"tr","@id":"https:\/\/secure.gravatar.com\/avatar\/ccc17943b9d660506c869530f897617f7cb1c21a4bf30023f252596d83e1f007?s=96&d=mm&r=g","url":"https:\/\/secure.gravatar.com\/avatar\/ccc17943b9d660506c869530f897617f7cb1c21a4bf30023f252596d83e1f007?s=96&d=mm&r=g","contentUrl":"https:\/\/secure.gravatar.com\/avatar\/ccc17943b9d660506c869530f897617f7cb1c21a4bf30023f252596d83e1f007?s=96&d=mm&r=g","caption":"admin"},"sameAs":["https:\/\/kibrisdakik.com"],"url":"https:\/\/kibrisdakik.com\/?author=1"}]}},"_links":{"self":[{"href":"https:\/\/kibrisdakik.com\/index.php?rest_route=\/wp\/v2\/posts\/85228","targetHints":{"allow":["GET"]}}],"collection":[{"href":"https:\/\/kibrisdakik.com\/index.php?rest_route=\/wp\/v2\/posts"}],"about":[{"href":"https:\/\/kibrisdakik.com\/index.php?rest_route=\/wp\/v2\/types\/post"}],"author":[{"embeddable":true,"href":"https:\/\/kibrisdakik.com\/index.php?rest_route=\/wp\/v2\/users\/1"}],"replies":[{"embeddable":true,"href":"https:\/\/kibrisdakik.com\/index.php?rest_route=%2Fwp%2Fv2%2Fcomments&post=85228"}],"version-history":[{"count":0,"href":"https:\/\/kibrisdakik.com\/index.php?rest_route=\/wp\/v2\/posts\/85228\/revisions"}],"wp:featuredmedia":[{"embeddable":true,"href":"https:\/\/kibrisdakik.com\/index.php?rest_route=\/wp\/v2\/media\/85229"}],"wp:attachment":[{"href":"https:\/\/kibrisdakik.com\/index.php?rest_route=%2Fwp%2Fv2%2Fmedia&parent=85228"}],"wp:term":[{"taxonomy":"category","embeddable":true,"href":"https:\/\/kibrisdakik.com\/index.php?rest_route=%2Fwp%2Fv2%2Fcategories&post=85228"},{"taxonomy":"post_tag","embeddable":true,"href":"https:\/\/kibrisdakik.com\/index.php?rest_route=%2Fwp%2Fv2%2Ftags&post=85228"}],"curies":[{"name":"wp","href":"https:\/\/api.w.org\/{rel}","templated":true}]}}