{"id":85250,"date":"2025-06-26T14:45:37","date_gmt":"2025-06-26T11:45:37","guid":{"rendered":"https:\/\/kibrisdakik.com\/index.php\/2025\/06\/26\/cumhurbaskani-tatar-londrada-doughty-ile-gorustu\/"},"modified":"2025-06-26T14:45:37","modified_gmt":"2025-06-26T11:45:37","slug":"cumhurbaskani-tatar-londrada-doughty-ile-gorustu","status":"publish","type":"post","link":"https:\/\/kibrisdakik.com\/?p=85250","title":{"rendered":"Cumhurba\u015fkan\u0131 Tatar, Londra\u2019da Doughty ile g\u00f6r\u00fc\u015ft\u00fc"},"content":{"rendered":"<p><\/p>\n<div>\n<p>\nCumhurba\u015fkan\u0131 Ersin Tatar, Londra ziyareti kapsam\u0131nda Birle\u015fik Krall\u0131k Avrupa Bakan\u0131 Stephen Doughty ile g\u00f6r\u00fc\u015ft\u00fc.<\/p>\n<p>Cumhurba\u015fkanl\u0131\u011f\u0131ndan verilen bilgiye g\u00f6re, \u0130ngiltere Parlamentosu\u2019ndaki g\u00f6r\u00fc\u015fme, Temmuz ay\u0131nda planlanan K\u0131br\u0131s konulu gayriresm\u00ee toplant\u0131 \u00f6ncesinde yap\u0131ld\u0131.<\/p>\n<p>Cumhurba\u015fkan\u0131 Ersin Tatar, g\u00f6r\u00fc\u015fmenin olduk\u00e7a verimli ge\u00e7ti\u011fini belirterek, son geli\u015fmelere ili\u015fkin g\u00f6r\u00fc\u015f ve endi\u015felerini dile getirme f\u0131rsat\u0131 buldu\u011funu s\u00f6yledi. Diyalo\u011fu her zaman destekledi\u011fini ifade eden Tatar, resmi bir \u00e7\u00f6z\u00fcm olmasa da ge\u00e7mi\u015fle gelecek aras\u0131nda bir k\u00f6pr\u00fc kurulmas\u0131 gerekti\u011fine inand\u0131\u011f\u0131n\u0131 vurgulad\u0131. Ancak bunun i\u00e7in kar\u015f\u0131l\u0131kl\u0131 sayg\u0131n\u0131n \u015fart oldu\u011funu belirten Tatar, Rum taraf\u0131n\u0131n h\u00e2l\u00e2 kendisini adan\u0131n tek yasal h\u00fck\u00fcmeti olarak g\u00f6rd\u00fc\u011f\u00fcn\u00fc, oysa K\u0131br\u0131s T\u00fcrk halk\u0131n\u0131n kendi devleti, demokrasisi ve devlet kurumlar\u0131 bulundu\u011funu kaydetti.<\/p>\n<div class=\"des-g\"><a href=\"#\" class=\"rk\"><\/a><\/div>\n<p>Bunlar\u0131n g\u00f6z ard\u0131 edilemeyece\u011fini s\u00f6yleyen Tatar, \u201cGelecekteki herhangi bir \u00e7\u00f6z\u00fcm, egemen e\u015fitli\u011fe ve e\u015fit uluslararas\u0131 stat\u00fcye dayal\u0131 iki devlet temelinde olmal\u0131d\u0131r. 60 y\u0131ll\u0131k federal \u00e7\u00f6z\u00fcm aray\u0131\u015f\u0131n\u0131n ba\u015far\u0131s\u0131z olmas\u0131 sonras\u0131, art\u0131k i\u015f birli\u011fi ve iyi kom\u015fuluk ili\u015fkilerine dayal\u0131 yeni bir sayfa a\u00e7man\u0131n zaman\u0131 gelmi\u015ftir\u201d \u015feklinde devam etti.<\/p>\n<div class=\"ads mobileg-g\">\n                                <center><a href=\"#\" class=\"rk\"><img decoding=\"async\" src=\"https:\/\/haberadam.temadam.com\/wp-content\/uploads\/2020\/12\/TZK8D0.png\" alt=\"\"\/><\/a><\/center>                            <\/div>\n<p>Stephen Doughty ile yapt\u0131\u011f\u0131 g\u00f6r\u00fc\u015fmenin odak noktas\u0131n\u0131n, bir sonraki gayriresm\u00ee K\u0131br\u0131s toplant\u0131s\u0131na y\u00f6nelik haz\u0131rl\u0131klar oldu\u011funu belirten ve mart ay\u0131nda Cenevre\u2019de yap\u0131lan ikili g\u00f6r\u00fc\u015fmeye de de\u011finen Cumhurba\u015fkan\u0131 Tatar, Cenevre\u2019de Rum liderli\u011finin K\u0131br\u0131s T\u00fcrk halk\u0131na kar\u015f\u0131 ta\u015f\u0131nmaz mallar \u00fczerinden y\u00fcr\u00fctt\u00fc\u011f\u00fc d\u00fc\u015fmanca ve sindirme ama\u00e7l\u0131 uygulamalara dair ciddi endi\u015felerini dile getirdi\u011fini belirtti.<\/p>\n<p>\u2013 \u201cCenevre\u2019de mutab\u0131k kal\u0131nan alt\u0131 konuda ivme yaratma \u00e7abalar\u0131 baltalan\u0131yor\u201d<\/p>\n<p>Cenevre d\u00f6n\u00fc\u015f\u00fcnde bu uygulamalar\u0131n art\u0131\u015f g\u00f6sterdi\u011fini ifade eden Tatar, tutuklamalar ve yasal bask\u0131lar da dahil olmak \u00fczere do\u011frudan ekonomiyi hedef alan geli\u015fmeler ya\u015fand\u0131\u011f\u0131n\u0131 s\u00f6yledi. Cumhurba\u015fkan\u0131 Tatar, bu durumlar\u0131n, Birle\u015fmi\u015f Milletler Genel Sekreteri\u2019nin Cenevre\u2019de \u00fczerinde mutab\u0131k kal\u0131nan alt\u0131 konuda yeni bir ivme yaratma \u00e7abalar\u0131n\u0131 baltalad\u0131\u011f\u0131n\u0131 vurgulad\u0131.<\/p>\n<p>Ta\u015f\u0131nmaz mallara ili\u015fkin etkili bir yerel hukuki \u00e7\u00f6z\u00fcm mekanizmas\u0131 olan Ta\u015f\u0131nmaz Mal Komisyonu\u2019nun (TMK) bulundu\u011funu ve bu mekanizman\u0131n Avrupa \u0130nsan Haklar\u0131 Mahkemesi taraf\u0131ndan da onayland\u0131\u011f\u0131n\u0131 ifade eden Tatar \u015f\u00f6yle devam etti:<\/p>\n<div class=\"ads mobileg-g\">\n                                <center><a href=\"#\" class=\"rk\"><img decoding=\"async\" src=\"https:\/\/haberadam.temadam.com\/wp-content\/uploads\/2020\/12\/TZK8D0.png\" alt=\"\"\/><\/a><\/center>                            <\/div>\n<p>\u201cTMK, tazminat, takas veya iade esaslar\u0131na dayal\u0131 bir hukuki \u00e7\u00f6z\u00fcm sunmaktad\u0131r. Buna ra\u011fmen, Rum liderli\u011fi tutuklamalar\u0131 ba\u015flatarak ve cezai sorumlulu\u011fu geni\u015fletmek \u00fczere ceza yasas\u0131nda de\u011fi\u015fiklik yaparak gerginli\u011fi t\u0131rmand\u0131rm\u0131\u015ft\u0131r. Bu uygulamalar, K\u0131br\u0131s T\u00fcrk halk\u0131 aras\u0131nda b\u00fcy\u00fck bir \u00f6fke yaratm\u0131\u015ft\u0131r ve derhal son bulmal\u0131d\u0131r\u201d<\/p>\n<p>Cenevre\u2019deki gayriresm\u00ee toplant\u0131da taraflar\u0131n alt\u0131 i\u015f birli\u011fi inisiyatifi \u00fczerinde mutab\u0131k kald\u0131\u011f\u0131n\u0131 hat\u0131rlatan Cumhurba\u015fkan\u0131 Tatar, \u201cBM Genel Sekreteri bu giri\u015fimleri anlaml\u0131 bir ilerleme ve yeni bir atmosfer olarak memnuniyetle kar\u015f\u0131lam\u0131\u015ft\u0131. Gen\u00e7lik Teknik Komitesi, mezarl\u0131k restorasyonu ve iklim de\u011fi\u015fikli\u011fi konular\u0131nda ilerleme sa\u011flad\u0131k. Ancak Rum liderli\u011fi, bu yeni \u00e7abay\u0131 baltalayan politikalarda \u0131srar etmektedir\u201d ifadelerini kulland\u0131.<\/p>\n<p>\u2013 \u201cRum taraf\u0131 BM Genel Sekreteri\u2019nin olumlu atmosfer vurgusunu zedeleyen ad\u0131mlar atmaya devam ediyor\u201d<\/p>\n<p>Cumhurba\u015fkan\u0131 Ersin Tatar, BM Genel Sekreteri\u2019nin Ki\u015fisel Temsilcisi Mar\u00eda \u00c1ngela Holgu\u00edn\u2019in yeniden g\u00f6revlendirilmesine de\u011finerek, \u201cTemsilci Holgu\u00edn\u2019in \u00e7abalar\u0131na ra\u011fmen, Rum taraf\u0131 Genel Sekreter\u2019in olumlu atmosfer vurgusunu zedeleyen ad\u0131mlar atmaya devam etmektedir\u201d ifadelerini kulland\u0131.<\/p>\n<p>Tatar, yeni ge\u00e7i\u015f kap\u0131lar\u0131n\u0131n a\u00e7\u0131lmas\u0131n\u0131n \u00f6nemine de vurgu yaparak, Haspolat ve Ak\u0131nc\u0131lar\u2019da ge\u00e7i\u015f kap\u0131s\u0131 a\u00e7\u0131lmas\u0131 y\u00f6n\u00fcndeki \u00f6nerisini yineledi. Bu \u00f6nerinin, \u00f6zellikle Metehan\u2019daki trafik yo\u011funlu\u011funu azaltmak a\u00e7\u0131s\u0131ndan \u00f6nemli oldu\u011funa dikkat \u00e7eken Tatar, ge\u00e7en y\u0131l sekiz milyon ge\u00e7i\u015fin kaydedildi\u011fini hat\u0131rlatt\u0131.<\/p>\n<div class=\"des-g\"><a href=\"#\" class=\"rk\"><img decoding=\"async\" src=\"https:\/\/haberadam.temadam.com\/wp-content\/uploads\/2020\/12\/sit1.jpg\" alt=\"\"\/><\/a><\/div>\n<p>Metehan\u2019daki yo\u011funlu\u011fun, her iki taraftaki ekonomik payda\u015flar ve halktan ortak talepler do\u011furdu\u011funu belirten Tatar, yap\u0131c\u0131 \u00f6nerilerine ra\u011fmen Rum taraf\u0131n\u0131n ge\u00e7i\u015f koridorlar\u0131nda \u0131srarc\u0131 bir tutum sergiledi\u011fini ifade etti.<\/p>\n<p>Rum taraf\u0131n\u0131n KKTC \u00fczerinden \u201cG\u00fcney\u2019den G\u00fcney\u2019e\u201d ge\u00e7i\u015f koridorlar\u0131 y\u00f6n\u00fcndeki tutumuna da de\u011finen Tatar, bunun Kuzey ile G\u00fcney aras\u0131nda bir ge\u00e7i\u015f noktas\u0131 te\u015fkil etmedi\u011fini vurgulad\u0131.<\/p>\n<p>-\u201cBirle\u015fik Krall\u0131k her iki tarafa da e\u015fit davranmal\u0131d\u0131r\u201d<\/p>\n<p>Cumhurba\u015fkan\u0131 Tatar, Birle\u015fik Krall\u0131k\u2019a, \u201cK\u0131br\u0131s T\u00fcrk halk\u0131na y\u00f6nelik politikas\u0131n\u0131 g\u00f6zden ge\u00e7irme\u201d \u00e7a\u011fr\u0131s\u0131nda bulunarak, garant\u00f6r \u00fclke olarak \u0130ngiltere\u2019nin her iki tarafa da e\u015fit davranma konusunda yasal ve ahlaki bir sorumlulu\u011fu bulundu\u011funun alt\u0131n\u0131 \u00e7izdi.<\/p>\n<p>Direkt u\u00e7u\u015flar, ticaret ve temas konular\u0131n\u0131 da g\u00fcndeme getiren Tatar, Nisan 2004\u2019teki Annan Plan\u0131 referandumunda K\u0131br\u0131s T\u00fcrk taraf\u0131n\u0131n y\u00fczde 65 ile plan\u0131 kabul etti\u011fini, Rum taraf\u0131n\u0131n ise y\u00fczde 76 ile reddetti\u011fini hat\u0131rlatarak, uluslararas\u0131 toplumun K\u0131br\u0131s T\u00fcrk halk\u0131na y\u00f6nelik izolasyonlar\u0131 sona erdirme s\u00f6z\u00fc verdi\u011fini belirtti.<\/p>\n<p>Tatar, s\u00f6zlerini Birle\u015fik Krall\u0131k\u2019a adadaki her iki tarafa da adil muamele ve garant\u00f6rl\u00fck sorumlulu\u011funu yerine getirme \u00e7a\u011fr\u0131s\u0131n\u0131 yineleyerek tamamlad\u0131.<\/p>\n<p>G\u00f6r\u00fc\u015fme s\u0131ras\u0131nda Cumhurba\u015fkan\u0131 Tatar\u2019a, KKTC\u2019nin Londra Temsilcisi \u00c7imen Keskin, Cumhurba\u015fkanl\u0131\u011f\u0131 yetkilisi Kerem Haser ve KKTC Temsilcili\u011fi\u2019nden Esma Ero\u011flu e\u015flik etti.<\/p>\n<\/div>\n<p><script async\n                    defer\n                    crossorigin=\"anonymous\"\n                    src=\"https:\/\/connect.facebook.net\/tr_TR\/sdk.js#xfbml=1&#038;version=v3.3\"\n            ><\/script><\/p>\n","protected":false},"excerpt":{"rendered":"<p>Cumhurba\u015fkan\u0131 Ersin Tatar, Londra ziyareti kapsam\u0131nda Birle\u015fik Krall\u0131k Avrupa Bakan\u0131 Stephen Doughty ile g\u00f6r\u00fc\u015ft\u00fc. Cumhurba\u015fkanl\u0131\u011f\u0131ndan verilen bilgiye g\u00f6re, \u0130ngiltere Parlamentosu\u2019ndaki g\u00f6r\u00fc\u015fme, Temmuz ay\u0131nda planlanan K\u0131br\u0131s konulu gayriresm\u00ee toplant\u0131 \u00f6ncesinde yap\u0131ld\u0131. Cumhurba\u015fkan\u0131 Ersin Tatar, g\u00f6r\u00fc\u015fmenin olduk\u00e7a verimli ge\u00e7ti\u011fini belirterek, son geli\u015fmelere ili\u015fkin g\u00f6r\u00fc\u015f ve endi\u015felerini dile getirme f\u0131rsat\u0131 buldu\u011funu s\u00f6yledi. Diyalo\u011fu her zaman destekledi\u011fini ifade eden<\/p>\n","protected":false},"author":1,"featured_media":85251,"comment_status":"open","ping_status":"open","sticky":false,"template":"","format":"standard","meta":{"footnotes":""},"categories":[1,101],"tags":[],"class_list":["post-85250","post","type-post","status-publish","format-standard","has-post-thumbnail","hentry","category-gundem","category-manset"],"yoast_head":"<!-- This site is optimized with the Yoast SEO plugin v27.4 - https:\/\/yoast.com\/product\/yoast-seo-wordpress\/ -->\n<title>Cumhurba\u015fkan\u0131 Tatar, Londra\u2019da Doughty ile g\u00f6r\u00fc\u015ft\u00fc -<\/title>\n<meta name=\"robots\" content=\"index, follow, max-snippet:-1, max-image-preview:large, max-video-preview:-1\" \/>\n<link rel=\"canonical\" href=\"https:\/\/kibrisdakik.com\/?p=85250\" \/>\n<meta property=\"og:locale\" content=\"tr_TR\" \/>\n<meta property=\"og:type\" content=\"article\" \/>\n<meta property=\"og:title\" content=\"Cumhurba\u015fkan\u0131 Tatar, Londra\u2019da Doughty ile g\u00f6r\u00fc\u015ft\u00fc -\" \/>\n<meta property=\"og:description\" content=\"Cumhurba\u015fkan\u0131 Ersin Tatar, Londra ziyareti kapsam\u0131nda Birle\u015fik Krall\u0131k Avrupa Bakan\u0131 Stephen Doughty ile g\u00f6r\u00fc\u015ft\u00fc. Cumhurba\u015fkanl\u0131\u011f\u0131ndan verilen bilgiye g\u00f6re, \u0130ngiltere Parlamentosu\u2019ndaki g\u00f6r\u00fc\u015fme, Temmuz ay\u0131nda planlanan K\u0131br\u0131s konulu gayriresm\u00ee toplant\u0131 \u00f6ncesinde yap\u0131ld\u0131. Cumhurba\u015fkan\u0131 Ersin Tatar, g\u00f6r\u00fc\u015fmenin olduk\u00e7a verimli ge\u00e7ti\u011fini belirterek, son geli\u015fmelere ili\u015fkin g\u00f6r\u00fc\u015f ve endi\u015felerini dile getirme f\u0131rsat\u0131 buldu\u011funu s\u00f6yledi. Diyalo\u011fu her zaman destekledi\u011fini ifade eden\" \/>\n<meta property=\"og:url\" content=\"https:\/\/kibrisdakik.com\/?p=85250\" \/>\n<meta property=\"article:published_time\" content=\"2025-06-26T11:45:37+00:00\" \/>\n<meta property=\"og:image\" content=\"https:\/\/kibrisdakik.com\/wp-content\/uploads\/2025\/06\/1750932168504CB-TATAR-AVRUPA-BAKANI-GORUSME1-740x420.jpeg\" \/>\n\t<meta property=\"og:image:width\" content=\"1600\" \/>\n\t<meta property=\"og:image:height\" content=\"900\" \/>\n\t<meta property=\"og:image:type\" content=\"image\/jpeg\" \/>\n<meta name=\"author\" content=\"admin\" \/>\n<meta name=\"twitter:card\" content=\"summary_large_image\" \/>\n<meta name=\"twitter:label1\" content=\"Yazan:\" \/>\n\t<meta name=\"twitter:data1\" content=\"admin\" \/>\n\t<meta name=\"twitter:label2\" content=\"Tahmini okuma s\u00fcresi\" \/>\n\t<meta name=\"twitter:data2\" content=\"5 dakika\" \/>\n<script type=\"application\/ld+json\" class=\"yoast-schema-graph\">{\"@context\":\"https:\\\/\\\/schema.org\",\"@graph\":[{\"@type\":\"Article\",\"@id\":\"https:\\\/\\\/kibrisdakik.com\\\/?p=85250#article\",\"isPartOf\":{\"@id\":\"https:\\\/\\\/kibrisdakik.com\\\/?p=85250\"},\"author\":{\"name\":\"admin\",\"@id\":\"https:\\\/\\\/kibrisdakik.com\\\/#\\\/schema\\\/person\\\/9cd9d437bbb44f72b73ba127e06d8e79\"},\"headline\":\"Cumhurba\u015fkan\u0131 Tatar, Londra\u2019da Doughty ile g\u00f6r\u00fc\u015ft\u00fc\",\"datePublished\":\"2025-06-26T11:45:37+00:00\",\"mainEntityOfPage\":{\"@id\":\"https:\\\/\\\/kibrisdakik.com\\\/?p=85250\"},\"wordCount\":977,\"commentCount\":0,\"image\":{\"@id\":\"https:\\\/\\\/kibrisdakik.com\\\/?p=85250#primaryimage\"},\"thumbnailUrl\":\"https:\\\/\\\/kibrisdakik.com\\\/wp-content\\\/uploads\\\/2025\\\/06\\\/1750932168504CB-TATAR-AVRUPA-BAKANI-GORUSME1-740x420.jpeg\",\"articleSection\":[\"G\u00fcndem\",\"Man\u015fet\"],\"inLanguage\":\"tr\",\"potentialAction\":[{\"@type\":\"CommentAction\",\"name\":\"Comment\",\"target\":[\"https:\\\/\\\/kibrisdakik.com\\\/?p=85250#respond\"]}]},{\"@type\":\"WebPage\",\"@id\":\"https:\\\/\\\/kibrisdakik.com\\\/?p=85250\",\"url\":\"https:\\\/\\\/kibrisdakik.com\\\/?p=85250\",\"name\":\"Cumhurba\u015fkan\u0131 Tatar, Londra\u2019da Doughty ile g\u00f6r\u00fc\u015ft\u00fc -\",\"isPartOf\":{\"@id\":\"https:\\\/\\\/kibrisdakik.com\\\/#website\"},\"primaryImageOfPage\":{\"@id\":\"https:\\\/\\\/kibrisdakik.com\\\/?p=85250#primaryimage\"},\"image\":{\"@id\":\"https:\\\/\\\/kibrisdakik.com\\\/?p=85250#primaryimage\"},\"thumbnailUrl\":\"https:\\\/\\\/kibrisdakik.com\\\/wp-content\\\/uploads\\\/2025\\\/06\\\/1750932168504CB-TATAR-AVRUPA-BAKANI-GORUSME1-740x420.jpeg\",\"datePublished\":\"2025-06-26T11:45:37+00:00\",\"author\":{\"@id\":\"https:\\\/\\\/kibrisdakik.com\\\/#\\\/schema\\\/person\\\/9cd9d437bbb44f72b73ba127e06d8e79\"},\"breadcrumb\":{\"@id\":\"https:\\\/\\\/kibrisdakik.com\\\/?p=85250#breadcrumb\"},\"inLanguage\":\"tr\",\"potentialAction\":[{\"@type\":\"ReadAction\",\"target\":[\"https:\\\/\\\/kibrisdakik.com\\\/?p=85250\"]}]},{\"@type\":\"ImageObject\",\"inLanguage\":\"tr\",\"@id\":\"https:\\\/\\\/kibrisdakik.com\\\/?p=85250#primaryimage\",\"url\":\"https:\\\/\\\/kibrisdakik.com\\\/wp-content\\\/uploads\\\/2025\\\/06\\\/1750932168504CB-TATAR-AVRUPA-BAKANI-GORUSME1-740x420.jpeg\",\"contentUrl\":\"https:\\\/\\\/kibrisdakik.com\\\/wp-content\\\/uploads\\\/2025\\\/06\\\/1750932168504CB-TATAR-AVRUPA-BAKANI-GORUSME1-740x420.jpeg\",\"width\":1600,\"height\":900},{\"@type\":\"BreadcrumbList\",\"@id\":\"https:\\\/\\\/kibrisdakik.com\\\/?p=85250#breadcrumb\",\"itemListElement\":[{\"@type\":\"ListItem\",\"position\":1,\"name\":\"Home\",\"item\":\"https:\\\/\\\/kibrisdakik.com\\\/\"},{\"@type\":\"ListItem\",\"position\":2,\"name\":\"Cumhurba\u015fkan\u0131 Tatar, Londra\u2019da Doughty ile g\u00f6r\u00fc\u015ft\u00fc\"}]},{\"@type\":\"WebSite\",\"@id\":\"https:\\\/\\\/kibrisdakik.com\\\/#website\",\"url\":\"https:\\\/\\\/kibrisdakik.com\\\/\",\"name\":\"\",\"description\":\"Tam vaktinde haber\",\"potentialAction\":[{\"@type\":\"SearchAction\",\"target\":{\"@type\":\"EntryPoint\",\"urlTemplate\":\"https:\\\/\\\/kibrisdakik.com\\\/?s={search_term_string}\"},\"query-input\":{\"@type\":\"PropertyValueSpecification\",\"valueRequired\":true,\"valueName\":\"search_term_string\"}}],\"inLanguage\":\"tr\"},{\"@type\":\"Person\",\"@id\":\"https:\\\/\\\/kibrisdakik.com\\\/#\\\/schema\\\/person\\\/9cd9d437bbb44f72b73ba127e06d8e79\",\"name\":\"admin\",\"image\":{\"@type\":\"ImageObject\",\"inLanguage\":\"tr\",\"@id\":\"https:\\\/\\\/secure.gravatar.com\\\/avatar\\\/ccc17943b9d660506c869530f897617f7cb1c21a4bf30023f252596d83e1f007?s=96&d=mm&r=g\",\"url\":\"https:\\\/\\\/secure.gravatar.com\\\/avatar\\\/ccc17943b9d660506c869530f897617f7cb1c21a4bf30023f252596d83e1f007?s=96&d=mm&r=g\",\"contentUrl\":\"https:\\\/\\\/secure.gravatar.com\\\/avatar\\\/ccc17943b9d660506c869530f897617f7cb1c21a4bf30023f252596d83e1f007?s=96&d=mm&r=g\",\"caption\":\"admin\"},\"sameAs\":[\"https:\\\/\\\/kibrisdakik.com\"],\"url\":\"https:\\\/\\\/kibrisdakik.com\\\/?author=1\"}]}<\/script>\n<!-- \/ Yoast SEO plugin. -->","yoast_head_json":{"title":"Cumhurba\u015fkan\u0131 Tatar, Londra\u2019da Doughty ile g\u00f6r\u00fc\u015ft\u00fc -","robots":{"index":"index","follow":"follow","max-snippet":"max-snippet:-1","max-image-preview":"max-image-preview:large","max-video-preview":"max-video-preview:-1"},"canonical":"https:\/\/kibrisdakik.com\/?p=85250","og_locale":"tr_TR","og_type":"article","og_title":"Cumhurba\u015fkan\u0131 Tatar, Londra\u2019da Doughty ile g\u00f6r\u00fc\u015ft\u00fc -","og_description":"Cumhurba\u015fkan\u0131 Ersin Tatar, Londra ziyareti kapsam\u0131nda Birle\u015fik Krall\u0131k Avrupa Bakan\u0131 Stephen Doughty ile g\u00f6r\u00fc\u015ft\u00fc. Cumhurba\u015fkanl\u0131\u011f\u0131ndan verilen bilgiye g\u00f6re, \u0130ngiltere Parlamentosu\u2019ndaki g\u00f6r\u00fc\u015fme, Temmuz ay\u0131nda planlanan K\u0131br\u0131s konulu gayriresm\u00ee toplant\u0131 \u00f6ncesinde yap\u0131ld\u0131. Cumhurba\u015fkan\u0131 Ersin Tatar, g\u00f6r\u00fc\u015fmenin olduk\u00e7a verimli ge\u00e7ti\u011fini belirterek, son geli\u015fmelere ili\u015fkin g\u00f6r\u00fc\u015f ve endi\u015felerini dile getirme f\u0131rsat\u0131 buldu\u011funu s\u00f6yledi. Diyalo\u011fu her zaman destekledi\u011fini ifade eden","og_url":"https:\/\/kibrisdakik.com\/?p=85250","article_published_time":"2025-06-26T11:45:37+00:00","og_image":[{"width":1600,"height":900,"url":"https:\/\/kibrisdakik.com\/wp-content\/uploads\/2025\/06\/1750932168504CB-TATAR-AVRUPA-BAKANI-GORUSME1-740x420.jpeg","type":"image\/jpeg"}],"author":"admin","twitter_card":"summary_large_image","twitter_misc":{"Yazan:":"admin","Tahmini okuma s\u00fcresi":"5 dakika"},"schema":{"@context":"https:\/\/schema.org","@graph":[{"@type":"Article","@id":"https:\/\/kibrisdakik.com\/?p=85250#article","isPartOf":{"@id":"https:\/\/kibrisdakik.com\/?p=85250"},"author":{"name":"admin","@id":"https:\/\/kibrisdakik.com\/#\/schema\/person\/9cd9d437bbb44f72b73ba127e06d8e79"},"headline":"Cumhurba\u015fkan\u0131 Tatar, Londra\u2019da Doughty ile g\u00f6r\u00fc\u015ft\u00fc","datePublished":"2025-06-26T11:45:37+00:00","mainEntityOfPage":{"@id":"https:\/\/kibrisdakik.com\/?p=85250"},"wordCount":977,"commentCount":0,"image":{"@id":"https:\/\/kibrisdakik.com\/?p=85250#primaryimage"},"thumbnailUrl":"https:\/\/kibrisdakik.com\/wp-content\/uploads\/2025\/06\/1750932168504CB-TATAR-AVRUPA-BAKANI-GORUSME1-740x420.jpeg","articleSection":["G\u00fcndem","Man\u015fet"],"inLanguage":"tr","potentialAction":[{"@type":"CommentAction","name":"Comment","target":["https:\/\/kibrisdakik.com\/?p=85250#respond"]}]},{"@type":"WebPage","@id":"https:\/\/kibrisdakik.com\/?p=85250","url":"https:\/\/kibrisdakik.com\/?p=85250","name":"Cumhurba\u015fkan\u0131 Tatar, Londra\u2019da Doughty ile g\u00f6r\u00fc\u015ft\u00fc -","isPartOf":{"@id":"https:\/\/kibrisdakik.com\/#website"},"primaryImageOfPage":{"@id":"https:\/\/kibrisdakik.com\/?p=85250#primaryimage"},"image":{"@id":"https:\/\/kibrisdakik.com\/?p=85250#primaryimage"},"thumbnailUrl":"https:\/\/kibrisdakik.com\/wp-content\/uploads\/2025\/06\/1750932168504CB-TATAR-AVRUPA-BAKANI-GORUSME1-740x420.jpeg","datePublished":"2025-06-26T11:45:37+00:00","author":{"@id":"https:\/\/kibrisdakik.com\/#\/schema\/person\/9cd9d437bbb44f72b73ba127e06d8e79"},"breadcrumb":{"@id":"https:\/\/kibrisdakik.com\/?p=85250#breadcrumb"},"inLanguage":"tr","potentialAction":[{"@type":"ReadAction","target":["https:\/\/kibrisdakik.com\/?p=85250"]}]},{"@type":"ImageObject","inLanguage":"tr","@id":"https:\/\/kibrisdakik.com\/?p=85250#primaryimage","url":"https:\/\/kibrisdakik.com\/wp-content\/uploads\/2025\/06\/1750932168504CB-TATAR-AVRUPA-BAKANI-GORUSME1-740x420.jpeg","contentUrl":"https:\/\/kibrisdakik.com\/wp-content\/uploads\/2025\/06\/1750932168504CB-TATAR-AVRUPA-BAKANI-GORUSME1-740x420.jpeg","width":1600,"height":900},{"@type":"BreadcrumbList","@id":"https:\/\/kibrisdakik.com\/?p=85250#breadcrumb","itemListElement":[{"@type":"ListItem","position":1,"name":"Home","item":"https:\/\/kibrisdakik.com\/"},{"@type":"ListItem","position":2,"name":"Cumhurba\u015fkan\u0131 Tatar, Londra\u2019da Doughty ile g\u00f6r\u00fc\u015ft\u00fc"}]},{"@type":"WebSite","@id":"https:\/\/kibrisdakik.com\/#website","url":"https:\/\/kibrisdakik.com\/","name":"","description":"Tam vaktinde haber","potentialAction":[{"@type":"SearchAction","target":{"@type":"EntryPoint","urlTemplate":"https:\/\/kibrisdakik.com\/?s={search_term_string}"},"query-input":{"@type":"PropertyValueSpecification","valueRequired":true,"valueName":"search_term_string"}}],"inLanguage":"tr"},{"@type":"Person","@id":"https:\/\/kibrisdakik.com\/#\/schema\/person\/9cd9d437bbb44f72b73ba127e06d8e79","name":"admin","image":{"@type":"ImageObject","inLanguage":"tr","@id":"https:\/\/secure.gravatar.com\/avatar\/ccc17943b9d660506c869530f897617f7cb1c21a4bf30023f252596d83e1f007?s=96&d=mm&r=g","url":"https:\/\/secure.gravatar.com\/avatar\/ccc17943b9d660506c869530f897617f7cb1c21a4bf30023f252596d83e1f007?s=96&d=mm&r=g","contentUrl":"https:\/\/secure.gravatar.com\/avatar\/ccc17943b9d660506c869530f897617f7cb1c21a4bf30023f252596d83e1f007?s=96&d=mm&r=g","caption":"admin"},"sameAs":["https:\/\/kibrisdakik.com"],"url":"https:\/\/kibrisdakik.com\/?author=1"}]}},"_links":{"self":[{"href":"https:\/\/kibrisdakik.com\/index.php?rest_route=\/wp\/v2\/posts\/85250","targetHints":{"allow":["GET"]}}],"collection":[{"href":"https:\/\/kibrisdakik.com\/index.php?rest_route=\/wp\/v2\/posts"}],"about":[{"href":"https:\/\/kibrisdakik.com\/index.php?rest_route=\/wp\/v2\/types\/post"}],"author":[{"embeddable":true,"href":"https:\/\/kibrisdakik.com\/index.php?rest_route=\/wp\/v2\/users\/1"}],"replies":[{"embeddable":true,"href":"https:\/\/kibrisdakik.com\/index.php?rest_route=%2Fwp%2Fv2%2Fcomments&post=85250"}],"version-history":[{"count":0,"href":"https:\/\/kibrisdakik.com\/index.php?rest_route=\/wp\/v2\/posts\/85250\/revisions"}],"wp:featuredmedia":[{"embeddable":true,"href":"https:\/\/kibrisdakik.com\/index.php?rest_route=\/wp\/v2\/media\/85251"}],"wp:attachment":[{"href":"https:\/\/kibrisdakik.com\/index.php?rest_route=%2Fwp%2Fv2%2Fmedia&parent=85250"}],"wp:term":[{"taxonomy":"category","embeddable":true,"href":"https:\/\/kibrisdakik.com\/index.php?rest_route=%2Fwp%2Fv2%2Fcategories&post=85250"},{"taxonomy":"post_tag","embeddable":true,"href":"https:\/\/kibrisdakik.com\/index.php?rest_route=%2Fwp%2Fv2%2Ftags&post=85250"}],"curies":[{"name":"wp","href":"https:\/\/api.w.org\/{rel}","templated":true}]}}