{"id":85262,"date":"2025-06-26T17:48:56","date_gmt":"2025-06-26T14:48:56","guid":{"rendered":"https:\/\/coral-rabbit-752605.hostingersite.com\/index.php\/2025\/06\/26\/lefkosa-ortakoye-otizm-duyarli-parki-yapiliyor\/"},"modified":"2025-06-26T17:48:56","modified_gmt":"2025-06-26T14:48:56","slug":"lefkosa-ortakoye-otizm-duyarli-parki-yapiliyor","status":"publish","type":"post","link":"https:\/\/kibrisdakik.com\/?p=85262","title":{"rendered":"Lefko\u015fa Ortak\u00f6y\u2019e \u201cOtizm Duyarl\u0131 Park\u0131\u201d yap\u0131l\u0131yor"},"content":{"rendered":"<p><\/p>\n<div>\n<p>Lefko\u015fa Ortak\u00f6y\u2019de otizmli bireylere y\u00f6nelik Otizm Duyarl\u0131 Park \u2013 Duyu B\u00fct\u00fcnleme Park\u0131 yap\u0131l\u0131yor.<\/p>\n<p>2 bin 900 metrekarelik alanda yer alacak park i\u00e7in Lefko\u015fa T\u00fcrk Belediyesi (LTB), K\u0131br\u0131s Otizm Derne\u011fi (KODER) ve sponsor Vedat Erba\u015f protokol imzalad\u0131. LTB Yeni D\u00fcnya +1 Kafe\u2019de imzalanan protokole, LTB Ba\u015fkan\u0131 Mehmet Harmanc\u0131, sponsor Vedat Erba\u015f ad\u0131na Ali \u00c7\u0131nar ve K\u0131br\u0131s Otizm Derne\u011fi ad\u0131na Dernek Ba\u015fkan\u0131 Duygu G\u00f6ze Erg\u00f6knil imza koydu.<\/p>\n<p>LTB Teknik \u0130\u015fler ve Kentsel Tasar\u0131m Komisyonu ile Engelsiz protokole Lefko\u015fa Komisyonu toplant\u0131s\u0131nda al\u0131nan karar \u00e7er\u00e7evesinde yap\u0131lacak parkta KODER binas\u0131, \u00e7ok ama\u00e7l\u0131 salon, yar\u0131 a\u00e7\u0131k aktivite alanlar\u0131, duyusal b\u00fct\u00fcnleme alan\u0131, loku park\u0131 ve\u2060 ergoterapiye y\u00f6nelik \u00f6zel alanlar yer alacak.<\/p>\n<div class=\"des-g\"><a href=\"#\" class=\"rk\"><\/a><\/div>\n<p>-Harmanc\u0131: \u201cBu alan\u0131 hem kamuya kazand\u0131rmak, hem de \u00f6zel gereksinimli arkada\u015flar\u0131m\u0131z\u0131n hizmetine sunmaktan b\u00fcy\u00fck mutluluk duyuyoruz\u201d<\/p>\n<div class=\"ads mobileg-g\">\n                                <center><a href=\"#\" class=\"rk\"><img decoding=\"async\" src=\"https:\/\/haberadam.temadam.com\/wp-content\/uploads\/2020\/12\/TZK8D0.png\" alt=\"\"\/><\/a><\/center>                            <\/div>\n<p>LTB Ba\u015fkan\u0131 Mehmet Harmanc\u0131, t\u00f6rende yapt\u0131\u011f\u0131 konu\u015fmada, K\u0131br\u0131s Otizm Derne\u011fi vas\u0131tas\u0131 ve Vedat Erba\u015f\u2019\u0131n katk\u0131lar\u0131 ile LTB\u2019ye ait ye\u015fil alanda otizme duyarl\u0131 bir park yap\u0131m\u0131 i\u00e7in imza atman\u0131n mutlulu\u011funu ya\u015fad\u0131\u011f\u0131n\u0131 s\u00f6yledi.<\/p>\n<p>Harmanc\u0131, park projesinin hayata ge\u00e7irilmesinin dernek faaliyetlerinin bu alanda s\u00fcrd\u00fcr\u00fclmesine katk\u0131 sa\u011flayaca\u011f\u0131n\u0131 ve park\u0131n ayn\u0131 zamanda \u00f6zel gereksinimli \u00e7ocuklar ve gen\u00e7lerin aileleriyle bulu\u015fma noktas\u0131 olaca\u011f\u0131n\u0131 belirtti.<\/p>\n<p>\u201cBelediye olarak bizde bu alan\u0131 hem kamuya kazand\u0131rmak, hem de \u00f6zel gereksinimli arkada\u015flar\u0131m\u0131z\u0131n hizmetine sunmaktan b\u00fcy\u00fck bir mutluluk duyuyoruz.\u201d diyen Harmanc\u0131, \u201cDuyarl\u0131l\u0131klar\u0131 i\u00e7in hem dernek yetkililerine, hem de Vedat Erba\u015f ve Pasha Grubu\u2019na \u00e7ok te\u015fekk\u00fcr ediyorum. \u00dclkemize ve Lefko\u015fa\u2019ya hay\u0131rl\u0131 olmas\u0131n\u0131 dilerim. \u015eunu da belirtmek istiyorum ki bizler i\u00e7in bu imzay\u0131 Yeni D\u00fcnya +1 D\u00fcnya Kafe\u2019de atmak ayr\u0131 bir mutluluk kayna\u011f\u0131d\u0131r.\u201d diye konu\u015ftu.<\/p>\n<p>-\u00c7\u0131nar ve Erg\u00f6knil<\/p>\n<div class=\"ads mobileg-g\">\n                                <center><a href=\"#\" class=\"rk\"><img decoding=\"async\" src=\"https:\/\/haberadam.temadam.com\/wp-content\/uploads\/2020\/12\/TZK8D0.png\" alt=\"\"\/><\/a><\/center>                            <\/div>\n<p>Projeye sponsor olan Vedat Erba\u015f ad\u0131na s\u00f6zle\u015fmeye imza koyan Ali \u00c7\u0131nar ise yapt\u0131\u011f\u0131 konu\u015fmada b\u00f6yle anlaml\u0131 bir projenin i\u00e7inde olmaktan mutluluk duyduklar\u0131n\u0131 belirtti.<\/p>\n<p>K\u0131br\u0131s Otizm Derne\u011fi Ba\u015fkan\u0131 Duygu G\u00f6ze Erg\u00f6knil de \u00e7ok \u00f6nemli bir protokole imza koyduklar\u0131n\u0131 belirterek, Pa\u015fa Grup ad\u0131na Vedat Erba\u015f ile LTB Ba\u015fkan\u0131 Mehmet Harmanc\u0131\u2019ya ve ilgili teknik b\u00f6l\u00fcmlerde emek koyanlara te\u015fekk\u00fcr etti.<\/p>\n<\/div>\n<p><script async\n                    defer\n                    crossorigin=\"anonymous\"\n                    src=\"https:\/\/connect.facebook.net\/tr_TR\/sdk.js#xfbml=1&#038;version=v3.3\"\n            ><\/script><\/p>\n","protected":false},"excerpt":{"rendered":"<p>Lefko\u015fa Ortak\u00f6y\u2019de otizmli bireylere y\u00f6nelik Otizm Duyarl\u0131 Park \u2013 Duyu B\u00fct\u00fcnleme Park\u0131 yap\u0131l\u0131yor. 2 bin 900 metrekarelik alanda yer alacak park i\u00e7in Lefko\u015fa T\u00fcrk Belediyesi (LTB), K\u0131br\u0131s Otizm Derne\u011fi (KODER) ve sponsor Vedat Erba\u015f protokol imzalad\u0131. LTB Yeni D\u00fcnya +1 Kafe\u2019de imzalanan protokole, LTB Ba\u015fkan\u0131 Mehmet Harmanc\u0131, sponsor Vedat Erba\u015f ad\u0131na Ali \u00c7\u0131nar ve K\u0131br\u0131s<\/p>\n","protected":false},"author":1,"featured_media":85263,"comment_status":"open","ping_status":"open","sticky":false,"template":"","format":"standard","meta":{"footnotes":""},"categories":[1,101],"tags":[],"class_list":["post-85262","post","type-post","status-publish","format-standard","has-post-thumbnail","hentry","category-gundem","category-manset"],"yoast_head":"<!-- This site is optimized with the Yoast SEO plugin v27.5 - https:\/\/yoast.com\/product\/yoast-seo-wordpress\/ -->\n<title>Lefko\u015fa Ortak\u00f6y\u2019e \u201cOtizm Duyarl\u0131 Park\u0131\u201d yap\u0131l\u0131yor -<\/title>\n<meta name=\"robots\" content=\"index, follow, max-snippet:-1, max-image-preview:large, max-video-preview:-1\" \/>\n<link rel=\"canonical\" href=\"https:\/\/kibrisdakik.com\/?p=85262\" \/>\n<meta property=\"og:locale\" content=\"tr_TR\" \/>\n<meta property=\"og:type\" content=\"article\" \/>\n<meta property=\"og:title\" content=\"Lefko\u015fa Ortak\u00f6y\u2019e \u201cOtizm Duyarl\u0131 Park\u0131\u201d yap\u0131l\u0131yor -\" \/>\n<meta property=\"og:description\" content=\"Lefko\u015fa Ortak\u00f6y\u2019de otizmli bireylere y\u00f6nelik Otizm Duyarl\u0131 Park \u2013 Duyu B\u00fct\u00fcnleme Park\u0131 yap\u0131l\u0131yor. 2 bin 900 metrekarelik alanda yer alacak park i\u00e7in Lefko\u015fa T\u00fcrk Belediyesi (LTB), K\u0131br\u0131s Otizm Derne\u011fi (KODER) ve sponsor Vedat Erba\u015f protokol imzalad\u0131. LTB Yeni D\u00fcnya +1 Kafe\u2019de imzalanan protokole, LTB Ba\u015fkan\u0131 Mehmet Harmanc\u0131, sponsor Vedat Erba\u015f ad\u0131na Ali \u00c7\u0131nar ve K\u0131br\u0131s\" \/>\n<meta property=\"og:url\" content=\"https:\/\/kibrisdakik.com\/?p=85262\" \/>\n<meta property=\"article:published_time\" content=\"2025-06-26T14:48:56+00:00\" \/>\n<meta property=\"og:image\" content=\"https:\/\/kibrisdakik.com\/wp-content\/uploads\/2025\/06\/1750932979533OTIZM-DUYARLI-PARK2-scaled-740x420.jpg\" \/>\n\t<meta property=\"og:image:width\" content=\"2560\" \/>\n\t<meta property=\"og:image:height\" content=\"1609\" \/>\n\t<meta property=\"og:image:type\" content=\"image\/jpeg\" \/>\n<meta name=\"author\" content=\"admin\" \/>\n<meta name=\"twitter:card\" content=\"summary_large_image\" \/>\n<meta name=\"twitter:label1\" content=\"Yazan:\" \/>\n\t<meta name=\"twitter:data1\" content=\"admin\" \/>\n\t<meta name=\"twitter:label2\" content=\"Tahmini okuma s\u00fcresi\" \/>\n\t<meta name=\"twitter:data2\" content=\"2 dakika\" \/>\n<script type=\"application\/ld+json\" class=\"yoast-schema-graph\">{\"@context\":\"https:\\\/\\\/schema.org\",\"@graph\":[{\"@type\":\"Article\",\"@id\":\"https:\\\/\\\/kibrisdakik.com\\\/?p=85262#article\",\"isPartOf\":{\"@id\":\"https:\\\/\\\/kibrisdakik.com\\\/?p=85262\"},\"author\":{\"name\":\"admin\",\"@id\":\"https:\\\/\\\/kibrisdakik.com\\\/#\\\/schema\\\/person\\\/9cd9d437bbb44f72b73ba127e06d8e79\"},\"headline\":\"Lefko\u015fa Ortak\u00f6y\u2019e \u201cOtizm Duyarl\u0131 Park\u0131\u201d yap\u0131l\u0131yor\",\"datePublished\":\"2025-06-26T14:48:56+00:00\",\"mainEntityOfPage\":{\"@id\":\"https:\\\/\\\/kibrisdakik.com\\\/?p=85262\"},\"wordCount\":425,\"commentCount\":0,\"image\":{\"@id\":\"https:\\\/\\\/kibrisdakik.com\\\/?p=85262#primaryimage\"},\"thumbnailUrl\":\"https:\\\/\\\/kibrisdakik.com\\\/wp-content\\\/uploads\\\/2025\\\/06\\\/1750932979533OTIZM-DUYARLI-PARK2-scaled-740x420.jpg\",\"articleSection\":[\"G\u00fcndem\",\"Man\u015fet\"],\"inLanguage\":\"tr\",\"potentialAction\":[{\"@type\":\"CommentAction\",\"name\":\"Comment\",\"target\":[\"https:\\\/\\\/kibrisdakik.com\\\/?p=85262#respond\"]}]},{\"@type\":\"WebPage\",\"@id\":\"https:\\\/\\\/kibrisdakik.com\\\/?p=85262\",\"url\":\"https:\\\/\\\/kibrisdakik.com\\\/?p=85262\",\"name\":\"Lefko\u015fa Ortak\u00f6y\u2019e \u201cOtizm Duyarl\u0131 Park\u0131\u201d yap\u0131l\u0131yor -\",\"isPartOf\":{\"@id\":\"https:\\\/\\\/kibrisdakik.com\\\/#website\"},\"primaryImageOfPage\":{\"@id\":\"https:\\\/\\\/kibrisdakik.com\\\/?p=85262#primaryimage\"},\"image\":{\"@id\":\"https:\\\/\\\/kibrisdakik.com\\\/?p=85262#primaryimage\"},\"thumbnailUrl\":\"https:\\\/\\\/kibrisdakik.com\\\/wp-content\\\/uploads\\\/2025\\\/06\\\/1750932979533OTIZM-DUYARLI-PARK2-scaled-740x420.jpg\",\"datePublished\":\"2025-06-26T14:48:56+00:00\",\"author\":{\"@id\":\"https:\\\/\\\/kibrisdakik.com\\\/#\\\/schema\\\/person\\\/9cd9d437bbb44f72b73ba127e06d8e79\"},\"breadcrumb\":{\"@id\":\"https:\\\/\\\/kibrisdakik.com\\\/?p=85262#breadcrumb\"},\"inLanguage\":\"tr\",\"potentialAction\":[{\"@type\":\"ReadAction\",\"target\":[\"https:\\\/\\\/kibrisdakik.com\\\/?p=85262\"]}]},{\"@type\":\"ImageObject\",\"inLanguage\":\"tr\",\"@id\":\"https:\\\/\\\/kibrisdakik.com\\\/?p=85262#primaryimage\",\"url\":\"https:\\\/\\\/kibrisdakik.com\\\/wp-content\\\/uploads\\\/2025\\\/06\\\/1750932979533OTIZM-DUYARLI-PARK2-scaled-740x420.jpg\",\"contentUrl\":\"https:\\\/\\\/kibrisdakik.com\\\/wp-content\\\/uploads\\\/2025\\\/06\\\/1750932979533OTIZM-DUYARLI-PARK2-scaled-740x420.jpg\",\"width\":2560,\"height\":1609},{\"@type\":\"BreadcrumbList\",\"@id\":\"https:\\\/\\\/kibrisdakik.com\\\/?p=85262#breadcrumb\",\"itemListElement\":[{\"@type\":\"ListItem\",\"position\":1,\"name\":\"Home\",\"item\":\"https:\\\/\\\/kibrisdakik.com\\\/\"},{\"@type\":\"ListItem\",\"position\":2,\"name\":\"Lefko\u015fa Ortak\u00f6y\u2019e \u201cOtizm Duyarl\u0131 Park\u0131\u201d yap\u0131l\u0131yor\"}]},{\"@type\":\"WebSite\",\"@id\":\"https:\\\/\\\/kibrisdakik.com\\\/#website\",\"url\":\"https:\\\/\\\/kibrisdakik.com\\\/\",\"name\":\"\",\"description\":\"Tam vaktinde haber\",\"potentialAction\":[{\"@type\":\"SearchAction\",\"target\":{\"@type\":\"EntryPoint\",\"urlTemplate\":\"https:\\\/\\\/kibrisdakik.com\\\/?s={search_term_string}\"},\"query-input\":{\"@type\":\"PropertyValueSpecification\",\"valueRequired\":true,\"valueName\":\"search_term_string\"}}],\"inLanguage\":\"tr\"},{\"@type\":\"Person\",\"@id\":\"https:\\\/\\\/kibrisdakik.com\\\/#\\\/schema\\\/person\\\/9cd9d437bbb44f72b73ba127e06d8e79\",\"name\":\"admin\",\"image\":{\"@type\":\"ImageObject\",\"inLanguage\":\"tr\",\"@id\":\"https:\\\/\\\/secure.gravatar.com\\\/avatar\\\/ccc17943b9d660506c869530f897617f7cb1c21a4bf30023f252596d83e1f007?s=96&d=mm&r=g\",\"url\":\"https:\\\/\\\/secure.gravatar.com\\\/avatar\\\/ccc17943b9d660506c869530f897617f7cb1c21a4bf30023f252596d83e1f007?s=96&d=mm&r=g\",\"contentUrl\":\"https:\\\/\\\/secure.gravatar.com\\\/avatar\\\/ccc17943b9d660506c869530f897617f7cb1c21a4bf30023f252596d83e1f007?s=96&d=mm&r=g\",\"caption\":\"admin\"},\"sameAs\":[\"https:\\\/\\\/kibrisdakik.com\"],\"url\":\"https:\\\/\\\/kibrisdakik.com\\\/?author=1\"}]}<\/script>\n<!-- \/ Yoast SEO plugin. -->","yoast_head_json":{"title":"Lefko\u015fa Ortak\u00f6y\u2019e \u201cOtizm Duyarl\u0131 Park\u0131\u201d yap\u0131l\u0131yor -","robots":{"index":"index","follow":"follow","max-snippet":"max-snippet:-1","max-image-preview":"max-image-preview:large","max-video-preview":"max-video-preview:-1"},"canonical":"https:\/\/kibrisdakik.com\/?p=85262","og_locale":"tr_TR","og_type":"article","og_title":"Lefko\u015fa Ortak\u00f6y\u2019e \u201cOtizm Duyarl\u0131 Park\u0131\u201d yap\u0131l\u0131yor -","og_description":"Lefko\u015fa Ortak\u00f6y\u2019de otizmli bireylere y\u00f6nelik Otizm Duyarl\u0131 Park \u2013 Duyu B\u00fct\u00fcnleme Park\u0131 yap\u0131l\u0131yor. 2 bin 900 metrekarelik alanda yer alacak park i\u00e7in Lefko\u015fa T\u00fcrk Belediyesi (LTB), K\u0131br\u0131s Otizm Derne\u011fi (KODER) ve sponsor Vedat Erba\u015f protokol imzalad\u0131. LTB Yeni D\u00fcnya +1 Kafe\u2019de imzalanan protokole, LTB Ba\u015fkan\u0131 Mehmet Harmanc\u0131, sponsor Vedat Erba\u015f ad\u0131na Ali \u00c7\u0131nar ve K\u0131br\u0131s","og_url":"https:\/\/kibrisdakik.com\/?p=85262","article_published_time":"2025-06-26T14:48:56+00:00","og_image":[{"width":2560,"height":1609,"url":"https:\/\/kibrisdakik.com\/wp-content\/uploads\/2025\/06\/1750932979533OTIZM-DUYARLI-PARK2-scaled-740x420.jpg","type":"image\/jpeg"}],"author":"admin","twitter_card":"summary_large_image","twitter_misc":{"Yazan:":"admin","Tahmini okuma s\u00fcresi":"2 dakika"},"schema":{"@context":"https:\/\/schema.org","@graph":[{"@type":"Article","@id":"https:\/\/kibrisdakik.com\/?p=85262#article","isPartOf":{"@id":"https:\/\/kibrisdakik.com\/?p=85262"},"author":{"name":"admin","@id":"https:\/\/kibrisdakik.com\/#\/schema\/person\/9cd9d437bbb44f72b73ba127e06d8e79"},"headline":"Lefko\u015fa Ortak\u00f6y\u2019e \u201cOtizm Duyarl\u0131 Park\u0131\u201d yap\u0131l\u0131yor","datePublished":"2025-06-26T14:48:56+00:00","mainEntityOfPage":{"@id":"https:\/\/kibrisdakik.com\/?p=85262"},"wordCount":425,"commentCount":0,"image":{"@id":"https:\/\/kibrisdakik.com\/?p=85262#primaryimage"},"thumbnailUrl":"https:\/\/kibrisdakik.com\/wp-content\/uploads\/2025\/06\/1750932979533OTIZM-DUYARLI-PARK2-scaled-740x420.jpg","articleSection":["G\u00fcndem","Man\u015fet"],"inLanguage":"tr","potentialAction":[{"@type":"CommentAction","name":"Comment","target":["https:\/\/kibrisdakik.com\/?p=85262#respond"]}]},{"@type":"WebPage","@id":"https:\/\/kibrisdakik.com\/?p=85262","url":"https:\/\/kibrisdakik.com\/?p=85262","name":"Lefko\u015fa Ortak\u00f6y\u2019e \u201cOtizm Duyarl\u0131 Park\u0131\u201d yap\u0131l\u0131yor -","isPartOf":{"@id":"https:\/\/kibrisdakik.com\/#website"},"primaryImageOfPage":{"@id":"https:\/\/kibrisdakik.com\/?p=85262#primaryimage"},"image":{"@id":"https:\/\/kibrisdakik.com\/?p=85262#primaryimage"},"thumbnailUrl":"https:\/\/kibrisdakik.com\/wp-content\/uploads\/2025\/06\/1750932979533OTIZM-DUYARLI-PARK2-scaled-740x420.jpg","datePublished":"2025-06-26T14:48:56+00:00","author":{"@id":"https:\/\/kibrisdakik.com\/#\/schema\/person\/9cd9d437bbb44f72b73ba127e06d8e79"},"breadcrumb":{"@id":"https:\/\/kibrisdakik.com\/?p=85262#breadcrumb"},"inLanguage":"tr","potentialAction":[{"@type":"ReadAction","target":["https:\/\/kibrisdakik.com\/?p=85262"]}]},{"@type":"ImageObject","inLanguage":"tr","@id":"https:\/\/kibrisdakik.com\/?p=85262#primaryimage","url":"https:\/\/kibrisdakik.com\/wp-content\/uploads\/2025\/06\/1750932979533OTIZM-DUYARLI-PARK2-scaled-740x420.jpg","contentUrl":"https:\/\/kibrisdakik.com\/wp-content\/uploads\/2025\/06\/1750932979533OTIZM-DUYARLI-PARK2-scaled-740x420.jpg","width":2560,"height":1609},{"@type":"BreadcrumbList","@id":"https:\/\/kibrisdakik.com\/?p=85262#breadcrumb","itemListElement":[{"@type":"ListItem","position":1,"name":"Home","item":"https:\/\/kibrisdakik.com\/"},{"@type":"ListItem","position":2,"name":"Lefko\u015fa Ortak\u00f6y\u2019e \u201cOtizm Duyarl\u0131 Park\u0131\u201d yap\u0131l\u0131yor"}]},{"@type":"WebSite","@id":"https:\/\/kibrisdakik.com\/#website","url":"https:\/\/kibrisdakik.com\/","name":"","description":"Tam vaktinde haber","potentialAction":[{"@type":"SearchAction","target":{"@type":"EntryPoint","urlTemplate":"https:\/\/kibrisdakik.com\/?s={search_term_string}"},"query-input":{"@type":"PropertyValueSpecification","valueRequired":true,"valueName":"search_term_string"}}],"inLanguage":"tr"},{"@type":"Person","@id":"https:\/\/kibrisdakik.com\/#\/schema\/person\/9cd9d437bbb44f72b73ba127e06d8e79","name":"admin","image":{"@type":"ImageObject","inLanguage":"tr","@id":"https:\/\/secure.gravatar.com\/avatar\/ccc17943b9d660506c869530f897617f7cb1c21a4bf30023f252596d83e1f007?s=96&d=mm&r=g","url":"https:\/\/secure.gravatar.com\/avatar\/ccc17943b9d660506c869530f897617f7cb1c21a4bf30023f252596d83e1f007?s=96&d=mm&r=g","contentUrl":"https:\/\/secure.gravatar.com\/avatar\/ccc17943b9d660506c869530f897617f7cb1c21a4bf30023f252596d83e1f007?s=96&d=mm&r=g","caption":"admin"},"sameAs":["https:\/\/kibrisdakik.com"],"url":"https:\/\/kibrisdakik.com\/?author=1"}]}},"_links":{"self":[{"href":"https:\/\/kibrisdakik.com\/index.php?rest_route=\/wp\/v2\/posts\/85262","targetHints":{"allow":["GET"]}}],"collection":[{"href":"https:\/\/kibrisdakik.com\/index.php?rest_route=\/wp\/v2\/posts"}],"about":[{"href":"https:\/\/kibrisdakik.com\/index.php?rest_route=\/wp\/v2\/types\/post"}],"author":[{"embeddable":true,"href":"https:\/\/kibrisdakik.com\/index.php?rest_route=\/wp\/v2\/users\/1"}],"replies":[{"embeddable":true,"href":"https:\/\/kibrisdakik.com\/index.php?rest_route=%2Fwp%2Fv2%2Fcomments&post=85262"}],"version-history":[{"count":0,"href":"https:\/\/kibrisdakik.com\/index.php?rest_route=\/wp\/v2\/posts\/85262\/revisions"}],"wp:featuredmedia":[{"embeddable":true,"href":"https:\/\/kibrisdakik.com\/index.php?rest_route=\/wp\/v2\/media\/85263"}],"wp:attachment":[{"href":"https:\/\/kibrisdakik.com\/index.php?rest_route=%2Fwp%2Fv2%2Fmedia&parent=85262"}],"wp:term":[{"taxonomy":"category","embeddable":true,"href":"https:\/\/kibrisdakik.com\/index.php?rest_route=%2Fwp%2Fv2%2Fcategories&post=85262"},{"taxonomy":"post_tag","embeddable":true,"href":"https:\/\/kibrisdakik.com\/index.php?rest_route=%2Fwp%2Fv2%2Ftags&post=85262"}],"curies":[{"name":"wp","href":"https:\/\/api.w.org\/{rel}","templated":true}]}}