{"id":85268,"date":"2025-06-26T16:55:00","date_gmt":"2025-06-26T13:55:00","guid":{"rendered":"https:\/\/coral-rabbit-752605.hostingersite.com\/index.php\/2025\/06\/26\/yeni-savci-ve-savci-yardimcisi-atamalari-aciklandi\/"},"modified":"2025-06-26T16:55:00","modified_gmt":"2025-06-26T13:55:00","slug":"yeni-savci-ve-savci-yardimcisi-atamalari-aciklandi","status":"publish","type":"post","link":"https:\/\/kibrisdakik.com\/?p=85268","title":{"rendered":"YEN\u0130 SAVCI VE SAVCI YARDIMCISI ATAMALARI A\u00c7IKLANDI"},"content":{"rendered":"<p><img decoding=\"async\" src=\"https:\/\/mhahabercom.teimg.com\/crop\/1280x720\/mhahaber-com\/uploads\/2025\/06\/mha-gorsel-324.png\" \/><br \/>Y\u00fcksek Savc\u0131lar Kurulu, bug\u00fcn yapt\u0131\u011f\u0131 toplant\u0131da savc\u0131 ve savc\u0131 yard\u0131mc\u0131s\u0131 kadrolar\u0131ndaki m\u00fcnhallerle ilgili al\u0131nan kararlar\u0131 duyurdu.<\/p>\n<p>Hukuk Dairesi\u2019nden yap\u0131lan a\u00e7\u0131klamaya g\u00f6re, kurul taraf\u0131ndan al\u0131nan karara g\u00f6re, Mine Vehit savc\u0131 olarak, S\u00fcleyman \u00d6zergin, Ali Ye\u011fen, Ne\u015fe Kartal ve Selin Ece Cihangir ise savc\u0131 yard\u0131mc\u0131s\u0131 olarak atand\u0131.<\/p>\n<p>Atamalar\u0131 yap\u0131lan ki\u015filerin 16 Temmuz itibar\u0131yla g\u00f6revlerine ba\u015flayaca\u011f\u0131 kaydedildi.<\/p>\n","protected":false},"excerpt":{"rendered":"<p>Y\u00fcksek Savc\u0131lar Kurulu, bug\u00fcn yapt\u0131\u011f\u0131 toplant\u0131da savc\u0131 ve savc\u0131 yard\u0131mc\u0131s\u0131 kadrolar\u0131ndaki m\u00fcnhallerle ilgili al\u0131nan kararlar\u0131 duyurdu. Hukuk Dairesi\u2019nden yap\u0131lan a\u00e7\u0131klamaya g\u00f6re, kurul taraf\u0131ndan al\u0131nan karara g\u00f6re, Mine Vehit savc\u0131 olarak, S\u00fcleyman \u00d6zergin, Ali Ye\u011fen, Ne\u015fe Kartal ve Selin Ece Cihangir ise savc\u0131 yard\u0131mc\u0131s\u0131 olarak atand\u0131. Atamalar\u0131 yap\u0131lan ki\u015filerin 16 Temmuz itibar\u0131yla g\u00f6revlerine ba\u015flayaca\u011f\u0131 kaydedildi.<\/p>\n","protected":false},"author":1,"featured_media":85269,"comment_status":"open","ping_status":"open","sticky":false,"template":"","format":"standard","meta":{"footnotes":""},"categories":[1],"tags":[],"class_list":["post-85268","post","type-post","status-publish","format-standard","has-post-thumbnail","hentry","category-gundem"],"yoast_head":"<!-- This site is optimized with the Yoast SEO plugin v27.4 - https:\/\/yoast.com\/product\/yoast-seo-wordpress\/ -->\n<title>YEN\u0130 SAVCI VE SAVCI YARDIMCISI ATAMALARI A\u00c7IKLANDI -<\/title>\n<meta name=\"robots\" content=\"index, follow, max-snippet:-1, max-image-preview:large, max-video-preview:-1\" \/>\n<link rel=\"canonical\" href=\"https:\/\/kibrisdakik.com\/?p=85268\" \/>\n<meta property=\"og:locale\" content=\"tr_TR\" \/>\n<meta property=\"og:type\" content=\"article\" \/>\n<meta property=\"og:title\" content=\"YEN\u0130 SAVCI VE SAVCI YARDIMCISI ATAMALARI A\u00c7IKLANDI -\" \/>\n<meta property=\"og:description\" content=\"Y\u00fcksek Savc\u0131lar Kurulu, bug\u00fcn yapt\u0131\u011f\u0131 toplant\u0131da savc\u0131 ve savc\u0131 yard\u0131mc\u0131s\u0131 kadrolar\u0131ndaki m\u00fcnhallerle ilgili al\u0131nan kararlar\u0131 duyurdu. Hukuk Dairesi\u2019nden yap\u0131lan a\u00e7\u0131klamaya g\u00f6re, kurul taraf\u0131ndan al\u0131nan karara g\u00f6re, Mine Vehit savc\u0131 olarak, S\u00fcleyman \u00d6zergin, Ali Ye\u011fen, Ne\u015fe Kartal ve Selin Ece Cihangir ise savc\u0131 yard\u0131mc\u0131s\u0131 olarak atand\u0131. Atamalar\u0131 yap\u0131lan ki\u015filerin 16 Temmuz itibar\u0131yla g\u00f6revlerine ba\u015flayaca\u011f\u0131 kaydedildi.\" \/>\n<meta property=\"og:url\" content=\"https:\/\/kibrisdakik.com\/?p=85268\" \/>\n<meta property=\"article:published_time\" content=\"2025-06-26T13:55:00+00:00\" \/>\n<meta property=\"og:image\" content=\"https:\/\/kibrisdakik.com\/wp-content\/uploads\/2025\/06\/mha-gorsel-324-740x420.png\" \/>\n\t<meta property=\"og:image:width\" content=\"1280\" \/>\n\t<meta property=\"og:image:height\" content=\"720\" \/>\n\t<meta property=\"og:image:type\" content=\"image\/png\" \/>\n<meta name=\"author\" content=\"admin\" \/>\n<meta name=\"twitter:card\" content=\"summary_large_image\" \/>\n<meta name=\"twitter:label1\" content=\"Yazan:\" \/>\n\t<meta name=\"twitter:data1\" content=\"admin\" \/>\n<script type=\"application\/ld+json\" class=\"yoast-schema-graph\">{\"@context\":\"https:\\\/\\\/schema.org\",\"@graph\":[{\"@type\":\"Article\",\"@id\":\"https:\\\/\\\/kibrisdakik.com\\\/?p=85268#article\",\"isPartOf\":{\"@id\":\"https:\\\/\\\/kibrisdakik.com\\\/?p=85268\"},\"author\":{\"name\":\"admin\",\"@id\":\"https:\\\/\\\/kibrisdakik.com\\\/#\\\/schema\\\/person\\\/9cd9d437bbb44f72b73ba127e06d8e79\"},\"headline\":\"YEN\u0130 SAVCI VE SAVCI YARDIMCISI ATAMALARI A\u00c7IKLANDI\",\"datePublished\":\"2025-06-26T13:55:00+00:00\",\"mainEntityOfPage\":{\"@id\":\"https:\\\/\\\/kibrisdakik.com\\\/?p=85268\"},\"wordCount\":87,\"commentCount\":0,\"image\":{\"@id\":\"https:\\\/\\\/kibrisdakik.com\\\/?p=85268#primaryimage\"},\"thumbnailUrl\":\"https:\\\/\\\/kibrisdakik.com\\\/wp-content\\\/uploads\\\/2025\\\/06\\\/mha-gorsel-324-740x420.png\",\"articleSection\":[\"G\u00fcndem\"],\"inLanguage\":\"tr\",\"potentialAction\":[{\"@type\":\"CommentAction\",\"name\":\"Comment\",\"target\":[\"https:\\\/\\\/kibrisdakik.com\\\/?p=85268#respond\"]}]},{\"@type\":\"WebPage\",\"@id\":\"https:\\\/\\\/kibrisdakik.com\\\/?p=85268\",\"url\":\"https:\\\/\\\/kibrisdakik.com\\\/?p=85268\",\"name\":\"YEN\u0130 SAVCI VE SAVCI YARDIMCISI ATAMALARI A\u00c7IKLANDI -\",\"isPartOf\":{\"@id\":\"https:\\\/\\\/kibrisdakik.com\\\/#website\"},\"primaryImageOfPage\":{\"@id\":\"https:\\\/\\\/kibrisdakik.com\\\/?p=85268#primaryimage\"},\"image\":{\"@id\":\"https:\\\/\\\/kibrisdakik.com\\\/?p=85268#primaryimage\"},\"thumbnailUrl\":\"https:\\\/\\\/kibrisdakik.com\\\/wp-content\\\/uploads\\\/2025\\\/06\\\/mha-gorsel-324-740x420.png\",\"datePublished\":\"2025-06-26T13:55:00+00:00\",\"author\":{\"@id\":\"https:\\\/\\\/kibrisdakik.com\\\/#\\\/schema\\\/person\\\/9cd9d437bbb44f72b73ba127e06d8e79\"},\"breadcrumb\":{\"@id\":\"https:\\\/\\\/kibrisdakik.com\\\/?p=85268#breadcrumb\"},\"inLanguage\":\"tr\",\"potentialAction\":[{\"@type\":\"ReadAction\",\"target\":[\"https:\\\/\\\/kibrisdakik.com\\\/?p=85268\"]}]},{\"@type\":\"ImageObject\",\"inLanguage\":\"tr\",\"@id\":\"https:\\\/\\\/kibrisdakik.com\\\/?p=85268#primaryimage\",\"url\":\"https:\\\/\\\/kibrisdakik.com\\\/wp-content\\\/uploads\\\/2025\\\/06\\\/mha-gorsel-324-740x420.png\",\"contentUrl\":\"https:\\\/\\\/kibrisdakik.com\\\/wp-content\\\/uploads\\\/2025\\\/06\\\/mha-gorsel-324-740x420.png\",\"width\":1280,\"height\":720},{\"@type\":\"BreadcrumbList\",\"@id\":\"https:\\\/\\\/kibrisdakik.com\\\/?p=85268#breadcrumb\",\"itemListElement\":[{\"@type\":\"ListItem\",\"position\":1,\"name\":\"Home\",\"item\":\"https:\\\/\\\/kibrisdakik.com\\\/\"},{\"@type\":\"ListItem\",\"position\":2,\"name\":\"YEN\u0130 SAVCI VE SAVCI YARDIMCISI ATAMALARI A\u00c7IKLANDI\"}]},{\"@type\":\"WebSite\",\"@id\":\"https:\\\/\\\/kibrisdakik.com\\\/#website\",\"url\":\"https:\\\/\\\/kibrisdakik.com\\\/\",\"name\":\"\",\"description\":\"Tam vaktinde haber\",\"potentialAction\":[{\"@type\":\"SearchAction\",\"target\":{\"@type\":\"EntryPoint\",\"urlTemplate\":\"https:\\\/\\\/kibrisdakik.com\\\/?s={search_term_string}\"},\"query-input\":{\"@type\":\"PropertyValueSpecification\",\"valueRequired\":true,\"valueName\":\"search_term_string\"}}],\"inLanguage\":\"tr\"},{\"@type\":\"Person\",\"@id\":\"https:\\\/\\\/kibrisdakik.com\\\/#\\\/schema\\\/person\\\/9cd9d437bbb44f72b73ba127e06d8e79\",\"name\":\"admin\",\"image\":{\"@type\":\"ImageObject\",\"inLanguage\":\"tr\",\"@id\":\"https:\\\/\\\/secure.gravatar.com\\\/avatar\\\/ccc17943b9d660506c869530f897617f7cb1c21a4bf30023f252596d83e1f007?s=96&d=mm&r=g\",\"url\":\"https:\\\/\\\/secure.gravatar.com\\\/avatar\\\/ccc17943b9d660506c869530f897617f7cb1c21a4bf30023f252596d83e1f007?s=96&d=mm&r=g\",\"contentUrl\":\"https:\\\/\\\/secure.gravatar.com\\\/avatar\\\/ccc17943b9d660506c869530f897617f7cb1c21a4bf30023f252596d83e1f007?s=96&d=mm&r=g\",\"caption\":\"admin\"},\"sameAs\":[\"https:\\\/\\\/kibrisdakik.com\"],\"url\":\"https:\\\/\\\/kibrisdakik.com\\\/?author=1\"}]}<\/script>\n<!-- \/ Yoast SEO plugin. -->","yoast_head_json":{"title":"YEN\u0130 SAVCI VE SAVCI YARDIMCISI ATAMALARI A\u00c7IKLANDI -","robots":{"index":"index","follow":"follow","max-snippet":"max-snippet:-1","max-image-preview":"max-image-preview:large","max-video-preview":"max-video-preview:-1"},"canonical":"https:\/\/kibrisdakik.com\/?p=85268","og_locale":"tr_TR","og_type":"article","og_title":"YEN\u0130 SAVCI VE SAVCI YARDIMCISI ATAMALARI A\u00c7IKLANDI -","og_description":"Y\u00fcksek Savc\u0131lar Kurulu, bug\u00fcn yapt\u0131\u011f\u0131 toplant\u0131da savc\u0131 ve savc\u0131 yard\u0131mc\u0131s\u0131 kadrolar\u0131ndaki m\u00fcnhallerle ilgili al\u0131nan kararlar\u0131 duyurdu. Hukuk Dairesi\u2019nden yap\u0131lan a\u00e7\u0131klamaya g\u00f6re, kurul taraf\u0131ndan al\u0131nan karara g\u00f6re, Mine Vehit savc\u0131 olarak, S\u00fcleyman \u00d6zergin, Ali Ye\u011fen, Ne\u015fe Kartal ve Selin Ece Cihangir ise savc\u0131 yard\u0131mc\u0131s\u0131 olarak atand\u0131. Atamalar\u0131 yap\u0131lan ki\u015filerin 16 Temmuz itibar\u0131yla g\u00f6revlerine ba\u015flayaca\u011f\u0131 kaydedildi.","og_url":"https:\/\/kibrisdakik.com\/?p=85268","article_published_time":"2025-06-26T13:55:00+00:00","og_image":[{"width":1280,"height":720,"url":"https:\/\/kibrisdakik.com\/wp-content\/uploads\/2025\/06\/mha-gorsel-324-740x420.png","type":"image\/png"}],"author":"admin","twitter_card":"summary_large_image","twitter_misc":{"Yazan:":"admin"},"schema":{"@context":"https:\/\/schema.org","@graph":[{"@type":"Article","@id":"https:\/\/kibrisdakik.com\/?p=85268#article","isPartOf":{"@id":"https:\/\/kibrisdakik.com\/?p=85268"},"author":{"name":"admin","@id":"https:\/\/kibrisdakik.com\/#\/schema\/person\/9cd9d437bbb44f72b73ba127e06d8e79"},"headline":"YEN\u0130 SAVCI VE SAVCI YARDIMCISI ATAMALARI A\u00c7IKLANDI","datePublished":"2025-06-26T13:55:00+00:00","mainEntityOfPage":{"@id":"https:\/\/kibrisdakik.com\/?p=85268"},"wordCount":87,"commentCount":0,"image":{"@id":"https:\/\/kibrisdakik.com\/?p=85268#primaryimage"},"thumbnailUrl":"https:\/\/kibrisdakik.com\/wp-content\/uploads\/2025\/06\/mha-gorsel-324-740x420.png","articleSection":["G\u00fcndem"],"inLanguage":"tr","potentialAction":[{"@type":"CommentAction","name":"Comment","target":["https:\/\/kibrisdakik.com\/?p=85268#respond"]}]},{"@type":"WebPage","@id":"https:\/\/kibrisdakik.com\/?p=85268","url":"https:\/\/kibrisdakik.com\/?p=85268","name":"YEN\u0130 SAVCI VE SAVCI YARDIMCISI ATAMALARI A\u00c7IKLANDI -","isPartOf":{"@id":"https:\/\/kibrisdakik.com\/#website"},"primaryImageOfPage":{"@id":"https:\/\/kibrisdakik.com\/?p=85268#primaryimage"},"image":{"@id":"https:\/\/kibrisdakik.com\/?p=85268#primaryimage"},"thumbnailUrl":"https:\/\/kibrisdakik.com\/wp-content\/uploads\/2025\/06\/mha-gorsel-324-740x420.png","datePublished":"2025-06-26T13:55:00+00:00","author":{"@id":"https:\/\/kibrisdakik.com\/#\/schema\/person\/9cd9d437bbb44f72b73ba127e06d8e79"},"breadcrumb":{"@id":"https:\/\/kibrisdakik.com\/?p=85268#breadcrumb"},"inLanguage":"tr","potentialAction":[{"@type":"ReadAction","target":["https:\/\/kibrisdakik.com\/?p=85268"]}]},{"@type":"ImageObject","inLanguage":"tr","@id":"https:\/\/kibrisdakik.com\/?p=85268#primaryimage","url":"https:\/\/kibrisdakik.com\/wp-content\/uploads\/2025\/06\/mha-gorsel-324-740x420.png","contentUrl":"https:\/\/kibrisdakik.com\/wp-content\/uploads\/2025\/06\/mha-gorsel-324-740x420.png","width":1280,"height":720},{"@type":"BreadcrumbList","@id":"https:\/\/kibrisdakik.com\/?p=85268#breadcrumb","itemListElement":[{"@type":"ListItem","position":1,"name":"Home","item":"https:\/\/kibrisdakik.com\/"},{"@type":"ListItem","position":2,"name":"YEN\u0130 SAVCI VE SAVCI YARDIMCISI ATAMALARI A\u00c7IKLANDI"}]},{"@type":"WebSite","@id":"https:\/\/kibrisdakik.com\/#website","url":"https:\/\/kibrisdakik.com\/","name":"","description":"Tam vaktinde haber","potentialAction":[{"@type":"SearchAction","target":{"@type":"EntryPoint","urlTemplate":"https:\/\/kibrisdakik.com\/?s={search_term_string}"},"query-input":{"@type":"PropertyValueSpecification","valueRequired":true,"valueName":"search_term_string"}}],"inLanguage":"tr"},{"@type":"Person","@id":"https:\/\/kibrisdakik.com\/#\/schema\/person\/9cd9d437bbb44f72b73ba127e06d8e79","name":"admin","image":{"@type":"ImageObject","inLanguage":"tr","@id":"https:\/\/secure.gravatar.com\/avatar\/ccc17943b9d660506c869530f897617f7cb1c21a4bf30023f252596d83e1f007?s=96&d=mm&r=g","url":"https:\/\/secure.gravatar.com\/avatar\/ccc17943b9d660506c869530f897617f7cb1c21a4bf30023f252596d83e1f007?s=96&d=mm&r=g","contentUrl":"https:\/\/secure.gravatar.com\/avatar\/ccc17943b9d660506c869530f897617f7cb1c21a4bf30023f252596d83e1f007?s=96&d=mm&r=g","caption":"admin"},"sameAs":["https:\/\/kibrisdakik.com"],"url":"https:\/\/kibrisdakik.com\/?author=1"}]}},"_links":{"self":[{"href":"https:\/\/kibrisdakik.com\/index.php?rest_route=\/wp\/v2\/posts\/85268","targetHints":{"allow":["GET"]}}],"collection":[{"href":"https:\/\/kibrisdakik.com\/index.php?rest_route=\/wp\/v2\/posts"}],"about":[{"href":"https:\/\/kibrisdakik.com\/index.php?rest_route=\/wp\/v2\/types\/post"}],"author":[{"embeddable":true,"href":"https:\/\/kibrisdakik.com\/index.php?rest_route=\/wp\/v2\/users\/1"}],"replies":[{"embeddable":true,"href":"https:\/\/kibrisdakik.com\/index.php?rest_route=%2Fwp%2Fv2%2Fcomments&post=85268"}],"version-history":[{"count":0,"href":"https:\/\/kibrisdakik.com\/index.php?rest_route=\/wp\/v2\/posts\/85268\/revisions"}],"wp:featuredmedia":[{"embeddable":true,"href":"https:\/\/kibrisdakik.com\/index.php?rest_route=\/wp\/v2\/media\/85269"}],"wp:attachment":[{"href":"https:\/\/kibrisdakik.com\/index.php?rest_route=%2Fwp%2Fv2%2Fmedia&parent=85268"}],"wp:term":[{"taxonomy":"category","embeddable":true,"href":"https:\/\/kibrisdakik.com\/index.php?rest_route=%2Fwp%2Fv2%2Fcategories&post=85268"},{"taxonomy":"post_tag","embeddable":true,"href":"https:\/\/kibrisdakik.com\/index.php?rest_route=%2Fwp%2Fv2%2Ftags&post=85268"}],"curies":[{"name":"wp","href":"https:\/\/api.w.org\/{rel}","templated":true}]}}