{"id":85270,"date":"2025-06-26T19:50:56","date_gmt":"2025-06-26T16:50:56","guid":{"rendered":"https:\/\/kibrisdakik.com\/index.php\/2025\/06\/26\/cumhuriyet-meclisi-sayistay-komitesi-toplandi-4\/"},"modified":"2025-06-26T19:50:56","modified_gmt":"2025-06-26T16:50:56","slug":"cumhuriyet-meclisi-sayistay-komitesi-toplandi-4","status":"publish","type":"post","link":"https:\/\/kibrisdakik.com\/?p=85270","title":{"rendered":"Cumhuriyet Meclisi Say\u0131\u015ftay Komitesi topland\u0131"},"content":{"rendered":"<p><\/p>\n<div>\n<p>Cumhuriyet Meclisi Say\u0131\u015ftay Komitesi topland\u0131. <\/p>\n<p>Cumhuriyet Meclisi\u2019nden yap\u0131lan a\u00e7\u0131klamaya g\u00f6re, bug\u00fcn saat 11.00\u2019de toplanan Say\u0131\u015ftay Komitesi, g\u00fcndeminde bulunan \u201c2023 Mali Y\u0131l\u0131 Kesin Hesap Yasa Tasar\u0131s\u0131 ile Genel Uygunluk Bildirimi\u201d ve \u201cFaiz Fark\u0131 Fonunun 31 Aral\u0131k 2023 \u0130tibariyle Gelir \u2013 Gider D\u00f6k\u00fcm\u00fcne \u0130li\u015fkin Say\u0131\u015ftay Denetim Raporu\u201dnu ele ald\u0131. <\/p>\n<p>Komite, \u201cFaiz Fark\u0131 Fonunun 31 Aral\u0131k 2023 \u0130tibariyle Gelir \u2013 Gider D\u00f6k\u00fcm\u00fcne \u0130li\u015fkin Say\u0131\u015ftay Denetim Raporu\u201dnu oy birli\u011fi ile onaylayarak Genel Kurul\u2019un g\u00fcndemine sevk etti. Toplant\u0131ya davetli olarak, Say\u0131\u015ftay Ba\u015fkanl\u0131\u011f\u0131, Hazine ve Muhasebe Dairesi ve Para, Kambiyo ve \u0130nki\u015faf Sand\u0131\u011f\u0131 Dairesi\u2019nden yetkililer kat\u0131ld\u0131. <\/p>\n<div class=\"des-g\"><a href=\"#\" class=\"rk\"><\/a><\/div>\n<p>Say\u0131\u015ftay Komitesi daha sonra, \u201c2023 Mali Y\u0131l\u0131 Kesin Hesap Yasa Tasar\u0131s\u0131 ile 2023 Mali Y\u0131l\u0131 Kesin Hesap Yasa Tasar\u0131s\u0131 Genel Uygunluk Bildirimi\u201dni oy birli\u011fi ile onaylayarak Genel Kurul\u2019un g\u00fcndemine sevk etti. Komite toplant\u0131s\u0131na davetli olarak, Maliye Bakanl\u0131\u011f\u0131 ve Say\u0131\u015ftay Ba\u015fkanl\u0131\u011f\u0131ndan yetkililer kat\u0131larak konu ile ilgili g\u00f6r\u00fc\u015flerini sundu.<\/p>\n<div class=\"ads mobileg-g\">\n                                <center><a href=\"#\" class=\"rk\"><img decoding=\"async\" src=\"https:\/\/haberadam.temadam.com\/wp-content\/uploads\/2020\/12\/TZK8D0.png\" alt=\"\"\/><\/a><\/center>                            <\/div>\n<p>CTP Milletvekili Teberr\u00fcken Ulu\u00e7ay ba\u015fkanl\u0131\u011f\u0131ndaki toplant\u0131ya Komite \u00dcyesi CTP Milletvekili Sami \u00d6zuslu ve Komite \u00dcyesi UBP Milletvekili Ali Pilli kat\u0131ld\u0131.<\/p>\n<\/div>\n<p><script async\n                    defer\n                    crossorigin=\"anonymous\"\n                    src=\"https:\/\/connect.facebook.net\/tr_TR\/sdk.js#xfbml=1&#038;version=v3.3\"\n            ><\/script><\/p>\n","protected":false},"excerpt":{"rendered":"<p>Cumhuriyet Meclisi Say\u0131\u015ftay Komitesi topland\u0131. Cumhuriyet Meclisi\u2019nden yap\u0131lan a\u00e7\u0131klamaya g\u00f6re, bug\u00fcn saat 11.00\u2019de toplanan Say\u0131\u015ftay Komitesi, g\u00fcndeminde bulunan \u201c2023 Mali Y\u0131l\u0131 Kesin Hesap Yasa Tasar\u0131s\u0131 ile Genel Uygunluk Bildirimi\u201d ve \u201cFaiz Fark\u0131 Fonunun 31 Aral\u0131k 2023 \u0130tibariyle Gelir \u2013 Gider D\u00f6k\u00fcm\u00fcne \u0130li\u015fkin Say\u0131\u015ftay Denetim Raporu\u201dnu ele ald\u0131. Komite, \u201cFaiz Fark\u0131 Fonunun 31 Aral\u0131k 2023 \u0130tibariyle<\/p>\n","protected":false},"author":1,"featured_media":85271,"comment_status":"open","ping_status":"open","sticky":false,"template":"","format":"standard","meta":{"footnotes":""},"categories":[1,101],"tags":[],"class_list":["post-85270","post","type-post","status-publish","format-standard","has-post-thumbnail","hentry","category-gundem","category-manset"],"yoast_head":"<!-- This site is optimized with the Yoast SEO plugin v27.5 - https:\/\/yoast.com\/product\/yoast-seo-wordpress\/ -->\n<title>Cumhuriyet Meclisi Say\u0131\u015ftay Komitesi topland\u0131 -<\/title>\n<meta name=\"robots\" content=\"index, follow, max-snippet:-1, max-image-preview:large, max-video-preview:-1\" \/>\n<link rel=\"canonical\" href=\"https:\/\/kibrisdakik.com\/?p=85270\" \/>\n<meta property=\"og:locale\" content=\"tr_TR\" \/>\n<meta property=\"og:type\" content=\"article\" \/>\n<meta property=\"og:title\" content=\"Cumhuriyet Meclisi Say\u0131\u015ftay Komitesi topland\u0131 -\" \/>\n<meta property=\"og:description\" content=\"Cumhuriyet Meclisi Say\u0131\u015ftay Komitesi topland\u0131. Cumhuriyet Meclisi\u2019nden yap\u0131lan a\u00e7\u0131klamaya g\u00f6re, bug\u00fcn saat 11.00\u2019de toplanan Say\u0131\u015ftay Komitesi, g\u00fcndeminde bulunan \u201c2023 Mali Y\u0131l\u0131 Kesin Hesap Yasa Tasar\u0131s\u0131 ile Genel Uygunluk Bildirimi\u201d ve \u201cFaiz Fark\u0131 Fonunun 31 Aral\u0131k 2023 \u0130tibariyle Gelir \u2013 Gider D\u00f6k\u00fcm\u00fcne \u0130li\u015fkin Say\u0131\u015ftay Denetim Raporu\u201dnu ele ald\u0131. Komite, \u201cFaiz Fark\u0131 Fonunun 31 Aral\u0131k 2023 \u0130tibariyle\" \/>\n<meta property=\"og:url\" content=\"https:\/\/kibrisdakik.com\/?p=85270\" \/>\n<meta property=\"article:published_time\" content=\"2025-06-26T16:50:56+00:00\" \/>\n<meta property=\"og:image\" content=\"https:\/\/kibrisdakik.com\/wp-content\/uploads\/2025\/06\/1750938827887Sayistay-Komitesi2-740x420.jpg\" \/>\n\t<meta property=\"og:image:width\" content=\"1800\" \/>\n\t<meta property=\"og:image:height\" content=\"1054\" \/>\n\t<meta property=\"og:image:type\" content=\"image\/jpeg\" \/>\n<meta name=\"author\" content=\"admin\" \/>\n<meta name=\"twitter:card\" content=\"summary_large_image\" \/>\n<meta name=\"twitter:label1\" content=\"Yazan:\" \/>\n\t<meta name=\"twitter:data1\" content=\"admin\" \/>\n\t<meta name=\"twitter:label2\" content=\"Tahmini okuma s\u00fcresi\" \/>\n\t<meta name=\"twitter:data2\" content=\"1 dakika\" \/>\n<script type=\"application\/ld+json\" class=\"yoast-schema-graph\">{\"@context\":\"https:\\\/\\\/schema.org\",\"@graph\":[{\"@type\":\"Article\",\"@id\":\"https:\\\/\\\/kibrisdakik.com\\\/?p=85270#article\",\"isPartOf\":{\"@id\":\"https:\\\/\\\/kibrisdakik.com\\\/?p=85270\"},\"author\":{\"name\":\"admin\",\"@id\":\"https:\\\/\\\/kibrisdakik.com\\\/#\\\/schema\\\/person\\\/9cd9d437bbb44f72b73ba127e06d8e79\"},\"headline\":\"Cumhuriyet Meclisi Say\u0131\u015ftay Komitesi topland\u0131\",\"datePublished\":\"2025-06-26T16:50:56+00:00\",\"mainEntityOfPage\":{\"@id\":\"https:\\\/\\\/kibrisdakik.com\\\/?p=85270\"},\"wordCount\":210,\"commentCount\":0,\"image\":{\"@id\":\"https:\\\/\\\/kibrisdakik.com\\\/?p=85270#primaryimage\"},\"thumbnailUrl\":\"https:\\\/\\\/kibrisdakik.com\\\/wp-content\\\/uploads\\\/2025\\\/06\\\/1750938827887Sayistay-Komitesi2-740x420.jpg\",\"articleSection\":[\"G\u00fcndem\",\"Man\u015fet\"],\"inLanguage\":\"tr\",\"potentialAction\":[{\"@type\":\"CommentAction\",\"name\":\"Comment\",\"target\":[\"https:\\\/\\\/kibrisdakik.com\\\/?p=85270#respond\"]}]},{\"@type\":\"WebPage\",\"@id\":\"https:\\\/\\\/kibrisdakik.com\\\/?p=85270\",\"url\":\"https:\\\/\\\/kibrisdakik.com\\\/?p=85270\",\"name\":\"Cumhuriyet Meclisi Say\u0131\u015ftay Komitesi topland\u0131 -\",\"isPartOf\":{\"@id\":\"https:\\\/\\\/kibrisdakik.com\\\/#website\"},\"primaryImageOfPage\":{\"@id\":\"https:\\\/\\\/kibrisdakik.com\\\/?p=85270#primaryimage\"},\"image\":{\"@id\":\"https:\\\/\\\/kibrisdakik.com\\\/?p=85270#primaryimage\"},\"thumbnailUrl\":\"https:\\\/\\\/kibrisdakik.com\\\/wp-content\\\/uploads\\\/2025\\\/06\\\/1750938827887Sayistay-Komitesi2-740x420.jpg\",\"datePublished\":\"2025-06-26T16:50:56+00:00\",\"author\":{\"@id\":\"https:\\\/\\\/kibrisdakik.com\\\/#\\\/schema\\\/person\\\/9cd9d437bbb44f72b73ba127e06d8e79\"},\"breadcrumb\":{\"@id\":\"https:\\\/\\\/kibrisdakik.com\\\/?p=85270#breadcrumb\"},\"inLanguage\":\"tr\",\"potentialAction\":[{\"@type\":\"ReadAction\",\"target\":[\"https:\\\/\\\/kibrisdakik.com\\\/?p=85270\"]}]},{\"@type\":\"ImageObject\",\"inLanguage\":\"tr\",\"@id\":\"https:\\\/\\\/kibrisdakik.com\\\/?p=85270#primaryimage\",\"url\":\"https:\\\/\\\/kibrisdakik.com\\\/wp-content\\\/uploads\\\/2025\\\/06\\\/1750938827887Sayistay-Komitesi2-740x420.jpg\",\"contentUrl\":\"https:\\\/\\\/kibrisdakik.com\\\/wp-content\\\/uploads\\\/2025\\\/06\\\/1750938827887Sayistay-Komitesi2-740x420.jpg\",\"width\":1800,\"height\":1054},{\"@type\":\"BreadcrumbList\",\"@id\":\"https:\\\/\\\/kibrisdakik.com\\\/?p=85270#breadcrumb\",\"itemListElement\":[{\"@type\":\"ListItem\",\"position\":1,\"name\":\"Home\",\"item\":\"https:\\\/\\\/kibrisdakik.com\\\/\"},{\"@type\":\"ListItem\",\"position\":2,\"name\":\"Cumhuriyet Meclisi Say\u0131\u015ftay Komitesi topland\u0131\"}]},{\"@type\":\"WebSite\",\"@id\":\"https:\\\/\\\/kibrisdakik.com\\\/#website\",\"url\":\"https:\\\/\\\/kibrisdakik.com\\\/\",\"name\":\"\",\"description\":\"Tam vaktinde haber\",\"potentialAction\":[{\"@type\":\"SearchAction\",\"target\":{\"@type\":\"EntryPoint\",\"urlTemplate\":\"https:\\\/\\\/kibrisdakik.com\\\/?s={search_term_string}\"},\"query-input\":{\"@type\":\"PropertyValueSpecification\",\"valueRequired\":true,\"valueName\":\"search_term_string\"}}],\"inLanguage\":\"tr\"},{\"@type\":\"Person\",\"@id\":\"https:\\\/\\\/kibrisdakik.com\\\/#\\\/schema\\\/person\\\/9cd9d437bbb44f72b73ba127e06d8e79\",\"name\":\"admin\",\"image\":{\"@type\":\"ImageObject\",\"inLanguage\":\"tr\",\"@id\":\"https:\\\/\\\/secure.gravatar.com\\\/avatar\\\/ccc17943b9d660506c869530f897617f7cb1c21a4bf30023f252596d83e1f007?s=96&d=mm&r=g\",\"url\":\"https:\\\/\\\/secure.gravatar.com\\\/avatar\\\/ccc17943b9d660506c869530f897617f7cb1c21a4bf30023f252596d83e1f007?s=96&d=mm&r=g\",\"contentUrl\":\"https:\\\/\\\/secure.gravatar.com\\\/avatar\\\/ccc17943b9d660506c869530f897617f7cb1c21a4bf30023f252596d83e1f007?s=96&d=mm&r=g\",\"caption\":\"admin\"},\"sameAs\":[\"https:\\\/\\\/kibrisdakik.com\"],\"url\":\"https:\\\/\\\/kibrisdakik.com\\\/?author=1\"}]}<\/script>\n<!-- \/ Yoast SEO plugin. -->","yoast_head_json":{"title":"Cumhuriyet Meclisi Say\u0131\u015ftay Komitesi topland\u0131 -","robots":{"index":"index","follow":"follow","max-snippet":"max-snippet:-1","max-image-preview":"max-image-preview:large","max-video-preview":"max-video-preview:-1"},"canonical":"https:\/\/kibrisdakik.com\/?p=85270","og_locale":"tr_TR","og_type":"article","og_title":"Cumhuriyet Meclisi Say\u0131\u015ftay Komitesi topland\u0131 -","og_description":"Cumhuriyet Meclisi Say\u0131\u015ftay Komitesi topland\u0131. Cumhuriyet Meclisi\u2019nden yap\u0131lan a\u00e7\u0131klamaya g\u00f6re, bug\u00fcn saat 11.00\u2019de toplanan Say\u0131\u015ftay Komitesi, g\u00fcndeminde bulunan \u201c2023 Mali Y\u0131l\u0131 Kesin Hesap Yasa Tasar\u0131s\u0131 ile Genel Uygunluk Bildirimi\u201d ve \u201cFaiz Fark\u0131 Fonunun 31 Aral\u0131k 2023 \u0130tibariyle Gelir \u2013 Gider D\u00f6k\u00fcm\u00fcne \u0130li\u015fkin Say\u0131\u015ftay Denetim Raporu\u201dnu ele ald\u0131. Komite, \u201cFaiz Fark\u0131 Fonunun 31 Aral\u0131k 2023 \u0130tibariyle","og_url":"https:\/\/kibrisdakik.com\/?p=85270","article_published_time":"2025-06-26T16:50:56+00:00","og_image":[{"width":1800,"height":1054,"url":"https:\/\/kibrisdakik.com\/wp-content\/uploads\/2025\/06\/1750938827887Sayistay-Komitesi2-740x420.jpg","type":"image\/jpeg"}],"author":"admin","twitter_card":"summary_large_image","twitter_misc":{"Yazan:":"admin","Tahmini okuma s\u00fcresi":"1 dakika"},"schema":{"@context":"https:\/\/schema.org","@graph":[{"@type":"Article","@id":"https:\/\/kibrisdakik.com\/?p=85270#article","isPartOf":{"@id":"https:\/\/kibrisdakik.com\/?p=85270"},"author":{"name":"admin","@id":"https:\/\/kibrisdakik.com\/#\/schema\/person\/9cd9d437bbb44f72b73ba127e06d8e79"},"headline":"Cumhuriyet Meclisi Say\u0131\u015ftay Komitesi topland\u0131","datePublished":"2025-06-26T16:50:56+00:00","mainEntityOfPage":{"@id":"https:\/\/kibrisdakik.com\/?p=85270"},"wordCount":210,"commentCount":0,"image":{"@id":"https:\/\/kibrisdakik.com\/?p=85270#primaryimage"},"thumbnailUrl":"https:\/\/kibrisdakik.com\/wp-content\/uploads\/2025\/06\/1750938827887Sayistay-Komitesi2-740x420.jpg","articleSection":["G\u00fcndem","Man\u015fet"],"inLanguage":"tr","potentialAction":[{"@type":"CommentAction","name":"Comment","target":["https:\/\/kibrisdakik.com\/?p=85270#respond"]}]},{"@type":"WebPage","@id":"https:\/\/kibrisdakik.com\/?p=85270","url":"https:\/\/kibrisdakik.com\/?p=85270","name":"Cumhuriyet Meclisi Say\u0131\u015ftay Komitesi topland\u0131 -","isPartOf":{"@id":"https:\/\/kibrisdakik.com\/#website"},"primaryImageOfPage":{"@id":"https:\/\/kibrisdakik.com\/?p=85270#primaryimage"},"image":{"@id":"https:\/\/kibrisdakik.com\/?p=85270#primaryimage"},"thumbnailUrl":"https:\/\/kibrisdakik.com\/wp-content\/uploads\/2025\/06\/1750938827887Sayistay-Komitesi2-740x420.jpg","datePublished":"2025-06-26T16:50:56+00:00","author":{"@id":"https:\/\/kibrisdakik.com\/#\/schema\/person\/9cd9d437bbb44f72b73ba127e06d8e79"},"breadcrumb":{"@id":"https:\/\/kibrisdakik.com\/?p=85270#breadcrumb"},"inLanguage":"tr","potentialAction":[{"@type":"ReadAction","target":["https:\/\/kibrisdakik.com\/?p=85270"]}]},{"@type":"ImageObject","inLanguage":"tr","@id":"https:\/\/kibrisdakik.com\/?p=85270#primaryimage","url":"https:\/\/kibrisdakik.com\/wp-content\/uploads\/2025\/06\/1750938827887Sayistay-Komitesi2-740x420.jpg","contentUrl":"https:\/\/kibrisdakik.com\/wp-content\/uploads\/2025\/06\/1750938827887Sayistay-Komitesi2-740x420.jpg","width":1800,"height":1054},{"@type":"BreadcrumbList","@id":"https:\/\/kibrisdakik.com\/?p=85270#breadcrumb","itemListElement":[{"@type":"ListItem","position":1,"name":"Home","item":"https:\/\/kibrisdakik.com\/"},{"@type":"ListItem","position":2,"name":"Cumhuriyet Meclisi Say\u0131\u015ftay Komitesi topland\u0131"}]},{"@type":"WebSite","@id":"https:\/\/kibrisdakik.com\/#website","url":"https:\/\/kibrisdakik.com\/","name":"","description":"Tam vaktinde haber","potentialAction":[{"@type":"SearchAction","target":{"@type":"EntryPoint","urlTemplate":"https:\/\/kibrisdakik.com\/?s={search_term_string}"},"query-input":{"@type":"PropertyValueSpecification","valueRequired":true,"valueName":"search_term_string"}}],"inLanguage":"tr"},{"@type":"Person","@id":"https:\/\/kibrisdakik.com\/#\/schema\/person\/9cd9d437bbb44f72b73ba127e06d8e79","name":"admin","image":{"@type":"ImageObject","inLanguage":"tr","@id":"https:\/\/secure.gravatar.com\/avatar\/ccc17943b9d660506c869530f897617f7cb1c21a4bf30023f252596d83e1f007?s=96&d=mm&r=g","url":"https:\/\/secure.gravatar.com\/avatar\/ccc17943b9d660506c869530f897617f7cb1c21a4bf30023f252596d83e1f007?s=96&d=mm&r=g","contentUrl":"https:\/\/secure.gravatar.com\/avatar\/ccc17943b9d660506c869530f897617f7cb1c21a4bf30023f252596d83e1f007?s=96&d=mm&r=g","caption":"admin"},"sameAs":["https:\/\/kibrisdakik.com"],"url":"https:\/\/kibrisdakik.com\/?author=1"}]}},"_links":{"self":[{"href":"https:\/\/kibrisdakik.com\/index.php?rest_route=\/wp\/v2\/posts\/85270","targetHints":{"allow":["GET"]}}],"collection":[{"href":"https:\/\/kibrisdakik.com\/index.php?rest_route=\/wp\/v2\/posts"}],"about":[{"href":"https:\/\/kibrisdakik.com\/index.php?rest_route=\/wp\/v2\/types\/post"}],"author":[{"embeddable":true,"href":"https:\/\/kibrisdakik.com\/index.php?rest_route=\/wp\/v2\/users\/1"}],"replies":[{"embeddable":true,"href":"https:\/\/kibrisdakik.com\/index.php?rest_route=%2Fwp%2Fv2%2Fcomments&post=85270"}],"version-history":[{"count":0,"href":"https:\/\/kibrisdakik.com\/index.php?rest_route=\/wp\/v2\/posts\/85270\/revisions"}],"wp:featuredmedia":[{"embeddable":true,"href":"https:\/\/kibrisdakik.com\/index.php?rest_route=\/wp\/v2\/media\/85271"}],"wp:attachment":[{"href":"https:\/\/kibrisdakik.com\/index.php?rest_route=%2Fwp%2Fv2%2Fmedia&parent=85270"}],"wp:term":[{"taxonomy":"category","embeddable":true,"href":"https:\/\/kibrisdakik.com\/index.php?rest_route=%2Fwp%2Fv2%2Fcategories&post=85270"},{"taxonomy":"post_tag","embeddable":true,"href":"https:\/\/kibrisdakik.com\/index.php?rest_route=%2Fwp%2Fv2%2Ftags&post=85270"}],"curies":[{"name":"wp","href":"https:\/\/api.w.org\/{rel}","templated":true}]}}