{"id":85292,"date":"2025-06-27T00:56:01","date_gmt":"2025-06-26T21:56:01","guid":{"rendered":"https:\/\/kibrisdakik.com\/index.php\/2025\/06\/27\/cumhurbaskani-tatar-ingiltere-parlamentosu-kktc-dostluk-grubu-ile-bir-araya-geldi\/"},"modified":"2025-06-27T00:56:01","modified_gmt":"2025-06-26T21:56:01","slug":"cumhurbaskani-tatar-ingiltere-parlamentosu-kktc-dostluk-grubu-ile-bir-araya-geldi","status":"publish","type":"post","link":"https:\/\/kibrisdakik.com\/?p=85292","title":{"rendered":"Cumhurba\u015fkan\u0131 Tatar, \u0130ngiltere Parlamentosu KKTC Dostluk Grubu ile bir araya geldi"},"content":{"rendered":"<p><\/p>\n<div>\n<p>\u00a0\u00a0<\/p>\n<p>Cumhurba\u015fkan\u0131 Ersin Tatar, Londra temaslar\u0131 \u00e7er\u00e7evesinde, \u0130ngiltere Parlamentosu KKTC Dostluk Grubu (APPG-TRNC) \u00fcyeleriyle toplant\u0131 ger\u00e7ekle\u015ftirdi.<\/p>\n<p>\u00a0<\/p>\n<div class=\"des-g\"><a href=\"#\" class=\"rk\"><\/a><\/div>\n<p>Toplant\u0131ya APPG TRNC Ba\u015fkan\u0131 Imran Hussain, Milletvekilleri Yasmin Qureshi, Nesil \u00c7al\u0131\u015fkan, Lord Rogan, Baroness Mobarik CBE, Lord Qurban Hussain ve Elliott of Ballinamallard kat\u0131ld\u0131.<\/p>\n<div class=\"ads mobileg-g\">\n                                <center><a href=\"#\" class=\"rk\"><img decoding=\"async\" src=\"https:\/\/haberadam.temadam.com\/wp-content\/uploads\/2020\/12\/TZK8D0.png\" alt=\"\"\/><\/a><\/center>                            <\/div>\n<p>\u00a0<\/p>\n<p>Cumhurba\u015fkan\u0131 Tatar, Westminster\u2019daki Portcullis House\u2019da ger\u00e7ekle\u015fen toplant\u0131ya ev sahipli\u011fi yapt\u0131\u011f\u0131 APPG-TRNC te\u015fekk\u00fcr ederek, \u201cAPPG-TRNC, K\u0131br\u0131s T\u00fcrk Halk\u0131\u2019n\u0131n maruz kald\u0131\u011f\u0131 b\u00fcy\u00fck haks\u0131zl\u0131\u011f\u0131 bakanlara ve parlamenterlere aktarma konusunda her zaman proaktif \u00e7al\u0131\u015fmalar y\u00fcr\u00fctmektedir. Bu meseleye g\u00f6sterdi\u011finiz hassasiyet ve deste\u011finiz i\u00e7in hepinize te\u015fekk\u00fcr ederim\u201d dedi.<\/p>\n<p>\u00a0<\/p>\n<p>Cumhurba\u015fkan\u0131 Tatar konu\u015fmas\u0131nda \u015funlar\u0131 kaydetti:<\/p>\n<div class=\"ads mobileg-g\">\n                                <center><a href=\"#\" class=\"rk\"><img decoding=\"async\" src=\"https:\/\/haberadam.temadam.com\/wp-content\/uploads\/2020\/12\/TZK8D0.png\" alt=\"\"\/><\/a><\/center>                            <\/div>\n<p>\u00a0<\/p>\n<p>\u201cAvrupa\u2019dan Sorumlu Bakan Stephen Doughty ile ger\u00e7ekle\u015ftirdi\u011fim g\u00f6r\u00fc\u015fmede, K\u0131br\u0131s konusundaki son geli\u015fmelere dair g\u00f6r\u00fc\u015flerimi payla\u015fma f\u0131rsat\u0131 buldum.\u00a0<\/p>\n<p>\u00a0<\/p>\n<p>Rum taraf\u0131n\u0131n iddialar\u0131n\u0131n aksine, K\u0131br\u0131s T\u00fcrk Halk\u0131 e\u015fit ve do\u011fu\u015ftan gelen haklara sahiptir; bu haklar, 1960 K\u0131br\u0131s Cumhuriyeti\u2019nin kurucu ortaklar\u0131 olarak kendi kaderini tayin etme haklar\u0131n\u0131 kapsamaktad\u0131r. Cumhuriyetin kurulmas\u0131n\u0131 sa\u011flayan antla\u015fmalar, K\u0131br\u0131s T\u00fcrk taraf\u0131n\u0131n imzas\u0131yla y\u00fcr\u00fcrl\u00fc\u011fe girmi\u015ftir; bu antla\u015fmalar ayn\u0131 zamanda iki Egemen \u00dcs B\u00f6lgesi kurulmas\u0131na da olanak tan\u0131m\u0131\u015ft\u0131r. Ancak K\u0131br\u0131s T\u00fcrkleri, 1963 Aral\u0131k ay\u0131nda silah zoruyla devletin d\u0131\u015f\u0131na itilmi\u015f ve Rum-Yunan ikilisinin K\u0131br\u0131s\u2019\u0131 Yunanistan\u2019a ba\u011flama hedefi do\u011frultusunda 11 y\u0131l s\u00fcren zulme maruz kalm\u0131\u015ft\u0131r.\u201d<\/p>\n<p>\u00a0<\/p>\n<div class=\"des-g\"><a href=\"#\" class=\"rk\"><img decoding=\"async\" src=\"https:\/\/haberadam.temadam.com\/wp-content\/uploads\/2020\/12\/sit1.jpg\" alt=\"\"\/><\/a><\/div>\n<p>Cumhurba\u015fkan\u0131 Tatar, 15 Temmuz 1974\u2019te Yunan Cuntas\u0131\u2019n\u0131n darbe ger\u00e7ekle\u015ftirdi\u011fini ve \u201cHelenik K\u0131br\u0131s Cumhuriyeti\u201d ilan etti\u011fini belirterek, \u201cAnavatan\u0131m\u0131z ve garant\u00f6r \u00fclkelerden biri olan T\u00fcrkiye, bu zulm\u00fc durdurmak amac\u0131yla K\u0131br\u0131s Bar\u0131\u015f Harek\u00e2t\u0131\u2019n\u0131 ger\u00e7ekle\u015ftirmek zorunda kalm\u0131\u015ft\u0131r. Bu harek\u00e2t\u0131n ard\u0131ndan G\u00f6n\u00fcll\u00fc N\u00fcfus M\u00fcbadelesi Anla\u015fmas\u0131 yap\u0131lm\u0131\u015f, K\u0131br\u0131s T\u00fcrkleri Kuzey\u2019e, Rumlar ise G\u00fcney\u2019e ge\u00e7mi\u015ftir. Yar\u0131m asr\u0131 a\u015fk\u0131n s\u00fcredir federal temelde s\u00fcrd\u00fcr\u00fclen m\u00fczakereler ise denenmi\u015f, ba\u015far\u0131s\u0131z olmu\u015f ve t\u00fcketilmi\u015ftir\u201d dedi.<\/p>\n<p>\u00a0<\/p>\n<p>Yeni iki devletli vizyonunun halk taraf\u0131ndan desteklenerek g\u00f6reve se\u00e7ildi\u011fini vurgulayan Cumhurba\u015fkan\u0131 Tatar, s\u00f6zlerine \u015f\u00f6yle devam etti:<\/p>\n<p>\u00a0<\/p>\n<p>\u201cYeni vizyonumu uluslararas\u0131 kamuoyuna ilk kez Nisan 2021\u2019de Cenevre\u2019deki gayriresm\u00ee toplant\u0131da sundum. Bu vizyon, egemen e\u015fitlik ve e\u015fit uluslararas\u0131 stat\u00fc temelinde, iki taraf\u0131n i\u015f birli\u011fine dayal\u0131 bir \u00e7\u00f6z\u00fcm aray\u0131\u015f\u0131d\u0131r. Biz, K\u0131br\u0131s sorununa ger\u00e7ek\u00e7i, s\u00fcrd\u00fcr\u00fclebilir ve pratik bir \u00e7\u00f6z\u00fcm istiyoruz.\u201d<\/p>\n<p>\u00a0<\/p>\n<p>Cumhurba\u015fkan\u0131 Tatar, BM Genel Sekreteri\u2019nin Ki\u015fisel Temsilcisi Maria Holguin taraf\u0131ndan bir ke\u015fif \u00e7al\u0131\u015fmas\u0131 yap\u0131ld\u0131\u011f\u0131n\u0131 ve yeni, resm\u00ee m\u00fczakerelerin ba\u015flamas\u0131 i\u00e7in ortak bir zemin bulunmad\u0131\u011f\u0131n\u0131n tespit edildi\u011fini an\u0131msatt\u0131. Mart ay\u0131nda kat\u0131ld\u0131\u011f\u0131 di\u011fer bir gayriresm\u00ee toplant\u0131 sonras\u0131 taraflar\u0131n alt\u0131 yeni i\u015f birli\u011fi giri\u015fimi \u00fczerinde anla\u015ft\u0131\u011f\u0131n\u0131 ifade eden Cumhurba\u015fkan\u0131 Tatar, ancak d\u00f6n\u00fc\u015f\u00fcnde Rum liderin \u201cta\u015f\u0131nmaz mallarla\u201d ilgili K\u0131br\u0131s T\u00fcrk halk\u0131n\u0131 tehdit eden ve sindiren bir kampanya ba\u015flatt\u0131\u011f\u0131n\u0131, bunun halkta b\u00fcy\u00fck \u00f6fkeye neden oldu\u011funu ve kabul edilemez oldu\u011funu belirtti.<\/p>\n<p>\u00a0<\/p>\n<p>Cumhurba\u015fkan\u0131 Tatar, K\u0131br\u0131s\u2019\u0131n jeopolitik ve jeostratejik a\u00e7\u0131dan b\u00fcy\u00fck \u00f6neme sahip oldu\u011funu ve T\u00fcrkiye\u2019nin g\u00fcney k\u0131y\u0131lar\u0131na sadece 40 mil mesafede bulundu\u011funu hat\u0131rlatarak, \u201c\u0130ngiltere\u2019nin Ada\u2019da iki Egemen \u00dcs B\u00f6lgesi bulunmaktad\u0131r. Ortado\u011fu\u2019daki geli\u015fmeler nedeniyle bu \u00fcslerin \u00f6nemi daha da artm\u0131\u015ft\u0131r\u201d dedi.<\/p>\n<p>\u00a0<\/p>\n<p>\u0130ngiltere\u2019deki g\u00f6r\u00fc\u015fmesinde Bakan Doughty\u2019e, K\u0131br\u0131s T\u00fcrk Halk\u0131na y\u00f6nelik \u201ce\u015fit olmayan muamele politikas\u0131n\u0131n\u201d g\u00f6zden ge\u00e7irilmesi \u00e7a\u011fr\u0131s\u0131nda bulundu\u011funu s\u00f6yleyen Cumhurba\u015fkan\u0131 Tatar, \u015f\u00f6yle devam etti:<\/p>\n<p>\u00a0<\/p>\n<p>\u201c2004 Annan Plan\u0131 d\u00f6neminde uluslararas\u0131 toplum taraf\u0131ndan K\u0131br\u0131s T\u00fcrk Halk\u0131\u2019na y\u00f6nelik insanl\u0131k d\u0131\u015f\u0131 izolasyonun sona erdirilece\u011fine dair verilen s\u00f6zlerin hi\u00e7biri tutulmam\u0131\u015ft\u0131r. Direkt u\u00e7u\u015flar, do\u011frudan ticaret ve do\u011frudan temaslar ba\u015flat\u0131lmam\u0131\u015ft\u0131r. Bu, halk\u0131m\u0131z\u0131n temel insan haklar\u0131 meselesidir.\u201d<\/p>\n<p>\u00a0<\/p>\n<p>KKTC\u2019nin T\u00fcrk Devletleri Te\u015fkilat\u0131\u2019na g\u00f6zlemci \u00fcye olarak kabul edildi\u011fini ve T\u00fcrk devletleriyle ve \u0130slam \u00fclkeleriyle ili\u015fkilerini geli\u015ftirmeyi s\u00fcrd\u00fcrd\u00fc\u011f\u00fcn\u00fc belirten Cumhurba\u015fkan\u0131 Tatar, \u0130ngiltere\u2019de ya\u015fayan yakla\u015f\u0131k 350.000 K\u0131br\u0131sl\u0131 T\u00fcrk\u2019\u00fcn g\u00fc\u00e7l\u00fc ba\u011flara sahip oldu\u011funu belirtti.<\/p>\n<p>\u00a0<\/p>\n<p>Cumhurba\u015fkan\u0131, \u201cizolasyonun sonland\u0131r\u0131lmas\u0131 i\u00e7in somut ad\u0131mlar g\u00f6rmek istiyoruz. Gen\u00e7lik ve spor kul\u00fcplerimiz dahi uluslararas\u0131 dostluk ma\u00e7lar\u0131 oynayam\u0131yor. Bu \u00e7a\u011fda b\u00f6yle bir durum s\u00f6z konusu olmamal\u0131, bu konular siyasi bir \u00e7\u00f6z\u00fcme ba\u011fl\u0131 kalmamal\u0131d\u0131r; \u00e7\u00fcnk\u00fc \u00e7\u00f6z\u00fcm \u00f6nerileri Rum taraf\u0131 taraf\u0131ndan defalarca reddedilmi\u015ftir\u201d diye konu\u015ftu.<\/p>\n<p>\u00a0<\/p>\n<p>Cumhurba\u015fkan\u0131 Tatar, T\u00fcrkiye Cumhuriyeti Cumhurba\u015fkan\u0131 Recep Tayyip Erdo\u011fan\u2019\u0131n BM Genel Kurulu\u2019nda \u00fc\u00e7 y\u0131l \u00fcst \u00fcste yapt\u0131\u011f\u0131 konu\u015fmalarda, K\u0131br\u0131s T\u00fcrk Halk\u0131\u2019na y\u00f6nelik adaletsizli\u011fe son verilmesi, ekonomik, siyasi ve diplomatik ili\u015fkiler kurulmas\u0131 ve KKTC\u2019nin tan\u0131nmas\u0131 y\u00f6n\u00fcnde \u00e7a\u011fr\u0131s\u0131 bulundu\u011funu hat\u0131rlatt\u0131. \u201c\u0130ki devletli \u00e7\u00f6z\u00fcm modelimize ve halk\u0131m\u0131za verdi\u011fi tam destekten dolay\u0131 Say\u0131n Cumhurba\u015fkan\u0131 Erdo\u011fan\u2019a bir kez daha bu vesileyle te\u015fekk\u00fcr ediyorum\u201d dedi.<\/p>\n<p>\u00a0<\/p>\n<p>Cumhurba\u015fkan\u0131 Tatar, toplant\u0131y\u0131 d\u00fczenleyen \u201cKuzey K\u0131br\u0131s i\u00e7in \u00d6zg\u00fcrl\u00fck ve Adalet\u201d kampanyas\u0131na ve kat\u0131lan t\u00fcm parlamenterlere de te\u015fekk\u00fcr etti.<\/p>\n<p>\u00a0<\/p>\n<p>Toplant\u0131da yapt\u0131\u011f\u0131 konu\u015fmada Milletvekili \u0130mran Khan ise, halklar\u0131n \u201ckendi kaderini tayin hakk\u0131\u201dn\u0131n \u00f6nemine dikkat \u00e7ekerek, karar vericileri etkilemek ve onlar\u0131 K\u0131br\u0131s\u2019\u0131n ger\u00e7ekleri ve K\u0131br\u0131s T\u00fcrk Halk\u0131\u2019n\u0131n ya\u015fad\u0131\u011f\u0131 ma\u011fduriyet konusunda ayd\u0131nlatman\u0131n \u00f6nemini vurgulad\u0131.<\/p>\n<p>\u00a0<\/p>\n<p>Lord Rogan da, Cumhurba\u015fkan\u0131 Tatar\u2019\u0131n KKTC\u2019yi ve K\u0131br\u0131s T\u00fcrk davas\u0131n\u0131 tan\u0131tmak i\u00e7in y\u0131lmadan \u00e7al\u0131\u015fmaya devam etti\u011fini ve daha \u00f6nce Lordlar Kamaras\u0131 oturumuna kat\u0131lm\u0131\u015f ilk KKTC Cumhurba\u015fkan\u0131 oldu\u011funu kaydetti.<\/p>\n<\/div>\n<p><script async\n                    defer\n                    crossorigin=\"anonymous\"\n                    src=\"https:\/\/connect.facebook.net\/tr_TR\/sdk.js#xfbml=1&#038;version=v3.3\"\n            ><\/script><\/p>\n","protected":false},"excerpt":{"rendered":"<p>\u00a0\u00a0 Cumhurba\u015fkan\u0131 Ersin Tatar, Londra temaslar\u0131 \u00e7er\u00e7evesinde, \u0130ngiltere Parlamentosu KKTC Dostluk Grubu (APPG-TRNC) \u00fcyeleriyle toplant\u0131 ger\u00e7ekle\u015ftirdi. \u00a0 Toplant\u0131ya APPG TRNC Ba\u015fkan\u0131 Imran Hussain, Milletvekilleri Yasmin Qureshi, Nesil \u00c7al\u0131\u015fkan, Lord Rogan, Baroness Mobarik CBE, Lord Qurban Hussain ve Elliott of Ballinamallard kat\u0131ld\u0131. \u00a0 Cumhurba\u015fkan\u0131 Tatar, Westminster\u2019daki Portcullis House\u2019da ger\u00e7ekle\u015fen toplant\u0131ya ev sahipli\u011fi yapt\u0131\u011f\u0131 APPG-TRNC te\u015fekk\u00fcr ederek,<\/p>\n","protected":false},"author":1,"featured_media":85293,"comment_status":"open","ping_status":"open","sticky":false,"template":"","format":"standard","meta":{"footnotes":""},"categories":[1,101],"tags":[],"class_list":["post-85292","post","type-post","status-publish","format-standard","has-post-thumbnail","hentry","category-gundem","category-manset"],"yoast_head":"<!-- This site is optimized with the Yoast SEO plugin v27.5 - https:\/\/yoast.com\/product\/yoast-seo-wordpress\/ -->\n<title>Cumhurba\u015fkan\u0131 Tatar, \u0130ngiltere Parlamentosu KKTC Dostluk Grubu ile bir araya geldi -<\/title>\n<meta name=\"robots\" content=\"index, follow, max-snippet:-1, max-image-preview:large, max-video-preview:-1\" \/>\n<link rel=\"canonical\" href=\"https:\/\/kibrisdakik.com\/?p=85292\" \/>\n<meta property=\"og:locale\" content=\"tr_TR\" \/>\n<meta property=\"og:type\" content=\"article\" \/>\n<meta property=\"og:title\" content=\"Cumhurba\u015fkan\u0131 Tatar, \u0130ngiltere Parlamentosu KKTC Dostluk Grubu ile bir araya geldi -\" \/>\n<meta property=\"og:description\" content=\"\u00a0\u00a0 Cumhurba\u015fkan\u0131 Ersin Tatar, Londra temaslar\u0131 \u00e7er\u00e7evesinde, \u0130ngiltere Parlamentosu KKTC Dostluk Grubu (APPG-TRNC) \u00fcyeleriyle toplant\u0131 ger\u00e7ekle\u015ftirdi. \u00a0 Toplant\u0131ya APPG TRNC Ba\u015fkan\u0131 Imran Hussain, Milletvekilleri Yasmin Qureshi, Nesil \u00c7al\u0131\u015fkan, Lord Rogan, Baroness Mobarik CBE, Lord Qurban Hussain ve Elliott of Ballinamallard kat\u0131ld\u0131. \u00a0 Cumhurba\u015fkan\u0131 Tatar, Westminster\u2019daki Portcullis House\u2019da ger\u00e7ekle\u015fen toplant\u0131ya ev sahipli\u011fi yapt\u0131\u011f\u0131 APPG-TRNC te\u015fekk\u00fcr ederek,\" \/>\n<meta property=\"og:url\" content=\"https:\/\/kibrisdakik.com\/?p=85292\" \/>\n<meta property=\"article:published_time\" content=\"2025-06-26T21:56:01+00:00\" \/>\n<meta property=\"og:image\" content=\"https:\/\/kibrisdakik.com\/wp-content\/uploads\/2025\/06\/Screenshot_20250626_204106_X-740x420.jpg\" \/>\n\t<meta property=\"og:image:width\" content=\"1006\" \/>\n\t<meta property=\"og:image:height\" content=\"562\" \/>\n\t<meta property=\"og:image:type\" content=\"image\/jpeg\" \/>\n<meta name=\"author\" content=\"admin\" \/>\n<meta name=\"twitter:card\" content=\"summary_large_image\" \/>\n<meta name=\"twitter:label1\" content=\"Yazan:\" \/>\n\t<meta name=\"twitter:data1\" content=\"admin\" \/>\n\t<meta name=\"twitter:label2\" content=\"Tahmini okuma s\u00fcresi\" \/>\n\t<meta name=\"twitter:data2\" content=\"5 dakika\" \/>\n<script type=\"application\/ld+json\" class=\"yoast-schema-graph\">{\"@context\":\"https:\\\/\\\/schema.org\",\"@graph\":[{\"@type\":\"Article\",\"@id\":\"https:\\\/\\\/kibrisdakik.com\\\/?p=85292#article\",\"isPartOf\":{\"@id\":\"https:\\\/\\\/kibrisdakik.com\\\/?p=85292\"},\"author\":{\"name\":\"admin\",\"@id\":\"https:\\\/\\\/kibrisdakik.com\\\/#\\\/schema\\\/person\\\/9cd9d437bbb44f72b73ba127e06d8e79\"},\"headline\":\"Cumhurba\u015fkan\u0131 Tatar, \u0130ngiltere Parlamentosu KKTC Dostluk Grubu ile bir araya geldi\",\"datePublished\":\"2025-06-26T21:56:01+00:00\",\"mainEntityOfPage\":{\"@id\":\"https:\\\/\\\/kibrisdakik.com\\\/?p=85292\"},\"wordCount\":1082,\"commentCount\":0,\"image\":{\"@id\":\"https:\\\/\\\/kibrisdakik.com\\\/?p=85292#primaryimage\"},\"thumbnailUrl\":\"https:\\\/\\\/kibrisdakik.com\\\/wp-content\\\/uploads\\\/2025\\\/06\\\/Screenshot_20250626_204106_X-740x420.jpg\",\"articleSection\":[\"G\u00fcndem\",\"Man\u015fet\"],\"inLanguage\":\"tr\",\"potentialAction\":[{\"@type\":\"CommentAction\",\"name\":\"Comment\",\"target\":[\"https:\\\/\\\/kibrisdakik.com\\\/?p=85292#respond\"]}]},{\"@type\":\"WebPage\",\"@id\":\"https:\\\/\\\/kibrisdakik.com\\\/?p=85292\",\"url\":\"https:\\\/\\\/kibrisdakik.com\\\/?p=85292\",\"name\":\"Cumhurba\u015fkan\u0131 Tatar, \u0130ngiltere Parlamentosu KKTC Dostluk Grubu ile bir araya geldi -\",\"isPartOf\":{\"@id\":\"https:\\\/\\\/kibrisdakik.com\\\/#website\"},\"primaryImageOfPage\":{\"@id\":\"https:\\\/\\\/kibrisdakik.com\\\/?p=85292#primaryimage\"},\"image\":{\"@id\":\"https:\\\/\\\/kibrisdakik.com\\\/?p=85292#primaryimage\"},\"thumbnailUrl\":\"https:\\\/\\\/kibrisdakik.com\\\/wp-content\\\/uploads\\\/2025\\\/06\\\/Screenshot_20250626_204106_X-740x420.jpg\",\"datePublished\":\"2025-06-26T21:56:01+00:00\",\"author\":{\"@id\":\"https:\\\/\\\/kibrisdakik.com\\\/#\\\/schema\\\/person\\\/9cd9d437bbb44f72b73ba127e06d8e79\"},\"breadcrumb\":{\"@id\":\"https:\\\/\\\/kibrisdakik.com\\\/?p=85292#breadcrumb\"},\"inLanguage\":\"tr\",\"potentialAction\":[{\"@type\":\"ReadAction\",\"target\":[\"https:\\\/\\\/kibrisdakik.com\\\/?p=85292\"]}]},{\"@type\":\"ImageObject\",\"inLanguage\":\"tr\",\"@id\":\"https:\\\/\\\/kibrisdakik.com\\\/?p=85292#primaryimage\",\"url\":\"https:\\\/\\\/kibrisdakik.com\\\/wp-content\\\/uploads\\\/2025\\\/06\\\/Screenshot_20250626_204106_X-740x420.jpg\",\"contentUrl\":\"https:\\\/\\\/kibrisdakik.com\\\/wp-content\\\/uploads\\\/2025\\\/06\\\/Screenshot_20250626_204106_X-740x420.jpg\",\"width\":1006,\"height\":562},{\"@type\":\"BreadcrumbList\",\"@id\":\"https:\\\/\\\/kibrisdakik.com\\\/?p=85292#breadcrumb\",\"itemListElement\":[{\"@type\":\"ListItem\",\"position\":1,\"name\":\"Home\",\"item\":\"https:\\\/\\\/kibrisdakik.com\\\/\"},{\"@type\":\"ListItem\",\"position\":2,\"name\":\"Cumhurba\u015fkan\u0131 Tatar, \u0130ngiltere Parlamentosu KKTC Dostluk Grubu ile bir araya geldi\"}]},{\"@type\":\"WebSite\",\"@id\":\"https:\\\/\\\/kibrisdakik.com\\\/#website\",\"url\":\"https:\\\/\\\/kibrisdakik.com\\\/\",\"name\":\"\",\"description\":\"Tam vaktinde haber\",\"potentialAction\":[{\"@type\":\"SearchAction\",\"target\":{\"@type\":\"EntryPoint\",\"urlTemplate\":\"https:\\\/\\\/kibrisdakik.com\\\/?s={search_term_string}\"},\"query-input\":{\"@type\":\"PropertyValueSpecification\",\"valueRequired\":true,\"valueName\":\"search_term_string\"}}],\"inLanguage\":\"tr\"},{\"@type\":\"Person\",\"@id\":\"https:\\\/\\\/kibrisdakik.com\\\/#\\\/schema\\\/person\\\/9cd9d437bbb44f72b73ba127e06d8e79\",\"name\":\"admin\",\"image\":{\"@type\":\"ImageObject\",\"inLanguage\":\"tr\",\"@id\":\"https:\\\/\\\/secure.gravatar.com\\\/avatar\\\/ccc17943b9d660506c869530f897617f7cb1c21a4bf30023f252596d83e1f007?s=96&d=mm&r=g\",\"url\":\"https:\\\/\\\/secure.gravatar.com\\\/avatar\\\/ccc17943b9d660506c869530f897617f7cb1c21a4bf30023f252596d83e1f007?s=96&d=mm&r=g\",\"contentUrl\":\"https:\\\/\\\/secure.gravatar.com\\\/avatar\\\/ccc17943b9d660506c869530f897617f7cb1c21a4bf30023f252596d83e1f007?s=96&d=mm&r=g\",\"caption\":\"admin\"},\"sameAs\":[\"https:\\\/\\\/kibrisdakik.com\"],\"url\":\"https:\\\/\\\/kibrisdakik.com\\\/?author=1\"}]}<\/script>\n<!-- \/ Yoast SEO plugin. -->","yoast_head_json":{"title":"Cumhurba\u015fkan\u0131 Tatar, \u0130ngiltere Parlamentosu KKTC Dostluk Grubu ile bir araya geldi -","robots":{"index":"index","follow":"follow","max-snippet":"max-snippet:-1","max-image-preview":"max-image-preview:large","max-video-preview":"max-video-preview:-1"},"canonical":"https:\/\/kibrisdakik.com\/?p=85292","og_locale":"tr_TR","og_type":"article","og_title":"Cumhurba\u015fkan\u0131 Tatar, \u0130ngiltere Parlamentosu KKTC Dostluk Grubu ile bir araya geldi -","og_description":"\u00a0\u00a0 Cumhurba\u015fkan\u0131 Ersin Tatar, Londra temaslar\u0131 \u00e7er\u00e7evesinde, \u0130ngiltere Parlamentosu KKTC Dostluk Grubu (APPG-TRNC) \u00fcyeleriyle toplant\u0131 ger\u00e7ekle\u015ftirdi. \u00a0 Toplant\u0131ya APPG TRNC Ba\u015fkan\u0131 Imran Hussain, Milletvekilleri Yasmin Qureshi, Nesil \u00c7al\u0131\u015fkan, Lord Rogan, Baroness Mobarik CBE, Lord Qurban Hussain ve Elliott of Ballinamallard kat\u0131ld\u0131. \u00a0 Cumhurba\u015fkan\u0131 Tatar, Westminster\u2019daki Portcullis House\u2019da ger\u00e7ekle\u015fen toplant\u0131ya ev sahipli\u011fi yapt\u0131\u011f\u0131 APPG-TRNC te\u015fekk\u00fcr ederek,","og_url":"https:\/\/kibrisdakik.com\/?p=85292","article_published_time":"2025-06-26T21:56:01+00:00","og_image":[{"width":1006,"height":562,"url":"https:\/\/kibrisdakik.com\/wp-content\/uploads\/2025\/06\/Screenshot_20250626_204106_X-740x420.jpg","type":"image\/jpeg"}],"author":"admin","twitter_card":"summary_large_image","twitter_misc":{"Yazan:":"admin","Tahmini okuma s\u00fcresi":"5 dakika"},"schema":{"@context":"https:\/\/schema.org","@graph":[{"@type":"Article","@id":"https:\/\/kibrisdakik.com\/?p=85292#article","isPartOf":{"@id":"https:\/\/kibrisdakik.com\/?p=85292"},"author":{"name":"admin","@id":"https:\/\/kibrisdakik.com\/#\/schema\/person\/9cd9d437bbb44f72b73ba127e06d8e79"},"headline":"Cumhurba\u015fkan\u0131 Tatar, \u0130ngiltere Parlamentosu KKTC Dostluk Grubu ile bir araya geldi","datePublished":"2025-06-26T21:56:01+00:00","mainEntityOfPage":{"@id":"https:\/\/kibrisdakik.com\/?p=85292"},"wordCount":1082,"commentCount":0,"image":{"@id":"https:\/\/kibrisdakik.com\/?p=85292#primaryimage"},"thumbnailUrl":"https:\/\/kibrisdakik.com\/wp-content\/uploads\/2025\/06\/Screenshot_20250626_204106_X-740x420.jpg","articleSection":["G\u00fcndem","Man\u015fet"],"inLanguage":"tr","potentialAction":[{"@type":"CommentAction","name":"Comment","target":["https:\/\/kibrisdakik.com\/?p=85292#respond"]}]},{"@type":"WebPage","@id":"https:\/\/kibrisdakik.com\/?p=85292","url":"https:\/\/kibrisdakik.com\/?p=85292","name":"Cumhurba\u015fkan\u0131 Tatar, \u0130ngiltere Parlamentosu KKTC Dostluk Grubu ile bir araya geldi -","isPartOf":{"@id":"https:\/\/kibrisdakik.com\/#website"},"primaryImageOfPage":{"@id":"https:\/\/kibrisdakik.com\/?p=85292#primaryimage"},"image":{"@id":"https:\/\/kibrisdakik.com\/?p=85292#primaryimage"},"thumbnailUrl":"https:\/\/kibrisdakik.com\/wp-content\/uploads\/2025\/06\/Screenshot_20250626_204106_X-740x420.jpg","datePublished":"2025-06-26T21:56:01+00:00","author":{"@id":"https:\/\/kibrisdakik.com\/#\/schema\/person\/9cd9d437bbb44f72b73ba127e06d8e79"},"breadcrumb":{"@id":"https:\/\/kibrisdakik.com\/?p=85292#breadcrumb"},"inLanguage":"tr","potentialAction":[{"@type":"ReadAction","target":["https:\/\/kibrisdakik.com\/?p=85292"]}]},{"@type":"ImageObject","inLanguage":"tr","@id":"https:\/\/kibrisdakik.com\/?p=85292#primaryimage","url":"https:\/\/kibrisdakik.com\/wp-content\/uploads\/2025\/06\/Screenshot_20250626_204106_X-740x420.jpg","contentUrl":"https:\/\/kibrisdakik.com\/wp-content\/uploads\/2025\/06\/Screenshot_20250626_204106_X-740x420.jpg","width":1006,"height":562},{"@type":"BreadcrumbList","@id":"https:\/\/kibrisdakik.com\/?p=85292#breadcrumb","itemListElement":[{"@type":"ListItem","position":1,"name":"Home","item":"https:\/\/kibrisdakik.com\/"},{"@type":"ListItem","position":2,"name":"Cumhurba\u015fkan\u0131 Tatar, \u0130ngiltere Parlamentosu KKTC Dostluk Grubu ile bir araya geldi"}]},{"@type":"WebSite","@id":"https:\/\/kibrisdakik.com\/#website","url":"https:\/\/kibrisdakik.com\/","name":"","description":"Tam vaktinde haber","potentialAction":[{"@type":"SearchAction","target":{"@type":"EntryPoint","urlTemplate":"https:\/\/kibrisdakik.com\/?s={search_term_string}"},"query-input":{"@type":"PropertyValueSpecification","valueRequired":true,"valueName":"search_term_string"}}],"inLanguage":"tr"},{"@type":"Person","@id":"https:\/\/kibrisdakik.com\/#\/schema\/person\/9cd9d437bbb44f72b73ba127e06d8e79","name":"admin","image":{"@type":"ImageObject","inLanguage":"tr","@id":"https:\/\/secure.gravatar.com\/avatar\/ccc17943b9d660506c869530f897617f7cb1c21a4bf30023f252596d83e1f007?s=96&d=mm&r=g","url":"https:\/\/secure.gravatar.com\/avatar\/ccc17943b9d660506c869530f897617f7cb1c21a4bf30023f252596d83e1f007?s=96&d=mm&r=g","contentUrl":"https:\/\/secure.gravatar.com\/avatar\/ccc17943b9d660506c869530f897617f7cb1c21a4bf30023f252596d83e1f007?s=96&d=mm&r=g","caption":"admin"},"sameAs":["https:\/\/kibrisdakik.com"],"url":"https:\/\/kibrisdakik.com\/?author=1"}]}},"_links":{"self":[{"href":"https:\/\/kibrisdakik.com\/index.php?rest_route=\/wp\/v2\/posts\/85292","targetHints":{"allow":["GET"]}}],"collection":[{"href":"https:\/\/kibrisdakik.com\/index.php?rest_route=\/wp\/v2\/posts"}],"about":[{"href":"https:\/\/kibrisdakik.com\/index.php?rest_route=\/wp\/v2\/types\/post"}],"author":[{"embeddable":true,"href":"https:\/\/kibrisdakik.com\/index.php?rest_route=\/wp\/v2\/users\/1"}],"replies":[{"embeddable":true,"href":"https:\/\/kibrisdakik.com\/index.php?rest_route=%2Fwp%2Fv2%2Fcomments&post=85292"}],"version-history":[{"count":0,"href":"https:\/\/kibrisdakik.com\/index.php?rest_route=\/wp\/v2\/posts\/85292\/revisions"}],"wp:featuredmedia":[{"embeddable":true,"href":"https:\/\/kibrisdakik.com\/index.php?rest_route=\/wp\/v2\/media\/85293"}],"wp:attachment":[{"href":"https:\/\/kibrisdakik.com\/index.php?rest_route=%2Fwp%2Fv2%2Fmedia&parent=85292"}],"wp:term":[{"taxonomy":"category","embeddable":true,"href":"https:\/\/kibrisdakik.com\/index.php?rest_route=%2Fwp%2Fv2%2Fcategories&post=85292"},{"taxonomy":"post_tag","embeddable":true,"href":"https:\/\/kibrisdakik.com\/index.php?rest_route=%2Fwp%2Fv2%2Ftags&post=85292"}],"curies":[{"name":"wp","href":"https:\/\/api.w.org\/{rel}","templated":true}]}}