{"id":8531,"date":"2023-06-09T15:05:24","date_gmt":"2023-06-09T15:05:24","guid":{"rendered":"https:\/\/kibrisdakik.com\/?p=8531"},"modified":"2023-06-09T15:12:31","modified_gmt":"2023-06-09T15:12:31","slug":"kteb-yalana-dayali-algi-operasyonlarina-prim-vermeyecegiz","status":"publish","type":"post","link":"https:\/\/kibrisdakik.com\/?p=8531","title":{"rendered":"GEREKL\u0130 YASAL \u0130\u015eLEMLER BA\u015eLATILMI\u015eTIR"},"content":{"rendered":"<div dir=\"auto\">K\u0131br\u0131s T\u00fcrk Emlak\u00e7\u0131lar Birli\u011fi (KTEB) son zamanlarda birlik ve birlik ba\u015fkan\u0131 \u00fczerinden yap\u0131lan alg\u0131 operasyonlar\u0131na \u00a0 sert tepki g\u00f6stererek , as\u0131ls\u0131z \u015fekilde alg\u0131ya dayal\u0131 karalama kampanyalar ile alakal\u0131 olarak \u00a0 s\u00f6z konusu ki\u015fi veya aleyhte hareket eden kurumlar \u00a0 ilgili t\u00fcm yasal i\u015flemler ba\u015flat\u0131ld\u0131\u011f\u0131n\u0131 duyurdu. \u00a0 \u00a0 \u00a0 \u00a0 \u00a0 \u00a0 \u00a0 \u00a0 \u00a0 K\u0131br\u0131s T\u00fcrk Emlak\u00e7\u0131lar Birli\u011fi (KTEB) \u00a0yapt\u0131\u011f\u0131 yaz\u0131l\u0131 a\u00e7\u0131klamada Emlak\u00e7\u0131lar birli\u011finin uzun y\u0131llard\u0131r KKTC\u2019de Emlak Sekt\u00f6r\u00fc \u2019n\u00fcn disiplin alt\u0131na al\u0131nmas\u0131, emlak\u00e7\u0131l\u0131\u011f\u0131n yasa ile d\u00fczenlenmesi, emlak\u00e7\u0131lar\u0131n yasa alt\u0131nda faaliyet g\u00f6stermesi, emlak\u00e7\u0131l\u0131\u011f\u0131n g\u00fcn\u00fcn \u015fartlar\u0131na uyum sa\u011flamas\u0131 i\u00e7in \u00e7al\u0131\u015fmaktay\u0131z.<\/div>\n<div dir=\"auto\">\u00a0<\/div>\n<div dir=\"auto\"><strong>KA\u00c7AK EMLAK\u00c7ILARI KAR\u015eI M\u00dcCADELE ETMEKTEY\u0130Z<\/strong><\/div>\n<div dir=\"auto\">\u00a0<\/div>\n<div dir=\"auto\">Bizler ayr\u0131ca 38\/2007 say\u0131l\u0131 Emlak\u00e7\u0131lar\u0131n Kay\u0131t ve \u0130\u015flemleri Yasas\u0131\u2019n\u0131n uygulanmas\u0131 ve\/veya bu yasa taht\u0131nda d\u00fczenlenmi\u015f olan komisyon ve\/veya kurullar\u0131n \u00e7al\u0131\u015ft\u0131r\u0131lmas\u0131 ve\/veya devletin ve yerli halk\u0131n ka\u00e7ak emlak\u00e7\u0131l\u0131ktan zarar g\u00f6rmemesi i\u00e7in \u00e7al\u0131\u015fmalar y\u00fcr\u00fctmekteyiz. 38\/2007 say\u0131l\u0131 Emlak\u00e7\u0131lar\u0131n Kay\u0131t ve \u0130\u015flemleri Yasas\u0131 taht\u0131nda kurulan ve\/veya kurulmas\u0131 zorunlu olan Komisyon\u2019da temsiliyetimiz vard\u0131r.<\/div>\n<div dir=\"auto\">\u00a0<\/div>\n<div dir=\"auto\"><strong>B\u0130RL\u0130K ALEYH\u0130NE KASITLI HABERLER YAPILMAKTADIR<\/strong><\/div>\n<div dir=\"auto\">\u00a0<\/div>\n<div dir=\"auto\">Son g\u00fcnlerde \u201cSerdin\u00e7 Maypa\u201d isimli ki\u015fi taraf\u0131ndan sosyal medya hesaplar\u0131ndan birli\u011fimiz ve\/veya birlik \u00fcyelerimiz ve\/veya birlik ba\u015fkan\u0131m\u0131z hakk\u0131nda yanl\u0131\u015f ve\/veya yanl\u0131 ve\/veya hatal\u0131 bilgi i\u00e7eren kas\u0131tl\u0131 haberler yap\u0131lmaktad\u0131r. S\u00f6z konusu haberlerin i\u00e7eri\u011finde; Birlik ve\/veya birlik ba\u015fkan\u0131 taraf\u0131ndan \u201cvurgun\u201d yap\u0131ld\u0131\u011f\u0131 ve\/veya \u201cnitelikli doland\u0131r\u0131c\u0131l\u0131k\u201d yap\u0131ld\u0131\u011f\u0131 ve\/veya \u201chaks\u0131z kazan\u00e7 elde edildi\u011fi\u201d y\u00f6n\u00fcnde \u00e7irkin ve ger\u00e7eklik pay\u0131 bulunmayan beyanlar yer almaktad\u0131r.<\/div>\n<div dir=\"auto\">\u00a0<\/div>\n<div dir=\"auto\"><strong>B\u0130RL\u0130K TARAFINDAN ALINAN T\u00dcM KARARLAR YASAL \u00c7ER\u00c7EVEDE YAPILMAKTADIR<\/strong><\/div>\n<div dir=\"auto\">\u00a0<\/div>\n<div dir=\"auto\">\u015eunu belirtmek isteriz ki, KTEB ve\/veya \u00fcyeleri ve\/veya ba\u015fkan\u0131 birli\u011fin kuruldu\u011fu ilk g\u00fcnden g\u00fcn\u00fcm\u00fcze de\u011fin hi\u00e7bir \u015fekilde \u201ctek ki\u015fi\u201d olarak hareket etmemi\u015ftir. KTEB\u2019nin t\u00fcm faaliyetleri Genel Kurul, Y\u00f6netim Kurulu ve ilgili t\u00fcm kurullar\u0131n ve\/veya \u00fcyelerinin ve\/veya organlar\u0131n\u0131n ald\u0131\u011f\u0131 kararlar do\u011frultusunda y\u00fcr\u00fct\u00fclmektedir. \u00a0KTEB\u2019nin yapt\u0131\u011f\u0131 t\u00fcm faaliyetler ve\/veya Genel Kurullar ve\/veya i\u015flemler KKTC mevzuat\u0131na ve\/veya usul\u00fcne uygun olarak Kaymakaml\u0131k ve\/veya Merkez Kaymakaml\u0131\u011f\u0131 ile yaz\u0131l\u0131 olarak payla\u015f\u0131lmaktad\u0131r. Yap\u0131lan t\u00fcm toplant\u0131lar ve\/veya g\u00fcndemleri ve\/veya al\u0131nan t\u00fcm kararlar da payla\u015f\u0131lm\u0131\u015ft\u0131r. Keza KTEB\u2019nin mali m\u00fc\u015favir taraf\u0131ndan haz\u0131rlanan mali raporlar\u0131 da d\u00fczenli olarak Kaymakaml\u0131k ile payla\u015f\u0131lmaktad\u0131r ve hesab\u0131 verilemeyecek ve\/veya gayr\u0131 yasal herhangi bir i\u015flemin varl\u0131\u011f\u0131 bulunmamaktad\u0131r.<\/div>\n<div dir=\"auto\">\u00a0<\/div>\n<div dir=\"auto\"><strong>HAKSIZ VE K\u00d6T\u00dc N\u0130YETL\u0130 HAREKET ED\u0130LMEKTED\u0130R<\/strong><\/div>\n<div dir=\"auto\">\u00a0<\/div>\n<div dir=\"auto\">Takriben 2017 y\u0131l\u0131nda yasa \u00e7al\u0131\u015fmalar\u0131m\u0131z ba\u015flam\u0131\u015f olmakla birlikte yine takriben 2019 y\u0131l\u0131ndan itibaren KTEB yasa tasar\u0131s\u0131 KKTC Cumhuriyet Meclisi\u2019nde ilgili komitelerde g\u00f6r\u00fc\u015f\u00fclmekte olup, KTEB her t\u00fcrl\u00fc faaliyetini yasal olarak ve yasal yollarda y\u00fcr\u00fctmektedir. Keza KTEB\u2019nin faaliyetleri ve\/veya devaml\u0131l\u0131\u011f\u0131 KKTC \u0130\u00e7i\u015fleri Bakanl\u0131\u011f\u0131 ve\/veya bakan\u0131 taraf\u0131ndan yaz\u0131l\u0131 izin ile sa\u011flanmaktad\u0131r. \u00a0Serdin\u00e7 Maypa isimli \u015fah\u0131s, \u201cgazeteci\u201d ve\/veya \u201cyurtta\u015f gazeteci\u201d kisvesi alt\u0131nda KTEB\u2019ni ve\/veya \u00fcyelerini ve\/veya ba\u015fkan\u0131n\u0131 hedef alarak gerek kendisi gibi yasa d\u0131\u015f\u0131 ve\/veya ka\u00e7ak emlak\u00e7\u0131l\u0131k yaparak devlete vergi vermeyen ve\/veya vergi ka\u00e7\u0131rarak devleti zarara u\u011fratan ki\u015fileri gerekse de bu gibi haks\u0131z ve\/veya ger\u00e7ek d\u0131\u015f\u0131 ve\/veya kas\u0131tl\u0131 ve\/veya k\u00f6t\u00fc niyetli haberlerden beslenen baz\u0131 odak noktalar\u0131na fayda sa\u011flamaya \u00e7al\u0131\u015fmaktad\u0131r.<\/div>\n<div dir=\"auto\">\u00a0<\/div>\n<div dir=\"auto\"><strong>B\u0130L\u0130N\u00c7L\u0130 ALGI\u00a0 OPERASYONU YAPILMAKTADIR<\/strong><\/div>\n<div dir=\"auto\">\u00a0<\/div>\n<div dir=\"auto\">Serdin\u00e7 Maypa isimli ki\u015fi bizleri vurgun yapmakla ve\/veya doland\u0131r\u0131c\u0131l\u0131k yapmakla su\u00e7lamaktad\u0131r. \u00a0Bu \u015fah\u0131s herhangi bir gazetecilik ve\/veya habercilik e\u011fitimi almadan ve\/veya bu y\u00f6nde izni olmadan gazeteci ve\/veya haberci gibi davranmaya \u00e7al\u0131\u015farak halk\u0131 ve\/veya kamuoyunu yan\u0131ltmaktad\u0131r. Bu \u015fahs\u0131n yapt\u0131\u011f\u0131 a\u00e7\u0131klamalardan anla\u015f\u0131lmaktad\u0131r ki; yay\u0131nlar g\u00fcd\u00fcml\u00fc olarak bu \u015fahsa yapt\u0131r\u0131lmaktad\u0131r. Ama\u00e7 tamamen bizlere \u015fahsi olarak zarar vermekten ba\u015fka bir \u015fey de\u011fildir. Yay\u0131nlar\u0131n i\u00e7eri\u011fi terbiye ve ahlak s\u0131n\u0131rlar\u0131n\u0131 \u00e7oktan a\u015fm\u0131\u015ft\u0131r.<\/div>\n<div dir=\"auto\">\u00a0<\/div>\n<div dir=\"auto\"><strong>GER\u00c7E\u011e\u0130 YANSITMAYAN YANILTICI YALANA DAYALI HAREKET ETMEKTED\u0130R<\/strong><\/div>\n<div dir=\"auto\">\u00a0<\/div>\n<div dir=\"auto\">Unutulmamal\u0131d\u0131r ki; bizlerin t\u00fcm eylem ve hareketleri bakanl\u0131k ve kaymakaml\u0131k onayl\u0131 olup her ad\u0131mdan ilgili merciler haberdard\u0131rlar. Birli\u011fimizin ve\/veya \u00fcyelerimizden ve\/veya y\u00f6netimimizden herhangi birinin bu onay ve izinler hilaf\u0131na hareketi yoktur. Tekrar hat\u0131rlat\u0131r\u0131z ki; Birli\u011fimizin yapt\u0131\u011f\u0131 t\u00fcm faaliyetler emlak\u00e7\u0131l\u0131k sekt\u00f6r\u00fcn\u00fcn ve ayn\u0131 zamanda devletin yarar\u0131na olmakla birlikte ba\u015fta KKTC \u0130\u00e7i\u015fleri Bakanl\u0131\u011f\u0131, Kaymakaml\u0131k ve gerekli t\u00fcm mercilerin de onay\u0131 ve yaz\u0131l\u0131 izni ile yap\u0131lmaktad\u0131r. Serdin\u00e7 Maypa isimli ki\u015fi \u015fahsen yay\u0131n yapt\u0131\u011f\u0131 sosyal medya hesaplar\u0131nda dahi sab\u0131kalar\u0131n\u0131n oldu\u011funu kabul etmekle beraber bizlere ve\/veya ba\u015fkan\u0131m\u0131za bu y\u00f6nde yapt\u0131\u011f\u0131 ger\u00e7ek d\u0131\u015f\u0131 sald\u0131r\u0131lar yapmaktad\u0131r. T\u00fcm bu iddialar\u0131 belgeleri olmadan ve\/veya tamamen g\u00fcd\u00fcml\u00fc \u015fekilde yapmaktad\u0131r.<\/div>\n<div dir=\"auto\">\u00a0<\/div>\n<div dir=\"auto\"><strong>B\u0130RL\u0130K BA\u015eKANIMIZA KAR\u015eI ASILSIZ YALAN HABER \u0130LE YIPRATMAYA \u00c7ALI\u015eILMAKTADIR<\/strong><\/div>\n<div dir=\"auto\">\u00a0<\/div>\n<div dir=\"auto\">Birlik ba\u015fkan\u0131m\u0131z\u0131n \u015fahsi sab\u0131kas\u0131 olmamas\u0131na ve\/veya bu y\u00f6nde (sab\u0131kas\u0131 olmad\u0131\u011f\u0131) sab\u0131ka kay\u0131t belgesi olmas\u0131na ra\u011fmen aksi y\u00f6nde beyanda bulunmas\u0131 bizlerin iddialar\u0131n\u0131 destekleyen unsurlard\u0131r. \u0130\u015fbu \u015fah\u0131s KKTC de var olan yasal bo\u015fluklar\u0131 kullanmaya \u00e7al\u0131\u015fmakta ve g\u00fcd\u00fcml\u00fc olarak ve\/veya tamamen istedi\u011fi ki\u015filere diledi\u011fi gibi sald\u0131r\u0131lar yapmaktad\u0131r. \u00a0 \u00a0Kamuoyunun bilmesini isteriz ki s\u00f6z konusu \u015fah\u0131s ve\/veya bu \u015fah\u0131s gibi i\u015flemler yapan ki\u015fi ve\/veya kurumlar aleyhine gerekli yasal i\u015flemler taraf\u0131m\u0131zdan ba\u015flat\u0131lm\u0131\u015ft\u0131r ve ilgili i\u015flemlerin takibi s\u00fcrmektedir.<\/div>\n<div dir=\"auto\">\u00a0<\/div>\n<div dir=\"auto\"><strong>KIBRIS T\u00dcRK EMLAK\u00c7ILAR B\u0130RL\u0130\u011e\u0130N\u0130N VEREMEYECE\u011e\u0130 HESABI YOKTUR<\/strong><\/div>\n<div dir=\"auto\">\u00a0<\/div>\n<div dir=\"auto\">KTEB\u2019nin veremeyece\u011fi hesab\u0131 yoktur. Serdin\u00e7 Maypa\u2019n\u0131n ve\/veya bu \u015fekilde hareket eden kimsenin Hukuk devleti olan KKTC\u2019de bu \u015fekilde hareket etmesine izin vermeyece\u011fimizi ve hakk\u0131m\u0131z\u0131 yasal mercilerde her zaman arayaca\u011f\u0131m\u0131z\u0131 ve\/veya Serdin\u00e7 Maypa isimli \u015fahsa ve\/veya yapt\u0131\u011f\u0131 ger\u00e7ek d\u0131\u015f\u0131 yay\u0131nlara itibar edilmemesi gerekti\u011fini t\u00fcm halk\u0131m\u0131za bildiririz&#8221;.<\/div>\n<div dir=\"auto\">\u00a0<\/div>\n<div dir=\"auto\">Sayg\u0131lar\u0131m\u0131zla, K\u0131br\u0131s T\u00fcrk Emlak\u00e7\u0131lar Birli\u011fi<\/div>\n","protected":false},"excerpt":{"rendered":"<p>K\u0131br\u0131s T\u00fcrk Emlak\u00e7\u0131lar Birli\u011fi (KTEB) son zamanlarda birlik ve birlik ba\u015fkan\u0131 \u00fczerinden yap\u0131lan alg\u0131 operasyonlar\u0131na \u00a0 sert tepki g\u00f6stererek , as\u0131ls\u0131z \u015fekilde alg\u0131ya dayal\u0131 karalama kampanyalar ile alakal\u0131 olarak \u00a0 s\u00f6z konusu ki\u015fi veya aleyhte hareket eden kurumlar \u00a0 ilgili t\u00fcm yasal i\u015flemler ba\u015flat\u0131ld\u0131\u011f\u0131n\u0131 duyurdu. \u00a0 \u00a0 \u00a0 \u00a0 \u00a0 \u00a0 \u00a0 \u00a0 \u00a0 K\u0131br\u0131s<\/p>\n","protected":false},"author":1,"featured_media":8532,"comment_status":"open","ping_status":"open","sticky":false,"template":"","format":"standard","meta":{"footnotes":""},"categories":[1],"tags":[106],"class_list":["post-8531","post","type-post","status-publish","format-standard","has-post-thumbnail","hentry","category-gundem","tag-gercegi-yansitmayan-yaniltici-yalana-dayali-hareket-etmektedir"],"yoast_head":"<!-- This site is optimized with the Yoast SEO plugin v27.5 - https:\/\/yoast.com\/product\/yoast-seo-wordpress\/ -->\n<title>GEREKL\u0130 YASAL \u0130\u015eLEMLER BA\u015eLATILMI\u015eTIR -<\/title>\n<meta name=\"robots\" content=\"index, follow, max-snippet:-1, max-image-preview:large, max-video-preview:-1\" \/>\n<link rel=\"canonical\" href=\"https:\/\/kibrisdakik.com\/?p=8531\" \/>\n<meta property=\"og:locale\" content=\"tr_TR\" \/>\n<meta property=\"og:type\" content=\"article\" \/>\n<meta property=\"og:title\" content=\"GEREKL\u0130 YASAL \u0130\u015eLEMLER BA\u015eLATILMI\u015eTIR -\" \/>\n<meta property=\"og:description\" content=\"K\u0131br\u0131s T\u00fcrk Emlak\u00e7\u0131lar Birli\u011fi (KTEB) son zamanlarda birlik ve birlik ba\u015fkan\u0131 \u00fczerinden yap\u0131lan alg\u0131 operasyonlar\u0131na \u00a0 sert tepki g\u00f6stererek , as\u0131ls\u0131z \u015fekilde alg\u0131ya dayal\u0131 karalama kampanyalar ile alakal\u0131 olarak \u00a0 s\u00f6z konusu ki\u015fi veya aleyhte hareket eden kurumlar \u00a0 ilgili t\u00fcm yasal i\u015flemler ba\u015flat\u0131ld\u0131\u011f\u0131n\u0131 duyurdu. \u00a0 \u00a0 \u00a0 \u00a0 \u00a0 \u00a0 \u00a0 \u00a0 \u00a0 K\u0131br\u0131s\" \/>\n<meta property=\"og:url\" content=\"https:\/\/kibrisdakik.com\/?p=8531\" \/>\n<meta property=\"article:published_time\" content=\"2023-06-09T15:05:24+00:00\" \/>\n<meta property=\"article:modified_time\" content=\"2023-06-09T15:12:31+00:00\" \/>\n<meta property=\"og:image\" content=\"https:\/\/kibrisdakik.com\/wp-content\/uploads\/2023\/06\/Screenshot_20230609_175623_com.android.chrome.jpg\" \/>\n\t<meta property=\"og:image:width\" content=\"682\" \/>\n\t<meta property=\"og:image:height\" content=\"405\" \/>\n\t<meta property=\"og:image:type\" content=\"image\/jpeg\" \/>\n<meta name=\"author\" content=\"admin\" \/>\n<meta name=\"twitter:card\" content=\"summary_large_image\" \/>\n<meta name=\"twitter:label1\" content=\"Yazan:\" \/>\n\t<meta name=\"twitter:data1\" content=\"admin\" \/>\n\t<meta name=\"twitter:label2\" content=\"Tahmini okuma s\u00fcresi\" \/>\n\t<meta name=\"twitter:data2\" content=\"4 dakika\" \/>\n<script type=\"application\/ld+json\" class=\"yoast-schema-graph\">{\"@context\":\"https:\\\/\\\/schema.org\",\"@graph\":[{\"@type\":\"Article\",\"@id\":\"https:\\\/\\\/kibrisdakik.com\\\/?p=8531#article\",\"isPartOf\":{\"@id\":\"https:\\\/\\\/kibrisdakik.com\\\/?p=8531\"},\"author\":{\"name\":\"admin\",\"@id\":\"https:\\\/\\\/kibrisdakik.com\\\/#\\\/schema\\\/person\\\/9cd9d437bbb44f72b73ba127e06d8e79\"},\"headline\":\"GEREKL\u0130 YASAL \u0130\u015eLEMLER BA\u015eLATILMI\u015eTIR\",\"datePublished\":\"2023-06-09T15:05:24+00:00\",\"dateModified\":\"2023-06-09T15:12:31+00:00\",\"mainEntityOfPage\":{\"@id\":\"https:\\\/\\\/kibrisdakik.com\\\/?p=8531\"},\"wordCount\":1151,\"commentCount\":0,\"image\":{\"@id\":\"https:\\\/\\\/kibrisdakik.com\\\/?p=8531#primaryimage\"},\"thumbnailUrl\":\"https:\\\/\\\/kibrisdakik.com\\\/wp-content\\\/uploads\\\/2023\\\/06\\\/Screenshot_20230609_175623_com.android.chrome.jpg\",\"keywords\":[\"GER\u00c7E\u011e\u0130 YANSITMAYAN YANILTICI YALANA DAYALI HAREKET ETMEKTED\u0130R\"],\"articleSection\":[\"G\u00fcndem\"],\"inLanguage\":\"tr\",\"potentialAction\":[{\"@type\":\"CommentAction\",\"name\":\"Comment\",\"target\":[\"https:\\\/\\\/kibrisdakik.com\\\/?p=8531#respond\"]}]},{\"@type\":\"WebPage\",\"@id\":\"https:\\\/\\\/kibrisdakik.com\\\/?p=8531\",\"url\":\"https:\\\/\\\/kibrisdakik.com\\\/?p=8531\",\"name\":\"GEREKL\u0130 YASAL \u0130\u015eLEMLER BA\u015eLATILMI\u015eTIR -\",\"isPartOf\":{\"@id\":\"https:\\\/\\\/kibrisdakik.com\\\/#website\"},\"primaryImageOfPage\":{\"@id\":\"https:\\\/\\\/kibrisdakik.com\\\/?p=8531#primaryimage\"},\"image\":{\"@id\":\"https:\\\/\\\/kibrisdakik.com\\\/?p=8531#primaryimage\"},\"thumbnailUrl\":\"https:\\\/\\\/kibrisdakik.com\\\/wp-content\\\/uploads\\\/2023\\\/06\\\/Screenshot_20230609_175623_com.android.chrome.jpg\",\"datePublished\":\"2023-06-09T15:05:24+00:00\",\"dateModified\":\"2023-06-09T15:12:31+00:00\",\"author\":{\"@id\":\"https:\\\/\\\/kibrisdakik.com\\\/#\\\/schema\\\/person\\\/9cd9d437bbb44f72b73ba127e06d8e79\"},\"breadcrumb\":{\"@id\":\"https:\\\/\\\/kibrisdakik.com\\\/?p=8531#breadcrumb\"},\"inLanguage\":\"tr\",\"potentialAction\":[{\"@type\":\"ReadAction\",\"target\":[\"https:\\\/\\\/kibrisdakik.com\\\/?p=8531\"]}]},{\"@type\":\"ImageObject\",\"inLanguage\":\"tr\",\"@id\":\"https:\\\/\\\/kibrisdakik.com\\\/?p=8531#primaryimage\",\"url\":\"https:\\\/\\\/kibrisdakik.com\\\/wp-content\\\/uploads\\\/2023\\\/06\\\/Screenshot_20230609_175623_com.android.chrome.jpg\",\"contentUrl\":\"https:\\\/\\\/kibrisdakik.com\\\/wp-content\\\/uploads\\\/2023\\\/06\\\/Screenshot_20230609_175623_com.android.chrome.jpg\",\"width\":682,\"height\":405},{\"@type\":\"BreadcrumbList\",\"@id\":\"https:\\\/\\\/kibrisdakik.com\\\/?p=8531#breadcrumb\",\"itemListElement\":[{\"@type\":\"ListItem\",\"position\":1,\"name\":\"Home\",\"item\":\"https:\\\/\\\/kibrisdakik.com\\\/\"},{\"@type\":\"ListItem\",\"position\":2,\"name\":\"GEREKL\u0130 YASAL \u0130\u015eLEMLER BA\u015eLATILMI\u015eTIR\"}]},{\"@type\":\"WebSite\",\"@id\":\"https:\\\/\\\/kibrisdakik.com\\\/#website\",\"url\":\"https:\\\/\\\/kibrisdakik.com\\\/\",\"name\":\"\",\"description\":\"Tam vaktinde haber\",\"potentialAction\":[{\"@type\":\"SearchAction\",\"target\":{\"@type\":\"EntryPoint\",\"urlTemplate\":\"https:\\\/\\\/kibrisdakik.com\\\/?s={search_term_string}\"},\"query-input\":{\"@type\":\"PropertyValueSpecification\",\"valueRequired\":true,\"valueName\":\"search_term_string\"}}],\"inLanguage\":\"tr\"},{\"@type\":\"Person\",\"@id\":\"https:\\\/\\\/kibrisdakik.com\\\/#\\\/schema\\\/person\\\/9cd9d437bbb44f72b73ba127e06d8e79\",\"name\":\"admin\",\"image\":{\"@type\":\"ImageObject\",\"inLanguage\":\"tr\",\"@id\":\"https:\\\/\\\/secure.gravatar.com\\\/avatar\\\/ccc17943b9d660506c869530f897617f7cb1c21a4bf30023f252596d83e1f007?s=96&d=mm&r=g\",\"url\":\"https:\\\/\\\/secure.gravatar.com\\\/avatar\\\/ccc17943b9d660506c869530f897617f7cb1c21a4bf30023f252596d83e1f007?s=96&d=mm&r=g\",\"contentUrl\":\"https:\\\/\\\/secure.gravatar.com\\\/avatar\\\/ccc17943b9d660506c869530f897617f7cb1c21a4bf30023f252596d83e1f007?s=96&d=mm&r=g\",\"caption\":\"admin\"},\"sameAs\":[\"https:\\\/\\\/kibrisdakik.com\"],\"url\":\"https:\\\/\\\/kibrisdakik.com\\\/?author=1\"}]}<\/script>\n<!-- \/ Yoast SEO plugin. -->","yoast_head_json":{"title":"GEREKL\u0130 YASAL \u0130\u015eLEMLER BA\u015eLATILMI\u015eTIR -","robots":{"index":"index","follow":"follow","max-snippet":"max-snippet:-1","max-image-preview":"max-image-preview:large","max-video-preview":"max-video-preview:-1"},"canonical":"https:\/\/kibrisdakik.com\/?p=8531","og_locale":"tr_TR","og_type":"article","og_title":"GEREKL\u0130 YASAL \u0130\u015eLEMLER BA\u015eLATILMI\u015eTIR -","og_description":"K\u0131br\u0131s T\u00fcrk Emlak\u00e7\u0131lar Birli\u011fi (KTEB) son zamanlarda birlik ve birlik ba\u015fkan\u0131 \u00fczerinden yap\u0131lan alg\u0131 operasyonlar\u0131na \u00a0 sert tepki g\u00f6stererek , as\u0131ls\u0131z \u015fekilde alg\u0131ya dayal\u0131 karalama kampanyalar ile alakal\u0131 olarak \u00a0 s\u00f6z konusu ki\u015fi veya aleyhte hareket eden kurumlar \u00a0 ilgili t\u00fcm yasal i\u015flemler ba\u015flat\u0131ld\u0131\u011f\u0131n\u0131 duyurdu. \u00a0 \u00a0 \u00a0 \u00a0 \u00a0 \u00a0 \u00a0 \u00a0 \u00a0 K\u0131br\u0131s","og_url":"https:\/\/kibrisdakik.com\/?p=8531","article_published_time":"2023-06-09T15:05:24+00:00","article_modified_time":"2023-06-09T15:12:31+00:00","og_image":[{"width":682,"height":405,"url":"https:\/\/kibrisdakik.com\/wp-content\/uploads\/2023\/06\/Screenshot_20230609_175623_com.android.chrome.jpg","type":"image\/jpeg"}],"author":"admin","twitter_card":"summary_large_image","twitter_misc":{"Yazan:":"admin","Tahmini okuma s\u00fcresi":"4 dakika"},"schema":{"@context":"https:\/\/schema.org","@graph":[{"@type":"Article","@id":"https:\/\/kibrisdakik.com\/?p=8531#article","isPartOf":{"@id":"https:\/\/kibrisdakik.com\/?p=8531"},"author":{"name":"admin","@id":"https:\/\/kibrisdakik.com\/#\/schema\/person\/9cd9d437bbb44f72b73ba127e06d8e79"},"headline":"GEREKL\u0130 YASAL \u0130\u015eLEMLER BA\u015eLATILMI\u015eTIR","datePublished":"2023-06-09T15:05:24+00:00","dateModified":"2023-06-09T15:12:31+00:00","mainEntityOfPage":{"@id":"https:\/\/kibrisdakik.com\/?p=8531"},"wordCount":1151,"commentCount":0,"image":{"@id":"https:\/\/kibrisdakik.com\/?p=8531#primaryimage"},"thumbnailUrl":"https:\/\/kibrisdakik.com\/wp-content\/uploads\/2023\/06\/Screenshot_20230609_175623_com.android.chrome.jpg","keywords":["GER\u00c7E\u011e\u0130 YANSITMAYAN YANILTICI YALANA DAYALI HAREKET ETMEKTED\u0130R"],"articleSection":["G\u00fcndem"],"inLanguage":"tr","potentialAction":[{"@type":"CommentAction","name":"Comment","target":["https:\/\/kibrisdakik.com\/?p=8531#respond"]}]},{"@type":"WebPage","@id":"https:\/\/kibrisdakik.com\/?p=8531","url":"https:\/\/kibrisdakik.com\/?p=8531","name":"GEREKL\u0130 YASAL \u0130\u015eLEMLER BA\u015eLATILMI\u015eTIR -","isPartOf":{"@id":"https:\/\/kibrisdakik.com\/#website"},"primaryImageOfPage":{"@id":"https:\/\/kibrisdakik.com\/?p=8531#primaryimage"},"image":{"@id":"https:\/\/kibrisdakik.com\/?p=8531#primaryimage"},"thumbnailUrl":"https:\/\/kibrisdakik.com\/wp-content\/uploads\/2023\/06\/Screenshot_20230609_175623_com.android.chrome.jpg","datePublished":"2023-06-09T15:05:24+00:00","dateModified":"2023-06-09T15:12:31+00:00","author":{"@id":"https:\/\/kibrisdakik.com\/#\/schema\/person\/9cd9d437bbb44f72b73ba127e06d8e79"},"breadcrumb":{"@id":"https:\/\/kibrisdakik.com\/?p=8531#breadcrumb"},"inLanguage":"tr","potentialAction":[{"@type":"ReadAction","target":["https:\/\/kibrisdakik.com\/?p=8531"]}]},{"@type":"ImageObject","inLanguage":"tr","@id":"https:\/\/kibrisdakik.com\/?p=8531#primaryimage","url":"https:\/\/kibrisdakik.com\/wp-content\/uploads\/2023\/06\/Screenshot_20230609_175623_com.android.chrome.jpg","contentUrl":"https:\/\/kibrisdakik.com\/wp-content\/uploads\/2023\/06\/Screenshot_20230609_175623_com.android.chrome.jpg","width":682,"height":405},{"@type":"BreadcrumbList","@id":"https:\/\/kibrisdakik.com\/?p=8531#breadcrumb","itemListElement":[{"@type":"ListItem","position":1,"name":"Home","item":"https:\/\/kibrisdakik.com\/"},{"@type":"ListItem","position":2,"name":"GEREKL\u0130 YASAL \u0130\u015eLEMLER BA\u015eLATILMI\u015eTIR"}]},{"@type":"WebSite","@id":"https:\/\/kibrisdakik.com\/#website","url":"https:\/\/kibrisdakik.com\/","name":"","description":"Tam vaktinde haber","potentialAction":[{"@type":"SearchAction","target":{"@type":"EntryPoint","urlTemplate":"https:\/\/kibrisdakik.com\/?s={search_term_string}"},"query-input":{"@type":"PropertyValueSpecification","valueRequired":true,"valueName":"search_term_string"}}],"inLanguage":"tr"},{"@type":"Person","@id":"https:\/\/kibrisdakik.com\/#\/schema\/person\/9cd9d437bbb44f72b73ba127e06d8e79","name":"admin","image":{"@type":"ImageObject","inLanguage":"tr","@id":"https:\/\/secure.gravatar.com\/avatar\/ccc17943b9d660506c869530f897617f7cb1c21a4bf30023f252596d83e1f007?s=96&d=mm&r=g","url":"https:\/\/secure.gravatar.com\/avatar\/ccc17943b9d660506c869530f897617f7cb1c21a4bf30023f252596d83e1f007?s=96&d=mm&r=g","contentUrl":"https:\/\/secure.gravatar.com\/avatar\/ccc17943b9d660506c869530f897617f7cb1c21a4bf30023f252596d83e1f007?s=96&d=mm&r=g","caption":"admin"},"sameAs":["https:\/\/kibrisdakik.com"],"url":"https:\/\/kibrisdakik.com\/?author=1"}]}},"_links":{"self":[{"href":"https:\/\/kibrisdakik.com\/index.php?rest_route=\/wp\/v2\/posts\/8531","targetHints":{"allow":["GET"]}}],"collection":[{"href":"https:\/\/kibrisdakik.com\/index.php?rest_route=\/wp\/v2\/posts"}],"about":[{"href":"https:\/\/kibrisdakik.com\/index.php?rest_route=\/wp\/v2\/types\/post"}],"author":[{"embeddable":true,"href":"https:\/\/kibrisdakik.com\/index.php?rest_route=\/wp\/v2\/users\/1"}],"replies":[{"embeddable":true,"href":"https:\/\/kibrisdakik.com\/index.php?rest_route=%2Fwp%2Fv2%2Fcomments&post=8531"}],"version-history":[{"count":5,"href":"https:\/\/kibrisdakik.com\/index.php?rest_route=\/wp\/v2\/posts\/8531\/revisions"}],"predecessor-version":[{"id":8537,"href":"https:\/\/kibrisdakik.com\/index.php?rest_route=\/wp\/v2\/posts\/8531\/revisions\/8537"}],"wp:featuredmedia":[{"embeddable":true,"href":"https:\/\/kibrisdakik.com\/index.php?rest_route=\/wp\/v2\/media\/8532"}],"wp:attachment":[{"href":"https:\/\/kibrisdakik.com\/index.php?rest_route=%2Fwp%2Fv2%2Fmedia&parent=8531"}],"wp:term":[{"taxonomy":"category","embeddable":true,"href":"https:\/\/kibrisdakik.com\/index.php?rest_route=%2Fwp%2Fv2%2Fcategories&post=8531"},{"taxonomy":"post_tag","embeddable":true,"href":"https:\/\/kibrisdakik.com\/index.php?rest_route=%2Fwp%2Fv2%2Ftags&post=8531"}],"curies":[{"name":"wp","href":"https:\/\/api.w.org\/{rel}","templated":true}]}}