{"id":85328,"date":"2025-06-27T12:06:55","date_gmt":"2025-06-27T09:06:55","guid":{"rendered":"https:\/\/kibrisdakik.com\/index.php\/2025\/06\/27\/hemsireler-hemsire-eksikligine-karsi-acil-onlem-istedi\/"},"modified":"2025-06-27T12:06:55","modified_gmt":"2025-06-27T09:06:55","slug":"hemsireler-hemsire-eksikligine-karsi-acil-onlem-istedi","status":"publish","type":"post","link":"https:\/\/kibrisdakik.com\/?p=85328","title":{"rendered":"Hem\u015fireler, hem\u015fire eksikli\u011fine kar\u015f\u0131 acil \u00f6nlem istedi"},"content":{"rendered":"<p><\/p>\n<div>\n<p>K\u0131br\u0131s T\u00fcrk Hem\u015fireler ve Ebeler Birli\u011fi Ba\u015fkan\u0131 Ali \u00d6zg\u00f6\u00e7men, yanl\u0131\u015f sa\u011fl\u0131k ve istihdam politikalar\u0131 nedeniyle \u00fclkede uzun s\u00fcredir hem\u015fire eksikli\u011fi ya\u015fand\u0131\u011f\u0131na i\u015faret ederek, acil \u00f6nlem al\u0131nmazsa, bir halk sa\u011fl\u0131\u011f\u0131 sorunu olan bu durumun sa\u011fl\u0131k sistemini daha da k\u0131r\u0131lgan yapaca\u011f\u0131n\u0131 belirtti.<\/p>\n<p>Hem\u015firelik mesle\u011fi i\u00e7in burs programlar\u0131yla e\u011fitim deste\u011fi ve staj garantisi gerekti\u011fini kaydeden \u00d6zg\u00f6\u00e7men, \u201c\u0130stihdam g\u00fcvencesi ile mesle\u011fe y\u00f6nelim art\u0131r\u0131lmal\u0131 ve kapat\u0131lan ancak yasas\u0131 h\u00e2l\u00e2 y\u00fcr\u00fcrl\u00fckte olan Hem\u015firelik Meslek Y\u00fcksekokulu, lisans d\u00fczeyine \u00e7ekilerek yeniden a\u00e7\u0131lmal\u0131d\u0131r\u201d dedi.<\/p>\n<p>\u00d6zg\u00f6\u00e7men bug\u00fcn yapt\u0131\u011f\u0131 yaz\u0131l\u0131 a\u00e7\u0131klamada, bir s\u00fcre \u00f6nce d\u00fczenlenen Yatakl\u0131 Tedavi Kurumlar\u0131 Dairesi III. Derece Y\u00fcksek Hem\u015firelik kadrosu s\u0131nav\u0131n\u0131n \u00fclke ad\u0131na \u00e7arp\u0131c\u0131 sonu\u00e7lar ortaya koydu\u011funu kaydetti. 100 ki\u015filik m\u00fcnhale 220 ba\u015fvuru yap\u0131ld\u0131\u011f\u0131n\u0131 ve sadece 91 ki\u015finin ge\u00e7er not ald\u0131\u011f\u0131na i\u015faret eden \u00d6zg\u00f6\u00e7men, bu durumun, hem s\u0131nav sorular\u0131n\u0131n yap\u0131s\u0131, hem de hem\u015firelik e\u011fitiminin niteli\u011fi konusunda ciddi soru i\u015faretleri do\u011furdu\u011funu vurgulad\u0131.<\/p>\n<div class=\"des-g\"><a href=\"#\" class=\"rk\"><\/a><\/div>\n<p>KKTC\u2019de uzun s\u00fcredir ciddi bir hem\u015fire eksikli\u011fi ya\u015fanmas\u0131na ra\u011fmen, bu kadar d\u00fc\u015f\u00fck ba\u015fvurunun, toplum sa\u011fl\u0131\u011f\u0131 ad\u0131na b\u00fcy\u00fck bir alarm oldu\u011funu kaydeden \u00d6zg\u00f6\u00e7men, bunun temel nedenlerinin yetersiz maddi imk\u00e2nlar, mesle\u011fin toplumsal de\u011ferinin azalmas\u0131 ve yanl\u0131\u015f sa\u011fl\u0131k ve istihdam politikalar\u0131 oldu\u011funu belirtti.<\/p>\n<div class=\"ads mobileg-g\">\n                                <center><a href=\"#\" class=\"rk\"><img decoding=\"async\" src=\"https:\/\/haberadam.temadam.com\/wp-content\/uploads\/2020\/12\/TZK8D0.png\" alt=\"\"\/><\/a><\/center>                            <\/div>\n<p>\u00d6zg\u00f6\u00e7men, \u015f\u00f6yle devam etti:<\/p>\n<p>\u201cH\u00fck\u00fcmetin sa\u011fl\u0131k ve e\u011fitim politikalar\u0131n\u0131n ba\u015far\u0131s\u0131zl\u0131\u011f\u0131n\u0131n somut g\u00f6stergeleridir. S\u00f6zde kalk\u0131nma planlar\u0131n\u0131n hem\u015fireli\u011fi\u00a0 yok etti\u011fi sonucudur.! Halk sa\u011fl\u0131\u011f\u0131n\u0131n tehdit alt\u0131nda oldu\u011funun ger\u00e7e\u011fidir.. Unutulmamal\u0131d\u0131r ki, bug\u00fcn\u00fcn gen\u00e7leri yar\u0131n\u0131n hem\u015fireleri yar\u0131n\u0131n hem\u015fireleri de toplumun sa\u011fl\u0131k g\u00fcvencesidir. Bu konu bir meslek grubunun sorunu de\u011fil, t\u00fcm toplumun gelece\u011fini ilgilendiren bir halk sa\u011fl\u0131\u011f\u0131 sorunudur. Acil \u00f6nlem al\u0131nmazsa, sa\u011fl\u0131k sistemimiz daha da k\u0131r\u0131lgan h\u00e2le gelecektir. Ve h\u00fck\u00fcmetin \u00fclkede neden hem\u015fire b\u0131rakmad\u0131\u011f\u0131 sorgulanmal\u0131d\u0131r\u201d<\/p>\n<\/div>\n<p><script async\n                    defer\n                    crossorigin=\"anonymous\"\n                    src=\"https:\/\/connect.facebook.net\/tr_TR\/sdk.js#xfbml=1&#038;version=v3.3\"\n            ><\/script><\/p>\n","protected":false},"excerpt":{"rendered":"<p>K\u0131br\u0131s T\u00fcrk Hem\u015fireler ve Ebeler Birli\u011fi Ba\u015fkan\u0131 Ali \u00d6zg\u00f6\u00e7men, yanl\u0131\u015f sa\u011fl\u0131k ve istihdam politikalar\u0131 nedeniyle \u00fclkede uzun s\u00fcredir hem\u015fire eksikli\u011fi ya\u015fand\u0131\u011f\u0131na i\u015faret ederek, acil \u00f6nlem al\u0131nmazsa, bir halk sa\u011fl\u0131\u011f\u0131 sorunu olan bu durumun sa\u011fl\u0131k sistemini daha da k\u0131r\u0131lgan yapaca\u011f\u0131n\u0131 belirtti. Hem\u015firelik mesle\u011fi i\u00e7in burs programlar\u0131yla e\u011fitim deste\u011fi ve staj garantisi gerekti\u011fini kaydeden \u00d6zg\u00f6\u00e7men, \u201c\u0130stihdam g\u00fcvencesi<\/p>\n","protected":false},"author":1,"featured_media":85329,"comment_status":"open","ping_status":"open","sticky":false,"template":"","format":"standard","meta":{"footnotes":""},"categories":[1,101],"tags":[],"class_list":["post-85328","post","type-post","status-publish","format-standard","has-post-thumbnail","hentry","category-gundem","category-manset"],"yoast_head":"<!-- This site is optimized with the Yoast SEO plugin v27.5 - https:\/\/yoast.com\/product\/yoast-seo-wordpress\/ -->\n<title>Hem\u015fireler, hem\u015fire eksikli\u011fine kar\u015f\u0131 acil \u00f6nlem istedi -<\/title>\n<meta name=\"robots\" content=\"index, follow, max-snippet:-1, max-image-preview:large, max-video-preview:-1\" \/>\n<link rel=\"canonical\" href=\"https:\/\/kibrisdakik.com\/?p=85328\" \/>\n<meta property=\"og:locale\" content=\"tr_TR\" \/>\n<meta property=\"og:type\" content=\"article\" \/>\n<meta property=\"og:title\" content=\"Hem\u015fireler, hem\u015fire eksikli\u011fine kar\u015f\u0131 acil \u00f6nlem istedi -\" \/>\n<meta property=\"og:description\" content=\"K\u0131br\u0131s T\u00fcrk Hem\u015fireler ve Ebeler Birli\u011fi Ba\u015fkan\u0131 Ali \u00d6zg\u00f6\u00e7men, yanl\u0131\u015f sa\u011fl\u0131k ve istihdam politikalar\u0131 nedeniyle \u00fclkede uzun s\u00fcredir hem\u015fire eksikli\u011fi ya\u015fand\u0131\u011f\u0131na i\u015faret ederek, acil \u00f6nlem al\u0131nmazsa, bir halk sa\u011fl\u0131\u011f\u0131 sorunu olan bu durumun sa\u011fl\u0131k sistemini daha da k\u0131r\u0131lgan yapaca\u011f\u0131n\u0131 belirtti. Hem\u015firelik mesle\u011fi i\u00e7in burs programlar\u0131yla e\u011fitim deste\u011fi ve staj garantisi gerekti\u011fini kaydeden \u00d6zg\u00f6\u00e7men, \u201c\u0130stihdam g\u00fcvencesi\" \/>\n<meta property=\"og:url\" content=\"https:\/\/kibrisdakik.com\/?p=85328\" \/>\n<meta property=\"article:published_time\" content=\"2025-06-27T09:06:55+00:00\" \/>\n<meta property=\"og:image\" content=\"https:\/\/kibrisdakik.com\/wp-content\/uploads\/2025\/06\/HEMSIRELER-VE-EBELER-BIRLIGI-740x420.jpg\" \/>\n\t<meta property=\"og:image:width\" content=\"930\" \/>\n\t<meta property=\"og:image:height\" content=\"547\" \/>\n\t<meta property=\"og:image:type\" content=\"image\/jpeg\" \/>\n<meta name=\"author\" content=\"admin\" \/>\n<meta name=\"twitter:card\" content=\"summary_large_image\" \/>\n<meta name=\"twitter:label1\" content=\"Yazan:\" \/>\n\t<meta name=\"twitter:data1\" content=\"admin\" \/>\n\t<meta name=\"twitter:label2\" content=\"Tahmini okuma s\u00fcresi\" \/>\n\t<meta name=\"twitter:data2\" content=\"2 dakika\" \/>\n<script type=\"application\/ld+json\" class=\"yoast-schema-graph\">{\"@context\":\"https:\\\/\\\/schema.org\",\"@graph\":[{\"@type\":\"Article\",\"@id\":\"https:\\\/\\\/kibrisdakik.com\\\/?p=85328#article\",\"isPartOf\":{\"@id\":\"https:\\\/\\\/kibrisdakik.com\\\/?p=85328\"},\"author\":{\"name\":\"admin\",\"@id\":\"https:\\\/\\\/kibrisdakik.com\\\/#\\\/schema\\\/person\\\/9cd9d437bbb44f72b73ba127e06d8e79\"},\"headline\":\"Hem\u015fireler, hem\u015fire eksikli\u011fine kar\u015f\u0131 acil \u00f6nlem istedi\",\"datePublished\":\"2025-06-27T09:06:55+00:00\",\"mainEntityOfPage\":{\"@id\":\"https:\\\/\\\/kibrisdakik.com\\\/?p=85328\"},\"wordCount\":410,\"commentCount\":0,\"image\":{\"@id\":\"https:\\\/\\\/kibrisdakik.com\\\/?p=85328#primaryimage\"},\"thumbnailUrl\":\"https:\\\/\\\/kibrisdakik.com\\\/wp-content\\\/uploads\\\/2025\\\/06\\\/HEMSIRELER-VE-EBELER-BIRLIGI-740x420.jpg\",\"articleSection\":[\"G\u00fcndem\",\"Man\u015fet\"],\"inLanguage\":\"tr\",\"potentialAction\":[{\"@type\":\"CommentAction\",\"name\":\"Comment\",\"target\":[\"https:\\\/\\\/kibrisdakik.com\\\/?p=85328#respond\"]}]},{\"@type\":\"WebPage\",\"@id\":\"https:\\\/\\\/kibrisdakik.com\\\/?p=85328\",\"url\":\"https:\\\/\\\/kibrisdakik.com\\\/?p=85328\",\"name\":\"Hem\u015fireler, hem\u015fire eksikli\u011fine kar\u015f\u0131 acil \u00f6nlem istedi -\",\"isPartOf\":{\"@id\":\"https:\\\/\\\/kibrisdakik.com\\\/#website\"},\"primaryImageOfPage\":{\"@id\":\"https:\\\/\\\/kibrisdakik.com\\\/?p=85328#primaryimage\"},\"image\":{\"@id\":\"https:\\\/\\\/kibrisdakik.com\\\/?p=85328#primaryimage\"},\"thumbnailUrl\":\"https:\\\/\\\/kibrisdakik.com\\\/wp-content\\\/uploads\\\/2025\\\/06\\\/HEMSIRELER-VE-EBELER-BIRLIGI-740x420.jpg\",\"datePublished\":\"2025-06-27T09:06:55+00:00\",\"author\":{\"@id\":\"https:\\\/\\\/kibrisdakik.com\\\/#\\\/schema\\\/person\\\/9cd9d437bbb44f72b73ba127e06d8e79\"},\"breadcrumb\":{\"@id\":\"https:\\\/\\\/kibrisdakik.com\\\/?p=85328#breadcrumb\"},\"inLanguage\":\"tr\",\"potentialAction\":[{\"@type\":\"ReadAction\",\"target\":[\"https:\\\/\\\/kibrisdakik.com\\\/?p=85328\"]}]},{\"@type\":\"ImageObject\",\"inLanguage\":\"tr\",\"@id\":\"https:\\\/\\\/kibrisdakik.com\\\/?p=85328#primaryimage\",\"url\":\"https:\\\/\\\/kibrisdakik.com\\\/wp-content\\\/uploads\\\/2025\\\/06\\\/HEMSIRELER-VE-EBELER-BIRLIGI-740x420.jpg\",\"contentUrl\":\"https:\\\/\\\/kibrisdakik.com\\\/wp-content\\\/uploads\\\/2025\\\/06\\\/HEMSIRELER-VE-EBELER-BIRLIGI-740x420.jpg\",\"width\":930,\"height\":547},{\"@type\":\"BreadcrumbList\",\"@id\":\"https:\\\/\\\/kibrisdakik.com\\\/?p=85328#breadcrumb\",\"itemListElement\":[{\"@type\":\"ListItem\",\"position\":1,\"name\":\"Home\",\"item\":\"https:\\\/\\\/kibrisdakik.com\\\/\"},{\"@type\":\"ListItem\",\"position\":2,\"name\":\"Hem\u015fireler, hem\u015fire eksikli\u011fine kar\u015f\u0131 acil \u00f6nlem istedi\"}]},{\"@type\":\"WebSite\",\"@id\":\"https:\\\/\\\/kibrisdakik.com\\\/#website\",\"url\":\"https:\\\/\\\/kibrisdakik.com\\\/\",\"name\":\"\",\"description\":\"Tam vaktinde haber\",\"potentialAction\":[{\"@type\":\"SearchAction\",\"target\":{\"@type\":\"EntryPoint\",\"urlTemplate\":\"https:\\\/\\\/kibrisdakik.com\\\/?s={search_term_string}\"},\"query-input\":{\"@type\":\"PropertyValueSpecification\",\"valueRequired\":true,\"valueName\":\"search_term_string\"}}],\"inLanguage\":\"tr\"},{\"@type\":\"Person\",\"@id\":\"https:\\\/\\\/kibrisdakik.com\\\/#\\\/schema\\\/person\\\/9cd9d437bbb44f72b73ba127e06d8e79\",\"name\":\"admin\",\"image\":{\"@type\":\"ImageObject\",\"inLanguage\":\"tr\",\"@id\":\"https:\\\/\\\/secure.gravatar.com\\\/avatar\\\/ccc17943b9d660506c869530f897617f7cb1c21a4bf30023f252596d83e1f007?s=96&d=mm&r=g\",\"url\":\"https:\\\/\\\/secure.gravatar.com\\\/avatar\\\/ccc17943b9d660506c869530f897617f7cb1c21a4bf30023f252596d83e1f007?s=96&d=mm&r=g\",\"contentUrl\":\"https:\\\/\\\/secure.gravatar.com\\\/avatar\\\/ccc17943b9d660506c869530f897617f7cb1c21a4bf30023f252596d83e1f007?s=96&d=mm&r=g\",\"caption\":\"admin\"},\"sameAs\":[\"https:\\\/\\\/kibrisdakik.com\"],\"url\":\"https:\\\/\\\/kibrisdakik.com\\\/?author=1\"}]}<\/script>\n<!-- \/ Yoast SEO plugin. -->","yoast_head_json":{"title":"Hem\u015fireler, hem\u015fire eksikli\u011fine kar\u015f\u0131 acil \u00f6nlem istedi -","robots":{"index":"index","follow":"follow","max-snippet":"max-snippet:-1","max-image-preview":"max-image-preview:large","max-video-preview":"max-video-preview:-1"},"canonical":"https:\/\/kibrisdakik.com\/?p=85328","og_locale":"tr_TR","og_type":"article","og_title":"Hem\u015fireler, hem\u015fire eksikli\u011fine kar\u015f\u0131 acil \u00f6nlem istedi -","og_description":"K\u0131br\u0131s T\u00fcrk Hem\u015fireler ve Ebeler Birli\u011fi Ba\u015fkan\u0131 Ali \u00d6zg\u00f6\u00e7men, yanl\u0131\u015f sa\u011fl\u0131k ve istihdam politikalar\u0131 nedeniyle \u00fclkede uzun s\u00fcredir hem\u015fire eksikli\u011fi ya\u015fand\u0131\u011f\u0131na i\u015faret ederek, acil \u00f6nlem al\u0131nmazsa, bir halk sa\u011fl\u0131\u011f\u0131 sorunu olan bu durumun sa\u011fl\u0131k sistemini daha da k\u0131r\u0131lgan yapaca\u011f\u0131n\u0131 belirtti. Hem\u015firelik mesle\u011fi i\u00e7in burs programlar\u0131yla e\u011fitim deste\u011fi ve staj garantisi gerekti\u011fini kaydeden \u00d6zg\u00f6\u00e7men, \u201c\u0130stihdam g\u00fcvencesi","og_url":"https:\/\/kibrisdakik.com\/?p=85328","article_published_time":"2025-06-27T09:06:55+00:00","og_image":[{"width":930,"height":547,"url":"https:\/\/kibrisdakik.com\/wp-content\/uploads\/2025\/06\/HEMSIRELER-VE-EBELER-BIRLIGI-740x420.jpg","type":"image\/jpeg"}],"author":"admin","twitter_card":"summary_large_image","twitter_misc":{"Yazan:":"admin","Tahmini okuma s\u00fcresi":"2 dakika"},"schema":{"@context":"https:\/\/schema.org","@graph":[{"@type":"Article","@id":"https:\/\/kibrisdakik.com\/?p=85328#article","isPartOf":{"@id":"https:\/\/kibrisdakik.com\/?p=85328"},"author":{"name":"admin","@id":"https:\/\/kibrisdakik.com\/#\/schema\/person\/9cd9d437bbb44f72b73ba127e06d8e79"},"headline":"Hem\u015fireler, hem\u015fire eksikli\u011fine kar\u015f\u0131 acil \u00f6nlem istedi","datePublished":"2025-06-27T09:06:55+00:00","mainEntityOfPage":{"@id":"https:\/\/kibrisdakik.com\/?p=85328"},"wordCount":410,"commentCount":0,"image":{"@id":"https:\/\/kibrisdakik.com\/?p=85328#primaryimage"},"thumbnailUrl":"https:\/\/kibrisdakik.com\/wp-content\/uploads\/2025\/06\/HEMSIRELER-VE-EBELER-BIRLIGI-740x420.jpg","articleSection":["G\u00fcndem","Man\u015fet"],"inLanguage":"tr","potentialAction":[{"@type":"CommentAction","name":"Comment","target":["https:\/\/kibrisdakik.com\/?p=85328#respond"]}]},{"@type":"WebPage","@id":"https:\/\/kibrisdakik.com\/?p=85328","url":"https:\/\/kibrisdakik.com\/?p=85328","name":"Hem\u015fireler, hem\u015fire eksikli\u011fine kar\u015f\u0131 acil \u00f6nlem istedi -","isPartOf":{"@id":"https:\/\/kibrisdakik.com\/#website"},"primaryImageOfPage":{"@id":"https:\/\/kibrisdakik.com\/?p=85328#primaryimage"},"image":{"@id":"https:\/\/kibrisdakik.com\/?p=85328#primaryimage"},"thumbnailUrl":"https:\/\/kibrisdakik.com\/wp-content\/uploads\/2025\/06\/HEMSIRELER-VE-EBELER-BIRLIGI-740x420.jpg","datePublished":"2025-06-27T09:06:55+00:00","author":{"@id":"https:\/\/kibrisdakik.com\/#\/schema\/person\/9cd9d437bbb44f72b73ba127e06d8e79"},"breadcrumb":{"@id":"https:\/\/kibrisdakik.com\/?p=85328#breadcrumb"},"inLanguage":"tr","potentialAction":[{"@type":"ReadAction","target":["https:\/\/kibrisdakik.com\/?p=85328"]}]},{"@type":"ImageObject","inLanguage":"tr","@id":"https:\/\/kibrisdakik.com\/?p=85328#primaryimage","url":"https:\/\/kibrisdakik.com\/wp-content\/uploads\/2025\/06\/HEMSIRELER-VE-EBELER-BIRLIGI-740x420.jpg","contentUrl":"https:\/\/kibrisdakik.com\/wp-content\/uploads\/2025\/06\/HEMSIRELER-VE-EBELER-BIRLIGI-740x420.jpg","width":930,"height":547},{"@type":"BreadcrumbList","@id":"https:\/\/kibrisdakik.com\/?p=85328#breadcrumb","itemListElement":[{"@type":"ListItem","position":1,"name":"Home","item":"https:\/\/kibrisdakik.com\/"},{"@type":"ListItem","position":2,"name":"Hem\u015fireler, hem\u015fire eksikli\u011fine kar\u015f\u0131 acil \u00f6nlem istedi"}]},{"@type":"WebSite","@id":"https:\/\/kibrisdakik.com\/#website","url":"https:\/\/kibrisdakik.com\/","name":"","description":"Tam vaktinde haber","potentialAction":[{"@type":"SearchAction","target":{"@type":"EntryPoint","urlTemplate":"https:\/\/kibrisdakik.com\/?s={search_term_string}"},"query-input":{"@type":"PropertyValueSpecification","valueRequired":true,"valueName":"search_term_string"}}],"inLanguage":"tr"},{"@type":"Person","@id":"https:\/\/kibrisdakik.com\/#\/schema\/person\/9cd9d437bbb44f72b73ba127e06d8e79","name":"admin","image":{"@type":"ImageObject","inLanguage":"tr","@id":"https:\/\/secure.gravatar.com\/avatar\/ccc17943b9d660506c869530f897617f7cb1c21a4bf30023f252596d83e1f007?s=96&d=mm&r=g","url":"https:\/\/secure.gravatar.com\/avatar\/ccc17943b9d660506c869530f897617f7cb1c21a4bf30023f252596d83e1f007?s=96&d=mm&r=g","contentUrl":"https:\/\/secure.gravatar.com\/avatar\/ccc17943b9d660506c869530f897617f7cb1c21a4bf30023f252596d83e1f007?s=96&d=mm&r=g","caption":"admin"},"sameAs":["https:\/\/kibrisdakik.com"],"url":"https:\/\/kibrisdakik.com\/?author=1"}]}},"_links":{"self":[{"href":"https:\/\/kibrisdakik.com\/index.php?rest_route=\/wp\/v2\/posts\/85328","targetHints":{"allow":["GET"]}}],"collection":[{"href":"https:\/\/kibrisdakik.com\/index.php?rest_route=\/wp\/v2\/posts"}],"about":[{"href":"https:\/\/kibrisdakik.com\/index.php?rest_route=\/wp\/v2\/types\/post"}],"author":[{"embeddable":true,"href":"https:\/\/kibrisdakik.com\/index.php?rest_route=\/wp\/v2\/users\/1"}],"replies":[{"embeddable":true,"href":"https:\/\/kibrisdakik.com\/index.php?rest_route=%2Fwp%2Fv2%2Fcomments&post=85328"}],"version-history":[{"count":0,"href":"https:\/\/kibrisdakik.com\/index.php?rest_route=\/wp\/v2\/posts\/85328\/revisions"}],"wp:featuredmedia":[{"embeddable":true,"href":"https:\/\/kibrisdakik.com\/index.php?rest_route=\/wp\/v2\/media\/85329"}],"wp:attachment":[{"href":"https:\/\/kibrisdakik.com\/index.php?rest_route=%2Fwp%2Fv2%2Fmedia&parent=85328"}],"wp:term":[{"taxonomy":"category","embeddable":true,"href":"https:\/\/kibrisdakik.com\/index.php?rest_route=%2Fwp%2Fv2%2Fcategories&post=85328"},{"taxonomy":"post_tag","embeddable":true,"href":"https:\/\/kibrisdakik.com\/index.php?rest_route=%2Fwp%2Fv2%2Ftags&post=85328"}],"curies":[{"name":"wp","href":"https:\/\/api.w.org\/{rel}","templated":true}]}}