{"id":85334,"date":"2025-06-27T13:08:00","date_gmt":"2025-06-27T10:08:00","guid":{"rendered":"https:\/\/kibrisdakik.com\/index.php\/2025\/06\/27\/maliye-bakani-berova-akaryakit-fiyatlarina-iliskin-son-gelismeleri-degerlendirerek-kamuoyuna-aciklama-yapti\/"},"modified":"2025-06-27T13:08:00","modified_gmt":"2025-06-27T10:08:00","slug":"maliye-bakani-berova-akaryakit-fiyatlarina-iliskin-son-gelismeleri-degerlendirerek-kamuoyuna-aciklama-yapti","status":"publish","type":"post","link":"https:\/\/kibrisdakik.com\/?p=85334","title":{"rendered":"Maliye Bakan\u0131 Berova, akaryak\u0131t fiyatlar\u0131na ili\u015fkin son geli\u015fmeleri de\u011ferlendirerek kamuoyuna a\u00e7\u0131klama yapt\u0131"},"content":{"rendered":"<p><\/p>\n<div>\n<p>Maliye Bakan\u0131 Dr. \u00d6zdemir Berova, akaryak\u0131t fiyatlar\u0131na ili\u015fkin son geli\u015fmeleri de\u011ferlendirerek kamuoyuna a\u00e7\u0131klama yapt\u0131.<\/p>\n<p>Dr. Berova yapt\u0131\u011f\u0131 yaz\u0131l\u0131 a\u00e7\u0131klamada \u015funlar\u0131 kaydetti; <\/p>\n<p>\u201cSon d\u00f6nemlerde Ortado\u011fu\u2019da ya\u015fanan gerginlikler, \u0130ran-\u0130srail aras\u0131ndaki sava\u015f, k\u00fcresel enerji piyasalar\u0131nda dalgalanmalar yaratm\u0131\u015ft\u0131r. Bu da petrol fiyatlar\u0131nda ciddi bir y\u00fckseli\u015fe neden olmu\u015ftur. \u00dclkemizin enerji ihtiyac\u0131n\u0131n b\u00fcy\u00fck k\u0131sm\u0131, bilindi\u011fi \u00fczere, ithal petrol ve t\u00fcrevleriyle kar\u015f\u0131lanmakta oldu\u011fundan, mevcut k\u00fcresel fiyat art\u0131\u015flar\u0131 akaryak\u0131t fiyatlar\u0131na da yans\u0131maktad\u0131r.<\/p>\n<div class=\"des-g\"><a href=\"#\" class=\"rk\"><\/a><\/div>\n<p>H\u00fck\u00fcmetimiz, insan\u0131m\u0131z\u0131n refah\u0131n\u0131 koruma ve ekonomik istikrar\u0131 s\u00fcrd\u00fcr\u00fclebilir k\u0131lma \u00f6nceli\u011fiyle hareket etmektedir. Ancak uluslararas\u0131 piyasalardaki bu durumdan dolay\u0131, akaryak\u0131t fiyatlar\u0131nda 18 Haziran \u2013 25 Haziran tarihlerinde yap\u0131lan akaryak\u0131t fiyatland\u0131rmas\u0131nda benzinde toplam 3 TL 27 kuru\u015f, Euro Dizel\u2019de toplam 6 TL 35 kuru\u015fluk bir art\u0131\u015f ya\u015fanm\u0131\u015ft\u0131r.<\/p>\n<div class=\"ads mobileg-g\">\n                                <center><a href=\"#\" class=\"rk\"><img decoding=\"async\" src=\"https:\/\/haberadam.temadam.com\/wp-content\/uploads\/2020\/12\/TZK8D0.png\" alt=\"\"\/><\/a><\/center>                            <\/div>\n<p>H\u00fck\u00fcmetimiz, bu fiyatlar\u0131 t\u00fcketiciye yans\u0131tmamak ad\u0131na Fiyat \u0130stikrar Fonu kaynaklar\u0131n\u0131 yasal limitler \u00e7er\u00e7evesinde kullanm\u0131\u015ft\u0131r. Ancak Euro Dizel\u2019deki 6 TL 35 kuru\u015fluk art\u0131\u015f kar\u015f\u0131s\u0131nda Fiyat \u0130stikrar Fonu katk\u0131s\u0131 yetersiz kald\u0131\u011f\u0131 i\u00e7in Euro Dizel\u2019de 1 TL 7 kuru\u015fluk art\u0131\u015f pompa fiyat\u0131na yans\u0131m\u0131\u015ft\u0131r.<\/p>\n<p>Hal b\u00f6yleyken, h\u00fck\u00fcmetimiz baz\u0131 kesimler ve sosyal medyada ele\u015ftirilere maruz kalm\u0131\u015ft\u0131r. H\u00fck\u00fcmetimiz, 3 y\u0131ll\u0131k d\u00f6nemde Fiyat \u0130stikrar Fonu\u2019nu piyasadaki dalgalanmalar\u0131 dengelemek ad\u0131na en optimum \u015fekilde kullanm\u0131\u015ft\u0131r. Fiyat \u0130stikrar Fonu\u2019yla ekonomik dengeleri koruma ve enerji arz g\u00fcvenli\u011fini s\u00fcrd\u00fcrme amac\u0131yla titizlikle \u00e7al\u0131\u015f\u0131lmaktad\u0131r.<\/p>\n<p>Bu d\u00f6nem i\u00e7erisinde T\u00fcrkiye Cumhuriyeti\u2019nde benzinde yakla\u015f\u0131k 3 TL, Euro Dizel\u2019de ise 5,5 TL\u2019lik bir art\u0131\u015f ya\u015fanm\u0131\u015ft\u0131r. Bug\u00fcn itibar\u0131yla \u00fclkemizde benzin 39 TL 12 kuru\u015f, T\u00fcrkiye Cumhuriyeti\u2019nde 49 TL 55 kuru\u015f ve G\u00fcney K\u0131br\u0131s\u2019ta 59 TL 80 kuru\u015f pompa fiyat\u0131yla sat\u0131lmaktad\u0131r.<\/p>\n<p>Euro Dizel ise \u00fclkemizde 38 TL 80 kuru\u015f, T\u00fcrkiye Cumhuriyeti\u2019nde 49 TL 89 kuru\u015f ve G\u00fcney K\u0131br\u0131s\u2019ta 61 TL 60 kuru\u015f pompa fiyat\u0131yla sat\u0131lmaktad\u0131r.<\/p>\n<div class=\"ads mobileg-g\">\n                                <center><a href=\"#\" class=\"rk\"><img decoding=\"async\" src=\"https:\/\/haberadam.temadam.com\/wp-content\/uploads\/2020\/12\/TZK8D0.png\" alt=\"\"\/><\/a><\/center>                            <\/div>\n<p>H\u00fck\u00fcmetimiz, halk\u0131m\u0131z\u0131n al\u0131m g\u00fcc\u00fcn\u00fc korumak i\u00e7in Fiyat \u0130stikrar Fonu\u2019nu etkin bir \u015fekilde kullanmaktad\u0131r ve gerek G\u00fcney K\u0131br\u0131s\u2019tan gerekse T\u00fcrkiye Cumhuriyeti\u2019nden yap\u0131lan kar\u015f\u0131la\u015ft\u0131rmalarda akaryak\u0131t fiyatlar\u0131n\u0131n \u00fclkemizde \u00e7ok daha ekonomik oldu\u011fu g\u00f6r\u00fclmektedir.<\/p>\n<p>H\u00fck\u00fcmet olarak, ya\u015fanan t\u00fcm ekonomik zorluklara ra\u011fmen, halk\u0131m\u0131z\u0131n al\u0131m g\u00fcc\u00fcn\u00fc koruma kararl\u0131l\u0131\u011f\u0131m\u0131z\u0131 s\u00fcrd\u00fcr\u00fcyoruz. Fiyat \u0130stikrar Fonu ba\u015fta olmak \u00fczere t\u00fcm mali ara\u00e7lar\u0131m\u0131z\u0131, vatanda\u015f\u0131m\u0131z\u0131 koruyacak \u015fekilde seferber etmeye devam edece\u011fiz. \u00d6nceli\u011fimiz, her bir vatanda\u015f\u0131m\u0131z\u0131n g\u00fcnl\u00fck ya\u015fam maliyetlerinin makul seviyelerde tutulmas\u0131d\u0131r.\u201d<\/p>\n<\/div>\n<p><script async\n                    defer\n                    crossorigin=\"anonymous\"\n                    src=\"https:\/\/connect.facebook.net\/tr_TR\/sdk.js#xfbml=1&#038;version=v3.3\"\n            ><\/script><\/p>\n","protected":false},"excerpt":{"rendered":"<p>Maliye Bakan\u0131 Dr. \u00d6zdemir Berova, akaryak\u0131t fiyatlar\u0131na ili\u015fkin son geli\u015fmeleri de\u011ferlendirerek kamuoyuna a\u00e7\u0131klama yapt\u0131. Dr. Berova yapt\u0131\u011f\u0131 yaz\u0131l\u0131 a\u00e7\u0131klamada \u015funlar\u0131 kaydetti; \u201cSon d\u00f6nemlerde Ortado\u011fu\u2019da ya\u015fanan gerginlikler, \u0130ran-\u0130srail aras\u0131ndaki sava\u015f, k\u00fcresel enerji piyasalar\u0131nda dalgalanmalar yaratm\u0131\u015ft\u0131r. Bu da petrol fiyatlar\u0131nda ciddi bir y\u00fckseli\u015fe neden olmu\u015ftur. \u00dclkemizin enerji ihtiyac\u0131n\u0131n b\u00fcy\u00fck k\u0131sm\u0131, bilindi\u011fi \u00fczere, ithal petrol ve t\u00fcrevleriyle kar\u015f\u0131lanmakta<\/p>\n","protected":false},"author":1,"featured_media":46234,"comment_status":"open","ping_status":"open","sticky":false,"template":"","format":"standard","meta":{"footnotes":""},"categories":[1,101],"tags":[],"class_list":["post-85334","post","type-post","status-publish","format-standard","has-post-thumbnail","hentry","category-gundem","category-manset"],"yoast_head":"<!-- This site is optimized with the Yoast SEO plugin v27.5 - https:\/\/yoast.com\/product\/yoast-seo-wordpress\/ -->\n<title>Maliye Bakan\u0131 Berova, akaryak\u0131t fiyatlar\u0131na ili\u015fkin son geli\u015fmeleri de\u011ferlendirerek kamuoyuna a\u00e7\u0131klama yapt\u0131 -<\/title>\n<meta name=\"robots\" content=\"index, follow, max-snippet:-1, max-image-preview:large, max-video-preview:-1\" \/>\n<link rel=\"canonical\" href=\"https:\/\/kibrisdakik.com\/?p=85334\" \/>\n<meta property=\"og:locale\" content=\"tr_TR\" \/>\n<meta property=\"og:type\" content=\"article\" \/>\n<meta property=\"og:title\" content=\"Maliye Bakan\u0131 Berova, akaryak\u0131t fiyatlar\u0131na ili\u015fkin son geli\u015fmeleri de\u011ferlendirerek kamuoyuna a\u00e7\u0131klama yapt\u0131 -\" \/>\n<meta property=\"og:description\" content=\"Maliye Bakan\u0131 Dr. \u00d6zdemir Berova, akaryak\u0131t fiyatlar\u0131na ili\u015fkin son geli\u015fmeleri de\u011ferlendirerek kamuoyuna a\u00e7\u0131klama yapt\u0131. Dr. Berova yapt\u0131\u011f\u0131 yaz\u0131l\u0131 a\u00e7\u0131klamada \u015funlar\u0131 kaydetti; \u201cSon d\u00f6nemlerde Ortado\u011fu\u2019da ya\u015fanan gerginlikler, \u0130ran-\u0130srail aras\u0131ndaki sava\u015f, k\u00fcresel enerji piyasalar\u0131nda dalgalanmalar yaratm\u0131\u015ft\u0131r. Bu da petrol fiyatlar\u0131nda ciddi bir y\u00fckseli\u015fe neden olmu\u015ftur. \u00dclkemizin enerji ihtiyac\u0131n\u0131n b\u00fcy\u00fck k\u0131sm\u0131, bilindi\u011fi \u00fczere, ithal petrol ve t\u00fcrevleriyle kar\u015f\u0131lanmakta\" \/>\n<meta property=\"og:url\" content=\"https:\/\/kibrisdakik.com\/?p=85334\" \/>\n<meta property=\"article:published_time\" content=\"2025-06-27T10:08:00+00:00\" \/>\n<meta property=\"og:image\" content=\"https:\/\/kibrisdakik.com\/wp-content\/uploads\/2024\/06\/berova-ozdemir.jpg\" \/>\n\t<meta property=\"og:image:width\" content=\"600\" \/>\n\t<meta property=\"og:image:height\" content=\"276\" \/>\n\t<meta property=\"og:image:type\" content=\"image\/jpeg\" \/>\n<meta name=\"author\" content=\"admin\" \/>\n<meta name=\"twitter:card\" content=\"summary_large_image\" \/>\n<meta name=\"twitter:label1\" content=\"Yazan:\" \/>\n\t<meta name=\"twitter:data1\" content=\"admin\" \/>\n\t<meta name=\"twitter:label2\" content=\"Tahmini okuma s\u00fcresi\" \/>\n\t<meta name=\"twitter:data2\" content=\"2 dakika\" \/>\n<script type=\"application\/ld+json\" class=\"yoast-schema-graph\">{\"@context\":\"https:\\\/\\\/schema.org\",\"@graph\":[{\"@type\":\"Article\",\"@id\":\"https:\\\/\\\/kibrisdakik.com\\\/?p=85334#article\",\"isPartOf\":{\"@id\":\"https:\\\/\\\/kibrisdakik.com\\\/?p=85334\"},\"author\":{\"name\":\"admin\",\"@id\":\"https:\\\/\\\/kibrisdakik.com\\\/#\\\/schema\\\/person\\\/9cd9d437bbb44f72b73ba127e06d8e79\"},\"headline\":\"Maliye Bakan\u0131 Berova, akaryak\u0131t fiyatlar\u0131na ili\u015fkin son geli\u015fmeleri de\u011ferlendirerek kamuoyuna a\u00e7\u0131klama yapt\u0131\",\"datePublished\":\"2025-06-27T10:08:00+00:00\",\"mainEntityOfPage\":{\"@id\":\"https:\\\/\\\/kibrisdakik.com\\\/?p=85334\"},\"wordCount\":509,\"commentCount\":0,\"image\":{\"@id\":\"https:\\\/\\\/kibrisdakik.com\\\/?p=85334#primaryimage\"},\"thumbnailUrl\":\"https:\\\/\\\/kibrisdakik.com\\\/wp-content\\\/uploads\\\/2024\\\/06\\\/berova-ozdemir.jpg\",\"articleSection\":[\"G\u00fcndem\",\"Man\u015fet\"],\"inLanguage\":\"tr\",\"potentialAction\":[{\"@type\":\"CommentAction\",\"name\":\"Comment\",\"target\":[\"https:\\\/\\\/kibrisdakik.com\\\/?p=85334#respond\"]}]},{\"@type\":\"WebPage\",\"@id\":\"https:\\\/\\\/kibrisdakik.com\\\/?p=85334\",\"url\":\"https:\\\/\\\/kibrisdakik.com\\\/?p=85334\",\"name\":\"Maliye Bakan\u0131 Berova, akaryak\u0131t fiyatlar\u0131na ili\u015fkin son geli\u015fmeleri de\u011ferlendirerek kamuoyuna a\u00e7\u0131klama yapt\u0131 -\",\"isPartOf\":{\"@id\":\"https:\\\/\\\/kibrisdakik.com\\\/#website\"},\"primaryImageOfPage\":{\"@id\":\"https:\\\/\\\/kibrisdakik.com\\\/?p=85334#primaryimage\"},\"image\":{\"@id\":\"https:\\\/\\\/kibrisdakik.com\\\/?p=85334#primaryimage\"},\"thumbnailUrl\":\"https:\\\/\\\/kibrisdakik.com\\\/wp-content\\\/uploads\\\/2024\\\/06\\\/berova-ozdemir.jpg\",\"datePublished\":\"2025-06-27T10:08:00+00:00\",\"author\":{\"@id\":\"https:\\\/\\\/kibrisdakik.com\\\/#\\\/schema\\\/person\\\/9cd9d437bbb44f72b73ba127e06d8e79\"},\"breadcrumb\":{\"@id\":\"https:\\\/\\\/kibrisdakik.com\\\/?p=85334#breadcrumb\"},\"inLanguage\":\"tr\",\"potentialAction\":[{\"@type\":\"ReadAction\",\"target\":[\"https:\\\/\\\/kibrisdakik.com\\\/?p=85334\"]}]},{\"@type\":\"ImageObject\",\"inLanguage\":\"tr\",\"@id\":\"https:\\\/\\\/kibrisdakik.com\\\/?p=85334#primaryimage\",\"url\":\"https:\\\/\\\/kibrisdakik.com\\\/wp-content\\\/uploads\\\/2024\\\/06\\\/berova-ozdemir.jpg\",\"contentUrl\":\"https:\\\/\\\/kibrisdakik.com\\\/wp-content\\\/uploads\\\/2024\\\/06\\\/berova-ozdemir.jpg\",\"width\":600,\"height\":276},{\"@type\":\"BreadcrumbList\",\"@id\":\"https:\\\/\\\/kibrisdakik.com\\\/?p=85334#breadcrumb\",\"itemListElement\":[{\"@type\":\"ListItem\",\"position\":1,\"name\":\"Home\",\"item\":\"https:\\\/\\\/kibrisdakik.com\\\/\"},{\"@type\":\"ListItem\",\"position\":2,\"name\":\"Maliye Bakan\u0131 Berova, akaryak\u0131t fiyatlar\u0131na ili\u015fkin son geli\u015fmeleri de\u011ferlendirerek kamuoyuna a\u00e7\u0131klama yapt\u0131\"}]},{\"@type\":\"WebSite\",\"@id\":\"https:\\\/\\\/kibrisdakik.com\\\/#website\",\"url\":\"https:\\\/\\\/kibrisdakik.com\\\/\",\"name\":\"\",\"description\":\"Tam vaktinde haber\",\"potentialAction\":[{\"@type\":\"SearchAction\",\"target\":{\"@type\":\"EntryPoint\",\"urlTemplate\":\"https:\\\/\\\/kibrisdakik.com\\\/?s={search_term_string}\"},\"query-input\":{\"@type\":\"PropertyValueSpecification\",\"valueRequired\":true,\"valueName\":\"search_term_string\"}}],\"inLanguage\":\"tr\"},{\"@type\":\"Person\",\"@id\":\"https:\\\/\\\/kibrisdakik.com\\\/#\\\/schema\\\/person\\\/9cd9d437bbb44f72b73ba127e06d8e79\",\"name\":\"admin\",\"image\":{\"@type\":\"ImageObject\",\"inLanguage\":\"tr\",\"@id\":\"https:\\\/\\\/secure.gravatar.com\\\/avatar\\\/ccc17943b9d660506c869530f897617f7cb1c21a4bf30023f252596d83e1f007?s=96&d=mm&r=g\",\"url\":\"https:\\\/\\\/secure.gravatar.com\\\/avatar\\\/ccc17943b9d660506c869530f897617f7cb1c21a4bf30023f252596d83e1f007?s=96&d=mm&r=g\",\"contentUrl\":\"https:\\\/\\\/secure.gravatar.com\\\/avatar\\\/ccc17943b9d660506c869530f897617f7cb1c21a4bf30023f252596d83e1f007?s=96&d=mm&r=g\",\"caption\":\"admin\"},\"sameAs\":[\"https:\\\/\\\/kibrisdakik.com\"],\"url\":\"https:\\\/\\\/kibrisdakik.com\\\/?author=1\"}]}<\/script>\n<!-- \/ Yoast SEO plugin. -->","yoast_head_json":{"title":"Maliye Bakan\u0131 Berova, akaryak\u0131t fiyatlar\u0131na ili\u015fkin son geli\u015fmeleri de\u011ferlendirerek kamuoyuna a\u00e7\u0131klama yapt\u0131 -","robots":{"index":"index","follow":"follow","max-snippet":"max-snippet:-1","max-image-preview":"max-image-preview:large","max-video-preview":"max-video-preview:-1"},"canonical":"https:\/\/kibrisdakik.com\/?p=85334","og_locale":"tr_TR","og_type":"article","og_title":"Maliye Bakan\u0131 Berova, akaryak\u0131t fiyatlar\u0131na ili\u015fkin son geli\u015fmeleri de\u011ferlendirerek kamuoyuna a\u00e7\u0131klama yapt\u0131 -","og_description":"Maliye Bakan\u0131 Dr. \u00d6zdemir Berova, akaryak\u0131t fiyatlar\u0131na ili\u015fkin son geli\u015fmeleri de\u011ferlendirerek kamuoyuna a\u00e7\u0131klama yapt\u0131. Dr. Berova yapt\u0131\u011f\u0131 yaz\u0131l\u0131 a\u00e7\u0131klamada \u015funlar\u0131 kaydetti; \u201cSon d\u00f6nemlerde Ortado\u011fu\u2019da ya\u015fanan gerginlikler, \u0130ran-\u0130srail aras\u0131ndaki sava\u015f, k\u00fcresel enerji piyasalar\u0131nda dalgalanmalar yaratm\u0131\u015ft\u0131r. Bu da petrol fiyatlar\u0131nda ciddi bir y\u00fckseli\u015fe neden olmu\u015ftur. \u00dclkemizin enerji ihtiyac\u0131n\u0131n b\u00fcy\u00fck k\u0131sm\u0131, bilindi\u011fi \u00fczere, ithal petrol ve t\u00fcrevleriyle kar\u015f\u0131lanmakta","og_url":"https:\/\/kibrisdakik.com\/?p=85334","article_published_time":"2025-06-27T10:08:00+00:00","og_image":[{"width":600,"height":276,"url":"https:\/\/kibrisdakik.com\/wp-content\/uploads\/2024\/06\/berova-ozdemir.jpg","type":"image\/jpeg"}],"author":"admin","twitter_card":"summary_large_image","twitter_misc":{"Yazan:":"admin","Tahmini okuma s\u00fcresi":"2 dakika"},"schema":{"@context":"https:\/\/schema.org","@graph":[{"@type":"Article","@id":"https:\/\/kibrisdakik.com\/?p=85334#article","isPartOf":{"@id":"https:\/\/kibrisdakik.com\/?p=85334"},"author":{"name":"admin","@id":"https:\/\/kibrisdakik.com\/#\/schema\/person\/9cd9d437bbb44f72b73ba127e06d8e79"},"headline":"Maliye Bakan\u0131 Berova, akaryak\u0131t fiyatlar\u0131na ili\u015fkin son geli\u015fmeleri de\u011ferlendirerek kamuoyuna a\u00e7\u0131klama yapt\u0131","datePublished":"2025-06-27T10:08:00+00:00","mainEntityOfPage":{"@id":"https:\/\/kibrisdakik.com\/?p=85334"},"wordCount":509,"commentCount":0,"image":{"@id":"https:\/\/kibrisdakik.com\/?p=85334#primaryimage"},"thumbnailUrl":"https:\/\/kibrisdakik.com\/wp-content\/uploads\/2024\/06\/berova-ozdemir.jpg","articleSection":["G\u00fcndem","Man\u015fet"],"inLanguage":"tr","potentialAction":[{"@type":"CommentAction","name":"Comment","target":["https:\/\/kibrisdakik.com\/?p=85334#respond"]}]},{"@type":"WebPage","@id":"https:\/\/kibrisdakik.com\/?p=85334","url":"https:\/\/kibrisdakik.com\/?p=85334","name":"Maliye Bakan\u0131 Berova, akaryak\u0131t fiyatlar\u0131na ili\u015fkin son geli\u015fmeleri de\u011ferlendirerek kamuoyuna a\u00e7\u0131klama yapt\u0131 -","isPartOf":{"@id":"https:\/\/kibrisdakik.com\/#website"},"primaryImageOfPage":{"@id":"https:\/\/kibrisdakik.com\/?p=85334#primaryimage"},"image":{"@id":"https:\/\/kibrisdakik.com\/?p=85334#primaryimage"},"thumbnailUrl":"https:\/\/kibrisdakik.com\/wp-content\/uploads\/2024\/06\/berova-ozdemir.jpg","datePublished":"2025-06-27T10:08:00+00:00","author":{"@id":"https:\/\/kibrisdakik.com\/#\/schema\/person\/9cd9d437bbb44f72b73ba127e06d8e79"},"breadcrumb":{"@id":"https:\/\/kibrisdakik.com\/?p=85334#breadcrumb"},"inLanguage":"tr","potentialAction":[{"@type":"ReadAction","target":["https:\/\/kibrisdakik.com\/?p=85334"]}]},{"@type":"ImageObject","inLanguage":"tr","@id":"https:\/\/kibrisdakik.com\/?p=85334#primaryimage","url":"https:\/\/kibrisdakik.com\/wp-content\/uploads\/2024\/06\/berova-ozdemir.jpg","contentUrl":"https:\/\/kibrisdakik.com\/wp-content\/uploads\/2024\/06\/berova-ozdemir.jpg","width":600,"height":276},{"@type":"BreadcrumbList","@id":"https:\/\/kibrisdakik.com\/?p=85334#breadcrumb","itemListElement":[{"@type":"ListItem","position":1,"name":"Home","item":"https:\/\/kibrisdakik.com\/"},{"@type":"ListItem","position":2,"name":"Maliye Bakan\u0131 Berova, akaryak\u0131t fiyatlar\u0131na ili\u015fkin son geli\u015fmeleri de\u011ferlendirerek kamuoyuna a\u00e7\u0131klama yapt\u0131"}]},{"@type":"WebSite","@id":"https:\/\/kibrisdakik.com\/#website","url":"https:\/\/kibrisdakik.com\/","name":"","description":"Tam vaktinde haber","potentialAction":[{"@type":"SearchAction","target":{"@type":"EntryPoint","urlTemplate":"https:\/\/kibrisdakik.com\/?s={search_term_string}"},"query-input":{"@type":"PropertyValueSpecification","valueRequired":true,"valueName":"search_term_string"}}],"inLanguage":"tr"},{"@type":"Person","@id":"https:\/\/kibrisdakik.com\/#\/schema\/person\/9cd9d437bbb44f72b73ba127e06d8e79","name":"admin","image":{"@type":"ImageObject","inLanguage":"tr","@id":"https:\/\/secure.gravatar.com\/avatar\/ccc17943b9d660506c869530f897617f7cb1c21a4bf30023f252596d83e1f007?s=96&d=mm&r=g","url":"https:\/\/secure.gravatar.com\/avatar\/ccc17943b9d660506c869530f897617f7cb1c21a4bf30023f252596d83e1f007?s=96&d=mm&r=g","contentUrl":"https:\/\/secure.gravatar.com\/avatar\/ccc17943b9d660506c869530f897617f7cb1c21a4bf30023f252596d83e1f007?s=96&d=mm&r=g","caption":"admin"},"sameAs":["https:\/\/kibrisdakik.com"],"url":"https:\/\/kibrisdakik.com\/?author=1"}]}},"_links":{"self":[{"href":"https:\/\/kibrisdakik.com\/index.php?rest_route=\/wp\/v2\/posts\/85334","targetHints":{"allow":["GET"]}}],"collection":[{"href":"https:\/\/kibrisdakik.com\/index.php?rest_route=\/wp\/v2\/posts"}],"about":[{"href":"https:\/\/kibrisdakik.com\/index.php?rest_route=\/wp\/v2\/types\/post"}],"author":[{"embeddable":true,"href":"https:\/\/kibrisdakik.com\/index.php?rest_route=\/wp\/v2\/users\/1"}],"replies":[{"embeddable":true,"href":"https:\/\/kibrisdakik.com\/index.php?rest_route=%2Fwp%2Fv2%2Fcomments&post=85334"}],"version-history":[{"count":0,"href":"https:\/\/kibrisdakik.com\/index.php?rest_route=\/wp\/v2\/posts\/85334\/revisions"}],"wp:featuredmedia":[{"embeddable":true,"href":"https:\/\/kibrisdakik.com\/index.php?rest_route=\/wp\/v2\/media\/46234"}],"wp:attachment":[{"href":"https:\/\/kibrisdakik.com\/index.php?rest_route=%2Fwp%2Fv2%2Fmedia&parent=85334"}],"wp:term":[{"taxonomy":"category","embeddable":true,"href":"https:\/\/kibrisdakik.com\/index.php?rest_route=%2Fwp%2Fv2%2Fcategories&post=85334"},{"taxonomy":"post_tag","embeddable":true,"href":"https:\/\/kibrisdakik.com\/index.php?rest_route=%2Fwp%2Fv2%2Ftags&post=85334"}],"curies":[{"name":"wp","href":"https:\/\/api.w.org\/{rel}","templated":true}]}}