{"id":85406,"date":"2025-06-28T10:53:00","date_gmt":"2025-06-28T07:53:00","guid":{"rendered":"https:\/\/kibrisdakik.com\/index.php\/2025\/06\/28\/israil-ordusundan-gazzenin-orta-kesimlerindeki-filistinliler-icin-surgun-emri\/"},"modified":"2025-06-28T10:53:00","modified_gmt":"2025-06-28T07:53:00","slug":"israil-ordusundan-gazzenin-orta-kesimlerindeki-filistinliler-icin-surgun-emri","status":"publish","type":"post","link":"https:\/\/kibrisdakik.com\/?p=85406","title":{"rendered":"\u0130srail ordusundan Gazze\u2019nin orta kesimlerindeki Filistinliler i\u00e7in s\u00fcrg\u00fcn emri"},"content":{"rendered":"<p><\/p>\n<div>\n<div class=\"mariselle-image-container center\">\n                <img loading=\"lazy\" decoding=\"async\" width=\"864\" height=\"486\" class=\"lazy-image\" alt=\"\" sizes=\"auto, (max-width: 864px) 100vw, 864px\" src=\"https:\/\/brtk.net\/wp-content\/uploads\/2025\/06\/28\/1751090280645israil.jpg?ver=db3e3d490aba8976987c9b46d3d28d6b\" srcset=\"https:\/\/brtk.net\/wp-content\/uploads\/2025\/06\/28\/1751090280645israil.jpg?ver=db3e3d490aba8976987c9b46d3d28d6b 864w, https:\/\/brtk.net\/wp-content\/uploads\/2025\/06\/28\/1751090280645israil-300x169.jpg?ver=db3e3d490aba8976987c9b46d3d28d6b 300w, https:\/\/brtk.net\/wp-content\/uploads\/2025\/06\/28\/1751090280645israil-768x432.jpg?ver=09083e829bda52aa849a65713a872e6c 768w\"\/>                            <\/div>\n<p>\n\u0130srail ordusu, Gazze\u2019nin merkezindeki baz\u0131 mahallelere sald\u0131r\u0131 tehdidinde bulunarak Filistinliler i\u00e7in s\u00fcrg\u00fcn emri yay\u0131nlad\u0131.<\/p>\n<p>\u0130srail Ordu S\u00f6zc\u00fcs\u00fc Avichay Adraee, X hesab\u0131ndan Gazze \u015eeridi\u2019nin orta kesimlerinin numaraland\u0131r\u0131ld\u0131\u011f\u0131 ve \u201cbo\u015falt\u0131lmas\u0131 istenen b\u00f6lgelerin\u201d k\u0131rm\u0131z\u0131 renkle i\u015faretlendi\u011fi bir harita yay\u0131mlad\u0131.<\/p>\n<p>Ordu S\u00f6zc\u00fcs\u00fc Adraee, Gazze \u015eeridi\u2019nin orta kesimlerinde yer alan En-Nusayrat, Ez-Zehra, El-Mi\u011fraka, En-N\u00fczhe, El-Bevadi, El-Besme, El-Besatin, Bedr, Ebu Hureyre, Er-Ravda ve Es-Safa beldelerine sald\u0131r\u0131 tehdidinde bulundu.<\/p>\n<p>S\u00f6z konusu beldelerin, \u201ctehlikeli \u00e7at\u0131\u015fma b\u00f6lgeleri\u201d oldu\u011funu ve Filistinli gruplar\u0131n \u0130srail\u2019e roket atmay\u0131 s\u00fcrd\u00fcrd\u00fc\u011f\u00fcn\u00fc iddia eden Adraee, bu beldelerdeki Filistinliler i\u00e7in g\u00fcneyde \u201cg\u00fcvenli oldu\u011funu\u201d iddia etti\u011fi Mevasi b\u00f6lgesine zorunlu g\u00f6\u00e7 emri yay\u0131mlad\u0131.<\/p>\n<p>\u0130srail ordusu, 7 Ekim 2023\u2019ten itibaren Gazze\u2019de bloklara b\u00f6ld\u00fc\u011f\u00fc haritalarla Filistinlilere zorunlu s\u00fcrg\u00fcn emirleri yay\u0131ml\u0131yor. Gazze\u2019deki 2,3 milyon Filistinli n\u00fcfusunun y\u00fczde 90\u2019\u0131ndan fazlas\u0131 \u0130srail\u2019in sald\u0131r\u0131lar\u0131 kar\u015f\u0131s\u0131nda en az bir kere zorla yerinden edilmi\u015f durumda. Gazze\u2019deki Filistinliler, \u0130srail ordusunun \u201cg\u00fcvenli b\u00f6lge\u201d diye a\u00e7\u0131klad\u0131\u011f\u0131 noktalara da sald\u0131r\u0131 d\u00fczenlemesi nedeniyle \u201cGazze\u2019de g\u00fcvenli yer yok\u201d slogan\u0131n\u0131 tekrar ediyor.<\/p>\n<\/p><\/div>\n<p><script async\n                    defer\n                    crossorigin=\"anonymous\"\n                    src=\"https:\/\/connect.facebook.net\/tr_TR\/sdk.js#xfbml=1&#038;version=v3.3\"\n            ><\/script><\/p>\n","protected":false},"excerpt":{"rendered":"<p>\u0130srail ordusu, Gazze\u2019nin merkezindeki baz\u0131 mahallelere sald\u0131r\u0131 tehdidinde bulunarak Filistinliler i\u00e7in s\u00fcrg\u00fcn emri yay\u0131nlad\u0131. \u0130srail Ordu S\u00f6zc\u00fcs\u00fc Avichay Adraee, X hesab\u0131ndan Gazze \u015eeridi\u2019nin orta kesimlerinin numaraland\u0131r\u0131ld\u0131\u011f\u0131 ve \u201cbo\u015falt\u0131lmas\u0131 istenen b\u00f6lgelerin\u201d k\u0131rm\u0131z\u0131 renkle i\u015faretlendi\u011fi bir harita yay\u0131mlad\u0131. Ordu S\u00f6zc\u00fcs\u00fc Adraee, Gazze \u015eeridi\u2019nin orta kesimlerinde yer alan En-Nusayrat, Ez-Zehra, El-Mi\u011fraka, En-N\u00fczhe, El-Bevadi, El-Besme, El-Besatin, Bedr, Ebu Hureyre,<\/p>\n","protected":false},"author":1,"featured_media":85407,"comment_status":"open","ping_status":"open","sticky":false,"template":"","format":"standard","meta":{"footnotes":""},"categories":[1],"tags":[],"class_list":["post-85406","post","type-post","status-publish","format-standard","has-post-thumbnail","hentry","category-gundem"],"yoast_head":"<!-- This site is optimized with the Yoast SEO plugin v27.4 - https:\/\/yoast.com\/product\/yoast-seo-wordpress\/ -->\n<title>\u0130srail ordusundan Gazze\u2019nin orta kesimlerindeki Filistinliler i\u00e7in s\u00fcrg\u00fcn emri -<\/title>\n<meta name=\"robots\" content=\"index, follow, max-snippet:-1, max-image-preview:large, max-video-preview:-1\" \/>\n<link rel=\"canonical\" href=\"https:\/\/kibrisdakik.com\/?p=85406\" \/>\n<meta property=\"og:locale\" content=\"tr_TR\" \/>\n<meta property=\"og:type\" content=\"article\" \/>\n<meta property=\"og:title\" content=\"\u0130srail ordusundan Gazze\u2019nin orta kesimlerindeki Filistinliler i\u00e7in s\u00fcrg\u00fcn emri -\" \/>\n<meta property=\"og:description\" content=\"\u0130srail ordusu, Gazze\u2019nin merkezindeki baz\u0131 mahallelere sald\u0131r\u0131 tehdidinde bulunarak Filistinliler i\u00e7in s\u00fcrg\u00fcn emri yay\u0131nlad\u0131. \u0130srail Ordu S\u00f6zc\u00fcs\u00fc Avichay Adraee, X hesab\u0131ndan Gazze \u015eeridi\u2019nin orta kesimlerinin numaraland\u0131r\u0131ld\u0131\u011f\u0131 ve \u201cbo\u015falt\u0131lmas\u0131 istenen b\u00f6lgelerin\u201d k\u0131rm\u0131z\u0131 renkle i\u015faretlendi\u011fi bir harita yay\u0131mlad\u0131. Ordu S\u00f6zc\u00fcs\u00fc Adraee, Gazze \u015eeridi\u2019nin orta kesimlerinde yer alan En-Nusayrat, Ez-Zehra, El-Mi\u011fraka, En-N\u00fczhe, El-Bevadi, El-Besme, El-Besatin, Bedr, Ebu Hureyre,\" \/>\n<meta property=\"og:url\" content=\"https:\/\/kibrisdakik.com\/?p=85406\" \/>\n<meta property=\"article:published_time\" content=\"2025-06-28T07:53:00+00:00\" \/>\n<meta property=\"og:image\" content=\"https:\/\/kibrisdakik.com\/wp-content\/uploads\/2025\/06\/1751090280645israil-740x420.jpg\" \/>\n\t<meta property=\"og:image:width\" content=\"864\" \/>\n\t<meta property=\"og:image:height\" content=\"486\" \/>\n\t<meta property=\"og:image:type\" content=\"image\/jpeg\" \/>\n<meta name=\"author\" content=\"admin\" \/>\n<meta name=\"twitter:card\" content=\"summary_large_image\" \/>\n<meta name=\"twitter:label1\" content=\"Yazan:\" \/>\n\t<meta name=\"twitter:data1\" content=\"admin\" \/>\n\t<meta name=\"twitter:label2\" content=\"Tahmini okuma s\u00fcresi\" \/>\n\t<meta name=\"twitter:data2\" content=\"1 dakika\" \/>\n<script type=\"application\/ld+json\" class=\"yoast-schema-graph\">{\"@context\":\"https:\\\/\\\/schema.org\",\"@graph\":[{\"@type\":\"Article\",\"@id\":\"https:\\\/\\\/kibrisdakik.com\\\/?p=85406#article\",\"isPartOf\":{\"@id\":\"https:\\\/\\\/kibrisdakik.com\\\/?p=85406\"},\"author\":{\"name\":\"admin\",\"@id\":\"https:\\\/\\\/kibrisdakik.com\\\/#\\\/schema\\\/person\\\/9cd9d437bbb44f72b73ba127e06d8e79\"},\"headline\":\"\u0130srail ordusundan Gazze\u2019nin orta kesimlerindeki Filistinliler i\u00e7in s\u00fcrg\u00fcn emri\",\"datePublished\":\"2025-06-28T07:53:00+00:00\",\"mainEntityOfPage\":{\"@id\":\"https:\\\/\\\/kibrisdakik.com\\\/?p=85406\"},\"wordCount\":224,\"commentCount\":0,\"image\":{\"@id\":\"https:\\\/\\\/kibrisdakik.com\\\/?p=85406#primaryimage\"},\"thumbnailUrl\":\"https:\\\/\\\/kibrisdakik.com\\\/wp-content\\\/uploads\\\/2025\\\/06\\\/1751090280645israil-740x420.jpg\",\"articleSection\":[\"G\u00fcndem\"],\"inLanguage\":\"tr\",\"potentialAction\":[{\"@type\":\"CommentAction\",\"name\":\"Comment\",\"target\":[\"https:\\\/\\\/kibrisdakik.com\\\/?p=85406#respond\"]}]},{\"@type\":\"WebPage\",\"@id\":\"https:\\\/\\\/kibrisdakik.com\\\/?p=85406\",\"url\":\"https:\\\/\\\/kibrisdakik.com\\\/?p=85406\",\"name\":\"\u0130srail ordusundan Gazze\u2019nin orta kesimlerindeki Filistinliler i\u00e7in s\u00fcrg\u00fcn emri -\",\"isPartOf\":{\"@id\":\"https:\\\/\\\/kibrisdakik.com\\\/#website\"},\"primaryImageOfPage\":{\"@id\":\"https:\\\/\\\/kibrisdakik.com\\\/?p=85406#primaryimage\"},\"image\":{\"@id\":\"https:\\\/\\\/kibrisdakik.com\\\/?p=85406#primaryimage\"},\"thumbnailUrl\":\"https:\\\/\\\/kibrisdakik.com\\\/wp-content\\\/uploads\\\/2025\\\/06\\\/1751090280645israil-740x420.jpg\",\"datePublished\":\"2025-06-28T07:53:00+00:00\",\"author\":{\"@id\":\"https:\\\/\\\/kibrisdakik.com\\\/#\\\/schema\\\/person\\\/9cd9d437bbb44f72b73ba127e06d8e79\"},\"breadcrumb\":{\"@id\":\"https:\\\/\\\/kibrisdakik.com\\\/?p=85406#breadcrumb\"},\"inLanguage\":\"tr\",\"potentialAction\":[{\"@type\":\"ReadAction\",\"target\":[\"https:\\\/\\\/kibrisdakik.com\\\/?p=85406\"]}]},{\"@type\":\"ImageObject\",\"inLanguage\":\"tr\",\"@id\":\"https:\\\/\\\/kibrisdakik.com\\\/?p=85406#primaryimage\",\"url\":\"https:\\\/\\\/kibrisdakik.com\\\/wp-content\\\/uploads\\\/2025\\\/06\\\/1751090280645israil-740x420.jpg\",\"contentUrl\":\"https:\\\/\\\/kibrisdakik.com\\\/wp-content\\\/uploads\\\/2025\\\/06\\\/1751090280645israil-740x420.jpg\",\"width\":864,\"height\":486},{\"@type\":\"BreadcrumbList\",\"@id\":\"https:\\\/\\\/kibrisdakik.com\\\/?p=85406#breadcrumb\",\"itemListElement\":[{\"@type\":\"ListItem\",\"position\":1,\"name\":\"Home\",\"item\":\"https:\\\/\\\/kibrisdakik.com\\\/\"},{\"@type\":\"ListItem\",\"position\":2,\"name\":\"\u0130srail ordusundan Gazze\u2019nin orta kesimlerindeki Filistinliler i\u00e7in s\u00fcrg\u00fcn emri\"}]},{\"@type\":\"WebSite\",\"@id\":\"https:\\\/\\\/kibrisdakik.com\\\/#website\",\"url\":\"https:\\\/\\\/kibrisdakik.com\\\/\",\"name\":\"\",\"description\":\"Tam vaktinde haber\",\"potentialAction\":[{\"@type\":\"SearchAction\",\"target\":{\"@type\":\"EntryPoint\",\"urlTemplate\":\"https:\\\/\\\/kibrisdakik.com\\\/?s={search_term_string}\"},\"query-input\":{\"@type\":\"PropertyValueSpecification\",\"valueRequired\":true,\"valueName\":\"search_term_string\"}}],\"inLanguage\":\"tr\"},{\"@type\":\"Person\",\"@id\":\"https:\\\/\\\/kibrisdakik.com\\\/#\\\/schema\\\/person\\\/9cd9d437bbb44f72b73ba127e06d8e79\",\"name\":\"admin\",\"image\":{\"@type\":\"ImageObject\",\"inLanguage\":\"tr\",\"@id\":\"https:\\\/\\\/secure.gravatar.com\\\/avatar\\\/ccc17943b9d660506c869530f897617f7cb1c21a4bf30023f252596d83e1f007?s=96&d=mm&r=g\",\"url\":\"https:\\\/\\\/secure.gravatar.com\\\/avatar\\\/ccc17943b9d660506c869530f897617f7cb1c21a4bf30023f252596d83e1f007?s=96&d=mm&r=g\",\"contentUrl\":\"https:\\\/\\\/secure.gravatar.com\\\/avatar\\\/ccc17943b9d660506c869530f897617f7cb1c21a4bf30023f252596d83e1f007?s=96&d=mm&r=g\",\"caption\":\"admin\"},\"sameAs\":[\"https:\\\/\\\/kibrisdakik.com\"],\"url\":\"https:\\\/\\\/kibrisdakik.com\\\/?author=1\"}]}<\/script>\n<!-- \/ Yoast SEO plugin. -->","yoast_head_json":{"title":"\u0130srail ordusundan Gazze\u2019nin orta kesimlerindeki Filistinliler i\u00e7in s\u00fcrg\u00fcn emri -","robots":{"index":"index","follow":"follow","max-snippet":"max-snippet:-1","max-image-preview":"max-image-preview:large","max-video-preview":"max-video-preview:-1"},"canonical":"https:\/\/kibrisdakik.com\/?p=85406","og_locale":"tr_TR","og_type":"article","og_title":"\u0130srail ordusundan Gazze\u2019nin orta kesimlerindeki Filistinliler i\u00e7in s\u00fcrg\u00fcn emri -","og_description":"\u0130srail ordusu, Gazze\u2019nin merkezindeki baz\u0131 mahallelere sald\u0131r\u0131 tehdidinde bulunarak Filistinliler i\u00e7in s\u00fcrg\u00fcn emri yay\u0131nlad\u0131. \u0130srail Ordu S\u00f6zc\u00fcs\u00fc Avichay Adraee, X hesab\u0131ndan Gazze \u015eeridi\u2019nin orta kesimlerinin numaraland\u0131r\u0131ld\u0131\u011f\u0131 ve \u201cbo\u015falt\u0131lmas\u0131 istenen b\u00f6lgelerin\u201d k\u0131rm\u0131z\u0131 renkle i\u015faretlendi\u011fi bir harita yay\u0131mlad\u0131. Ordu S\u00f6zc\u00fcs\u00fc Adraee, Gazze \u015eeridi\u2019nin orta kesimlerinde yer alan En-Nusayrat, Ez-Zehra, El-Mi\u011fraka, En-N\u00fczhe, El-Bevadi, El-Besme, El-Besatin, Bedr, Ebu Hureyre,","og_url":"https:\/\/kibrisdakik.com\/?p=85406","article_published_time":"2025-06-28T07:53:00+00:00","og_image":[{"width":864,"height":486,"url":"https:\/\/kibrisdakik.com\/wp-content\/uploads\/2025\/06\/1751090280645israil-740x420.jpg","type":"image\/jpeg"}],"author":"admin","twitter_card":"summary_large_image","twitter_misc":{"Yazan:":"admin","Tahmini okuma s\u00fcresi":"1 dakika"},"schema":{"@context":"https:\/\/schema.org","@graph":[{"@type":"Article","@id":"https:\/\/kibrisdakik.com\/?p=85406#article","isPartOf":{"@id":"https:\/\/kibrisdakik.com\/?p=85406"},"author":{"name":"admin","@id":"https:\/\/kibrisdakik.com\/#\/schema\/person\/9cd9d437bbb44f72b73ba127e06d8e79"},"headline":"\u0130srail ordusundan Gazze\u2019nin orta kesimlerindeki Filistinliler i\u00e7in s\u00fcrg\u00fcn emri","datePublished":"2025-06-28T07:53:00+00:00","mainEntityOfPage":{"@id":"https:\/\/kibrisdakik.com\/?p=85406"},"wordCount":224,"commentCount":0,"image":{"@id":"https:\/\/kibrisdakik.com\/?p=85406#primaryimage"},"thumbnailUrl":"https:\/\/kibrisdakik.com\/wp-content\/uploads\/2025\/06\/1751090280645israil-740x420.jpg","articleSection":["G\u00fcndem"],"inLanguage":"tr","potentialAction":[{"@type":"CommentAction","name":"Comment","target":["https:\/\/kibrisdakik.com\/?p=85406#respond"]}]},{"@type":"WebPage","@id":"https:\/\/kibrisdakik.com\/?p=85406","url":"https:\/\/kibrisdakik.com\/?p=85406","name":"\u0130srail ordusundan Gazze\u2019nin orta kesimlerindeki Filistinliler i\u00e7in s\u00fcrg\u00fcn emri -","isPartOf":{"@id":"https:\/\/kibrisdakik.com\/#website"},"primaryImageOfPage":{"@id":"https:\/\/kibrisdakik.com\/?p=85406#primaryimage"},"image":{"@id":"https:\/\/kibrisdakik.com\/?p=85406#primaryimage"},"thumbnailUrl":"https:\/\/kibrisdakik.com\/wp-content\/uploads\/2025\/06\/1751090280645israil-740x420.jpg","datePublished":"2025-06-28T07:53:00+00:00","author":{"@id":"https:\/\/kibrisdakik.com\/#\/schema\/person\/9cd9d437bbb44f72b73ba127e06d8e79"},"breadcrumb":{"@id":"https:\/\/kibrisdakik.com\/?p=85406#breadcrumb"},"inLanguage":"tr","potentialAction":[{"@type":"ReadAction","target":["https:\/\/kibrisdakik.com\/?p=85406"]}]},{"@type":"ImageObject","inLanguage":"tr","@id":"https:\/\/kibrisdakik.com\/?p=85406#primaryimage","url":"https:\/\/kibrisdakik.com\/wp-content\/uploads\/2025\/06\/1751090280645israil-740x420.jpg","contentUrl":"https:\/\/kibrisdakik.com\/wp-content\/uploads\/2025\/06\/1751090280645israil-740x420.jpg","width":864,"height":486},{"@type":"BreadcrumbList","@id":"https:\/\/kibrisdakik.com\/?p=85406#breadcrumb","itemListElement":[{"@type":"ListItem","position":1,"name":"Home","item":"https:\/\/kibrisdakik.com\/"},{"@type":"ListItem","position":2,"name":"\u0130srail ordusundan Gazze\u2019nin orta kesimlerindeki Filistinliler i\u00e7in s\u00fcrg\u00fcn emri"}]},{"@type":"WebSite","@id":"https:\/\/kibrisdakik.com\/#website","url":"https:\/\/kibrisdakik.com\/","name":"","description":"Tam vaktinde haber","potentialAction":[{"@type":"SearchAction","target":{"@type":"EntryPoint","urlTemplate":"https:\/\/kibrisdakik.com\/?s={search_term_string}"},"query-input":{"@type":"PropertyValueSpecification","valueRequired":true,"valueName":"search_term_string"}}],"inLanguage":"tr"},{"@type":"Person","@id":"https:\/\/kibrisdakik.com\/#\/schema\/person\/9cd9d437bbb44f72b73ba127e06d8e79","name":"admin","image":{"@type":"ImageObject","inLanguage":"tr","@id":"https:\/\/secure.gravatar.com\/avatar\/ccc17943b9d660506c869530f897617f7cb1c21a4bf30023f252596d83e1f007?s=96&d=mm&r=g","url":"https:\/\/secure.gravatar.com\/avatar\/ccc17943b9d660506c869530f897617f7cb1c21a4bf30023f252596d83e1f007?s=96&d=mm&r=g","contentUrl":"https:\/\/secure.gravatar.com\/avatar\/ccc17943b9d660506c869530f897617f7cb1c21a4bf30023f252596d83e1f007?s=96&d=mm&r=g","caption":"admin"},"sameAs":["https:\/\/kibrisdakik.com"],"url":"https:\/\/kibrisdakik.com\/?author=1"}]}},"_links":{"self":[{"href":"https:\/\/kibrisdakik.com\/index.php?rest_route=\/wp\/v2\/posts\/85406","targetHints":{"allow":["GET"]}}],"collection":[{"href":"https:\/\/kibrisdakik.com\/index.php?rest_route=\/wp\/v2\/posts"}],"about":[{"href":"https:\/\/kibrisdakik.com\/index.php?rest_route=\/wp\/v2\/types\/post"}],"author":[{"embeddable":true,"href":"https:\/\/kibrisdakik.com\/index.php?rest_route=\/wp\/v2\/users\/1"}],"replies":[{"embeddable":true,"href":"https:\/\/kibrisdakik.com\/index.php?rest_route=%2Fwp%2Fv2%2Fcomments&post=85406"}],"version-history":[{"count":0,"href":"https:\/\/kibrisdakik.com\/index.php?rest_route=\/wp\/v2\/posts\/85406\/revisions"}],"wp:featuredmedia":[{"embeddable":true,"href":"https:\/\/kibrisdakik.com\/index.php?rest_route=\/wp\/v2\/media\/85407"}],"wp:attachment":[{"href":"https:\/\/kibrisdakik.com\/index.php?rest_route=%2Fwp%2Fv2%2Fmedia&parent=85406"}],"wp:term":[{"taxonomy":"category","embeddable":true,"href":"https:\/\/kibrisdakik.com\/index.php?rest_route=%2Fwp%2Fv2%2Fcategories&post=85406"},{"taxonomy":"post_tag","embeddable":true,"href":"https:\/\/kibrisdakik.com\/index.php?rest_route=%2Fwp%2Fv2%2Ftags&post=85406"}],"curies":[{"name":"wp","href":"https:\/\/api.w.org\/{rel}","templated":true}]}}