{"id":85626,"date":"2025-06-29T18:11:01","date_gmt":"2025-06-29T15:11:01","guid":{"rendered":"https:\/\/coral-rabbit-752605.hostingersite.com\/index.php\/2025\/06\/29\/ustelkibris-turk-halki-yasadigi-tum-acilara-ambargolara-ve-adaletsizliklere-ragmen-kendi-devletini-kurdu\/"},"modified":"2025-06-29T18:11:01","modified_gmt":"2025-06-29T15:11:01","slug":"ustelkibris-turk-halki-yasadigi-tum-acilara-ambargolara-ve-adaletsizliklere-ragmen-kendi-devletini-kurdu","status":"publish","type":"post","link":"https:\/\/kibrisdakik.com\/?p=85626","title":{"rendered":"\u00dcstel:K\u0131br\u0131s T\u00fcrk halk\u0131 ya\u015fad\u0131\u011f\u0131 t\u00fcm ac\u0131lara, ambargolara ve adaletsizliklere ra\u011fmen kendi devletini kurdu"},"content":{"rendered":"<p> <br \/>\n<\/p>\n<div>\n<div class=\"mariselle-image-container center\">\n                                            <\/div>\n<p>Ba\u015fbakan \u00dcnal \u00dcstel K\u0131br\u0131s T\u00fcrk halk\u0131n\u0131n 1960 sonras\u0131 s\u00fcre\u00e7te ya\u015fad\u0131\u011f\u0131 t\u00fcm ac\u0131lara, ambargolara ve adaletsizliklere ra\u011fmen, dimdik ayakta durmay\u0131 ba\u015fard\u0131\u011f\u0131n\u0131, kendi devletini kurdu\u011funu, kendi kendini y\u00f6netir hale geldi\u011fini vurgulayarak, \u201cVarolu\u015f m\u00fccadelemiz, tarihe alt\u0131n harflerle yaz\u0131lm\u0131\u015ft\u0131r.\u201d dedi.<\/p>\n<p>K\u0131br\u0131s T\u00fcrk halk\u0131n\u0131n 1974 sonras\u0131, Anavatan T\u00fcrkiye\u2019nin sars\u0131lmaz deste\u011fiyle sadece \u00f6zg\u00fcrl\u00fc\u011fe kavu\u015fmad\u0131\u011f\u0131n\u0131, demokrasisini kuran, kendi kurumlar\u0131n\u0131 in\u015fa eden ve gelece\u011fine sahip \u00e7\u0131kan g\u00fc\u00e7l\u00fc bir halk oldu\u011funu kaydeden \u00dcstel, \u201cAncak ekonomik ba\u011f\u0131ms\u0131zl\u0131k da bizim i\u00e7in siyasi ba\u011f\u0131ms\u0131zl\u0131k kadar kutsald\u0131r.\u201d dedi.<\/p>\n<p>Ba\u015fbakanl\u0131k\u2019tan verilen bilgiye g\u00f6re, \u00dcstel, \u0130ngiltere K\u0131br\u0131s T\u00fcrk Dernekleri Konseyi taraf\u0131ndan d\u00fczenlenen resepsiyona kat\u0131larak konu\u015fma yapt\u0131.<\/p>\n<div class=\"mariselle-image-container center\">\n                <img loading=\"lazy\" decoding=\"async\" width=\"1600\" height=\"1067\" class=\"lazy-image\" alt=\"\" sizes=\"auto, (max-width: 1600px) 100vw, 1600px\" src=\"https:\/\/brtk.net\/wp-content\/uploads\/2025\/06\/29\/17512021533951a88c44c-6907-4844-a6cb-15f31c46c4ef.jpeg?ver=2d2209354bf4dc44effb40042906a507\" srcset=\"https:\/\/brtk.net\/wp-content\/uploads\/2025\/06\/29\/17512021533951a88c44c-6907-4844-a6cb-15f31c46c4ef.jpeg?ver=2d2209354bf4dc44effb40042906a507 1600w, https:\/\/brtk.net\/wp-content\/uploads\/2025\/06\/29\/17512021533951a88c44c-6907-4844-a6cb-15f31c46c4ef-300x200.jpeg?ver=2d2209354bf4dc44effb40042906a507 300w, https:\/\/brtk.net\/wp-content\/uploads\/2025\/06\/29\/17512021533951a88c44c-6907-4844-a6cb-15f31c46c4ef-1024x683.jpeg?ver=fcdf516529017b303df3ce23d05e75b2 1024w, https:\/\/brtk.net\/wp-content\/uploads\/2025\/06\/29\/17512021533951a88c44c-6907-4844-a6cb-15f31c46c4ef-768x512.jpeg?ver=fcdf516529017b303df3ce23d05e75b2 768w, https:\/\/brtk.net\/wp-content\/uploads\/2025\/06\/29\/17512021533951a88c44c-6907-4844-a6cb-15f31c46c4ef-1536x1024.jpeg?ver=8d076f80a7401b3d1f01f0a12c857901 1536w\"\/>                            <\/div>\n<p>Konu\u015fmas\u0131nda resepsiyonda bulunmaktan duydu\u011fu mutlulu\u011fu ifade eden \u00dcstel, \u201cBug\u00fcn bizleri bir araya getiren \u015fey, ayn\u0131 topraklara duydu\u011fumuz sevgi ve vatan\u0131m\u0131za duydu\u011fumuz a\u015fkt\u0131r. Bizler K\u0131br\u0131s\u2019\u0131n \u00e7ocuklar\u0131y\u0131z. Bizler Akdeniz\u2019in incisinde k\u00f6k salm\u0131\u015f zeytin a\u011fa\u00e7lar\u0131 kadar sa\u011flam insanlar\u0131z ve bizler, o topraklarda onurlu bir gelecek kurmak ad\u0131na \u00e7ok b\u00fcy\u00fck bedeller \u00f6demi\u015f bir halk\u0131z.\u201d dedi.<\/p>\n<p>Devletlerini kurmu\u015f olmalar\u0131na ra\u011fmen, y\u0131llarca s\u00fcren federasyon masallar\u0131yla oyaland\u0131klar\u0131n\u0131 ifade eden \u00dcstel, \u015funlar\u0131 kaydetti:<\/p>\n<p>\u201c50 y\u0131l boyunca \u00e7\u00f6z\u00fcm \u00fcmidiyle zaman kaybettik. Ama o d\u00f6nem art\u0131k geride kald\u0131. Cumhurba\u015fkan\u0131m\u0131z Ersin Tatar\u2019\u0131n kararl\u0131l\u0131kla ortaya koydu\u011fu iki devletli \u00e7\u00f6z\u00fcm vizyonunu, T\u00fcrkiye ile tam bir uyum i\u00e7inde savunuyoruz. Bu vizyon, art\u0131k sadece bizim de\u011fil, T\u00fcrk milletinin topyek\u00fbn iradesidir. Ve bu iradenin en g\u00fc\u00e7l\u00fc sesi de T\u00fcrkiye Cumhuriyeti Cumhurba\u015fkan\u0131 Recep Tayyip Erdo\u011fan\u2019d\u0131r. Erdo\u011fan, Birle\u015fmi\u015f Milletler k\u00fcrs\u00fcs\u00fcnden d\u00fcnyaya hayk\u0131rd\u0131: \u2018Kuzey K\u0131br\u0131s T\u00fcrk Cumhuriyeti\u2019ni tan\u0131y\u0131n\u2019. Bu \u00e7a\u011fr\u0131; bizim i\u00e7in yaln\u0131zca diplomatik de\u011fil, tarihi bir d\u00f6n\u00fcm noktas\u0131d\u0131r. Tan\u0131nma yolculu\u011fumuz ba\u015flam\u0131\u015ft\u0131r ve art\u0131k bu y\u00fcr\u00fcy\u00fc\u015ften geri d\u00f6n\u00fclmeyecektir.\u201d<\/p>\n<p>-\u201cRum Y\u00f6netimi KKTC\u2019yi hedef alan bir ekonomik sabotaj zinciri ba\u015flatt\u0131\u201d<\/p>\n<p>Bu geli\u015fmeden rahats\u0131z olanlar da bulundu\u011funu dile getiren Ba\u015fbakan \u00dcstel, G\u00fcney K\u0131br\u0131s Rum Y\u00f6netimi\u2019nin \u00f6zellikle in\u015faat, turizm ve yabanc\u0131 yat\u0131r\u0131m alanlar\u0131nda KKTC\u2019yi hedef alan bir ekonomik sabotaj zinciri ba\u015flatt\u0131\u011f\u0131na i\u015faret etti.<\/p>\n<p>M\u00fclkiyet bahanesiyle uygulanan bask\u0131n\u0131n, yat\u0131r\u0131m alan\u0131nda resmen ekonomik bir ter\u00f6r haline geldi\u011fini dile getiren \u00dcstel, \u201cAma bilinmelidir ki; biz geri ad\u0131m atmay\u0131z. \u00c7\u00fcnk\u00fc biz K\u0131br\u0131s T\u00fcrk halk\u0131y\u0131z. Y\u0131lmay\u0131z, vazge\u00e7meyiz, diz \u00e7\u00f6kmeyiz\u201d. ifadelerini kulland\u0131.<\/p>\n<p>\u2013 \u201c\u0130ngiltere\u2019deki K\u0131br\u0131sl\u0131 T\u00fcrk i\u015f insanlar\u0131yla daha g\u00fc\u00e7l\u00fc bir ekonomik ba\u011f kurmak istiyoruz\u201d<\/p>\n<p>\u0130\u015f insanlar\u0131na seslenirken, \u201cKuzey K\u0131br\u0131s T\u00fcrk Cumhuriyeti sizin i\u00e7in hem bir vatan hem de bir f\u0131rsatt\u0131r. Turizmden e\u011fitime, tar\u0131mdan konuta, sanayiye kadar bir\u00e7ok alanda yeni yat\u0131r\u0131m imkanlar\u0131 sizi bekliyor.\u201d diyen \u00dcstel,  \u0130ngiltere\u2019deki K\u0131br\u0131sl\u0131 T\u00fcrk i\u015f insanlar\u0131yla daha g\u00fc\u00e7l\u00fc bir ekonomik ba\u011f kurmak istediklerini, ortak projeler, kar\u015f\u0131l\u0131kl\u0131 yat\u0131r\u0131mlar ve stratejik ortakl\u0131klar i\u00e7in \u0130ngiltere\u2019deki K\u0131br\u0131sl\u0131 T\u00fcrk i\u015f insanlar\u0131n\u0131 memleketlerinde g\u00f6rmek istediklerini ifade etti.<\/p>\n<p>Ba\u015fbakan \u00dcstel s\u00f6zlerini \u015f\u00f6yle s\u00fcrd\u00fcrd\u00fc:<\/p>\n<p>\u201cEvet, zorluklar\u0131m\u0131z var. B\u00fcrokratik engeller varsa, birlikte a\u015faca\u011f\u0131z. \u0130zolasyon varsa, birlikte k\u0131raca\u011f\u0131z. \u00c7\u00fcnk\u00fc bu devlet bizimdir, bu toprak bizimdir. Y\u0131llarca bekleyen taleplerinizi biliyoruz. Ama art\u0131k KKTC\u2019de istikrar var. Bug\u00fcn biz, KKTC tarihinin en uzun soluklu h\u00fck\u00fcmetiyiz. Ve bu istikrarla birlikte, verdi\u011fimiz her s\u00f6z\u00fc yerine getiriyoruz! Yurtd\u0131\u015f\u0131ndan KKTC\u2019ye yap\u0131lacak yat\u0131r\u0131mlar i\u00e7in yeni te\u015fvik paketleri haz\u0131rl\u0131yoruz. Vergisel avantajlar, prosed\u00fcr kolayl\u0131klar\u0131, dijital hizmetlerde \u00e7\u00f6z\u00fcmler sunuyoruz. Askerlik, vatanda\u015fl\u0131k, kamu hizmetleri gibi konularda siz i\u015f insanlar\u0131na \u00f6zel d\u00fczenlemeler getiriyoruz. KKTC\u2019de y\u00fcksek nitelikli turizm ve e\u011fitim yat\u0131r\u0131mlar\u0131 i\u00e7in yepyeni projeler ba\u015flat\u0131yoruz. Gen\u00e7lerimize y\u00f6nelik s\u00f6z verdi\u011fimiz her projeyi hayata ge\u00e7iriyoruz. \u0130ngiltere Gen\u00e7 Diaspora Koordinasyon Kurulu\u2019nu kuruyoruz. Yuvaya d\u00f6n\u00fc\u015f paketini devreye ald\u0131k. Vergi kolayl\u0131klar\u0131, sosyal konut imkanlar\u0131, e-devlet kolayl\u0131klar\u0131n\u0131 devreye soktuk. Askerlikle ilgili kolayla\u015ft\u0131r\u0131c\u0131 ad\u0131mlar i\u00e7in yasal \u00e7al\u0131\u015fmalar\u0131 ba\u015flatt\u0131k. Cumhuriyet Meclisimize sundu\u011fumuz yeni Askerlik Yasa yasas\u0131 pazartesi g\u00fcn genel, kurulun g\u00fcndemine geliyor.\u201d<\/p>\n<p>-Yeni askerlik yasas\u0131<\/p>\n<p>Yeni askerlik yasas\u0131yla yurt d\u0131\u015f\u0131nda ya\u015fayan \u00e7ift uyruklu gen\u00e7lere de bedelli askerlik hakk\u0131 tan\u0131may\u0131 hedeflediklerini belirten \u00dcstel yeni yasayla ilgili \u015fu bilgileri aktard\u0131:<\/p>\n<p>\u201cYeni yasayla 90 g\u00fcn olan \u00fclkedeki kal\u0131\u015f s\u00fcresini 120 g\u00fcne y\u00fckseltece\u011fiz. Bedelli askerlik \u00fccretlerinde indirime gidece\u011fiz. T\u0131pta uzmanl\u0131k veya doktora e\u011fitimi alan gen\u00e7lerimizin durumunu netle\u015ftirece\u011fiz, yasal belirsizlikleri ortadan kald\u0131raca\u011f\u0131z. Yoklama ka\u00e7a\u011f\u0131 veya bakaya durumundaki gen\u00e7lerimize af getirece\u011fiz. Ayr\u0131ca, \u00f6nceki y\u0131llarda s\u00fcresi i\u00e7inde bedelli hakk\u0131n\u0131 kullanamayanlar i\u00e7in bir defaya mahsus istisnai ba\u015fvuru hakk\u0131 tan\u0131yaca\u011f\u0131z. \u0130nan\u0131yorum ki bu yasa hayata ge\u00e7ecek ve gen\u00e7lerimiz i\u00e7in, f\u0131rsat e\u015fitli\u011fi sa\u011flanacakt\u0131r.\u201d<\/p>\n<p>-\u201cA\u00e7\u0131k destek bekliyoruz\u2026KKTC\u2019nin sesi olun\u201d<\/p>\n<p>\u0130ngiltere\u2019deki K\u0131br\u0131sl\u0131 T\u00fcrk i\u015f insanlar\u0131ndan a\u00e7\u0131k destek beklediklerini s\u00f6yleyen Ba\u015fbakan \u00dcstel, \u201cAnnan Plan\u0131 sonras\u0131 verilen s\u00f6zler tutulmad\u0131. Direkt u\u00e7u\u015flar, do\u011frudan ticaret ve do\u011frudan siyasi temaslar ba\u015flamad\u0131. Rumlar \u00f6d\u00fcllendirilirken biz cezaland\u0131r\u0131ld\u0131k. Art\u0131k bunu y\u00fcksek sesle hayk\u0131r\u0131n. KKTC\u2019nin sesi olun. Direkt ticaret hakk\u0131m\u0131zd\u0131r. Direkt u\u00e7u\u015f hakk\u0131m\u0131zd\u0131r. M\u00fclkiyet \u00fczerinden y\u00fcr\u00fct\u00fclen bask\u0131lar art\u0131k son bulmal\u0131d\u0131r.\u201d dedi.<\/p>\n<p>Hep birlikte KKTC\u2019nin yeni y\u00fczy\u0131l\u0131n\u0131 in\u015fa etme \u00e7a\u011fr\u0131s\u0131nda da bulunan \u00dcstel, \u201d\u00c7\u00fcnk\u00fc siz sadece i\u015f insan\u0131 de\u011filsiniz. Siz KKTC\u2019nin d\u0131\u015f politikadaki y\u00fcz\u00fcs\u00fcn\u00fcz. Siz bu milletin g\u00f6n\u00fcl el\u00e7ilerisiniz. Birlikte \u00e7al\u0131\u015faca\u011f\u0131z, birlikte y\u00fckselece\u011fiz\u201d diyerek konu\u015fmas\u0131n\u0131 tamamlad\u0131.<\/p>\n<\/p><\/div>\n<p><script async\n                    defer\n                    crossorigin=\"anonymous\"\n                    src=\"https:\/\/connect.facebook.net\/tr_TR\/sdk.js#xfbml=1&#038;version=v3.3\"\n            ><\/script><br \/>\n<br \/><br \/>\n<br \/><a href=\"[kibrisdakik.com]\n<\/p>\n","protected":false},"excerpt":{"rendered":"<p>Ba\u015fbakan \u00dcnal \u00dcstel K\u0131br\u0131s T\u00fcrk halk\u0131n\u0131n 1960 sonras\u0131 s\u00fcre\u00e7te ya\u015fad\u0131\u011f\u0131 t\u00fcm ac\u0131lara, ambargolara ve adaletsizliklere ra\u011fmen, dimdik ayakta durmay\u0131 ba\u015fard\u0131\u011f\u0131n\u0131, kendi devletini kurdu\u011funu, kendi kendini y\u00f6netir hale geldi\u011fini vurgulayarak, \u201cVarolu\u015f m\u00fccadelemiz, tarihe alt\u0131n harflerle yaz\u0131lm\u0131\u015ft\u0131r.\u201d dedi. K\u0131br\u0131s T\u00fcrk halk\u0131n\u0131n 1974 sonras\u0131, Anavatan T\u00fcrkiye\u2019nin sars\u0131lmaz deste\u011fiyle sadece \u00f6zg\u00fcrl\u00fc\u011fe kavu\u015fmad\u0131\u011f\u0131n\u0131, demokrasisini kuran, kendi kurumlar\u0131n\u0131 in\u015fa eden ve<\/p>\n","protected":false},"author":1,"featured_media":85627,"comment_status":"open","ping_status":"open","sticky":false,"template":"","format":"standard","meta":{"footnotes":""},"categories":[81,101],"tags":[],"class_list":["post-85626","post","type-post","status-publish","format-standard","has-post-thumbnail","hentry","category-kibris","category-manset"],"yoast_head":"<!-- This site is optimized with the Yoast SEO plugin v27.4 - https:\/\/yoast.com\/product\/yoast-seo-wordpress\/ -->\n<title>\u00dcstel:K\u0131br\u0131s T\u00fcrk halk\u0131 ya\u015fad\u0131\u011f\u0131 t\u00fcm ac\u0131lara, ambargolara ve adaletsizliklere ra\u011fmen kendi devletini kurdu -<\/title>\n<meta name=\"robots\" content=\"index, follow, max-snippet:-1, max-image-preview:large, max-video-preview:-1\" \/>\n<link rel=\"canonical\" href=\"https:\/\/kibrisdakik.com\/?p=85626\" \/>\n<meta property=\"og:locale\" content=\"tr_TR\" \/>\n<meta property=\"og:type\" content=\"article\" \/>\n<meta property=\"og:title\" content=\"\u00dcstel:K\u0131br\u0131s T\u00fcrk halk\u0131 ya\u015fad\u0131\u011f\u0131 t\u00fcm ac\u0131lara, ambargolara ve adaletsizliklere ra\u011fmen kendi devletini kurdu -\" \/>\n<meta property=\"og:description\" content=\"Ba\u015fbakan \u00dcnal \u00dcstel K\u0131br\u0131s T\u00fcrk halk\u0131n\u0131n 1960 sonras\u0131 s\u00fcre\u00e7te ya\u015fad\u0131\u011f\u0131 t\u00fcm ac\u0131lara, ambargolara ve adaletsizliklere ra\u011fmen, dimdik ayakta durmay\u0131 ba\u015fard\u0131\u011f\u0131n\u0131, kendi devletini kurdu\u011funu, kendi kendini y\u00f6netir hale geldi\u011fini vurgulayarak, \u201cVarolu\u015f m\u00fccadelemiz, tarihe alt\u0131n harflerle yaz\u0131lm\u0131\u015ft\u0131r.\u201d dedi. K\u0131br\u0131s T\u00fcrk halk\u0131n\u0131n 1974 sonras\u0131, Anavatan T\u00fcrkiye\u2019nin sars\u0131lmaz deste\u011fiyle sadece \u00f6zg\u00fcrl\u00fc\u011fe kavu\u015fmad\u0131\u011f\u0131n\u0131, demokrasisini kuran, kendi kurumlar\u0131n\u0131 in\u015fa eden ve\" \/>\n<meta property=\"og:url\" content=\"https:\/\/kibrisdakik.com\/?p=85626\" \/>\n<meta property=\"article:published_time\" content=\"2025-06-29T15:11:01+00:00\" \/>\n<meta property=\"og:image\" content=\"https:\/\/kibrisdakik.com\/wp-content\/uploads\/2025\/06\/17512021533951a88c44c-6907-4844-a6cb-15f31c46c4ef-740x420.jpeg\" \/>\n\t<meta property=\"og:image:width\" content=\"1600\" \/>\n\t<meta property=\"og:image:height\" content=\"1067\" \/>\n\t<meta property=\"og:image:type\" content=\"image\/jpeg\" \/>\n<meta name=\"author\" content=\"admin\" \/>\n<meta name=\"twitter:card\" content=\"summary_large_image\" \/>\n<meta name=\"twitter:label1\" content=\"Yazan:\" \/>\n\t<meta name=\"twitter:data1\" content=\"admin\" \/>\n\t<meta name=\"twitter:label2\" content=\"Tahmini okuma s\u00fcresi\" \/>\n\t<meta name=\"twitter:data2\" content=\"5 dakika\" \/>\n<script type=\"application\/ld+json\" class=\"yoast-schema-graph\">{\"@context\":\"https:\\\/\\\/schema.org\",\"@graph\":[{\"@type\":\"Article\",\"@id\":\"https:\\\/\\\/kibrisdakik.com\\\/?p=85626#article\",\"isPartOf\":{\"@id\":\"https:\\\/\\\/kibrisdakik.com\\\/?p=85626\"},\"author\":{\"name\":\"admin\",\"@id\":\"https:\\\/\\\/kibrisdakik.com\\\/#\\\/schema\\\/person\\\/9cd9d437bbb44f72b73ba127e06d8e79\"},\"headline\":\"\u00dcstel:K\u0131br\u0131s T\u00fcrk halk\u0131 ya\u015fad\u0131\u011f\u0131 t\u00fcm ac\u0131lara, ambargolara ve adaletsizliklere ra\u011fmen kendi devletini kurdu\",\"datePublished\":\"2025-06-29T15:11:01+00:00\",\"mainEntityOfPage\":{\"@id\":\"https:\\\/\\\/kibrisdakik.com\\\/?p=85626\"},\"wordCount\":1118,\"commentCount\":0,\"image\":{\"@id\":\"https:\\\/\\\/kibrisdakik.com\\\/?p=85626#primaryimage\"},\"thumbnailUrl\":\"https:\\\/\\\/kibrisdakik.com\\\/wp-content\\\/uploads\\\/2025\\\/06\\\/17512021533951a88c44c-6907-4844-a6cb-15f31c46c4ef-740x420.jpeg\",\"articleSection\":[\"K\u0131br\u0131s\",\"Man\u015fet\"],\"inLanguage\":\"tr\",\"potentialAction\":[{\"@type\":\"CommentAction\",\"name\":\"Comment\",\"target\":[\"https:\\\/\\\/kibrisdakik.com\\\/?p=85626#respond\"]}]},{\"@type\":\"WebPage\",\"@id\":\"https:\\\/\\\/kibrisdakik.com\\\/?p=85626\",\"url\":\"https:\\\/\\\/kibrisdakik.com\\\/?p=85626\",\"name\":\"\u00dcstel:K\u0131br\u0131s T\u00fcrk halk\u0131 ya\u015fad\u0131\u011f\u0131 t\u00fcm ac\u0131lara, ambargolara ve adaletsizliklere ra\u011fmen kendi devletini kurdu -\",\"isPartOf\":{\"@id\":\"https:\\\/\\\/kibrisdakik.com\\\/#website\"},\"primaryImageOfPage\":{\"@id\":\"https:\\\/\\\/kibrisdakik.com\\\/?p=85626#primaryimage\"},\"image\":{\"@id\":\"https:\\\/\\\/kibrisdakik.com\\\/?p=85626#primaryimage\"},\"thumbnailUrl\":\"https:\\\/\\\/kibrisdakik.com\\\/wp-content\\\/uploads\\\/2025\\\/06\\\/17512021533951a88c44c-6907-4844-a6cb-15f31c46c4ef-740x420.jpeg\",\"datePublished\":\"2025-06-29T15:11:01+00:00\",\"author\":{\"@id\":\"https:\\\/\\\/kibrisdakik.com\\\/#\\\/schema\\\/person\\\/9cd9d437bbb44f72b73ba127e06d8e79\"},\"breadcrumb\":{\"@id\":\"https:\\\/\\\/kibrisdakik.com\\\/?p=85626#breadcrumb\"},\"inLanguage\":\"tr\",\"potentialAction\":[{\"@type\":\"ReadAction\",\"target\":[\"https:\\\/\\\/kibrisdakik.com\\\/?p=85626\"]}]},{\"@type\":\"ImageObject\",\"inLanguage\":\"tr\",\"@id\":\"https:\\\/\\\/kibrisdakik.com\\\/?p=85626#primaryimage\",\"url\":\"https:\\\/\\\/kibrisdakik.com\\\/wp-content\\\/uploads\\\/2025\\\/06\\\/17512021533951a88c44c-6907-4844-a6cb-15f31c46c4ef-740x420.jpeg\",\"contentUrl\":\"https:\\\/\\\/kibrisdakik.com\\\/wp-content\\\/uploads\\\/2025\\\/06\\\/17512021533951a88c44c-6907-4844-a6cb-15f31c46c4ef-740x420.jpeg\",\"width\":1600,\"height\":1067},{\"@type\":\"BreadcrumbList\",\"@id\":\"https:\\\/\\\/kibrisdakik.com\\\/?p=85626#breadcrumb\",\"itemListElement\":[{\"@type\":\"ListItem\",\"position\":1,\"name\":\"Home\",\"item\":\"https:\\\/\\\/kibrisdakik.com\\\/\"},{\"@type\":\"ListItem\",\"position\":2,\"name\":\"\u00dcstel:K\u0131br\u0131s T\u00fcrk halk\u0131 ya\u015fad\u0131\u011f\u0131 t\u00fcm ac\u0131lara, ambargolara ve adaletsizliklere ra\u011fmen kendi devletini kurdu\"}]},{\"@type\":\"WebSite\",\"@id\":\"https:\\\/\\\/kibrisdakik.com\\\/#website\",\"url\":\"https:\\\/\\\/kibrisdakik.com\\\/\",\"name\":\"\",\"description\":\"Tam vaktinde haber\",\"potentialAction\":[{\"@type\":\"SearchAction\",\"target\":{\"@type\":\"EntryPoint\",\"urlTemplate\":\"https:\\\/\\\/kibrisdakik.com\\\/?s={search_term_string}\"},\"query-input\":{\"@type\":\"PropertyValueSpecification\",\"valueRequired\":true,\"valueName\":\"search_term_string\"}}],\"inLanguage\":\"tr\"},{\"@type\":\"Person\",\"@id\":\"https:\\\/\\\/kibrisdakik.com\\\/#\\\/schema\\\/person\\\/9cd9d437bbb44f72b73ba127e06d8e79\",\"name\":\"admin\",\"image\":{\"@type\":\"ImageObject\",\"inLanguage\":\"tr\",\"@id\":\"https:\\\/\\\/secure.gravatar.com\\\/avatar\\\/ccc17943b9d660506c869530f897617f7cb1c21a4bf30023f252596d83e1f007?s=96&d=mm&r=g\",\"url\":\"https:\\\/\\\/secure.gravatar.com\\\/avatar\\\/ccc17943b9d660506c869530f897617f7cb1c21a4bf30023f252596d83e1f007?s=96&d=mm&r=g\",\"contentUrl\":\"https:\\\/\\\/secure.gravatar.com\\\/avatar\\\/ccc17943b9d660506c869530f897617f7cb1c21a4bf30023f252596d83e1f007?s=96&d=mm&r=g\",\"caption\":\"admin\"},\"sameAs\":[\"https:\\\/\\\/kibrisdakik.com\"],\"url\":\"https:\\\/\\\/kibrisdakik.com\\\/?author=1\"}]}<\/script>\n<!-- \/ Yoast SEO plugin. -->","yoast_head_json":{"title":"\u00dcstel:K\u0131br\u0131s T\u00fcrk halk\u0131 ya\u015fad\u0131\u011f\u0131 t\u00fcm ac\u0131lara, ambargolara ve adaletsizliklere ra\u011fmen kendi devletini kurdu -","robots":{"index":"index","follow":"follow","max-snippet":"max-snippet:-1","max-image-preview":"max-image-preview:large","max-video-preview":"max-video-preview:-1"},"canonical":"https:\/\/kibrisdakik.com\/?p=85626","og_locale":"tr_TR","og_type":"article","og_title":"\u00dcstel:K\u0131br\u0131s T\u00fcrk halk\u0131 ya\u015fad\u0131\u011f\u0131 t\u00fcm ac\u0131lara, ambargolara ve adaletsizliklere ra\u011fmen kendi devletini kurdu -","og_description":"Ba\u015fbakan \u00dcnal \u00dcstel K\u0131br\u0131s T\u00fcrk halk\u0131n\u0131n 1960 sonras\u0131 s\u00fcre\u00e7te ya\u015fad\u0131\u011f\u0131 t\u00fcm ac\u0131lara, ambargolara ve adaletsizliklere ra\u011fmen, dimdik ayakta durmay\u0131 ba\u015fard\u0131\u011f\u0131n\u0131, kendi devletini kurdu\u011funu, kendi kendini y\u00f6netir hale geldi\u011fini vurgulayarak, \u201cVarolu\u015f m\u00fccadelemiz, tarihe alt\u0131n harflerle yaz\u0131lm\u0131\u015ft\u0131r.\u201d dedi. K\u0131br\u0131s T\u00fcrk halk\u0131n\u0131n 1974 sonras\u0131, Anavatan T\u00fcrkiye\u2019nin sars\u0131lmaz deste\u011fiyle sadece \u00f6zg\u00fcrl\u00fc\u011fe kavu\u015fmad\u0131\u011f\u0131n\u0131, demokrasisini kuran, kendi kurumlar\u0131n\u0131 in\u015fa eden ve","og_url":"https:\/\/kibrisdakik.com\/?p=85626","article_published_time":"2025-06-29T15:11:01+00:00","og_image":[{"width":1600,"height":1067,"url":"https:\/\/kibrisdakik.com\/wp-content\/uploads\/2025\/06\/17512021533951a88c44c-6907-4844-a6cb-15f31c46c4ef-740x420.jpeg","type":"image\/jpeg"}],"author":"admin","twitter_card":"summary_large_image","twitter_misc":{"Yazan:":"admin","Tahmini okuma s\u00fcresi":"5 dakika"},"schema":{"@context":"https:\/\/schema.org","@graph":[{"@type":"Article","@id":"https:\/\/kibrisdakik.com\/?p=85626#article","isPartOf":{"@id":"https:\/\/kibrisdakik.com\/?p=85626"},"author":{"name":"admin","@id":"https:\/\/kibrisdakik.com\/#\/schema\/person\/9cd9d437bbb44f72b73ba127e06d8e79"},"headline":"\u00dcstel:K\u0131br\u0131s T\u00fcrk halk\u0131 ya\u015fad\u0131\u011f\u0131 t\u00fcm ac\u0131lara, ambargolara ve adaletsizliklere ra\u011fmen kendi devletini kurdu","datePublished":"2025-06-29T15:11:01+00:00","mainEntityOfPage":{"@id":"https:\/\/kibrisdakik.com\/?p=85626"},"wordCount":1118,"commentCount":0,"image":{"@id":"https:\/\/kibrisdakik.com\/?p=85626#primaryimage"},"thumbnailUrl":"https:\/\/kibrisdakik.com\/wp-content\/uploads\/2025\/06\/17512021533951a88c44c-6907-4844-a6cb-15f31c46c4ef-740x420.jpeg","articleSection":["K\u0131br\u0131s","Man\u015fet"],"inLanguage":"tr","potentialAction":[{"@type":"CommentAction","name":"Comment","target":["https:\/\/kibrisdakik.com\/?p=85626#respond"]}]},{"@type":"WebPage","@id":"https:\/\/kibrisdakik.com\/?p=85626","url":"https:\/\/kibrisdakik.com\/?p=85626","name":"\u00dcstel:K\u0131br\u0131s T\u00fcrk halk\u0131 ya\u015fad\u0131\u011f\u0131 t\u00fcm ac\u0131lara, ambargolara ve adaletsizliklere ra\u011fmen kendi devletini kurdu -","isPartOf":{"@id":"https:\/\/kibrisdakik.com\/#website"},"primaryImageOfPage":{"@id":"https:\/\/kibrisdakik.com\/?p=85626#primaryimage"},"image":{"@id":"https:\/\/kibrisdakik.com\/?p=85626#primaryimage"},"thumbnailUrl":"https:\/\/kibrisdakik.com\/wp-content\/uploads\/2025\/06\/17512021533951a88c44c-6907-4844-a6cb-15f31c46c4ef-740x420.jpeg","datePublished":"2025-06-29T15:11:01+00:00","author":{"@id":"https:\/\/kibrisdakik.com\/#\/schema\/person\/9cd9d437bbb44f72b73ba127e06d8e79"},"breadcrumb":{"@id":"https:\/\/kibrisdakik.com\/?p=85626#breadcrumb"},"inLanguage":"tr","potentialAction":[{"@type":"ReadAction","target":["https:\/\/kibrisdakik.com\/?p=85626"]}]},{"@type":"ImageObject","inLanguage":"tr","@id":"https:\/\/kibrisdakik.com\/?p=85626#primaryimage","url":"https:\/\/kibrisdakik.com\/wp-content\/uploads\/2025\/06\/17512021533951a88c44c-6907-4844-a6cb-15f31c46c4ef-740x420.jpeg","contentUrl":"https:\/\/kibrisdakik.com\/wp-content\/uploads\/2025\/06\/17512021533951a88c44c-6907-4844-a6cb-15f31c46c4ef-740x420.jpeg","width":1600,"height":1067},{"@type":"BreadcrumbList","@id":"https:\/\/kibrisdakik.com\/?p=85626#breadcrumb","itemListElement":[{"@type":"ListItem","position":1,"name":"Home","item":"https:\/\/kibrisdakik.com\/"},{"@type":"ListItem","position":2,"name":"\u00dcstel:K\u0131br\u0131s T\u00fcrk halk\u0131 ya\u015fad\u0131\u011f\u0131 t\u00fcm ac\u0131lara, ambargolara ve adaletsizliklere ra\u011fmen kendi devletini kurdu"}]},{"@type":"WebSite","@id":"https:\/\/kibrisdakik.com\/#website","url":"https:\/\/kibrisdakik.com\/","name":"","description":"Tam vaktinde haber","potentialAction":[{"@type":"SearchAction","target":{"@type":"EntryPoint","urlTemplate":"https:\/\/kibrisdakik.com\/?s={search_term_string}"},"query-input":{"@type":"PropertyValueSpecification","valueRequired":true,"valueName":"search_term_string"}}],"inLanguage":"tr"},{"@type":"Person","@id":"https:\/\/kibrisdakik.com\/#\/schema\/person\/9cd9d437bbb44f72b73ba127e06d8e79","name":"admin","image":{"@type":"ImageObject","inLanguage":"tr","@id":"https:\/\/secure.gravatar.com\/avatar\/ccc17943b9d660506c869530f897617f7cb1c21a4bf30023f252596d83e1f007?s=96&d=mm&r=g","url":"https:\/\/secure.gravatar.com\/avatar\/ccc17943b9d660506c869530f897617f7cb1c21a4bf30023f252596d83e1f007?s=96&d=mm&r=g","contentUrl":"https:\/\/secure.gravatar.com\/avatar\/ccc17943b9d660506c869530f897617f7cb1c21a4bf30023f252596d83e1f007?s=96&d=mm&r=g","caption":"admin"},"sameAs":["https:\/\/kibrisdakik.com"],"url":"https:\/\/kibrisdakik.com\/?author=1"}]}},"_links":{"self":[{"href":"https:\/\/kibrisdakik.com\/index.php?rest_route=\/wp\/v2\/posts\/85626","targetHints":{"allow":["GET"]}}],"collection":[{"href":"https:\/\/kibrisdakik.com\/index.php?rest_route=\/wp\/v2\/posts"}],"about":[{"href":"https:\/\/kibrisdakik.com\/index.php?rest_route=\/wp\/v2\/types\/post"}],"author":[{"embeddable":true,"href":"https:\/\/kibrisdakik.com\/index.php?rest_route=\/wp\/v2\/users\/1"}],"replies":[{"embeddable":true,"href":"https:\/\/kibrisdakik.com\/index.php?rest_route=%2Fwp%2Fv2%2Fcomments&post=85626"}],"version-history":[{"count":0,"href":"https:\/\/kibrisdakik.com\/index.php?rest_route=\/wp\/v2\/posts\/85626\/revisions"}],"wp:featuredmedia":[{"embeddable":true,"href":"https:\/\/kibrisdakik.com\/index.php?rest_route=\/wp\/v2\/media\/85627"}],"wp:attachment":[{"href":"https:\/\/kibrisdakik.com\/index.php?rest_route=%2Fwp%2Fv2%2Fmedia&parent=85626"}],"wp:term":[{"taxonomy":"category","embeddable":true,"href":"https:\/\/kibrisdakik.com\/index.php?rest_route=%2Fwp%2Fv2%2Fcategories&post=85626"},{"taxonomy":"post_tag","embeddable":true,"href":"https:\/\/kibrisdakik.com\/index.php?rest_route=%2Fwp%2Fv2%2Ftags&post=85626"}],"curies":[{"name":"wp","href":"https:\/\/api.w.org\/{rel}","templated":true}]}}