{"id":85642,"date":"2025-06-30T09:27:00","date_gmt":"2025-06-30T06:27:00","guid":{"rendered":"https:\/\/kibrisdakik.com\/index.php\/2025\/06\/30\/cumhurbaskani-tatar-yurda-dondu-4\/"},"modified":"2025-06-30T09:27:00","modified_gmt":"2025-06-30T06:27:00","slug":"cumhurbaskani-tatar-yurda-dondu-4","status":"publish","type":"post","link":"https:\/\/kibrisdakik.com\/?p=85642","title":{"rendered":"Cumhurba\u015fkan\u0131 Tatar yurda d\u00f6nd\u00fc"},"content":{"rendered":"<p> <br \/>\n<\/p>\n<div>\n<div class=\"mariselle-image-container none\">\n                                            <\/div>\n<p>Londra\u2019daki temaslar\u0131n\u0131 tamamlayan Cumhurba\u015fkan\u0131 Ersin Tatar, bu sabah 08.20\u2019de \u00fclkeye d\u00f6nd\u00fc.<\/p>\n<p>Tatar\u2019\u0131 Ercan Havaalan\u0131\u2019nda\u00a0\u00a0 Cumhurba\u015fanl\u0131\u011f\u0131 M\u00fcste\u1e63ar\u0131 Okan Donangil ve di\u011fer baz\u0131 Cumhurba\u0219kanl\u0131\u011f\u0131 yetkilileri kar\u015f\u0131lad\u0131.<\/p>\n<p>Tatar, \u015fu s\u0131ralar Ercan Havaalan\u0131\u2019nda d\u00fczenlenen bas\u0131n toplant\u0131s\u0131nda temaslar\u0131n\u0131 de\u011ferlendiriyor.<\/p>\n<p>Bir dizi temasta bulunmak ve \u0130ngiltere K\u0131br\u0131s T\u00fcrk Dernekleri Konseyi taraf\u0131ndan bu y\u0131l sekizincisinin d\u00fczenlenen K\u0131br\u0131s T\u00fcrk K\u00fclt\u00fcr Festivali\u2019ne kat\u0131lmak \u00fczere 25 Haziran\u2019da Londra\u2019ya giden Tatar\u2019a e\u015fi Sibel Tatar da e\u015flik etti.<\/p>\n<p>Cumhurba\u015fkan\u0131 Ersin Tatar, Londra temaslar\u0131 kapsam\u0131nda Birle\u015fik Krall\u0131k Avrupa Bakan\u0131 Stephen Doughty ile g\u00f6r\u00fc\u015ft\u00fc.<\/p>\n<p>\u0130ngiliz milletvekili Sir Iain Duncan Smith ile bir araya gelen, \u0130ngiltere Parlamentosu KKTC Dostluk Grubu (APPG-TRNC) \u00fcyeleriyle toplant\u0131 ger\u00e7ekle\u015ftiren Cumhurba\u015fkan\u0131 Tatar, Birle\u015fik Krall\u0131k eski Ba\u015fbakan\u0131 Boris Johnson ile g\u00f6r\u00fc\u015fme yapt\u0131.<\/p>\n<p>Manchester\u2019da \u0130ngiliz Miras Merkezi (BMHC) taraf\u0131ndan d\u00fczenlenen bir etkinlikte Onur Konu\u011fu olarak yer alan Tatar, \u0130ngiltere K\u0131br\u0131s T\u00fcrk Dernekleri Konseyi taraf\u0131ndan d\u00fczenlenen resepsiyona e\u015fi Sibel Tatar ile kat\u0131ld\u0131.<\/p>\n<\/p><\/div>\n<p><script async\n                    defer\n                    crossorigin=\"anonymous\"\n                    src=\"https:\/\/connect.facebook.net\/tr_TR\/sdk.js#xfbml=1&#038;version=v3.3\"\n            ><\/script><br \/>\n<br \/><br \/>\n<br \/><a href=\"[kibrisdakik.com]\n<\/p>\n","protected":false},"excerpt":{"rendered":"<p>Londra\u2019daki temaslar\u0131n\u0131 tamamlayan Cumhurba\u015fkan\u0131 Ersin Tatar, bu sabah 08.20\u2019de \u00fclkeye d\u00f6nd\u00fc. Tatar\u2019\u0131 Ercan Havaalan\u0131\u2019nda\u00a0\u00a0 Cumhurba\u015fanl\u0131\u011f\u0131 M\u00fcste\u1e63ar\u0131 Okan Donangil ve di\u011fer baz\u0131 Cumhurba\u0219kanl\u0131\u011f\u0131 yetkilileri kar\u015f\u0131lad\u0131. Tatar, \u015fu s\u0131ralar Ercan Havaalan\u0131\u2019nda d\u00fczenlenen bas\u0131n toplant\u0131s\u0131nda temaslar\u0131n\u0131 de\u011ferlendiriyor. Bir dizi temasta bulunmak ve \u0130ngiltere K\u0131br\u0131s T\u00fcrk Dernekleri Konseyi taraf\u0131ndan bu y\u0131l sekizincisinin d\u00fczenlenen K\u0131br\u0131s T\u00fcrk K\u00fclt\u00fcr Festivali\u2019ne kat\u0131lmak \u00fczere<\/p>\n","protected":false},"author":1,"featured_media":85643,"comment_status":"open","ping_status":"open","sticky":false,"template":"","format":"standard","meta":{"footnotes":""},"categories":[81,101],"tags":[],"class_list":["post-85642","post","type-post","status-publish","format-standard","has-post-thumbnail","hentry","category-kibris","category-manset"],"yoast_head":"<!-- This site is optimized with the Yoast SEO plugin v27.5 - https:\/\/yoast.com\/product\/yoast-seo-wordpress\/ -->\n<title>Cumhurba\u015fkan\u0131 Tatar yurda d\u00f6nd\u00fc -<\/title>\n<meta name=\"robots\" content=\"index, follow, max-snippet:-1, max-image-preview:large, max-video-preview:-1\" \/>\n<link rel=\"canonical\" href=\"https:\/\/kibrisdakik.com\/?p=85642\" \/>\n<meta property=\"og:locale\" content=\"tr_TR\" \/>\n<meta property=\"og:type\" content=\"article\" \/>\n<meta property=\"og:title\" content=\"Cumhurba\u015fkan\u0131 Tatar yurda d\u00f6nd\u00fc -\" \/>\n<meta property=\"og:description\" content=\"Londra\u2019daki temaslar\u0131n\u0131 tamamlayan Cumhurba\u015fkan\u0131 Ersin Tatar, bu sabah 08.20\u2019de \u00fclkeye d\u00f6nd\u00fc. Tatar\u2019\u0131 Ercan Havaalan\u0131\u2019nda\u00a0\u00a0 Cumhurba\u015fanl\u0131\u011f\u0131 M\u00fcste\u1e63ar\u0131 Okan Donangil ve di\u011fer baz\u0131 Cumhurba\u0219kanl\u0131\u011f\u0131 yetkilileri kar\u015f\u0131lad\u0131. Tatar, \u015fu s\u0131ralar Ercan Havaalan\u0131\u2019nda d\u00fczenlenen bas\u0131n toplant\u0131s\u0131nda temaslar\u0131n\u0131 de\u011ferlendiriyor. Bir dizi temasta bulunmak ve \u0130ngiltere K\u0131br\u0131s T\u00fcrk Dernekleri Konseyi taraf\u0131ndan bu y\u0131l sekizincisinin d\u00fczenlenen K\u0131br\u0131s T\u00fcrk K\u00fclt\u00fcr Festivali\u2019ne kat\u0131lmak \u00fczere\" \/>\n<meta property=\"og:url\" content=\"https:\/\/kibrisdakik.com\/?p=85642\" \/>\n<meta property=\"article:published_time\" content=\"2025-06-30T06:27:00+00:00\" \/>\n<meta property=\"og:image\" content=\"https:\/\/kibrisdakik.com\/wp-content\/uploads\/2025\/06\/tatar-ercan-740x420.jpg\" \/>\n\t<meta property=\"og:image:width\" content=\"2040\" \/>\n\t<meta property=\"og:image:height\" content=\"1530\" \/>\n\t<meta property=\"og:image:type\" content=\"image\/jpeg\" \/>\n<meta name=\"author\" content=\"admin\" \/>\n<meta name=\"twitter:card\" content=\"summary_large_image\" \/>\n<meta name=\"twitter:label1\" content=\"Yazan:\" \/>\n\t<meta name=\"twitter:data1\" content=\"admin\" \/>\n\t<meta name=\"twitter:label2\" content=\"Tahmini okuma s\u00fcresi\" \/>\n\t<meta name=\"twitter:data2\" content=\"1 dakika\" \/>\n<script type=\"application\/ld+json\" class=\"yoast-schema-graph\">{\"@context\":\"https:\\\/\\\/schema.org\",\"@graph\":[{\"@type\":\"Article\",\"@id\":\"https:\\\/\\\/kibrisdakik.com\\\/?p=85642#article\",\"isPartOf\":{\"@id\":\"https:\\\/\\\/kibrisdakik.com\\\/?p=85642\"},\"author\":{\"name\":\"admin\",\"@id\":\"https:\\\/\\\/kibrisdakik.com\\\/#\\\/schema\\\/person\\\/9cd9d437bbb44f72b73ba127e06d8e79\"},\"headline\":\"Cumhurba\u015fkan\u0131 Tatar yurda d\u00f6nd\u00fc\",\"datePublished\":\"2025-06-30T06:27:00+00:00\",\"mainEntityOfPage\":{\"@id\":\"https:\\\/\\\/kibrisdakik.com\\\/?p=85642\"},\"wordCount\":207,\"commentCount\":0,\"image\":{\"@id\":\"https:\\\/\\\/kibrisdakik.com\\\/?p=85642#primaryimage\"},\"thumbnailUrl\":\"https:\\\/\\\/kibrisdakik.com\\\/wp-content\\\/uploads\\\/2025\\\/06\\\/tatar-ercan-740x420.jpg\",\"articleSection\":[\"K\u0131br\u0131s\",\"Man\u015fet\"],\"inLanguage\":\"tr\",\"potentialAction\":[{\"@type\":\"CommentAction\",\"name\":\"Comment\",\"target\":[\"https:\\\/\\\/kibrisdakik.com\\\/?p=85642#respond\"]}]},{\"@type\":\"WebPage\",\"@id\":\"https:\\\/\\\/kibrisdakik.com\\\/?p=85642\",\"url\":\"https:\\\/\\\/kibrisdakik.com\\\/?p=85642\",\"name\":\"Cumhurba\u015fkan\u0131 Tatar yurda d\u00f6nd\u00fc -\",\"isPartOf\":{\"@id\":\"https:\\\/\\\/kibrisdakik.com\\\/#website\"},\"primaryImageOfPage\":{\"@id\":\"https:\\\/\\\/kibrisdakik.com\\\/?p=85642#primaryimage\"},\"image\":{\"@id\":\"https:\\\/\\\/kibrisdakik.com\\\/?p=85642#primaryimage\"},\"thumbnailUrl\":\"https:\\\/\\\/kibrisdakik.com\\\/wp-content\\\/uploads\\\/2025\\\/06\\\/tatar-ercan-740x420.jpg\",\"datePublished\":\"2025-06-30T06:27:00+00:00\",\"author\":{\"@id\":\"https:\\\/\\\/kibrisdakik.com\\\/#\\\/schema\\\/person\\\/9cd9d437bbb44f72b73ba127e06d8e79\"},\"breadcrumb\":{\"@id\":\"https:\\\/\\\/kibrisdakik.com\\\/?p=85642#breadcrumb\"},\"inLanguage\":\"tr\",\"potentialAction\":[{\"@type\":\"ReadAction\",\"target\":[\"https:\\\/\\\/kibrisdakik.com\\\/?p=85642\"]}]},{\"@type\":\"ImageObject\",\"inLanguage\":\"tr\",\"@id\":\"https:\\\/\\\/kibrisdakik.com\\\/?p=85642#primaryimage\",\"url\":\"https:\\\/\\\/kibrisdakik.com\\\/wp-content\\\/uploads\\\/2025\\\/06\\\/tatar-ercan-740x420.jpg\",\"contentUrl\":\"https:\\\/\\\/kibrisdakik.com\\\/wp-content\\\/uploads\\\/2025\\\/06\\\/tatar-ercan-740x420.jpg\",\"width\":2040,\"height\":1530},{\"@type\":\"BreadcrumbList\",\"@id\":\"https:\\\/\\\/kibrisdakik.com\\\/?p=85642#breadcrumb\",\"itemListElement\":[{\"@type\":\"ListItem\",\"position\":1,\"name\":\"Home\",\"item\":\"https:\\\/\\\/kibrisdakik.com\\\/\"},{\"@type\":\"ListItem\",\"position\":2,\"name\":\"Cumhurba\u015fkan\u0131 Tatar yurda d\u00f6nd\u00fc\"}]},{\"@type\":\"WebSite\",\"@id\":\"https:\\\/\\\/kibrisdakik.com\\\/#website\",\"url\":\"https:\\\/\\\/kibrisdakik.com\\\/\",\"name\":\"\",\"description\":\"Tam vaktinde haber\",\"potentialAction\":[{\"@type\":\"SearchAction\",\"target\":{\"@type\":\"EntryPoint\",\"urlTemplate\":\"https:\\\/\\\/kibrisdakik.com\\\/?s={search_term_string}\"},\"query-input\":{\"@type\":\"PropertyValueSpecification\",\"valueRequired\":true,\"valueName\":\"search_term_string\"}}],\"inLanguage\":\"tr\"},{\"@type\":\"Person\",\"@id\":\"https:\\\/\\\/kibrisdakik.com\\\/#\\\/schema\\\/person\\\/9cd9d437bbb44f72b73ba127e06d8e79\",\"name\":\"admin\",\"image\":{\"@type\":\"ImageObject\",\"inLanguage\":\"tr\",\"@id\":\"https:\\\/\\\/secure.gravatar.com\\\/avatar\\\/ccc17943b9d660506c869530f897617f7cb1c21a4bf30023f252596d83e1f007?s=96&d=mm&r=g\",\"url\":\"https:\\\/\\\/secure.gravatar.com\\\/avatar\\\/ccc17943b9d660506c869530f897617f7cb1c21a4bf30023f252596d83e1f007?s=96&d=mm&r=g\",\"contentUrl\":\"https:\\\/\\\/secure.gravatar.com\\\/avatar\\\/ccc17943b9d660506c869530f897617f7cb1c21a4bf30023f252596d83e1f007?s=96&d=mm&r=g\",\"caption\":\"admin\"},\"sameAs\":[\"https:\\\/\\\/kibrisdakik.com\"],\"url\":\"https:\\\/\\\/kibrisdakik.com\\\/?author=1\"}]}<\/script>\n<!-- \/ Yoast SEO plugin. -->","yoast_head_json":{"title":"Cumhurba\u015fkan\u0131 Tatar yurda d\u00f6nd\u00fc -","robots":{"index":"index","follow":"follow","max-snippet":"max-snippet:-1","max-image-preview":"max-image-preview:large","max-video-preview":"max-video-preview:-1"},"canonical":"https:\/\/kibrisdakik.com\/?p=85642","og_locale":"tr_TR","og_type":"article","og_title":"Cumhurba\u015fkan\u0131 Tatar yurda d\u00f6nd\u00fc -","og_description":"Londra\u2019daki temaslar\u0131n\u0131 tamamlayan Cumhurba\u015fkan\u0131 Ersin Tatar, bu sabah 08.20\u2019de \u00fclkeye d\u00f6nd\u00fc. Tatar\u2019\u0131 Ercan Havaalan\u0131\u2019nda\u00a0\u00a0 Cumhurba\u015fanl\u0131\u011f\u0131 M\u00fcste\u1e63ar\u0131 Okan Donangil ve di\u011fer baz\u0131 Cumhurba\u0219kanl\u0131\u011f\u0131 yetkilileri kar\u015f\u0131lad\u0131. Tatar, \u015fu s\u0131ralar Ercan Havaalan\u0131\u2019nda d\u00fczenlenen bas\u0131n toplant\u0131s\u0131nda temaslar\u0131n\u0131 de\u011ferlendiriyor. Bir dizi temasta bulunmak ve \u0130ngiltere K\u0131br\u0131s T\u00fcrk Dernekleri Konseyi taraf\u0131ndan bu y\u0131l sekizincisinin d\u00fczenlenen K\u0131br\u0131s T\u00fcrk K\u00fclt\u00fcr Festivali\u2019ne kat\u0131lmak \u00fczere","og_url":"https:\/\/kibrisdakik.com\/?p=85642","article_published_time":"2025-06-30T06:27:00+00:00","og_image":[{"width":2040,"height":1530,"url":"https:\/\/kibrisdakik.com\/wp-content\/uploads\/2025\/06\/tatar-ercan-740x420.jpg","type":"image\/jpeg"}],"author":"admin","twitter_card":"summary_large_image","twitter_misc":{"Yazan:":"admin","Tahmini okuma s\u00fcresi":"1 dakika"},"schema":{"@context":"https:\/\/schema.org","@graph":[{"@type":"Article","@id":"https:\/\/kibrisdakik.com\/?p=85642#article","isPartOf":{"@id":"https:\/\/kibrisdakik.com\/?p=85642"},"author":{"name":"admin","@id":"https:\/\/kibrisdakik.com\/#\/schema\/person\/9cd9d437bbb44f72b73ba127e06d8e79"},"headline":"Cumhurba\u015fkan\u0131 Tatar yurda d\u00f6nd\u00fc","datePublished":"2025-06-30T06:27:00+00:00","mainEntityOfPage":{"@id":"https:\/\/kibrisdakik.com\/?p=85642"},"wordCount":207,"commentCount":0,"image":{"@id":"https:\/\/kibrisdakik.com\/?p=85642#primaryimage"},"thumbnailUrl":"https:\/\/kibrisdakik.com\/wp-content\/uploads\/2025\/06\/tatar-ercan-740x420.jpg","articleSection":["K\u0131br\u0131s","Man\u015fet"],"inLanguage":"tr","potentialAction":[{"@type":"CommentAction","name":"Comment","target":["https:\/\/kibrisdakik.com\/?p=85642#respond"]}]},{"@type":"WebPage","@id":"https:\/\/kibrisdakik.com\/?p=85642","url":"https:\/\/kibrisdakik.com\/?p=85642","name":"Cumhurba\u015fkan\u0131 Tatar yurda d\u00f6nd\u00fc -","isPartOf":{"@id":"https:\/\/kibrisdakik.com\/#website"},"primaryImageOfPage":{"@id":"https:\/\/kibrisdakik.com\/?p=85642#primaryimage"},"image":{"@id":"https:\/\/kibrisdakik.com\/?p=85642#primaryimage"},"thumbnailUrl":"https:\/\/kibrisdakik.com\/wp-content\/uploads\/2025\/06\/tatar-ercan-740x420.jpg","datePublished":"2025-06-30T06:27:00+00:00","author":{"@id":"https:\/\/kibrisdakik.com\/#\/schema\/person\/9cd9d437bbb44f72b73ba127e06d8e79"},"breadcrumb":{"@id":"https:\/\/kibrisdakik.com\/?p=85642#breadcrumb"},"inLanguage":"tr","potentialAction":[{"@type":"ReadAction","target":["https:\/\/kibrisdakik.com\/?p=85642"]}]},{"@type":"ImageObject","inLanguage":"tr","@id":"https:\/\/kibrisdakik.com\/?p=85642#primaryimage","url":"https:\/\/kibrisdakik.com\/wp-content\/uploads\/2025\/06\/tatar-ercan-740x420.jpg","contentUrl":"https:\/\/kibrisdakik.com\/wp-content\/uploads\/2025\/06\/tatar-ercan-740x420.jpg","width":2040,"height":1530},{"@type":"BreadcrumbList","@id":"https:\/\/kibrisdakik.com\/?p=85642#breadcrumb","itemListElement":[{"@type":"ListItem","position":1,"name":"Home","item":"https:\/\/kibrisdakik.com\/"},{"@type":"ListItem","position":2,"name":"Cumhurba\u015fkan\u0131 Tatar yurda d\u00f6nd\u00fc"}]},{"@type":"WebSite","@id":"https:\/\/kibrisdakik.com\/#website","url":"https:\/\/kibrisdakik.com\/","name":"","description":"Tam vaktinde haber","potentialAction":[{"@type":"SearchAction","target":{"@type":"EntryPoint","urlTemplate":"https:\/\/kibrisdakik.com\/?s={search_term_string}"},"query-input":{"@type":"PropertyValueSpecification","valueRequired":true,"valueName":"search_term_string"}}],"inLanguage":"tr"},{"@type":"Person","@id":"https:\/\/kibrisdakik.com\/#\/schema\/person\/9cd9d437bbb44f72b73ba127e06d8e79","name":"admin","image":{"@type":"ImageObject","inLanguage":"tr","@id":"https:\/\/secure.gravatar.com\/avatar\/ccc17943b9d660506c869530f897617f7cb1c21a4bf30023f252596d83e1f007?s=96&d=mm&r=g","url":"https:\/\/secure.gravatar.com\/avatar\/ccc17943b9d660506c869530f897617f7cb1c21a4bf30023f252596d83e1f007?s=96&d=mm&r=g","contentUrl":"https:\/\/secure.gravatar.com\/avatar\/ccc17943b9d660506c869530f897617f7cb1c21a4bf30023f252596d83e1f007?s=96&d=mm&r=g","caption":"admin"},"sameAs":["https:\/\/kibrisdakik.com"],"url":"https:\/\/kibrisdakik.com\/?author=1"}]}},"_links":{"self":[{"href":"https:\/\/kibrisdakik.com\/index.php?rest_route=\/wp\/v2\/posts\/85642","targetHints":{"allow":["GET"]}}],"collection":[{"href":"https:\/\/kibrisdakik.com\/index.php?rest_route=\/wp\/v2\/posts"}],"about":[{"href":"https:\/\/kibrisdakik.com\/index.php?rest_route=\/wp\/v2\/types\/post"}],"author":[{"embeddable":true,"href":"https:\/\/kibrisdakik.com\/index.php?rest_route=\/wp\/v2\/users\/1"}],"replies":[{"embeddable":true,"href":"https:\/\/kibrisdakik.com\/index.php?rest_route=%2Fwp%2Fv2%2Fcomments&post=85642"}],"version-history":[{"count":0,"href":"https:\/\/kibrisdakik.com\/index.php?rest_route=\/wp\/v2\/posts\/85642\/revisions"}],"wp:featuredmedia":[{"embeddable":true,"href":"https:\/\/kibrisdakik.com\/index.php?rest_route=\/wp\/v2\/media\/85643"}],"wp:attachment":[{"href":"https:\/\/kibrisdakik.com\/index.php?rest_route=%2Fwp%2Fv2%2Fmedia&parent=85642"}],"wp:term":[{"taxonomy":"category","embeddable":true,"href":"https:\/\/kibrisdakik.com\/index.php?rest_route=%2Fwp%2Fv2%2Fcategories&post=85642"},{"taxonomy":"post_tag","embeddable":true,"href":"https:\/\/kibrisdakik.com\/index.php?rest_route=%2Fwp%2Fv2%2Ftags&post=85642"}],"curies":[{"name":"wp","href":"https:\/\/api.w.org\/{rel}","templated":true}]}}