{"id":85661,"date":"2025-06-30T19:36:01","date_gmt":"2025-06-30T16:36:01","guid":{"rendered":"https:\/\/kibrisdakik.com\/index.php\/2025\/06\/30\/brtk-yonetim-kurulu-baskani-ozdemir-tokelden-trt-world-londra-ofisine-ziyaret\/"},"modified":"2025-06-30T19:36:01","modified_gmt":"2025-06-30T16:36:01","slug":"brtk-yonetim-kurulu-baskani-ozdemir-tokelden-trt-world-londra-ofisine-ziyaret","status":"publish","type":"post","link":"https:\/\/kibrisdakik.com\/?p=85661","title":{"rendered":"BRTK Y\u00f6netim Kurulu Ba\u015fkan\u0131 \u00d6zdemir Tokel\u2019den TRT World Londra Ofisi\u2019ne ziyaret"},"content":{"rendered":"<p> <br \/>\n<\/p>\n<div>\n<div class=\"mariselle-image-container center\">\n                                            <\/div>\n<p>Bayrak Radyo Televizyon Kurumu (BRTK) Y\u00f6netim Kurulu Ba\u015fkan\u0131 \u00d6zdemir Tokel, TRT World Londra ofisine bir nezaket ziyareti ger\u00e7ekle\u015ftirdi. Ziyaret kapsam\u0131nda, Kuzey K\u0131br\u0131s T\u00fcrk Cumhuriyeti\u2019nin uluslararas\u0131 alandaki g\u00f6r\u00fcn\u00fcrl\u00fc\u011f\u00fcn\u00fcn art\u0131r\u0131lmas\u0131 ve iki kamu yay\u0131nc\u0131s\u0131 aras\u0131nda \u0130ngiltere \u00f6zelinde geli\u015ftirilebilecek i\u015f birlikleri ele al\u0131nd\u0131.<\/p>\n<div class=\"mariselle-image-container center\">\n                <img loading=\"lazy\" decoding=\"async\" width=\"2048\" height=\"1152\" class=\"lazy-image\" alt=\"\" sizes=\"auto, (max-width: 2048px) 100vw, 2048px\" src=\"https:\/\/brtk.net\/wp-content\/uploads\/2025\/06\/30\/IMG-20250630-WA0068.jpg?ver=44d7c844dca17c13431b2b3db57b90a1\" srcset=\"https:\/\/brtk.net\/wp-content\/uploads\/2025\/06\/30\/IMG-20250630-WA0068.jpg?ver=44d7c844dca17c13431b2b3db57b90a1 2048w, https:\/\/brtk.net\/wp-content\/uploads\/2025\/06\/30\/IMG-20250630-WA0068-300x169.jpg?ver=84383c0c6c7b2c3d67a786f4c0f17aa0 300w, https:\/\/brtk.net\/wp-content\/uploads\/2025\/06\/30\/IMG-20250630-WA0068-1024x576.jpg?ver=84383c0c6c7b2c3d67a786f4c0f17aa0 1024w, https:\/\/brtk.net\/wp-content\/uploads\/2025\/06\/30\/IMG-20250630-WA0068-768x432.jpg?ver=84383c0c6c7b2c3d67a786f4c0f17aa0 768w, https:\/\/brtk.net\/wp-content\/uploads\/2025\/06\/30\/IMG-20250630-WA0068-1536x864.jpg?ver=dc26d5e7bdcd243aabb8f5bbffc2519f 1536w\"\/>                            <\/div>\n<p>TRT Londra Temsilcisi Hasan Esen, TRT Londra Muhabiri Zeynep Ery\u0131lmaz ve TRT World ekibinden T\u00fclay Kalyon ile bir araya gelen Tokel\u2019e, KKTC Londra Temsilcili\u011fi g\u00f6revlilerinden Say\u0131n Esra Emin e\u015flik etti.<\/p>\n<p>G\u00f6r\u00fc\u015fmelerde, \u0130ngiltere\u2019de ya\u015fayan K\u0131br\u0131sl\u0131 T\u00fcrk toplumu ile olan ileti\u015fimin daha da g\u00fc\u00e7lendirilmesi, diasporan\u0131n medya arac\u0131l\u0131\u011f\u0131yla sesini duyurmas\u0131na katk\u0131 sunulmas\u0131 ve BRT ile TRT aras\u0131nda ortak projeler geli\u015ftirilmesi y\u00f6n\u00fcnde fikir al\u0131\u015fveri\u015finde bulunuldu.<\/p>\n<div class=\"mariselle-image-container center\">\n                <img loading=\"lazy\" decoding=\"async\" width=\"1600\" height=\"900\" class=\"lazy-image\" alt=\"\" sizes=\"auto, (max-width: 1600px) 100vw, 1600px\" src=\"https:\/\/brtk.net\/wp-content\/uploads\/2025\/06\/30\/IMG-20250630-WA0067.jpg?ver=f240ef6b53973faf422448c04872a9b8\" srcset=\"https:\/\/brtk.net\/wp-content\/uploads\/2025\/06\/30\/IMG-20250630-WA0067.jpg?ver=f240ef6b53973faf422448c04872a9b8 1600w, https:\/\/brtk.net\/wp-content\/uploads\/2025\/06\/30\/IMG-20250630-WA0067-300x169.jpg?ver=f240ef6b53973faf422448c04872a9b8 300w, https:\/\/brtk.net\/wp-content\/uploads\/2025\/06\/30\/IMG-20250630-WA0067-1024x576.jpg?ver=5b3cebcfe9620a40b88b9ecb9c1ac2a7 1024w, https:\/\/brtk.net\/wp-content\/uploads\/2025\/06\/30\/IMG-20250630-WA0067-768x432.jpg?ver=5b3cebcfe9620a40b88b9ecb9c1ac2a7 768w, https:\/\/brtk.net\/wp-content\/uploads\/2025\/06\/30\/IMG-20250630-WA0067-1536x864.jpg?ver=23dfb0cb134e10c19b885c08b985ba14 1536w\"\/>                            <\/div>\n<p>Ziyaretin ard\u0131ndan bir a\u00e7\u0131klama yapan BRTK Ba\u015fkan\u0131 \u00d6zdemir Tokel \u015fu ifadeleri kulland\u0131:<\/p>\n<p>\u201cTRT Londra Temsilcili\u011fi\u2019ni ve TRT World Londra ofisini ziyaret etmekten b\u00fcy\u00fck bir memnuniyet duyduk. TRT, sadece T\u00fcrkiye\u2019nin kanal\u0131 de\u011fil; k\u00fcresel \u00f6l\u00e7ekte etkili bir medya g\u00fcc\u00fc olarak kar\u015f\u0131m\u0131zda duruyor. Bir K\u0131br\u0131sl\u0131 T\u00fcrk olarak, bu b\u00fcy\u00fckl\u00fc\u011f\u00fc ve vizyonu TRT Londra ofisinde de bir kez daha net \u015fekilde g\u00f6zlemledik.\u201d<\/p>\n<p>\u201cBir d\u00fcnya markas\u0131na d\u00f6n\u00fc\u015fen TRT\u2019nin varl\u0131\u011f\u0131, \u00f6zelde Bayrak Radyo Televizyon Kurumu, genelde ise t\u00fcm K\u0131br\u0131s T\u00fcrk halk\u0131 i\u00e7in b\u00fcy\u00fck bir \u015fanst\u0131r. Bu vesileyle \u00e7ok k\u0131ymetli Londra Temsilcimiz Say\u0131n Hasan Esen\u2019in \u015fahs\u0131nda t\u00fcm TRT ve TRT World ailesini g\u00f6n\u00fclden kutluyorum. <\/p>\n<p>Nazik misafirperverli\u011fi i\u00e7in Hasan Bey\u2019e ve t\u00fcm TRT Londra ekibine en i\u00e7ten te\u015fekk\u00fcrlerimi sunuyorum.\u201d<\/p>\n<p>\u201c\u0130ngiltere\u2019de ya\u015fayan K\u0131br\u0131sl\u0131 T\u00fcrklerin sesini daha da y\u00fckseltebilmek ve BRT ile TRT aras\u0131nda i\u015f birliklerini geli\u015ftirmek ad\u0131na verimli fikir al\u0131\u015fveri\u015finde bulunduk. TRT  ile halihaz\u0131rda i\u015f birli\u011fi protokollerimiz bulunmakta. Bu i\u015f birli\u011finin \u0130ngiltere ba\u015fta olmak \u00fczere uluslararas\u0131 alana yay\u0131lmas\u0131n\u0131n son derece \u00f6nemli oldu\u011funu g\u00f6r\u00fcyoruz.\u201d<\/p>\n<p>\u201cZiyaretimizde, TRT Londra\u2019dan Zeynep Ery\u0131lmaz ve TRT World ekibinden T\u00fclay Kalyon Han\u0131m\u2019\u0131n yan\u0131 s\u0131ra \u015fahs\u0131ma KKTC Londra Temsilcili\u011fi\u2019nden Say\u0131n Esra Emin de e\u015flik etti. Kendilerine ayr\u0131 ayr\u0131 te\u015fekk\u00fcr ediyorum.\u201d<\/p>\n<p>\u201cArt\u0131k sadece tan\u0131tman\u0131n de\u011fil, tan\u0131nman\u0131n da g\u00fcndeme geldi\u011fi b\u00f6ylesi \u00f6zel bir d\u00f6nemde, K\u0131br\u0131sl\u0131 T\u00fcrklerin sesini t\u00fcm d\u00fcnyaya daha g\u00fc\u00e7l\u00fc \u015fekilde duyurmak zorunday\u0131z. Bu s\u00fcre\u00e7te, her zaman, her konuda ve her yerde oldu\u011fu gibi, anavatan T\u00fcrkiye\u2019nin kamu yay\u0131nc\u0131s\u0131 TRT, Londra\u2019da da bizlere kucak a\u00e7m\u0131\u015f ve kap\u0131lar\u0131n\u0131 sonuna kadar aralam\u0131\u015ft\u0131r. Bu g\u00fc\u00e7l\u00fc dayan\u0131\u015fma i\u00e7in bir kez daha te\u015fekk\u00fcr ediyorum. Umuyorum ki BRT ve TRT aras\u0131ndaki i\u015f birlikleri daha da g\u00fc\u00e7lenecek; K\u0131br\u0131s T\u00fcrk\u00fc\u2019n\u00fcn hakl\u0131 m\u00fccadelesi ve sesi d\u00fcnyan\u0131n d\u00f6rt bir yan\u0131nda daha g\u00fcr bir \u015fekilde yank\u0131lanacakt\u0131r.\u201d<\/p>\n<\/p><\/div>\n<p><script async\n                    defer\n                    crossorigin=\"anonymous\"\n                    src=\"https:\/\/connect.facebook.net\/tr_TR\/sdk.js#xfbml=1&#038;version=v3.3\"\n            ><\/script><br \/>\n<br \/><br \/>\n<br \/><a href=\"[kibrisdakik.com]\n<\/p>\n","protected":false},"excerpt":{"rendered":"<p>Bayrak Radyo Televizyon Kurumu (BRTK) Y\u00f6netim Kurulu Ba\u015fkan\u0131 \u00d6zdemir Tokel, TRT World Londra ofisine bir nezaket ziyareti ger\u00e7ekle\u015ftirdi. Ziyaret kapsam\u0131nda, Kuzey K\u0131br\u0131s T\u00fcrk Cumhuriyeti\u2019nin uluslararas\u0131 alandaki g\u00f6r\u00fcn\u00fcrl\u00fc\u011f\u00fcn\u00fcn art\u0131r\u0131lmas\u0131 ve iki kamu yay\u0131nc\u0131s\u0131 aras\u0131nda \u0130ngiltere \u00f6zelinde geli\u015ftirilebilecek i\u015f birlikleri ele al\u0131nd\u0131. TRT Londra Temsilcisi Hasan Esen, TRT Londra Muhabiri Zeynep Ery\u0131lmaz ve TRT World ekibinden T\u00fclay<\/p>\n","protected":false},"author":1,"featured_media":85662,"comment_status":"open","ping_status":"open","sticky":false,"template":"","format":"standard","meta":{"footnotes":""},"categories":[81,101],"tags":[],"class_list":["post-85661","post","type-post","status-publish","format-standard","has-post-thumbnail","hentry","category-kibris","category-manset"],"yoast_head":"<!-- This site is optimized with the Yoast SEO plugin v27.5 - https:\/\/yoast.com\/product\/yoast-seo-wordpress\/ -->\n<title>BRTK Y\u00f6netim Kurulu Ba\u015fkan\u0131 \u00d6zdemir Tokel\u2019den TRT World Londra Ofisi\u2019ne ziyaret -<\/title>\n<meta name=\"robots\" content=\"index, follow, max-snippet:-1, max-image-preview:large, max-video-preview:-1\" \/>\n<link rel=\"canonical\" href=\"https:\/\/kibrisdakik.com\/?p=85661\" \/>\n<meta property=\"og:locale\" content=\"tr_TR\" \/>\n<meta property=\"og:type\" content=\"article\" \/>\n<meta property=\"og:title\" content=\"BRTK Y\u00f6netim Kurulu Ba\u015fkan\u0131 \u00d6zdemir Tokel\u2019den TRT World Londra Ofisi\u2019ne ziyaret -\" \/>\n<meta property=\"og:description\" content=\"Bayrak Radyo Televizyon Kurumu (BRTK) Y\u00f6netim Kurulu Ba\u015fkan\u0131 \u00d6zdemir Tokel, TRT World Londra ofisine bir nezaket ziyareti ger\u00e7ekle\u015ftirdi. Ziyaret kapsam\u0131nda, Kuzey K\u0131br\u0131s T\u00fcrk Cumhuriyeti\u2019nin uluslararas\u0131 alandaki g\u00f6r\u00fcn\u00fcrl\u00fc\u011f\u00fcn\u00fcn art\u0131r\u0131lmas\u0131 ve iki kamu yay\u0131nc\u0131s\u0131 aras\u0131nda \u0130ngiltere \u00f6zelinde geli\u015ftirilebilecek i\u015f birlikleri ele al\u0131nd\u0131. TRT Londra Temsilcisi Hasan Esen, TRT Londra Muhabiri Zeynep Ery\u0131lmaz ve TRT World ekibinden T\u00fclay\" \/>\n<meta property=\"og:url\" content=\"https:\/\/kibrisdakik.com\/?p=85661\" \/>\n<meta property=\"article:published_time\" content=\"2025-06-30T16:36:01+00:00\" \/>\n<meta property=\"og:image\" content=\"https:\/\/kibrisdakik.com\/wp-content\/uploads\/2025\/06\/InShot_20250630_182655420-scaled-740x420.jpg\" \/>\n\t<meta property=\"og:image:width\" content=\"2560\" \/>\n\t<meta property=\"og:image:height\" content=\"1439\" \/>\n\t<meta property=\"og:image:type\" content=\"image\/jpeg\" \/>\n<meta name=\"author\" content=\"admin\" \/>\n<meta name=\"twitter:card\" content=\"summary_large_image\" \/>\n<meta name=\"twitter:label1\" content=\"Yazan:\" \/>\n\t<meta name=\"twitter:data1\" content=\"admin\" \/>\n\t<meta name=\"twitter:label2\" content=\"Tahmini okuma s\u00fcresi\" \/>\n\t<meta name=\"twitter:data2\" content=\"3 dakika\" \/>\n<script type=\"application\/ld+json\" class=\"yoast-schema-graph\">{\"@context\":\"https:\\\/\\\/schema.org\",\"@graph\":[{\"@type\":\"Article\",\"@id\":\"https:\\\/\\\/kibrisdakik.com\\\/?p=85661#article\",\"isPartOf\":{\"@id\":\"https:\\\/\\\/kibrisdakik.com\\\/?p=85661\"},\"author\":{\"name\":\"admin\",\"@id\":\"https:\\\/\\\/kibrisdakik.com\\\/#\\\/schema\\\/person\\\/9cd9d437bbb44f72b73ba127e06d8e79\"},\"headline\":\"BRTK Y\u00f6netim Kurulu Ba\u015fkan\u0131 \u00d6zdemir Tokel\u2019den TRT World Londra Ofisi\u2019ne ziyaret\",\"datePublished\":\"2025-06-30T16:36:01+00:00\",\"mainEntityOfPage\":{\"@id\":\"https:\\\/\\\/kibrisdakik.com\\\/?p=85661\"},\"wordCount\":563,\"commentCount\":0,\"image\":{\"@id\":\"https:\\\/\\\/kibrisdakik.com\\\/?p=85661#primaryimage\"},\"thumbnailUrl\":\"https:\\\/\\\/kibrisdakik.com\\\/wp-content\\\/uploads\\\/2025\\\/06\\\/InShot_20250630_182655420-scaled-740x420.jpg\",\"articleSection\":[\"K\u0131br\u0131s\",\"Man\u015fet\"],\"inLanguage\":\"tr\",\"potentialAction\":[{\"@type\":\"CommentAction\",\"name\":\"Comment\",\"target\":[\"https:\\\/\\\/kibrisdakik.com\\\/?p=85661#respond\"]}]},{\"@type\":\"WebPage\",\"@id\":\"https:\\\/\\\/kibrisdakik.com\\\/?p=85661\",\"url\":\"https:\\\/\\\/kibrisdakik.com\\\/?p=85661\",\"name\":\"BRTK Y\u00f6netim Kurulu Ba\u015fkan\u0131 \u00d6zdemir Tokel\u2019den TRT World Londra Ofisi\u2019ne ziyaret -\",\"isPartOf\":{\"@id\":\"https:\\\/\\\/kibrisdakik.com\\\/#website\"},\"primaryImageOfPage\":{\"@id\":\"https:\\\/\\\/kibrisdakik.com\\\/?p=85661#primaryimage\"},\"image\":{\"@id\":\"https:\\\/\\\/kibrisdakik.com\\\/?p=85661#primaryimage\"},\"thumbnailUrl\":\"https:\\\/\\\/kibrisdakik.com\\\/wp-content\\\/uploads\\\/2025\\\/06\\\/InShot_20250630_182655420-scaled-740x420.jpg\",\"datePublished\":\"2025-06-30T16:36:01+00:00\",\"author\":{\"@id\":\"https:\\\/\\\/kibrisdakik.com\\\/#\\\/schema\\\/person\\\/9cd9d437bbb44f72b73ba127e06d8e79\"},\"breadcrumb\":{\"@id\":\"https:\\\/\\\/kibrisdakik.com\\\/?p=85661#breadcrumb\"},\"inLanguage\":\"tr\",\"potentialAction\":[{\"@type\":\"ReadAction\",\"target\":[\"https:\\\/\\\/kibrisdakik.com\\\/?p=85661\"]}]},{\"@type\":\"ImageObject\",\"inLanguage\":\"tr\",\"@id\":\"https:\\\/\\\/kibrisdakik.com\\\/?p=85661#primaryimage\",\"url\":\"https:\\\/\\\/kibrisdakik.com\\\/wp-content\\\/uploads\\\/2025\\\/06\\\/InShot_20250630_182655420-scaled-740x420.jpg\",\"contentUrl\":\"https:\\\/\\\/kibrisdakik.com\\\/wp-content\\\/uploads\\\/2025\\\/06\\\/InShot_20250630_182655420-scaled-740x420.jpg\",\"width\":2560,\"height\":1439},{\"@type\":\"BreadcrumbList\",\"@id\":\"https:\\\/\\\/kibrisdakik.com\\\/?p=85661#breadcrumb\",\"itemListElement\":[{\"@type\":\"ListItem\",\"position\":1,\"name\":\"Home\",\"item\":\"https:\\\/\\\/kibrisdakik.com\\\/\"},{\"@type\":\"ListItem\",\"position\":2,\"name\":\"BRTK Y\u00f6netim Kurulu Ba\u015fkan\u0131 \u00d6zdemir Tokel\u2019den TRT World Londra Ofisi\u2019ne ziyaret\"}]},{\"@type\":\"WebSite\",\"@id\":\"https:\\\/\\\/kibrisdakik.com\\\/#website\",\"url\":\"https:\\\/\\\/kibrisdakik.com\\\/\",\"name\":\"\",\"description\":\"Tam vaktinde haber\",\"potentialAction\":[{\"@type\":\"SearchAction\",\"target\":{\"@type\":\"EntryPoint\",\"urlTemplate\":\"https:\\\/\\\/kibrisdakik.com\\\/?s={search_term_string}\"},\"query-input\":{\"@type\":\"PropertyValueSpecification\",\"valueRequired\":true,\"valueName\":\"search_term_string\"}}],\"inLanguage\":\"tr\"},{\"@type\":\"Person\",\"@id\":\"https:\\\/\\\/kibrisdakik.com\\\/#\\\/schema\\\/person\\\/9cd9d437bbb44f72b73ba127e06d8e79\",\"name\":\"admin\",\"image\":{\"@type\":\"ImageObject\",\"inLanguage\":\"tr\",\"@id\":\"https:\\\/\\\/secure.gravatar.com\\\/avatar\\\/ccc17943b9d660506c869530f897617f7cb1c21a4bf30023f252596d83e1f007?s=96&d=mm&r=g\",\"url\":\"https:\\\/\\\/secure.gravatar.com\\\/avatar\\\/ccc17943b9d660506c869530f897617f7cb1c21a4bf30023f252596d83e1f007?s=96&d=mm&r=g\",\"contentUrl\":\"https:\\\/\\\/secure.gravatar.com\\\/avatar\\\/ccc17943b9d660506c869530f897617f7cb1c21a4bf30023f252596d83e1f007?s=96&d=mm&r=g\",\"caption\":\"admin\"},\"sameAs\":[\"https:\\\/\\\/kibrisdakik.com\"],\"url\":\"https:\\\/\\\/kibrisdakik.com\\\/?author=1\"}]}<\/script>\n<!-- \/ Yoast SEO plugin. -->","yoast_head_json":{"title":"BRTK Y\u00f6netim Kurulu Ba\u015fkan\u0131 \u00d6zdemir Tokel\u2019den TRT World Londra Ofisi\u2019ne ziyaret -","robots":{"index":"index","follow":"follow","max-snippet":"max-snippet:-1","max-image-preview":"max-image-preview:large","max-video-preview":"max-video-preview:-1"},"canonical":"https:\/\/kibrisdakik.com\/?p=85661","og_locale":"tr_TR","og_type":"article","og_title":"BRTK Y\u00f6netim Kurulu Ba\u015fkan\u0131 \u00d6zdemir Tokel\u2019den TRT World Londra Ofisi\u2019ne ziyaret -","og_description":"Bayrak Radyo Televizyon Kurumu (BRTK) Y\u00f6netim Kurulu Ba\u015fkan\u0131 \u00d6zdemir Tokel, TRT World Londra ofisine bir nezaket ziyareti ger\u00e7ekle\u015ftirdi. Ziyaret kapsam\u0131nda, Kuzey K\u0131br\u0131s T\u00fcrk Cumhuriyeti\u2019nin uluslararas\u0131 alandaki g\u00f6r\u00fcn\u00fcrl\u00fc\u011f\u00fcn\u00fcn art\u0131r\u0131lmas\u0131 ve iki kamu yay\u0131nc\u0131s\u0131 aras\u0131nda \u0130ngiltere \u00f6zelinde geli\u015ftirilebilecek i\u015f birlikleri ele al\u0131nd\u0131. TRT Londra Temsilcisi Hasan Esen, TRT Londra Muhabiri Zeynep Ery\u0131lmaz ve TRT World ekibinden T\u00fclay","og_url":"https:\/\/kibrisdakik.com\/?p=85661","article_published_time":"2025-06-30T16:36:01+00:00","og_image":[{"width":2560,"height":1439,"url":"https:\/\/kibrisdakik.com\/wp-content\/uploads\/2025\/06\/InShot_20250630_182655420-scaled-740x420.jpg","type":"image\/jpeg"}],"author":"admin","twitter_card":"summary_large_image","twitter_misc":{"Yazan:":"admin","Tahmini okuma s\u00fcresi":"3 dakika"},"schema":{"@context":"https:\/\/schema.org","@graph":[{"@type":"Article","@id":"https:\/\/kibrisdakik.com\/?p=85661#article","isPartOf":{"@id":"https:\/\/kibrisdakik.com\/?p=85661"},"author":{"name":"admin","@id":"https:\/\/kibrisdakik.com\/#\/schema\/person\/9cd9d437bbb44f72b73ba127e06d8e79"},"headline":"BRTK Y\u00f6netim Kurulu Ba\u015fkan\u0131 \u00d6zdemir Tokel\u2019den TRT World Londra Ofisi\u2019ne ziyaret","datePublished":"2025-06-30T16:36:01+00:00","mainEntityOfPage":{"@id":"https:\/\/kibrisdakik.com\/?p=85661"},"wordCount":563,"commentCount":0,"image":{"@id":"https:\/\/kibrisdakik.com\/?p=85661#primaryimage"},"thumbnailUrl":"https:\/\/kibrisdakik.com\/wp-content\/uploads\/2025\/06\/InShot_20250630_182655420-scaled-740x420.jpg","articleSection":["K\u0131br\u0131s","Man\u015fet"],"inLanguage":"tr","potentialAction":[{"@type":"CommentAction","name":"Comment","target":["https:\/\/kibrisdakik.com\/?p=85661#respond"]}]},{"@type":"WebPage","@id":"https:\/\/kibrisdakik.com\/?p=85661","url":"https:\/\/kibrisdakik.com\/?p=85661","name":"BRTK Y\u00f6netim Kurulu Ba\u015fkan\u0131 \u00d6zdemir Tokel\u2019den TRT World Londra Ofisi\u2019ne ziyaret -","isPartOf":{"@id":"https:\/\/kibrisdakik.com\/#website"},"primaryImageOfPage":{"@id":"https:\/\/kibrisdakik.com\/?p=85661#primaryimage"},"image":{"@id":"https:\/\/kibrisdakik.com\/?p=85661#primaryimage"},"thumbnailUrl":"https:\/\/kibrisdakik.com\/wp-content\/uploads\/2025\/06\/InShot_20250630_182655420-scaled-740x420.jpg","datePublished":"2025-06-30T16:36:01+00:00","author":{"@id":"https:\/\/kibrisdakik.com\/#\/schema\/person\/9cd9d437bbb44f72b73ba127e06d8e79"},"breadcrumb":{"@id":"https:\/\/kibrisdakik.com\/?p=85661#breadcrumb"},"inLanguage":"tr","potentialAction":[{"@type":"ReadAction","target":["https:\/\/kibrisdakik.com\/?p=85661"]}]},{"@type":"ImageObject","inLanguage":"tr","@id":"https:\/\/kibrisdakik.com\/?p=85661#primaryimage","url":"https:\/\/kibrisdakik.com\/wp-content\/uploads\/2025\/06\/InShot_20250630_182655420-scaled-740x420.jpg","contentUrl":"https:\/\/kibrisdakik.com\/wp-content\/uploads\/2025\/06\/InShot_20250630_182655420-scaled-740x420.jpg","width":2560,"height":1439},{"@type":"BreadcrumbList","@id":"https:\/\/kibrisdakik.com\/?p=85661#breadcrumb","itemListElement":[{"@type":"ListItem","position":1,"name":"Home","item":"https:\/\/kibrisdakik.com\/"},{"@type":"ListItem","position":2,"name":"BRTK Y\u00f6netim Kurulu Ba\u015fkan\u0131 \u00d6zdemir Tokel\u2019den TRT World Londra Ofisi\u2019ne ziyaret"}]},{"@type":"WebSite","@id":"https:\/\/kibrisdakik.com\/#website","url":"https:\/\/kibrisdakik.com\/","name":"","description":"Tam vaktinde haber","potentialAction":[{"@type":"SearchAction","target":{"@type":"EntryPoint","urlTemplate":"https:\/\/kibrisdakik.com\/?s={search_term_string}"},"query-input":{"@type":"PropertyValueSpecification","valueRequired":true,"valueName":"search_term_string"}}],"inLanguage":"tr"},{"@type":"Person","@id":"https:\/\/kibrisdakik.com\/#\/schema\/person\/9cd9d437bbb44f72b73ba127e06d8e79","name":"admin","image":{"@type":"ImageObject","inLanguage":"tr","@id":"https:\/\/secure.gravatar.com\/avatar\/ccc17943b9d660506c869530f897617f7cb1c21a4bf30023f252596d83e1f007?s=96&d=mm&r=g","url":"https:\/\/secure.gravatar.com\/avatar\/ccc17943b9d660506c869530f897617f7cb1c21a4bf30023f252596d83e1f007?s=96&d=mm&r=g","contentUrl":"https:\/\/secure.gravatar.com\/avatar\/ccc17943b9d660506c869530f897617f7cb1c21a4bf30023f252596d83e1f007?s=96&d=mm&r=g","caption":"admin"},"sameAs":["https:\/\/kibrisdakik.com"],"url":"https:\/\/kibrisdakik.com\/?author=1"}]}},"_links":{"self":[{"href":"https:\/\/kibrisdakik.com\/index.php?rest_route=\/wp\/v2\/posts\/85661","targetHints":{"allow":["GET"]}}],"collection":[{"href":"https:\/\/kibrisdakik.com\/index.php?rest_route=\/wp\/v2\/posts"}],"about":[{"href":"https:\/\/kibrisdakik.com\/index.php?rest_route=\/wp\/v2\/types\/post"}],"author":[{"embeddable":true,"href":"https:\/\/kibrisdakik.com\/index.php?rest_route=\/wp\/v2\/users\/1"}],"replies":[{"embeddable":true,"href":"https:\/\/kibrisdakik.com\/index.php?rest_route=%2Fwp%2Fv2%2Fcomments&post=85661"}],"version-history":[{"count":0,"href":"https:\/\/kibrisdakik.com\/index.php?rest_route=\/wp\/v2\/posts\/85661\/revisions"}],"wp:featuredmedia":[{"embeddable":true,"href":"https:\/\/kibrisdakik.com\/index.php?rest_route=\/wp\/v2\/media\/85662"}],"wp:attachment":[{"href":"https:\/\/kibrisdakik.com\/index.php?rest_route=%2Fwp%2Fv2%2Fmedia&parent=85661"}],"wp:term":[{"taxonomy":"category","embeddable":true,"href":"https:\/\/kibrisdakik.com\/index.php?rest_route=%2Fwp%2Fv2%2Fcategories&post=85661"},{"taxonomy":"post_tag","embeddable":true,"href":"https:\/\/kibrisdakik.com\/index.php?rest_route=%2Fwp%2Fv2%2Ftags&post=85661"}],"curies":[{"name":"wp","href":"https:\/\/api.w.org\/{rel}","templated":true}]}}