{"id":85707,"date":"2025-07-02T03:07:15","date_gmt":"2025-07-02T00:07:15","guid":{"rendered":"https:\/\/kibrisdakik.com\/index.php\/2025\/07\/02\/ab-magusa-atik-su-aritma-tesisinin-altyapisini-finanse-ediyor\/"},"modified":"2025-07-02T03:07:15","modified_gmt":"2025-07-02T00:07:15","slug":"ab-magusa-atik-su-aritma-tesisinin-altyapisini-finanse-ediyor","status":"publish","type":"post","link":"https:\/\/kibrisdakik.com\/?p=85707","title":{"rendered":"AB Ma\u011fusa At\u0131k Su Ar\u0131tma Tesisi\u2019nin altyap\u0131s\u0131n\u0131 finanse ediyor"},"content":{"rendered":"<p> <br \/>\n<\/p>\n<div>\n<div class=\"mariselle-image-container center\">\n                                            <\/div>\n<p>Avrupa Birli\u011fi (AB), K\u0131br\u0131s T\u00fcrk toplumuna y\u00f6nelik AB Mali Yard\u0131m Program\u0131 kapsam\u0131nda Ma\u011fusa At\u0131k Su Ar\u0131tma Tesisinin modernizasyonunu finanse ediyor.<\/p>\n<p>Birle\u015fmi\u015f Milletler Kalk\u0131nma Program\u0131 (UNDP) taraf\u0131ndan yap\u0131lan a\u00e7\u0131klamaya g\u00f6re, UNDP taraf\u0131ndan Yerel Altyap\u0131 Hizmetleri arac\u0131l\u0131\u011f\u0131yla y\u00fcr\u00fct\u00fclen s\u00f6z konusu projeye 832 bin Euro yat\u0131r\u0131m sa\u011fland\u0131.<\/p>\n<p>Projenin, tesisin tam kapasiteyle \u00e7al\u0131\u015fmas\u0131n\u0131 yeniden sa\u011flayarak, yerel topluma sunulan temel hizmetlerin g\u00fc\u00e7lendirilmesini hedefledi\u011fi bildirildi. <\/p>\n<p>A\u00e7\u0131klamada, \u201c2013 y\u0131l\u0131nda AB\u2019nin mali deste\u011fiyle in\u015fa edilen Ma\u011fusa At\u0131k Su Ar\u0131tma Tesisi b\u00f6lgenin sanitasyon sisteminde \u00f6nemli bir rol oynamaktad\u0131r. Yenileme \u00e7al\u0131\u015fmalar\u0131 kapsam\u0131nda, ar\u0131tma bile\u015fenleri modernize edilecek ve kritik \u00f6neme sahip ekipmanlar yenilenecek. B\u00f6ylece at\u0131k su hizmetlerinin g\u00fcvenilirli\u011fi art\u0131r\u0131larak \u00e7evre koruma ve halk sa\u011fl\u0131\u011f\u0131na \u00f6nemli katk\u0131 sa\u011flanacakt\u0131r.\u201d denildi.<\/p>\n<p><em>-Ekipmanlar\u0131n kurulumuna Kas\u0131m ay\u0131nda ba\u015flanacak  <\/em><\/p>\n<p>A\u00e7\u0131klamada, projeye ili\u015fkin imza t\u00f6reninin bug\u00fcn Gazima\u011fusa\u2019da yap\u0131ld\u0131\u011f\u0131 bildirildi. <\/p>\n<p>T\u00f6renin, AB, UNDP ve yerel payda\u015flar aras\u0131ndaki i\u015f birli\u011fini yans\u0131tt\u0131\u011f\u0131 belirtilen a\u00e7\u0131klamada, \u201cEkipmanlar\u0131n kurulumuna Kas\u0131m 2025\u2019te ba\u015flanmas\u0131 ve Mart 2026\u2019ya kadar tamamlanmas\u0131 bekleniyor\u201d ifadesi kullan\u0131ld\u0131.<\/p>\n<\/p><\/div>\n<p><script async\n                    defer\n                    crossorigin=\"anonymous\"\n                    src=\"https:\/\/connect.facebook.net\/tr_TR\/sdk.js#xfbml=1&#038;version=v3.3\"\n            ><\/script><br \/>\n<br \/><br \/>\n<br \/><a href=\"[kibrisdakik.com]\n<\/p>\n","protected":false},"excerpt":{"rendered":"<p>Avrupa Birli\u011fi (AB), K\u0131br\u0131s T\u00fcrk toplumuna y\u00f6nelik AB Mali Yard\u0131m Program\u0131 kapsam\u0131nda Ma\u011fusa At\u0131k Su Ar\u0131tma Tesisinin modernizasyonunu finanse ediyor. Birle\u015fmi\u015f Milletler Kalk\u0131nma Program\u0131 (UNDP) taraf\u0131ndan yap\u0131lan a\u00e7\u0131klamaya g\u00f6re, UNDP taraf\u0131ndan Yerel Altyap\u0131 Hizmetleri arac\u0131l\u0131\u011f\u0131yla y\u00fcr\u00fct\u00fclen s\u00f6z konusu projeye 832 bin Euro yat\u0131r\u0131m sa\u011fland\u0131. Projenin, tesisin tam kapasiteyle \u00e7al\u0131\u015fmas\u0131n\u0131 yeniden sa\u011flayarak, yerel topluma sunulan temel<\/p>\n","protected":false},"author":1,"featured_media":85708,"comment_status":"open","ping_status":"open","sticky":false,"template":"","format":"standard","meta":{"footnotes":""},"categories":[81,101],"tags":[],"class_list":["post-85707","post","type-post","status-publish","format-standard","has-post-thumbnail","hentry","category-kibris","category-manset"],"yoast_head":"<!-- This site is optimized with the Yoast SEO plugin v27.4 - https:\/\/yoast.com\/product\/yoast-seo-wordpress\/ -->\n<title>AB Ma\u011fusa At\u0131k Su Ar\u0131tma Tesisi\u2019nin altyap\u0131s\u0131n\u0131 finanse ediyor -<\/title>\n<meta name=\"robots\" content=\"index, follow, max-snippet:-1, max-image-preview:large, max-video-preview:-1\" \/>\n<link rel=\"canonical\" href=\"https:\/\/kibrisdakik.com\/?p=85707\" \/>\n<meta property=\"og:locale\" content=\"tr_TR\" \/>\n<meta property=\"og:type\" content=\"article\" \/>\n<meta property=\"og:title\" content=\"AB Ma\u011fusa At\u0131k Su Ar\u0131tma Tesisi\u2019nin altyap\u0131s\u0131n\u0131 finanse ediyor -\" \/>\n<meta property=\"og:description\" content=\"Avrupa Birli\u011fi (AB), K\u0131br\u0131s T\u00fcrk toplumuna y\u00f6nelik AB Mali Yard\u0131m Program\u0131 kapsam\u0131nda Ma\u011fusa At\u0131k Su Ar\u0131tma Tesisinin modernizasyonunu finanse ediyor. Birle\u015fmi\u015f Milletler Kalk\u0131nma Program\u0131 (UNDP) taraf\u0131ndan yap\u0131lan a\u00e7\u0131klamaya g\u00f6re, UNDP taraf\u0131ndan Yerel Altyap\u0131 Hizmetleri arac\u0131l\u0131\u011f\u0131yla y\u00fcr\u00fct\u00fclen s\u00f6z konusu projeye 832 bin Euro yat\u0131r\u0131m sa\u011fland\u0131. Projenin, tesisin tam kapasiteyle \u00e7al\u0131\u015fmas\u0131n\u0131 yeniden sa\u011flayarak, yerel topluma sunulan temel\" \/>\n<meta property=\"og:url\" content=\"https:\/\/kibrisdakik.com\/?p=85707\" \/>\n<meta property=\"article:published_time\" content=\"2025-07-02T00:07:15+00:00\" \/>\n<meta property=\"og:image\" content=\"https:\/\/kibrisdakik.com\/wp-content\/uploads\/2025\/07\/jlkjljl-scaled-740x420.jpg\" \/>\n\t<meta property=\"og:image:width\" content=\"2560\" \/>\n\t<meta property=\"og:image:height\" content=\"1707\" \/>\n\t<meta property=\"og:image:type\" content=\"image\/jpeg\" \/>\n<meta name=\"author\" content=\"admin\" \/>\n<meta name=\"twitter:card\" content=\"summary_large_image\" \/>\n<meta name=\"twitter:label1\" content=\"Yazan:\" \/>\n\t<meta name=\"twitter:data1\" content=\"admin\" \/>\n\t<meta name=\"twitter:label2\" content=\"Tahmini okuma s\u00fcresi\" \/>\n\t<meta name=\"twitter:data2\" content=\"1 dakika\" \/>\n<script type=\"application\/ld+json\" class=\"yoast-schema-graph\">{\"@context\":\"https:\\\/\\\/schema.org\",\"@graph\":[{\"@type\":\"Article\",\"@id\":\"https:\\\/\\\/kibrisdakik.com\\\/?p=85707#article\",\"isPartOf\":{\"@id\":\"https:\\\/\\\/kibrisdakik.com\\\/?p=85707\"},\"author\":{\"name\":\"admin\",\"@id\":\"https:\\\/\\\/kibrisdakik.com\\\/#\\\/schema\\\/person\\\/9cd9d437bbb44f72b73ba127e06d8e79\"},\"headline\":\"AB Ma\u011fusa At\u0131k Su Ar\u0131tma Tesisi\u2019nin altyap\u0131s\u0131n\u0131 finanse ediyor\",\"datePublished\":\"2025-07-02T00:07:15+00:00\",\"mainEntityOfPage\":{\"@id\":\"https:\\\/\\\/kibrisdakik.com\\\/?p=85707\"},\"wordCount\":238,\"commentCount\":0,\"image\":{\"@id\":\"https:\\\/\\\/kibrisdakik.com\\\/?p=85707#primaryimage\"},\"thumbnailUrl\":\"https:\\\/\\\/kibrisdakik.com\\\/wp-content\\\/uploads\\\/2025\\\/07\\\/jlkjljl-scaled-740x420.jpg\",\"articleSection\":[\"K\u0131br\u0131s\",\"Man\u015fet\"],\"inLanguage\":\"tr\",\"potentialAction\":[{\"@type\":\"CommentAction\",\"name\":\"Comment\",\"target\":[\"https:\\\/\\\/kibrisdakik.com\\\/?p=85707#respond\"]}]},{\"@type\":\"WebPage\",\"@id\":\"https:\\\/\\\/kibrisdakik.com\\\/?p=85707\",\"url\":\"https:\\\/\\\/kibrisdakik.com\\\/?p=85707\",\"name\":\"AB Ma\u011fusa At\u0131k Su Ar\u0131tma Tesisi\u2019nin altyap\u0131s\u0131n\u0131 finanse ediyor -\",\"isPartOf\":{\"@id\":\"https:\\\/\\\/kibrisdakik.com\\\/#website\"},\"primaryImageOfPage\":{\"@id\":\"https:\\\/\\\/kibrisdakik.com\\\/?p=85707#primaryimage\"},\"image\":{\"@id\":\"https:\\\/\\\/kibrisdakik.com\\\/?p=85707#primaryimage\"},\"thumbnailUrl\":\"https:\\\/\\\/kibrisdakik.com\\\/wp-content\\\/uploads\\\/2025\\\/07\\\/jlkjljl-scaled-740x420.jpg\",\"datePublished\":\"2025-07-02T00:07:15+00:00\",\"author\":{\"@id\":\"https:\\\/\\\/kibrisdakik.com\\\/#\\\/schema\\\/person\\\/9cd9d437bbb44f72b73ba127e06d8e79\"},\"breadcrumb\":{\"@id\":\"https:\\\/\\\/kibrisdakik.com\\\/?p=85707#breadcrumb\"},\"inLanguage\":\"tr\",\"potentialAction\":[{\"@type\":\"ReadAction\",\"target\":[\"https:\\\/\\\/kibrisdakik.com\\\/?p=85707\"]}]},{\"@type\":\"ImageObject\",\"inLanguage\":\"tr\",\"@id\":\"https:\\\/\\\/kibrisdakik.com\\\/?p=85707#primaryimage\",\"url\":\"https:\\\/\\\/kibrisdakik.com\\\/wp-content\\\/uploads\\\/2025\\\/07\\\/jlkjljl-scaled-740x420.jpg\",\"contentUrl\":\"https:\\\/\\\/kibrisdakik.com\\\/wp-content\\\/uploads\\\/2025\\\/07\\\/jlkjljl-scaled-740x420.jpg\",\"width\":2560,\"height\":1707},{\"@type\":\"BreadcrumbList\",\"@id\":\"https:\\\/\\\/kibrisdakik.com\\\/?p=85707#breadcrumb\",\"itemListElement\":[{\"@type\":\"ListItem\",\"position\":1,\"name\":\"Home\",\"item\":\"https:\\\/\\\/kibrisdakik.com\\\/\"},{\"@type\":\"ListItem\",\"position\":2,\"name\":\"AB Ma\u011fusa At\u0131k Su Ar\u0131tma Tesisi\u2019nin altyap\u0131s\u0131n\u0131 finanse ediyor\"}]},{\"@type\":\"WebSite\",\"@id\":\"https:\\\/\\\/kibrisdakik.com\\\/#website\",\"url\":\"https:\\\/\\\/kibrisdakik.com\\\/\",\"name\":\"\",\"description\":\"Tam vaktinde haber\",\"potentialAction\":[{\"@type\":\"SearchAction\",\"target\":{\"@type\":\"EntryPoint\",\"urlTemplate\":\"https:\\\/\\\/kibrisdakik.com\\\/?s={search_term_string}\"},\"query-input\":{\"@type\":\"PropertyValueSpecification\",\"valueRequired\":true,\"valueName\":\"search_term_string\"}}],\"inLanguage\":\"tr\"},{\"@type\":\"Person\",\"@id\":\"https:\\\/\\\/kibrisdakik.com\\\/#\\\/schema\\\/person\\\/9cd9d437bbb44f72b73ba127e06d8e79\",\"name\":\"admin\",\"image\":{\"@type\":\"ImageObject\",\"inLanguage\":\"tr\",\"@id\":\"https:\\\/\\\/secure.gravatar.com\\\/avatar\\\/ccc17943b9d660506c869530f897617f7cb1c21a4bf30023f252596d83e1f007?s=96&d=mm&r=g\",\"url\":\"https:\\\/\\\/secure.gravatar.com\\\/avatar\\\/ccc17943b9d660506c869530f897617f7cb1c21a4bf30023f252596d83e1f007?s=96&d=mm&r=g\",\"contentUrl\":\"https:\\\/\\\/secure.gravatar.com\\\/avatar\\\/ccc17943b9d660506c869530f897617f7cb1c21a4bf30023f252596d83e1f007?s=96&d=mm&r=g\",\"caption\":\"admin\"},\"sameAs\":[\"https:\\\/\\\/kibrisdakik.com\"],\"url\":\"https:\\\/\\\/kibrisdakik.com\\\/?author=1\"}]}<\/script>\n<!-- \/ Yoast SEO plugin. -->","yoast_head_json":{"title":"AB Ma\u011fusa At\u0131k Su Ar\u0131tma Tesisi\u2019nin altyap\u0131s\u0131n\u0131 finanse ediyor -","robots":{"index":"index","follow":"follow","max-snippet":"max-snippet:-1","max-image-preview":"max-image-preview:large","max-video-preview":"max-video-preview:-1"},"canonical":"https:\/\/kibrisdakik.com\/?p=85707","og_locale":"tr_TR","og_type":"article","og_title":"AB Ma\u011fusa At\u0131k Su Ar\u0131tma Tesisi\u2019nin altyap\u0131s\u0131n\u0131 finanse ediyor -","og_description":"Avrupa Birli\u011fi (AB), K\u0131br\u0131s T\u00fcrk toplumuna y\u00f6nelik AB Mali Yard\u0131m Program\u0131 kapsam\u0131nda Ma\u011fusa At\u0131k Su Ar\u0131tma Tesisinin modernizasyonunu finanse ediyor. Birle\u015fmi\u015f Milletler Kalk\u0131nma Program\u0131 (UNDP) taraf\u0131ndan yap\u0131lan a\u00e7\u0131klamaya g\u00f6re, UNDP taraf\u0131ndan Yerel Altyap\u0131 Hizmetleri arac\u0131l\u0131\u011f\u0131yla y\u00fcr\u00fct\u00fclen s\u00f6z konusu projeye 832 bin Euro yat\u0131r\u0131m sa\u011fland\u0131. Projenin, tesisin tam kapasiteyle \u00e7al\u0131\u015fmas\u0131n\u0131 yeniden sa\u011flayarak, yerel topluma sunulan temel","og_url":"https:\/\/kibrisdakik.com\/?p=85707","article_published_time":"2025-07-02T00:07:15+00:00","og_image":[{"width":2560,"height":1707,"url":"https:\/\/kibrisdakik.com\/wp-content\/uploads\/2025\/07\/jlkjljl-scaled-740x420.jpg","type":"image\/jpeg"}],"author":"admin","twitter_card":"summary_large_image","twitter_misc":{"Yazan:":"admin","Tahmini okuma s\u00fcresi":"1 dakika"},"schema":{"@context":"https:\/\/schema.org","@graph":[{"@type":"Article","@id":"https:\/\/kibrisdakik.com\/?p=85707#article","isPartOf":{"@id":"https:\/\/kibrisdakik.com\/?p=85707"},"author":{"name":"admin","@id":"https:\/\/kibrisdakik.com\/#\/schema\/person\/9cd9d437bbb44f72b73ba127e06d8e79"},"headline":"AB Ma\u011fusa At\u0131k Su Ar\u0131tma Tesisi\u2019nin altyap\u0131s\u0131n\u0131 finanse ediyor","datePublished":"2025-07-02T00:07:15+00:00","mainEntityOfPage":{"@id":"https:\/\/kibrisdakik.com\/?p=85707"},"wordCount":238,"commentCount":0,"image":{"@id":"https:\/\/kibrisdakik.com\/?p=85707#primaryimage"},"thumbnailUrl":"https:\/\/kibrisdakik.com\/wp-content\/uploads\/2025\/07\/jlkjljl-scaled-740x420.jpg","articleSection":["K\u0131br\u0131s","Man\u015fet"],"inLanguage":"tr","potentialAction":[{"@type":"CommentAction","name":"Comment","target":["https:\/\/kibrisdakik.com\/?p=85707#respond"]}]},{"@type":"WebPage","@id":"https:\/\/kibrisdakik.com\/?p=85707","url":"https:\/\/kibrisdakik.com\/?p=85707","name":"AB Ma\u011fusa At\u0131k Su Ar\u0131tma Tesisi\u2019nin altyap\u0131s\u0131n\u0131 finanse ediyor -","isPartOf":{"@id":"https:\/\/kibrisdakik.com\/#website"},"primaryImageOfPage":{"@id":"https:\/\/kibrisdakik.com\/?p=85707#primaryimage"},"image":{"@id":"https:\/\/kibrisdakik.com\/?p=85707#primaryimage"},"thumbnailUrl":"https:\/\/kibrisdakik.com\/wp-content\/uploads\/2025\/07\/jlkjljl-scaled-740x420.jpg","datePublished":"2025-07-02T00:07:15+00:00","author":{"@id":"https:\/\/kibrisdakik.com\/#\/schema\/person\/9cd9d437bbb44f72b73ba127e06d8e79"},"breadcrumb":{"@id":"https:\/\/kibrisdakik.com\/?p=85707#breadcrumb"},"inLanguage":"tr","potentialAction":[{"@type":"ReadAction","target":["https:\/\/kibrisdakik.com\/?p=85707"]}]},{"@type":"ImageObject","inLanguage":"tr","@id":"https:\/\/kibrisdakik.com\/?p=85707#primaryimage","url":"https:\/\/kibrisdakik.com\/wp-content\/uploads\/2025\/07\/jlkjljl-scaled-740x420.jpg","contentUrl":"https:\/\/kibrisdakik.com\/wp-content\/uploads\/2025\/07\/jlkjljl-scaled-740x420.jpg","width":2560,"height":1707},{"@type":"BreadcrumbList","@id":"https:\/\/kibrisdakik.com\/?p=85707#breadcrumb","itemListElement":[{"@type":"ListItem","position":1,"name":"Home","item":"https:\/\/kibrisdakik.com\/"},{"@type":"ListItem","position":2,"name":"AB Ma\u011fusa At\u0131k Su Ar\u0131tma Tesisi\u2019nin altyap\u0131s\u0131n\u0131 finanse ediyor"}]},{"@type":"WebSite","@id":"https:\/\/kibrisdakik.com\/#website","url":"https:\/\/kibrisdakik.com\/","name":"","description":"Tam vaktinde haber","potentialAction":[{"@type":"SearchAction","target":{"@type":"EntryPoint","urlTemplate":"https:\/\/kibrisdakik.com\/?s={search_term_string}"},"query-input":{"@type":"PropertyValueSpecification","valueRequired":true,"valueName":"search_term_string"}}],"inLanguage":"tr"},{"@type":"Person","@id":"https:\/\/kibrisdakik.com\/#\/schema\/person\/9cd9d437bbb44f72b73ba127e06d8e79","name":"admin","image":{"@type":"ImageObject","inLanguage":"tr","@id":"https:\/\/secure.gravatar.com\/avatar\/ccc17943b9d660506c869530f897617f7cb1c21a4bf30023f252596d83e1f007?s=96&d=mm&r=g","url":"https:\/\/secure.gravatar.com\/avatar\/ccc17943b9d660506c869530f897617f7cb1c21a4bf30023f252596d83e1f007?s=96&d=mm&r=g","contentUrl":"https:\/\/secure.gravatar.com\/avatar\/ccc17943b9d660506c869530f897617f7cb1c21a4bf30023f252596d83e1f007?s=96&d=mm&r=g","caption":"admin"},"sameAs":["https:\/\/kibrisdakik.com"],"url":"https:\/\/kibrisdakik.com\/?author=1"}]}},"_links":{"self":[{"href":"https:\/\/kibrisdakik.com\/index.php?rest_route=\/wp\/v2\/posts\/85707","targetHints":{"allow":["GET"]}}],"collection":[{"href":"https:\/\/kibrisdakik.com\/index.php?rest_route=\/wp\/v2\/posts"}],"about":[{"href":"https:\/\/kibrisdakik.com\/index.php?rest_route=\/wp\/v2\/types\/post"}],"author":[{"embeddable":true,"href":"https:\/\/kibrisdakik.com\/index.php?rest_route=\/wp\/v2\/users\/1"}],"replies":[{"embeddable":true,"href":"https:\/\/kibrisdakik.com\/index.php?rest_route=%2Fwp%2Fv2%2Fcomments&post=85707"}],"version-history":[{"count":0,"href":"https:\/\/kibrisdakik.com\/index.php?rest_route=\/wp\/v2\/posts\/85707\/revisions"}],"wp:featuredmedia":[{"embeddable":true,"href":"https:\/\/kibrisdakik.com\/index.php?rest_route=\/wp\/v2\/media\/85708"}],"wp:attachment":[{"href":"https:\/\/kibrisdakik.com\/index.php?rest_route=%2Fwp%2Fv2%2Fmedia&parent=85707"}],"wp:term":[{"taxonomy":"category","embeddable":true,"href":"https:\/\/kibrisdakik.com\/index.php?rest_route=%2Fwp%2Fv2%2Fcategories&post=85707"},{"taxonomy":"post_tag","embeddable":true,"href":"https:\/\/kibrisdakik.com\/index.php?rest_route=%2Fwp%2Fv2%2Ftags&post=85707"}],"curies":[{"name":"wp","href":"https:\/\/api.w.org\/{rel}","templated":true}]}}