{"id":85781,"date":"2025-07-03T10:59:40","date_gmt":"2025-07-03T07:59:40","guid":{"rendered":"https:\/\/kibrisdakik.com\/?p=85781"},"modified":"2025-07-03T11:11:35","modified_gmt":"2025-07-03T08:11:35","slug":"konaklamali-kamera-aldigina-bin-pisman-oldu","status":"publish","type":"post","link":"https:\/\/kibrisdakik.com\/?p=85781","title":{"rendered":"KONAKLAMALI KAMARA ALDI\u011eINA B\u0130N P\u0130\u015eMAN OLDU."},"content":{"rendered":"<p>KONAKLAMALI KAMARA ALDI\u011eINA B\u0130N P\u0130\u015eMAN OLDU.<\/p>\n<p>\u00dclkede hava yollar\u0131n\u0131n pahal\u0131 olmas\u0131 nedeni ile deniz ula\u015f\u0131m\u0131n\u0131 tercih edenler bin pi\u015fman oluyor.<\/p>\n<p>Deniz yolculu\u011funu dinlenerek yapmak isteyen i\u015f insan\u0131 \u0130lyas Aks\u00fct bin pi\u015fman oldu.<br \/>\nHaber merkezine ula\u015fan ilyas Aks\u00fct iddias\u0131na g\u00f6re\u00a0 ge\u00e7ti\u011fim haftalarda V\u0130RA MARE isimli gemi\u00a0 ile Girne&#8217;ye gitmek istedi.<br \/>\nMersin Ta\u015fucu&#8217; dan \u00e7\u0131k\u0131\u015f yap\u0131p gemiye bindi\u011finde kameras\u0131na ge\u00e7ip direk dinlemek i\u00e7in yerle\u015fti.<br \/>\nAks\u00fct, Kameraya ge\u00e7ip yolculu\u011fu dinlenip ge\u00e7irmek i\u00e7in uzanay\u0131m dedim.<br \/>\nOdaya ge\u00e7ince a\u015f\u0131r\u0131 bir la\u011f\u0131m kokusu oldu\u011funu farkettim hemen gemi yetkililerine giderek bu kamerada yolculuk yap\u0131lamaz gelin g\u00f6r\u00fcn dedim.<br \/>\nGemi yetkilileri hakl\u0131s\u0131n\u0131z diyerek r\u00fczgardan dolay\u0131 kokunun normal oldu\u011funu s\u00f6yleyerek ge\u00e7i\u015ftirdi.<\/p>\n<p>Aks\u00fct, Bende gemi yetkililerinin vurdum duymaz tavr\u0131 kar\u015f\u0131s\u0131nda gecenin ikisinde hemen gemiden inerek yolculu\u011fumu iptal etmek zorunda kald\u0131m ve\u00a0 bar\u0131nma i\u00e7in otel\u00a0 tuttum\u00a0 oda yetmezmi\u015f\u00a0 gibi \u00e7ocu\u011fumun\u00a0 okul kayd\u0131n\u0131 bile yapt\u0131ramad\u0131m her\u015fekil de ma\u011fdur edildim.<\/p>\n<p>Aks\u00fct Sa\u011fl\u0131k Bakan\u0131 Hakan Din\u00e7y\u00fcrek&#8217;e seslenerek deniz ula\u015f\u0131m\u0131 yap\u0131lan gemilerin sa\u011fl\u0131k ko\u015fullar\u0131n\u0131n l\u00fctfen denetleyin\u00a0 g\u00f6receksiniz ki sa\u011fl\u0131ks\u0131z bir \u015fekilde yolculuk\u00a0 yap\u0131l\u0131yor.<\/p>\n","protected":false},"excerpt":{"rendered":"<p>KONAKLAMALI KAMARA ALDI\u011eINA B\u0130N P\u0130\u015eMAN OLDU. \u00dclkede hava yollar\u0131n\u0131n pahal\u0131 olmas\u0131 nedeni ile deniz ula\u015f\u0131m\u0131n\u0131 tercih edenler bin pi\u015fman oluyor. Deniz yolculu\u011funu dinlenerek yapmak isteyen i\u015f insan\u0131 \u0130lyas Aks\u00fct bin pi\u015fman oldu. Haber merkezine ula\u015fan ilyas Aks\u00fct iddias\u0131na g\u00f6re\u00a0 ge\u00e7ti\u011fim haftalarda V\u0130RA MARE isimli gemi\u00a0 ile Girne&#8217;ye gitmek istedi. Mersin Ta\u015fucu&#8217; dan \u00e7\u0131k\u0131\u015f yap\u0131p gemiye<\/p>\n","protected":false},"author":1,"featured_media":85782,"comment_status":"open","ping_status":"open","sticky":false,"template":"","format":"standard","meta":{"footnotes":""},"categories":[81,101],"tags":[277],"class_list":["post-85781","post","type-post","status-publish","format-standard","has-post-thumbnail","hentry","category-kibris","category-manset","tag-konaklamali-kamera-aldigina-bin-pisman-oldu"],"yoast_head":"<!-- This site is optimized with the Yoast SEO plugin v27.5 - https:\/\/yoast.com\/product\/yoast-seo-wordpress\/ -->\n<title>KONAKLAMALI KAMARA ALDI\u011eINA B\u0130N P\u0130\u015eMAN OLDU. -<\/title>\n<meta name=\"robots\" content=\"index, follow, max-snippet:-1, max-image-preview:large, max-video-preview:-1\" \/>\n<link rel=\"canonical\" href=\"https:\/\/kibrisdakik.com\/?p=85781\" \/>\n<meta property=\"og:locale\" content=\"tr_TR\" \/>\n<meta property=\"og:type\" content=\"article\" \/>\n<meta property=\"og:title\" content=\"KONAKLAMALI KAMARA ALDI\u011eINA B\u0130N P\u0130\u015eMAN OLDU. -\" \/>\n<meta property=\"og:description\" content=\"KONAKLAMALI KAMARA ALDI\u011eINA B\u0130N P\u0130\u015eMAN OLDU. \u00dclkede hava yollar\u0131n\u0131n pahal\u0131 olmas\u0131 nedeni ile deniz ula\u015f\u0131m\u0131n\u0131 tercih edenler bin pi\u015fman oluyor. Deniz yolculu\u011funu dinlenerek yapmak isteyen i\u015f insan\u0131 \u0130lyas Aks\u00fct bin pi\u015fman oldu. Haber merkezine ula\u015fan ilyas Aks\u00fct iddias\u0131na g\u00f6re\u00a0 ge\u00e7ti\u011fim haftalarda V\u0130RA MARE isimli gemi\u00a0 ile Girne&#8217;ye gitmek istedi. Mersin Ta\u015fucu&#8217; dan \u00e7\u0131k\u0131\u015f yap\u0131p gemiye\" \/>\n<meta property=\"og:url\" content=\"https:\/\/kibrisdakik.com\/?p=85781\" \/>\n<meta property=\"article:published_time\" content=\"2025-07-03T07:59:40+00:00\" \/>\n<meta property=\"article:modified_time\" content=\"2025-07-03T08:11:35+00:00\" \/>\n<meta property=\"og:image\" content=\"https:\/\/kibrisdakik.com\/wp-content\/uploads\/2025\/07\/IMG_20250702_093759-740x420.jpg\" \/>\n\t<meta property=\"og:image:width\" content=\"2560\" \/>\n\t<meta property=\"og:image:height\" content=\"1135\" \/>\n\t<meta property=\"og:image:type\" content=\"image\/jpeg\" \/>\n<meta name=\"author\" content=\"admin\" \/>\n<meta name=\"twitter:card\" content=\"summary_large_image\" \/>\n<meta name=\"twitter:label1\" content=\"Yazan:\" \/>\n\t<meta name=\"twitter:data1\" content=\"admin\" \/>\n\t<meta name=\"twitter:label2\" content=\"Tahmini okuma s\u00fcresi\" \/>\n\t<meta name=\"twitter:data2\" content=\"2 dakika\" \/>\n<script type=\"application\/ld+json\" class=\"yoast-schema-graph\">{\"@context\":\"https:\\\/\\\/schema.org\",\"@graph\":[{\"@type\":\"Article\",\"@id\":\"https:\\\/\\\/kibrisdakik.com\\\/?p=85781#article\",\"isPartOf\":{\"@id\":\"https:\\\/\\\/kibrisdakik.com\\\/?p=85781\"},\"author\":{\"name\":\"admin\",\"@id\":\"https:\\\/\\\/kibrisdakik.com\\\/#\\\/schema\\\/person\\\/9cd9d437bbb44f72b73ba127e06d8e79\"},\"headline\":\"KONAKLAMALI KAMARA ALDI\u011eINA B\u0130N P\u0130\u015eMAN OLDU.\",\"datePublished\":\"2025-07-03T07:59:40+00:00\",\"dateModified\":\"2025-07-03T08:11:35+00:00\",\"mainEntityOfPage\":{\"@id\":\"https:\\\/\\\/kibrisdakik.com\\\/?p=85781\"},\"wordCount\":244,\"commentCount\":0,\"image\":{\"@id\":\"https:\\\/\\\/kibrisdakik.com\\\/?p=85781#primaryimage\"},\"thumbnailUrl\":\"https:\\\/\\\/kibrisdakik.com\\\/wp-content\\\/uploads\\\/2025\\\/07\\\/IMG_20250702_093759-740x420.jpg\",\"keywords\":[\"KONAKLAMALI KAMERA ALDI\u011eINA B\u0130N P\u0130\u015eMAN OLDU\"],\"articleSection\":[\"K\u0131br\u0131s\",\"Man\u015fet\"],\"inLanguage\":\"tr\",\"potentialAction\":[{\"@type\":\"CommentAction\",\"name\":\"Comment\",\"target\":[\"https:\\\/\\\/kibrisdakik.com\\\/?p=85781#respond\"]}]},{\"@type\":\"WebPage\",\"@id\":\"https:\\\/\\\/kibrisdakik.com\\\/?p=85781\",\"url\":\"https:\\\/\\\/kibrisdakik.com\\\/?p=85781\",\"name\":\"KONAKLAMALI KAMARA ALDI\u011eINA B\u0130N P\u0130\u015eMAN OLDU. -\",\"isPartOf\":{\"@id\":\"https:\\\/\\\/kibrisdakik.com\\\/#website\"},\"primaryImageOfPage\":{\"@id\":\"https:\\\/\\\/kibrisdakik.com\\\/?p=85781#primaryimage\"},\"image\":{\"@id\":\"https:\\\/\\\/kibrisdakik.com\\\/?p=85781#primaryimage\"},\"thumbnailUrl\":\"https:\\\/\\\/kibrisdakik.com\\\/wp-content\\\/uploads\\\/2025\\\/07\\\/IMG_20250702_093759-740x420.jpg\",\"datePublished\":\"2025-07-03T07:59:40+00:00\",\"dateModified\":\"2025-07-03T08:11:35+00:00\",\"author\":{\"@id\":\"https:\\\/\\\/kibrisdakik.com\\\/#\\\/schema\\\/person\\\/9cd9d437bbb44f72b73ba127e06d8e79\"},\"breadcrumb\":{\"@id\":\"https:\\\/\\\/kibrisdakik.com\\\/?p=85781#breadcrumb\"},\"inLanguage\":\"tr\",\"potentialAction\":[{\"@type\":\"ReadAction\",\"target\":[\"https:\\\/\\\/kibrisdakik.com\\\/?p=85781\"]}]},{\"@type\":\"ImageObject\",\"inLanguage\":\"tr\",\"@id\":\"https:\\\/\\\/kibrisdakik.com\\\/?p=85781#primaryimage\",\"url\":\"https:\\\/\\\/kibrisdakik.com\\\/wp-content\\\/uploads\\\/2025\\\/07\\\/IMG_20250702_093759-740x420.jpg\",\"contentUrl\":\"https:\\\/\\\/kibrisdakik.com\\\/wp-content\\\/uploads\\\/2025\\\/07\\\/IMG_20250702_093759-740x420.jpg\",\"width\":2560,\"height\":1135,\"caption\":\"_cuva\"},{\"@type\":\"BreadcrumbList\",\"@id\":\"https:\\\/\\\/kibrisdakik.com\\\/?p=85781#breadcrumb\",\"itemListElement\":[{\"@type\":\"ListItem\",\"position\":1,\"name\":\"Home\",\"item\":\"https:\\\/\\\/kibrisdakik.com\\\/\"},{\"@type\":\"ListItem\",\"position\":2,\"name\":\"KONAKLAMALI KAMARA ALDI\u011eINA B\u0130N P\u0130\u015eMAN OLDU.\"}]},{\"@type\":\"WebSite\",\"@id\":\"https:\\\/\\\/kibrisdakik.com\\\/#website\",\"url\":\"https:\\\/\\\/kibrisdakik.com\\\/\",\"name\":\"\",\"description\":\"Tam vaktinde haber\",\"potentialAction\":[{\"@type\":\"SearchAction\",\"target\":{\"@type\":\"EntryPoint\",\"urlTemplate\":\"https:\\\/\\\/kibrisdakik.com\\\/?s={search_term_string}\"},\"query-input\":{\"@type\":\"PropertyValueSpecification\",\"valueRequired\":true,\"valueName\":\"search_term_string\"}}],\"inLanguage\":\"tr\"},{\"@type\":\"Person\",\"@id\":\"https:\\\/\\\/kibrisdakik.com\\\/#\\\/schema\\\/person\\\/9cd9d437bbb44f72b73ba127e06d8e79\",\"name\":\"admin\",\"image\":{\"@type\":\"ImageObject\",\"inLanguage\":\"tr\",\"@id\":\"https:\\\/\\\/secure.gravatar.com\\\/avatar\\\/ccc17943b9d660506c869530f897617f7cb1c21a4bf30023f252596d83e1f007?s=96&d=mm&r=g\",\"url\":\"https:\\\/\\\/secure.gravatar.com\\\/avatar\\\/ccc17943b9d660506c869530f897617f7cb1c21a4bf30023f252596d83e1f007?s=96&d=mm&r=g\",\"contentUrl\":\"https:\\\/\\\/secure.gravatar.com\\\/avatar\\\/ccc17943b9d660506c869530f897617f7cb1c21a4bf30023f252596d83e1f007?s=96&d=mm&r=g\",\"caption\":\"admin\"},\"sameAs\":[\"https:\\\/\\\/kibrisdakik.com\"],\"url\":\"https:\\\/\\\/kibrisdakik.com\\\/?author=1\"}]}<\/script>\n<!-- \/ Yoast SEO plugin. -->","yoast_head_json":{"title":"KONAKLAMALI KAMARA ALDI\u011eINA B\u0130N P\u0130\u015eMAN OLDU. -","robots":{"index":"index","follow":"follow","max-snippet":"max-snippet:-1","max-image-preview":"max-image-preview:large","max-video-preview":"max-video-preview:-1"},"canonical":"https:\/\/kibrisdakik.com\/?p=85781","og_locale":"tr_TR","og_type":"article","og_title":"KONAKLAMALI KAMARA ALDI\u011eINA B\u0130N P\u0130\u015eMAN OLDU. -","og_description":"KONAKLAMALI KAMARA ALDI\u011eINA B\u0130N P\u0130\u015eMAN OLDU. \u00dclkede hava yollar\u0131n\u0131n pahal\u0131 olmas\u0131 nedeni ile deniz ula\u015f\u0131m\u0131n\u0131 tercih edenler bin pi\u015fman oluyor. Deniz yolculu\u011funu dinlenerek yapmak isteyen i\u015f insan\u0131 \u0130lyas Aks\u00fct bin pi\u015fman oldu. Haber merkezine ula\u015fan ilyas Aks\u00fct iddias\u0131na g\u00f6re\u00a0 ge\u00e7ti\u011fim haftalarda V\u0130RA MARE isimli gemi\u00a0 ile Girne&#8217;ye gitmek istedi. Mersin Ta\u015fucu&#8217; dan \u00e7\u0131k\u0131\u015f yap\u0131p gemiye","og_url":"https:\/\/kibrisdakik.com\/?p=85781","article_published_time":"2025-07-03T07:59:40+00:00","article_modified_time":"2025-07-03T08:11:35+00:00","og_image":[{"width":2560,"height":1135,"url":"https:\/\/kibrisdakik.com\/wp-content\/uploads\/2025\/07\/IMG_20250702_093759-740x420.jpg","type":"image\/jpeg"}],"author":"admin","twitter_card":"summary_large_image","twitter_misc":{"Yazan:":"admin","Tahmini okuma s\u00fcresi":"2 dakika"},"schema":{"@context":"https:\/\/schema.org","@graph":[{"@type":"Article","@id":"https:\/\/kibrisdakik.com\/?p=85781#article","isPartOf":{"@id":"https:\/\/kibrisdakik.com\/?p=85781"},"author":{"name":"admin","@id":"https:\/\/kibrisdakik.com\/#\/schema\/person\/9cd9d437bbb44f72b73ba127e06d8e79"},"headline":"KONAKLAMALI KAMARA ALDI\u011eINA B\u0130N P\u0130\u015eMAN OLDU.","datePublished":"2025-07-03T07:59:40+00:00","dateModified":"2025-07-03T08:11:35+00:00","mainEntityOfPage":{"@id":"https:\/\/kibrisdakik.com\/?p=85781"},"wordCount":244,"commentCount":0,"image":{"@id":"https:\/\/kibrisdakik.com\/?p=85781#primaryimage"},"thumbnailUrl":"https:\/\/kibrisdakik.com\/wp-content\/uploads\/2025\/07\/IMG_20250702_093759-740x420.jpg","keywords":["KONAKLAMALI KAMERA ALDI\u011eINA B\u0130N P\u0130\u015eMAN OLDU"],"articleSection":["K\u0131br\u0131s","Man\u015fet"],"inLanguage":"tr","potentialAction":[{"@type":"CommentAction","name":"Comment","target":["https:\/\/kibrisdakik.com\/?p=85781#respond"]}]},{"@type":"WebPage","@id":"https:\/\/kibrisdakik.com\/?p=85781","url":"https:\/\/kibrisdakik.com\/?p=85781","name":"KONAKLAMALI KAMARA ALDI\u011eINA B\u0130N P\u0130\u015eMAN OLDU. -","isPartOf":{"@id":"https:\/\/kibrisdakik.com\/#website"},"primaryImageOfPage":{"@id":"https:\/\/kibrisdakik.com\/?p=85781#primaryimage"},"image":{"@id":"https:\/\/kibrisdakik.com\/?p=85781#primaryimage"},"thumbnailUrl":"https:\/\/kibrisdakik.com\/wp-content\/uploads\/2025\/07\/IMG_20250702_093759-740x420.jpg","datePublished":"2025-07-03T07:59:40+00:00","dateModified":"2025-07-03T08:11:35+00:00","author":{"@id":"https:\/\/kibrisdakik.com\/#\/schema\/person\/9cd9d437bbb44f72b73ba127e06d8e79"},"breadcrumb":{"@id":"https:\/\/kibrisdakik.com\/?p=85781#breadcrumb"},"inLanguage":"tr","potentialAction":[{"@type":"ReadAction","target":["https:\/\/kibrisdakik.com\/?p=85781"]}]},{"@type":"ImageObject","inLanguage":"tr","@id":"https:\/\/kibrisdakik.com\/?p=85781#primaryimage","url":"https:\/\/kibrisdakik.com\/wp-content\/uploads\/2025\/07\/IMG_20250702_093759-740x420.jpg","contentUrl":"https:\/\/kibrisdakik.com\/wp-content\/uploads\/2025\/07\/IMG_20250702_093759-740x420.jpg","width":2560,"height":1135,"caption":"_cuva"},{"@type":"BreadcrumbList","@id":"https:\/\/kibrisdakik.com\/?p=85781#breadcrumb","itemListElement":[{"@type":"ListItem","position":1,"name":"Home","item":"https:\/\/kibrisdakik.com\/"},{"@type":"ListItem","position":2,"name":"KONAKLAMALI KAMARA ALDI\u011eINA B\u0130N P\u0130\u015eMAN OLDU."}]},{"@type":"WebSite","@id":"https:\/\/kibrisdakik.com\/#website","url":"https:\/\/kibrisdakik.com\/","name":"","description":"Tam vaktinde haber","potentialAction":[{"@type":"SearchAction","target":{"@type":"EntryPoint","urlTemplate":"https:\/\/kibrisdakik.com\/?s={search_term_string}"},"query-input":{"@type":"PropertyValueSpecification","valueRequired":true,"valueName":"search_term_string"}}],"inLanguage":"tr"},{"@type":"Person","@id":"https:\/\/kibrisdakik.com\/#\/schema\/person\/9cd9d437bbb44f72b73ba127e06d8e79","name":"admin","image":{"@type":"ImageObject","inLanguage":"tr","@id":"https:\/\/secure.gravatar.com\/avatar\/ccc17943b9d660506c869530f897617f7cb1c21a4bf30023f252596d83e1f007?s=96&d=mm&r=g","url":"https:\/\/secure.gravatar.com\/avatar\/ccc17943b9d660506c869530f897617f7cb1c21a4bf30023f252596d83e1f007?s=96&d=mm&r=g","contentUrl":"https:\/\/secure.gravatar.com\/avatar\/ccc17943b9d660506c869530f897617f7cb1c21a4bf30023f252596d83e1f007?s=96&d=mm&r=g","caption":"admin"},"sameAs":["https:\/\/kibrisdakik.com"],"url":"https:\/\/kibrisdakik.com\/?author=1"}]}},"_links":{"self":[{"href":"https:\/\/kibrisdakik.com\/index.php?rest_route=\/wp\/v2\/posts\/85781","targetHints":{"allow":["GET"]}}],"collection":[{"href":"https:\/\/kibrisdakik.com\/index.php?rest_route=\/wp\/v2\/posts"}],"about":[{"href":"https:\/\/kibrisdakik.com\/index.php?rest_route=\/wp\/v2\/types\/post"}],"author":[{"embeddable":true,"href":"https:\/\/kibrisdakik.com\/index.php?rest_route=\/wp\/v2\/users\/1"}],"replies":[{"embeddable":true,"href":"https:\/\/kibrisdakik.com\/index.php?rest_route=%2Fwp%2Fv2%2Fcomments&post=85781"}],"version-history":[{"count":3,"href":"https:\/\/kibrisdakik.com\/index.php?rest_route=\/wp\/v2\/posts\/85781\/revisions"}],"predecessor-version":[{"id":85787,"href":"https:\/\/kibrisdakik.com\/index.php?rest_route=\/wp\/v2\/posts\/85781\/revisions\/85787"}],"wp:featuredmedia":[{"embeddable":true,"href":"https:\/\/kibrisdakik.com\/index.php?rest_route=\/wp\/v2\/media\/85782"}],"wp:attachment":[{"href":"https:\/\/kibrisdakik.com\/index.php?rest_route=%2Fwp%2Fv2%2Fmedia&parent=85781"}],"wp:term":[{"taxonomy":"category","embeddable":true,"href":"https:\/\/kibrisdakik.com\/index.php?rest_route=%2Fwp%2Fv2%2Fcategories&post=85781"},{"taxonomy":"post_tag","embeddable":true,"href":"https:\/\/kibrisdakik.com\/index.php?rest_route=%2Fwp%2Fv2%2Ftags&post=85781"}],"curies":[{"name":"wp","href":"https:\/\/api.w.org\/{rel}","templated":true}]}}