{"id":85887,"date":"2025-07-05T09:49:10","date_gmt":"2025-07-05T06:49:10","guid":{"rendered":"https:\/\/kibrisdakik.com\/index.php\/2025\/07\/05\/azerbaycan-17nci-ekonomik-isbirligi-teskilati-zirvesine-hankendide-ev-sahipligi-yapiyor\/"},"modified":"2025-07-05T09:49:10","modified_gmt":"2025-07-05T06:49:10","slug":"azerbaycan-17nci-ekonomik-isbirligi-teskilati-zirvesine-hankendide-ev-sahipligi-yapiyor","status":"publish","type":"post","link":"https:\/\/kibrisdakik.com\/?p=85887","title":{"rendered":"Azerbaycan, 17\u2019nci Ekonomik \u0130\u015fbirli\u011fi Te\u015fkilat\u0131 Zirvesi\u2019ne Hankendi\u2019de ev sahipli\u011fi yap\u0131yor"},"content":{"rendered":"<p><\/p>\n<div>\n<div class=\"mariselle-image-container center\">\n                                            <\/div>\n<p>Azerbaycan, Ekonomik \u0130\u015fbirli\u011fi Te\u015fkilat\u0131n\u0131n 17. Zirve Toplant\u0131s\u0131\u2019na Hankendi \u015fehrinde ev sahipli\u011fi yap\u0131yor\u2026<\/p>\n<p>Azerbaycan Cumhurba\u015fkan\u0131 \u0130lham Aliyev\u2019in ev sahipli\u011finde d\u00fczenlenen zirveye, Cumhurba\u015fkan\u0131 Ersin Tatar ve T\u00fcrkiye Cumhurba\u015fkan\u0131 Recep Tayyip Erdo\u011fan da kat\u0131l\u0131yor\u2026<\/p>\n<p>Zirvede ayr\u0131ca, \u00fcye \u00fclkeler \u00d6zbekistan, \u0130ran, Pakistan, Kazakistan, K\u0131rg\u0131zistan, Tacikistan, T\u00fcrkmenistan ve Pakistan\u2019dan devlet ba\u015fkanlar\u0131 ve bakanlar yer al\u0131yor\u2026<\/p>\n<div class=\"mariselle-image-container center\">\n                <img loading=\"lazy\" decoding=\"async\" width=\"2560\" height=\"1183\" class=\"lazy-image\" alt=\"\" sizes=\"auto, (max-width: 2560px) 100vw, 2560px\" src=\"https:\/\/brtk.net\/wp-content\/uploads\/2025\/07\/04\/IMG-20250704-WA0064-scaled.jpg?ver=699f24f7841d253ddf824ab59b01afcd\" srcset=\"https:\/\/brtk.net\/wp-content\/uploads\/2025\/07\/04\/IMG-20250704-WA0064-scaled.jpg?ver=699f24f7841d253ddf824ab59b01afcd 2560w, https:\/\/brtk.net\/wp-content\/uploads\/2025\/07\/04\/IMG-20250704-WA0064-300x139.jpg?ver=699f24f7841d253ddf824ab59b01afcd 300w, https:\/\/brtk.net\/wp-content\/uploads\/2025\/07\/04\/IMG-20250704-WA0064-1024x473.jpg?ver=3ab5acc7238ad111d93228e2d37f54c6 1024w, https:\/\/brtk.net\/wp-content\/uploads\/2025\/07\/04\/IMG-20250704-WA0064-768x355.jpg?ver=3ab5acc7238ad111d93228e2d37f54c6 768w, https:\/\/brtk.net\/wp-content\/uploads\/2025\/07\/04\/IMG-20250704-WA0064-1536x710.jpg?ver=666cdd809f25ebb8f867dbf86e958461 1536w, https:\/\/brtk.net\/wp-content\/uploads\/2025\/07\/04\/IMG-20250704-WA0064-2048x946.jpg?ver=babd7c3c8cbd2d544d30d3f96e98a5c5 2048w\"\/>                            <\/div>\n<p>\u00dclkeler aras\u0131ndaki ticaret, ekonomi, yat\u0131r\u0131m, ula\u015ft\u0131rma, transit ve iklim de\u011fi\u015fikli\u011fi alanlar\u0131ndaki i\u015fbirli\u011finin geli\u015ftirilmesi konular\u0131n\u0131n ele al\u0131nd\u0131\u011f\u0131 zirvede, te\u015fkilat kapsam\u0131ndaki \u00e7al\u0131\u015fmalar g\u00f6zden ge\u00e7irildi\u2026<\/p>\n<p>Liderler, zirve kapsam\u0131nda ikili g\u00f6r\u00fc\u015fmeler de ger\u00e7ekle\u015ftiriyor.<\/p>\n<p>T\u00fcrkiye, Pakistan, \u0130ran, Afganistan, Azerbaycan, \u00d6zbekistan, Kazakistan, K\u0131rg\u0131zistan, Tacikistan ve T\u00fcrkmenistan\u2019\u0131n \u00fcye, KKTC\u2019nin ise g\u00f6zlemci \u00fcye oldu\u011fu ve 1985\u2019te kurulan E\u0130T\u2019in devlet ba\u015fkanlar\u0131 zirvesi 2 y\u0131lda bir d\u00fczenleniyor\u2026.<\/p>\n<\/p><\/div>\n<p><script async\n                    defer\n                    crossorigin=\"anonymous\"\n                    src=\"https:\/\/connect.facebook.net\/tr_TR\/sdk.js#xfbml=1&#038;version=v3.3\"\n            ><\/script><\/p>\n","protected":false},"excerpt":{"rendered":"<p>Azerbaycan, Ekonomik \u0130\u015fbirli\u011fi Te\u015fkilat\u0131n\u0131n 17. Zirve Toplant\u0131s\u0131\u2019na Hankendi \u015fehrinde ev sahipli\u011fi yap\u0131yor\u2026 Azerbaycan Cumhurba\u015fkan\u0131 \u0130lham Aliyev\u2019in ev sahipli\u011finde d\u00fczenlenen zirveye, Cumhurba\u015fkan\u0131 Ersin Tatar ve T\u00fcrkiye Cumhurba\u015fkan\u0131 Recep Tayyip Erdo\u011fan da kat\u0131l\u0131yor\u2026 Zirvede ayr\u0131ca, \u00fcye \u00fclkeler \u00d6zbekistan, \u0130ran, Pakistan, Kazakistan, K\u0131rg\u0131zistan, Tacikistan, T\u00fcrkmenistan ve Pakistan\u2019dan devlet ba\u015fkanlar\u0131 ve bakanlar yer al\u0131yor\u2026 \u00dclkeler aras\u0131ndaki ticaret, ekonomi, yat\u0131r\u0131m,<\/p>\n","protected":false},"author":1,"featured_media":85888,"comment_status":"open","ping_status":"open","sticky":false,"template":"","format":"standard","meta":{"footnotes":""},"categories":[101,86],"tags":[],"class_list":["post-85887","post","type-post","status-publish","format-standard","has-post-thumbnail","hentry","category-manset","category-turkiye"],"yoast_head":"<!-- This site is optimized with the Yoast SEO plugin v27.4 - https:\/\/yoast.com\/product\/yoast-seo-wordpress\/ -->\n<title>Azerbaycan, 17\u2019nci Ekonomik \u0130\u015fbirli\u011fi Te\u015fkilat\u0131 Zirvesi\u2019ne Hankendi\u2019de ev sahipli\u011fi yap\u0131yor -<\/title>\n<meta name=\"robots\" content=\"index, follow, max-snippet:-1, max-image-preview:large, max-video-preview:-1\" \/>\n<link rel=\"canonical\" href=\"https:\/\/kibrisdakik.com\/?p=85887\" \/>\n<meta property=\"og:locale\" content=\"tr_TR\" \/>\n<meta property=\"og:type\" content=\"article\" \/>\n<meta property=\"og:title\" content=\"Azerbaycan, 17\u2019nci Ekonomik \u0130\u015fbirli\u011fi Te\u015fkilat\u0131 Zirvesi\u2019ne Hankendi\u2019de ev sahipli\u011fi yap\u0131yor -\" \/>\n<meta property=\"og:description\" content=\"Azerbaycan, Ekonomik \u0130\u015fbirli\u011fi Te\u015fkilat\u0131n\u0131n 17. Zirve Toplant\u0131s\u0131\u2019na Hankendi \u015fehrinde ev sahipli\u011fi yap\u0131yor\u2026 Azerbaycan Cumhurba\u015fkan\u0131 \u0130lham Aliyev\u2019in ev sahipli\u011finde d\u00fczenlenen zirveye, Cumhurba\u015fkan\u0131 Ersin Tatar ve T\u00fcrkiye Cumhurba\u015fkan\u0131 Recep Tayyip Erdo\u011fan da kat\u0131l\u0131yor\u2026 Zirvede ayr\u0131ca, \u00fcye \u00fclkeler \u00d6zbekistan, \u0130ran, Pakistan, Kazakistan, K\u0131rg\u0131zistan, Tacikistan, T\u00fcrkmenistan ve Pakistan\u2019dan devlet ba\u015fkanlar\u0131 ve bakanlar yer al\u0131yor\u2026 \u00dclkeler aras\u0131ndaki ticaret, ekonomi, yat\u0131r\u0131m,\" \/>\n<meta property=\"og:url\" content=\"https:\/\/kibrisdakik.com\/?p=85887\" \/>\n<meta property=\"article:published_time\" content=\"2025-07-05T06:49:10+00:00\" \/>\n<meta property=\"og:image\" content=\"https:\/\/kibrisdakik.com\/wp-content\/uploads\/2025\/07\/IMG-20250704-WA0065-740x420.jpg\" \/>\n\t<meta property=\"og:image:width\" content=\"1600\" \/>\n\t<meta property=\"og:image:height\" content=\"1066\" \/>\n\t<meta property=\"og:image:type\" content=\"image\/jpeg\" \/>\n<meta name=\"author\" content=\"admin\" \/>\n<meta name=\"twitter:card\" content=\"summary_large_image\" \/>\n<meta name=\"twitter:label1\" content=\"Yazan:\" \/>\n\t<meta name=\"twitter:data1\" content=\"admin\" \/>\n\t<meta name=\"twitter:label2\" content=\"Tahmini okuma s\u00fcresi\" \/>\n\t<meta name=\"twitter:data2\" content=\"1 dakika\" \/>\n<script type=\"application\/ld+json\" class=\"yoast-schema-graph\">{\"@context\":\"https:\\\/\\\/schema.org\",\"@graph\":[{\"@type\":\"Article\",\"@id\":\"https:\\\/\\\/kibrisdakik.com\\\/?p=85887#article\",\"isPartOf\":{\"@id\":\"https:\\\/\\\/kibrisdakik.com\\\/?p=85887\"},\"author\":{\"name\":\"admin\",\"@id\":\"https:\\\/\\\/kibrisdakik.com\\\/#\\\/schema\\\/person\\\/9cd9d437bbb44f72b73ba127e06d8e79\"},\"headline\":\"Azerbaycan, 17\u2019nci Ekonomik \u0130\u015fbirli\u011fi Te\u015fkilat\u0131 Zirvesi\u2019ne Hankendi\u2019de ev sahipli\u011fi yap\u0131yor\",\"datePublished\":\"2025-07-05T06:49:10+00:00\",\"mainEntityOfPage\":{\"@id\":\"https:\\\/\\\/kibrisdakik.com\\\/?p=85887\"},\"wordCount\":184,\"commentCount\":0,\"image\":{\"@id\":\"https:\\\/\\\/kibrisdakik.com\\\/?p=85887#primaryimage\"},\"thumbnailUrl\":\"https:\\\/\\\/kibrisdakik.com\\\/wp-content\\\/uploads\\\/2025\\\/07\\\/IMG-20250704-WA0065-740x420.jpg\",\"articleSection\":[\"Man\u015fet\",\"T\u00fcrkiye\"],\"inLanguage\":\"tr\",\"potentialAction\":[{\"@type\":\"CommentAction\",\"name\":\"Comment\",\"target\":[\"https:\\\/\\\/kibrisdakik.com\\\/?p=85887#respond\"]}]},{\"@type\":\"WebPage\",\"@id\":\"https:\\\/\\\/kibrisdakik.com\\\/?p=85887\",\"url\":\"https:\\\/\\\/kibrisdakik.com\\\/?p=85887\",\"name\":\"Azerbaycan, 17\u2019nci Ekonomik \u0130\u015fbirli\u011fi Te\u015fkilat\u0131 Zirvesi\u2019ne Hankendi\u2019de ev sahipli\u011fi yap\u0131yor -\",\"isPartOf\":{\"@id\":\"https:\\\/\\\/kibrisdakik.com\\\/#website\"},\"primaryImageOfPage\":{\"@id\":\"https:\\\/\\\/kibrisdakik.com\\\/?p=85887#primaryimage\"},\"image\":{\"@id\":\"https:\\\/\\\/kibrisdakik.com\\\/?p=85887#primaryimage\"},\"thumbnailUrl\":\"https:\\\/\\\/kibrisdakik.com\\\/wp-content\\\/uploads\\\/2025\\\/07\\\/IMG-20250704-WA0065-740x420.jpg\",\"datePublished\":\"2025-07-05T06:49:10+00:00\",\"author\":{\"@id\":\"https:\\\/\\\/kibrisdakik.com\\\/#\\\/schema\\\/person\\\/9cd9d437bbb44f72b73ba127e06d8e79\"},\"breadcrumb\":{\"@id\":\"https:\\\/\\\/kibrisdakik.com\\\/?p=85887#breadcrumb\"},\"inLanguage\":\"tr\",\"potentialAction\":[{\"@type\":\"ReadAction\",\"target\":[\"https:\\\/\\\/kibrisdakik.com\\\/?p=85887\"]}]},{\"@type\":\"ImageObject\",\"inLanguage\":\"tr\",\"@id\":\"https:\\\/\\\/kibrisdakik.com\\\/?p=85887#primaryimage\",\"url\":\"https:\\\/\\\/kibrisdakik.com\\\/wp-content\\\/uploads\\\/2025\\\/07\\\/IMG-20250704-WA0065-740x420.jpg\",\"contentUrl\":\"https:\\\/\\\/kibrisdakik.com\\\/wp-content\\\/uploads\\\/2025\\\/07\\\/IMG-20250704-WA0065-740x420.jpg\",\"width\":1600,\"height\":1066},{\"@type\":\"BreadcrumbList\",\"@id\":\"https:\\\/\\\/kibrisdakik.com\\\/?p=85887#breadcrumb\",\"itemListElement\":[{\"@type\":\"ListItem\",\"position\":1,\"name\":\"Home\",\"item\":\"https:\\\/\\\/kibrisdakik.com\\\/\"},{\"@type\":\"ListItem\",\"position\":2,\"name\":\"Azerbaycan, 17\u2019nci Ekonomik \u0130\u015fbirli\u011fi Te\u015fkilat\u0131 Zirvesi\u2019ne Hankendi\u2019de ev sahipli\u011fi yap\u0131yor\"}]},{\"@type\":\"WebSite\",\"@id\":\"https:\\\/\\\/kibrisdakik.com\\\/#website\",\"url\":\"https:\\\/\\\/kibrisdakik.com\\\/\",\"name\":\"\",\"description\":\"Tam vaktinde haber\",\"potentialAction\":[{\"@type\":\"SearchAction\",\"target\":{\"@type\":\"EntryPoint\",\"urlTemplate\":\"https:\\\/\\\/kibrisdakik.com\\\/?s={search_term_string}\"},\"query-input\":{\"@type\":\"PropertyValueSpecification\",\"valueRequired\":true,\"valueName\":\"search_term_string\"}}],\"inLanguage\":\"tr\"},{\"@type\":\"Person\",\"@id\":\"https:\\\/\\\/kibrisdakik.com\\\/#\\\/schema\\\/person\\\/9cd9d437bbb44f72b73ba127e06d8e79\",\"name\":\"admin\",\"image\":{\"@type\":\"ImageObject\",\"inLanguage\":\"tr\",\"@id\":\"https:\\\/\\\/secure.gravatar.com\\\/avatar\\\/ccc17943b9d660506c869530f897617f7cb1c21a4bf30023f252596d83e1f007?s=96&d=mm&r=g\",\"url\":\"https:\\\/\\\/secure.gravatar.com\\\/avatar\\\/ccc17943b9d660506c869530f897617f7cb1c21a4bf30023f252596d83e1f007?s=96&d=mm&r=g\",\"contentUrl\":\"https:\\\/\\\/secure.gravatar.com\\\/avatar\\\/ccc17943b9d660506c869530f897617f7cb1c21a4bf30023f252596d83e1f007?s=96&d=mm&r=g\",\"caption\":\"admin\"},\"sameAs\":[\"https:\\\/\\\/kibrisdakik.com\"],\"url\":\"https:\\\/\\\/kibrisdakik.com\\\/?author=1\"}]}<\/script>\n<!-- \/ Yoast SEO plugin. -->","yoast_head_json":{"title":"Azerbaycan, 17\u2019nci Ekonomik \u0130\u015fbirli\u011fi Te\u015fkilat\u0131 Zirvesi\u2019ne Hankendi\u2019de ev sahipli\u011fi yap\u0131yor -","robots":{"index":"index","follow":"follow","max-snippet":"max-snippet:-1","max-image-preview":"max-image-preview:large","max-video-preview":"max-video-preview:-1"},"canonical":"https:\/\/kibrisdakik.com\/?p=85887","og_locale":"tr_TR","og_type":"article","og_title":"Azerbaycan, 17\u2019nci Ekonomik \u0130\u015fbirli\u011fi Te\u015fkilat\u0131 Zirvesi\u2019ne Hankendi\u2019de ev sahipli\u011fi yap\u0131yor -","og_description":"Azerbaycan, Ekonomik \u0130\u015fbirli\u011fi Te\u015fkilat\u0131n\u0131n 17. Zirve Toplant\u0131s\u0131\u2019na Hankendi \u015fehrinde ev sahipli\u011fi yap\u0131yor\u2026 Azerbaycan Cumhurba\u015fkan\u0131 \u0130lham Aliyev\u2019in ev sahipli\u011finde d\u00fczenlenen zirveye, Cumhurba\u015fkan\u0131 Ersin Tatar ve T\u00fcrkiye Cumhurba\u015fkan\u0131 Recep Tayyip Erdo\u011fan da kat\u0131l\u0131yor\u2026 Zirvede ayr\u0131ca, \u00fcye \u00fclkeler \u00d6zbekistan, \u0130ran, Pakistan, Kazakistan, K\u0131rg\u0131zistan, Tacikistan, T\u00fcrkmenistan ve Pakistan\u2019dan devlet ba\u015fkanlar\u0131 ve bakanlar yer al\u0131yor\u2026 \u00dclkeler aras\u0131ndaki ticaret, ekonomi, yat\u0131r\u0131m,","og_url":"https:\/\/kibrisdakik.com\/?p=85887","article_published_time":"2025-07-05T06:49:10+00:00","og_image":[{"width":1600,"height":1066,"url":"https:\/\/kibrisdakik.com\/wp-content\/uploads\/2025\/07\/IMG-20250704-WA0065-740x420.jpg","type":"image\/jpeg"}],"author":"admin","twitter_card":"summary_large_image","twitter_misc":{"Yazan:":"admin","Tahmini okuma s\u00fcresi":"1 dakika"},"schema":{"@context":"https:\/\/schema.org","@graph":[{"@type":"Article","@id":"https:\/\/kibrisdakik.com\/?p=85887#article","isPartOf":{"@id":"https:\/\/kibrisdakik.com\/?p=85887"},"author":{"name":"admin","@id":"https:\/\/kibrisdakik.com\/#\/schema\/person\/9cd9d437bbb44f72b73ba127e06d8e79"},"headline":"Azerbaycan, 17\u2019nci Ekonomik \u0130\u015fbirli\u011fi Te\u015fkilat\u0131 Zirvesi\u2019ne Hankendi\u2019de ev sahipli\u011fi yap\u0131yor","datePublished":"2025-07-05T06:49:10+00:00","mainEntityOfPage":{"@id":"https:\/\/kibrisdakik.com\/?p=85887"},"wordCount":184,"commentCount":0,"image":{"@id":"https:\/\/kibrisdakik.com\/?p=85887#primaryimage"},"thumbnailUrl":"https:\/\/kibrisdakik.com\/wp-content\/uploads\/2025\/07\/IMG-20250704-WA0065-740x420.jpg","articleSection":["Man\u015fet","T\u00fcrkiye"],"inLanguage":"tr","potentialAction":[{"@type":"CommentAction","name":"Comment","target":["https:\/\/kibrisdakik.com\/?p=85887#respond"]}]},{"@type":"WebPage","@id":"https:\/\/kibrisdakik.com\/?p=85887","url":"https:\/\/kibrisdakik.com\/?p=85887","name":"Azerbaycan, 17\u2019nci Ekonomik \u0130\u015fbirli\u011fi Te\u015fkilat\u0131 Zirvesi\u2019ne Hankendi\u2019de ev sahipli\u011fi yap\u0131yor -","isPartOf":{"@id":"https:\/\/kibrisdakik.com\/#website"},"primaryImageOfPage":{"@id":"https:\/\/kibrisdakik.com\/?p=85887#primaryimage"},"image":{"@id":"https:\/\/kibrisdakik.com\/?p=85887#primaryimage"},"thumbnailUrl":"https:\/\/kibrisdakik.com\/wp-content\/uploads\/2025\/07\/IMG-20250704-WA0065-740x420.jpg","datePublished":"2025-07-05T06:49:10+00:00","author":{"@id":"https:\/\/kibrisdakik.com\/#\/schema\/person\/9cd9d437bbb44f72b73ba127e06d8e79"},"breadcrumb":{"@id":"https:\/\/kibrisdakik.com\/?p=85887#breadcrumb"},"inLanguage":"tr","potentialAction":[{"@type":"ReadAction","target":["https:\/\/kibrisdakik.com\/?p=85887"]}]},{"@type":"ImageObject","inLanguage":"tr","@id":"https:\/\/kibrisdakik.com\/?p=85887#primaryimage","url":"https:\/\/kibrisdakik.com\/wp-content\/uploads\/2025\/07\/IMG-20250704-WA0065-740x420.jpg","contentUrl":"https:\/\/kibrisdakik.com\/wp-content\/uploads\/2025\/07\/IMG-20250704-WA0065-740x420.jpg","width":1600,"height":1066},{"@type":"BreadcrumbList","@id":"https:\/\/kibrisdakik.com\/?p=85887#breadcrumb","itemListElement":[{"@type":"ListItem","position":1,"name":"Home","item":"https:\/\/kibrisdakik.com\/"},{"@type":"ListItem","position":2,"name":"Azerbaycan, 17\u2019nci Ekonomik \u0130\u015fbirli\u011fi Te\u015fkilat\u0131 Zirvesi\u2019ne Hankendi\u2019de ev sahipli\u011fi yap\u0131yor"}]},{"@type":"WebSite","@id":"https:\/\/kibrisdakik.com\/#website","url":"https:\/\/kibrisdakik.com\/","name":"","description":"Tam vaktinde haber","potentialAction":[{"@type":"SearchAction","target":{"@type":"EntryPoint","urlTemplate":"https:\/\/kibrisdakik.com\/?s={search_term_string}"},"query-input":{"@type":"PropertyValueSpecification","valueRequired":true,"valueName":"search_term_string"}}],"inLanguage":"tr"},{"@type":"Person","@id":"https:\/\/kibrisdakik.com\/#\/schema\/person\/9cd9d437bbb44f72b73ba127e06d8e79","name":"admin","image":{"@type":"ImageObject","inLanguage":"tr","@id":"https:\/\/secure.gravatar.com\/avatar\/ccc17943b9d660506c869530f897617f7cb1c21a4bf30023f252596d83e1f007?s=96&d=mm&r=g","url":"https:\/\/secure.gravatar.com\/avatar\/ccc17943b9d660506c869530f897617f7cb1c21a4bf30023f252596d83e1f007?s=96&d=mm&r=g","contentUrl":"https:\/\/secure.gravatar.com\/avatar\/ccc17943b9d660506c869530f897617f7cb1c21a4bf30023f252596d83e1f007?s=96&d=mm&r=g","caption":"admin"},"sameAs":["https:\/\/kibrisdakik.com"],"url":"https:\/\/kibrisdakik.com\/?author=1"}]}},"_links":{"self":[{"href":"https:\/\/kibrisdakik.com\/index.php?rest_route=\/wp\/v2\/posts\/85887","targetHints":{"allow":["GET"]}}],"collection":[{"href":"https:\/\/kibrisdakik.com\/index.php?rest_route=\/wp\/v2\/posts"}],"about":[{"href":"https:\/\/kibrisdakik.com\/index.php?rest_route=\/wp\/v2\/types\/post"}],"author":[{"embeddable":true,"href":"https:\/\/kibrisdakik.com\/index.php?rest_route=\/wp\/v2\/users\/1"}],"replies":[{"embeddable":true,"href":"https:\/\/kibrisdakik.com\/index.php?rest_route=%2Fwp%2Fv2%2Fcomments&post=85887"}],"version-history":[{"count":0,"href":"https:\/\/kibrisdakik.com\/index.php?rest_route=\/wp\/v2\/posts\/85887\/revisions"}],"wp:featuredmedia":[{"embeddable":true,"href":"https:\/\/kibrisdakik.com\/index.php?rest_route=\/wp\/v2\/media\/85888"}],"wp:attachment":[{"href":"https:\/\/kibrisdakik.com\/index.php?rest_route=%2Fwp%2Fv2%2Fmedia&parent=85887"}],"wp:term":[{"taxonomy":"category","embeddable":true,"href":"https:\/\/kibrisdakik.com\/index.php?rest_route=%2Fwp%2Fv2%2Fcategories&post=85887"},{"taxonomy":"post_tag","embeddable":true,"href":"https:\/\/kibrisdakik.com\/index.php?rest_route=%2Fwp%2Fv2%2Ftags&post=85887"}],"curies":[{"name":"wp","href":"https:\/\/api.w.org\/{rel}","templated":true}]}}