{"id":85903,"date":"2025-07-05T13:59:02","date_gmt":"2025-07-05T10:59:02","guid":{"rendered":"https:\/\/kibrisdakik.com\/index.php\/2025\/07\/05\/ozersay-aciklama-yapti\/"},"modified":"2025-07-05T13:59:02","modified_gmt":"2025-07-05T10:59:02","slug":"ozersay-aciklama-yapti","status":"publish","type":"post","link":"https:\/\/kibrisdakik.com\/?p=85903","title":{"rendered":"\u00d6zersay a\u00e7\u0131klama yapt\u0131"},"content":{"rendered":"<p> <br \/>\n<\/p>\n<div>\n<div class=\"mariselle-image-container center\">\n                                            <\/div>\n<p>\nHalk\u0131n Partisi Genel Ba\u015fkan\u0131 Kudret \u00d6zersay, Meclis Komitesi\u2019nden ge\u00e7en \u201cbat\u0131k kredilerle ilgili af i\u00e7eren d\u00fczenleme\u201d konusunda a\u00e7\u0131klama yapt\u0131.<\/p>\n<p>Kudret \u00d6zersay, d\u00fczenlemenin komiteden oy birli\u011fiyle ge\u00e7ti\u011fini vurgulad\u0131 ve h\u00fck\u00fcmetle muhalefete seslenerek, kamu vicdan\u0131n\u0131 zedeleyecek bu t\u00fcr d\u00fczenlemelerden geri ad\u0131m at\u0131lmas\u0131 gerekti\u011fini belirtti ve s\u00fcrecin \u015feffaf \u015fekilde y\u00fcr\u00fct\u00fclmesi \u00e7a\u011fr\u0131s\u0131nda bulundu.<\/p>\n<p>\u00d6zersay, yaz\u0131l\u0131 a\u00e7\u0131klamas\u0131nda, konuyla ilgili a\u00e7\u0131klama yapan 6 kooperatife sorular sorarak yan\u0131t verdi.<\/p>\n<p>\u00d6zersay, \u201cBat\u0131k ve yasaya ayk\u0131r\u0131 kredilere imza koyan baz\u0131 kooperatif y\u00f6neticilerine; \u2018bu af sizi de kaps\u0131yor mu kapsam\u0131yor mu\u2019 diye sorarak, bunu gizlemeye devam ederseniz o detay\u0131 da kamuoyu ile payla\u015faca\u011f\u0131z\u201d dedi.<\/p>\n<p>\u00d6zersay, baz\u0131 kooperatif y\u00f6neticilerinin ge\u00e7mi\u015fte yasa d\u0131\u015f\u0131 ve bat\u0131k kredilere imza att\u0131\u011f\u0131n\u0131 \u00f6ne s\u00fcrd\u00fc.<\/p>\n<p>6 kooperatifin ortak a\u00e7\u0131klamas\u0131na i\u015faret eden \u00d6zersay, bu a\u00e7\u0131klamay\u0131 yapan y\u00f6neticilerin bir k\u0131sm\u0131n\u0131n daha \u00f6nce Koop-S\u00fct ve Zirai Levaz\u0131m\u2019a verilen yasa d\u0131\u015f\u0131 kredilerde imzas\u0131 bulunan ki\u015filer olup olmad\u0131\u011f\u0131n\u0131 sordu. \u201cDi\u011fer kooperatif y\u00f6neticilerini tenzih ederim\u201d diyen \u00d6zersay, \u201cAma bu alt\u0131 kooperatifin y\u00f6netici konumundaki baz\u0131 ki\u015filer, bat\u0131k kredi kararlar\u0131n\u0131n alt\u0131na imza atan isimler midir?\u201d sorusunu g\u00fcndeme ta\u015f\u0131d\u0131.<\/p>\n<p>Kooperatiflerin yapt\u0131\u011f\u0131 a\u00e7\u0131klamada, \u201cGe\u00e7ici maddenin af d\u00fczenlemesi olmad\u0131\u011f\u0131 ve hukuki takibin yap\u0131labilmesi i\u00e7in konuldu\u011funun\u201d savunuldu\u011funu ifade eden \u00d6zersay, bu a\u00e7\u0131klamay\u0131 ele\u015ftirdi ve \u201cPolis soru\u015fturmas\u0131 \u015fu anda devam ediyor. Hukuki takip i\u00e7in ge\u00e7ici madde koyduk demek kadar anlams\u0131z bir a\u00e7\u0131klama olamaz\u201d dedi.<\/p>\n<p>\u00d6zersay, \u201cSon olarak komite \u00e7al\u0131\u015fmalar\u0131na teknik d\u00fczeyde katk\u0131 koyan yetkililerin, komitedeki vekillere bu d\u00fczenlemenin bir af oldu\u011funu s\u00f6yleyip s\u00f6ylemedi\u011fini\u201d de sordu.<\/p>\n<\/p><\/div>\n<p><script async\n                    defer\n                    crossorigin=\"anonymous\"\n                    src=\"https:\/\/connect.facebook.net\/tr_TR\/sdk.js#xfbml=1&#038;version=v3.3\"\n            ><\/script><br \/>\n<br \/><br \/>\n<br \/><a href=\"[kibrisdakik.com]\n<\/p>\n","protected":false},"excerpt":{"rendered":"<p>Halk\u0131n Partisi Genel Ba\u015fkan\u0131 Kudret \u00d6zersay, Meclis Komitesi\u2019nden ge\u00e7en \u201cbat\u0131k kredilerle ilgili af i\u00e7eren d\u00fczenleme\u201d konusunda a\u00e7\u0131klama yapt\u0131. Kudret \u00d6zersay, d\u00fczenlemenin komiteden oy birli\u011fiyle ge\u00e7ti\u011fini vurgulad\u0131 ve h\u00fck\u00fcmetle muhalefete seslenerek, kamu vicdan\u0131n\u0131 zedeleyecek bu t\u00fcr d\u00fczenlemelerden geri ad\u0131m at\u0131lmas\u0131 gerekti\u011fini belirtti ve s\u00fcrecin \u015feffaf \u015fekilde y\u00fcr\u00fct\u00fclmesi \u00e7a\u011fr\u0131s\u0131nda bulundu. \u00d6zersay, yaz\u0131l\u0131 a\u00e7\u0131klamas\u0131nda, konuyla ilgili a\u00e7\u0131klama yapan<\/p>\n","protected":false},"author":1,"featured_media":85904,"comment_status":"open","ping_status":"open","sticky":false,"template":"","format":"standard","meta":{"footnotes":""},"categories":[81,101],"tags":[],"class_list":["post-85903","post","type-post","status-publish","format-standard","has-post-thumbnail","hentry","category-kibris","category-manset"],"yoast_head":"<!-- This site is optimized with the Yoast SEO plugin v27.4 - https:\/\/yoast.com\/product\/yoast-seo-wordpress\/ -->\n<title>\u00d6zersay a\u00e7\u0131klama yapt\u0131 -<\/title>\n<meta name=\"robots\" content=\"index, follow, max-snippet:-1, max-image-preview:large, max-video-preview:-1\" \/>\n<link rel=\"canonical\" href=\"https:\/\/kibrisdakik.com\/?p=85903\" \/>\n<meta property=\"og:locale\" content=\"tr_TR\" \/>\n<meta property=\"og:type\" content=\"article\" \/>\n<meta property=\"og:title\" content=\"\u00d6zersay a\u00e7\u0131klama yapt\u0131 -\" \/>\n<meta property=\"og:description\" content=\"Halk\u0131n Partisi Genel Ba\u015fkan\u0131 Kudret \u00d6zersay, Meclis Komitesi\u2019nden ge\u00e7en \u201cbat\u0131k kredilerle ilgili af i\u00e7eren d\u00fczenleme\u201d konusunda a\u00e7\u0131klama yapt\u0131. Kudret \u00d6zersay, d\u00fczenlemenin komiteden oy birli\u011fiyle ge\u00e7ti\u011fini vurgulad\u0131 ve h\u00fck\u00fcmetle muhalefete seslenerek, kamu vicdan\u0131n\u0131 zedeleyecek bu t\u00fcr d\u00fczenlemelerden geri ad\u0131m at\u0131lmas\u0131 gerekti\u011fini belirtti ve s\u00fcrecin \u015feffaf \u015fekilde y\u00fcr\u00fct\u00fclmesi \u00e7a\u011fr\u0131s\u0131nda bulundu. \u00d6zersay, yaz\u0131l\u0131 a\u00e7\u0131klamas\u0131nda, konuyla ilgili a\u00e7\u0131klama yapan\" \/>\n<meta property=\"og:url\" content=\"https:\/\/kibrisdakik.com\/?p=85903\" \/>\n<meta property=\"article:published_time\" content=\"2025-07-05T10:59:02+00:00\" \/>\n<meta property=\"og:image\" content=\"https:\/\/kibrisdakik.com\/wp-content\/uploads\/2025\/07\/1751707509929ozersay-600x420.jpg\" \/>\n\t<meta property=\"og:image:width\" content=\"600\" \/>\n\t<meta property=\"og:image:height\" content=\"450\" \/>\n\t<meta property=\"og:image:type\" content=\"image\/jpeg\" \/>\n<meta name=\"author\" content=\"admin\" \/>\n<meta name=\"twitter:card\" content=\"summary_large_image\" \/>\n<meta name=\"twitter:label1\" content=\"Yazan:\" \/>\n\t<meta name=\"twitter:data1\" content=\"admin\" \/>\n\t<meta name=\"twitter:label2\" content=\"Tahmini okuma s\u00fcresi\" \/>\n\t<meta name=\"twitter:data2\" content=\"2 dakika\" \/>\n<script type=\"application\/ld+json\" class=\"yoast-schema-graph\">{\"@context\":\"https:\\\/\\\/schema.org\",\"@graph\":[{\"@type\":\"Article\",\"@id\":\"https:\\\/\\\/kibrisdakik.com\\\/?p=85903#article\",\"isPartOf\":{\"@id\":\"https:\\\/\\\/kibrisdakik.com\\\/?p=85903\"},\"author\":{\"name\":\"admin\",\"@id\":\"https:\\\/\\\/kibrisdakik.com\\\/#\\\/schema\\\/person\\\/9cd9d437bbb44f72b73ba127e06d8e79\"},\"headline\":\"\u00d6zersay a\u00e7\u0131klama yapt\u0131\",\"datePublished\":\"2025-07-05T10:59:02+00:00\",\"mainEntityOfPage\":{\"@id\":\"https:\\\/\\\/kibrisdakik.com\\\/?p=85903\"},\"wordCount\":318,\"commentCount\":0,\"image\":{\"@id\":\"https:\\\/\\\/kibrisdakik.com\\\/?p=85903#primaryimage\"},\"thumbnailUrl\":\"https:\\\/\\\/kibrisdakik.com\\\/wp-content\\\/uploads\\\/2025\\\/07\\\/1751707509929ozersay-600x420.jpg\",\"articleSection\":[\"K\u0131br\u0131s\",\"Man\u015fet\"],\"inLanguage\":\"tr\",\"potentialAction\":[{\"@type\":\"CommentAction\",\"name\":\"Comment\",\"target\":[\"https:\\\/\\\/kibrisdakik.com\\\/?p=85903#respond\"]}]},{\"@type\":\"WebPage\",\"@id\":\"https:\\\/\\\/kibrisdakik.com\\\/?p=85903\",\"url\":\"https:\\\/\\\/kibrisdakik.com\\\/?p=85903\",\"name\":\"\u00d6zersay a\u00e7\u0131klama yapt\u0131 -\",\"isPartOf\":{\"@id\":\"https:\\\/\\\/kibrisdakik.com\\\/#website\"},\"primaryImageOfPage\":{\"@id\":\"https:\\\/\\\/kibrisdakik.com\\\/?p=85903#primaryimage\"},\"image\":{\"@id\":\"https:\\\/\\\/kibrisdakik.com\\\/?p=85903#primaryimage\"},\"thumbnailUrl\":\"https:\\\/\\\/kibrisdakik.com\\\/wp-content\\\/uploads\\\/2025\\\/07\\\/1751707509929ozersay-600x420.jpg\",\"datePublished\":\"2025-07-05T10:59:02+00:00\",\"author\":{\"@id\":\"https:\\\/\\\/kibrisdakik.com\\\/#\\\/schema\\\/person\\\/9cd9d437bbb44f72b73ba127e06d8e79\"},\"breadcrumb\":{\"@id\":\"https:\\\/\\\/kibrisdakik.com\\\/?p=85903#breadcrumb\"},\"inLanguage\":\"tr\",\"potentialAction\":[{\"@type\":\"ReadAction\",\"target\":[\"https:\\\/\\\/kibrisdakik.com\\\/?p=85903\"]}]},{\"@type\":\"ImageObject\",\"inLanguage\":\"tr\",\"@id\":\"https:\\\/\\\/kibrisdakik.com\\\/?p=85903#primaryimage\",\"url\":\"https:\\\/\\\/kibrisdakik.com\\\/wp-content\\\/uploads\\\/2025\\\/07\\\/1751707509929ozersay-600x420.jpg\",\"contentUrl\":\"https:\\\/\\\/kibrisdakik.com\\\/wp-content\\\/uploads\\\/2025\\\/07\\\/1751707509929ozersay-600x420.jpg\",\"width\":600,\"height\":450},{\"@type\":\"BreadcrumbList\",\"@id\":\"https:\\\/\\\/kibrisdakik.com\\\/?p=85903#breadcrumb\",\"itemListElement\":[{\"@type\":\"ListItem\",\"position\":1,\"name\":\"Home\",\"item\":\"https:\\\/\\\/kibrisdakik.com\\\/\"},{\"@type\":\"ListItem\",\"position\":2,\"name\":\"\u00d6zersay a\u00e7\u0131klama yapt\u0131\"}]},{\"@type\":\"WebSite\",\"@id\":\"https:\\\/\\\/kibrisdakik.com\\\/#website\",\"url\":\"https:\\\/\\\/kibrisdakik.com\\\/\",\"name\":\"\",\"description\":\"Tam vaktinde haber\",\"potentialAction\":[{\"@type\":\"SearchAction\",\"target\":{\"@type\":\"EntryPoint\",\"urlTemplate\":\"https:\\\/\\\/kibrisdakik.com\\\/?s={search_term_string}\"},\"query-input\":{\"@type\":\"PropertyValueSpecification\",\"valueRequired\":true,\"valueName\":\"search_term_string\"}}],\"inLanguage\":\"tr\"},{\"@type\":\"Person\",\"@id\":\"https:\\\/\\\/kibrisdakik.com\\\/#\\\/schema\\\/person\\\/9cd9d437bbb44f72b73ba127e06d8e79\",\"name\":\"admin\",\"image\":{\"@type\":\"ImageObject\",\"inLanguage\":\"tr\",\"@id\":\"https:\\\/\\\/secure.gravatar.com\\\/avatar\\\/ccc17943b9d660506c869530f897617f7cb1c21a4bf30023f252596d83e1f007?s=96&d=mm&r=g\",\"url\":\"https:\\\/\\\/secure.gravatar.com\\\/avatar\\\/ccc17943b9d660506c869530f897617f7cb1c21a4bf30023f252596d83e1f007?s=96&d=mm&r=g\",\"contentUrl\":\"https:\\\/\\\/secure.gravatar.com\\\/avatar\\\/ccc17943b9d660506c869530f897617f7cb1c21a4bf30023f252596d83e1f007?s=96&d=mm&r=g\",\"caption\":\"admin\"},\"sameAs\":[\"https:\\\/\\\/kibrisdakik.com\"],\"url\":\"https:\\\/\\\/kibrisdakik.com\\\/?author=1\"}]}<\/script>\n<!-- \/ Yoast SEO plugin. -->","yoast_head_json":{"title":"\u00d6zersay a\u00e7\u0131klama yapt\u0131 -","robots":{"index":"index","follow":"follow","max-snippet":"max-snippet:-1","max-image-preview":"max-image-preview:large","max-video-preview":"max-video-preview:-1"},"canonical":"https:\/\/kibrisdakik.com\/?p=85903","og_locale":"tr_TR","og_type":"article","og_title":"\u00d6zersay a\u00e7\u0131klama yapt\u0131 -","og_description":"Halk\u0131n Partisi Genel Ba\u015fkan\u0131 Kudret \u00d6zersay, Meclis Komitesi\u2019nden ge\u00e7en \u201cbat\u0131k kredilerle ilgili af i\u00e7eren d\u00fczenleme\u201d konusunda a\u00e7\u0131klama yapt\u0131. Kudret \u00d6zersay, d\u00fczenlemenin komiteden oy birli\u011fiyle ge\u00e7ti\u011fini vurgulad\u0131 ve h\u00fck\u00fcmetle muhalefete seslenerek, kamu vicdan\u0131n\u0131 zedeleyecek bu t\u00fcr d\u00fczenlemelerden geri ad\u0131m at\u0131lmas\u0131 gerekti\u011fini belirtti ve s\u00fcrecin \u015feffaf \u015fekilde y\u00fcr\u00fct\u00fclmesi \u00e7a\u011fr\u0131s\u0131nda bulundu. \u00d6zersay, yaz\u0131l\u0131 a\u00e7\u0131klamas\u0131nda, konuyla ilgili a\u00e7\u0131klama yapan","og_url":"https:\/\/kibrisdakik.com\/?p=85903","article_published_time":"2025-07-05T10:59:02+00:00","og_image":[{"width":600,"height":450,"url":"https:\/\/kibrisdakik.com\/wp-content\/uploads\/2025\/07\/1751707509929ozersay-600x420.jpg","type":"image\/jpeg"}],"author":"admin","twitter_card":"summary_large_image","twitter_misc":{"Yazan:":"admin","Tahmini okuma s\u00fcresi":"2 dakika"},"schema":{"@context":"https:\/\/schema.org","@graph":[{"@type":"Article","@id":"https:\/\/kibrisdakik.com\/?p=85903#article","isPartOf":{"@id":"https:\/\/kibrisdakik.com\/?p=85903"},"author":{"name":"admin","@id":"https:\/\/kibrisdakik.com\/#\/schema\/person\/9cd9d437bbb44f72b73ba127e06d8e79"},"headline":"\u00d6zersay a\u00e7\u0131klama yapt\u0131","datePublished":"2025-07-05T10:59:02+00:00","mainEntityOfPage":{"@id":"https:\/\/kibrisdakik.com\/?p=85903"},"wordCount":318,"commentCount":0,"image":{"@id":"https:\/\/kibrisdakik.com\/?p=85903#primaryimage"},"thumbnailUrl":"https:\/\/kibrisdakik.com\/wp-content\/uploads\/2025\/07\/1751707509929ozersay-600x420.jpg","articleSection":["K\u0131br\u0131s","Man\u015fet"],"inLanguage":"tr","potentialAction":[{"@type":"CommentAction","name":"Comment","target":["https:\/\/kibrisdakik.com\/?p=85903#respond"]}]},{"@type":"WebPage","@id":"https:\/\/kibrisdakik.com\/?p=85903","url":"https:\/\/kibrisdakik.com\/?p=85903","name":"\u00d6zersay a\u00e7\u0131klama yapt\u0131 -","isPartOf":{"@id":"https:\/\/kibrisdakik.com\/#website"},"primaryImageOfPage":{"@id":"https:\/\/kibrisdakik.com\/?p=85903#primaryimage"},"image":{"@id":"https:\/\/kibrisdakik.com\/?p=85903#primaryimage"},"thumbnailUrl":"https:\/\/kibrisdakik.com\/wp-content\/uploads\/2025\/07\/1751707509929ozersay-600x420.jpg","datePublished":"2025-07-05T10:59:02+00:00","author":{"@id":"https:\/\/kibrisdakik.com\/#\/schema\/person\/9cd9d437bbb44f72b73ba127e06d8e79"},"breadcrumb":{"@id":"https:\/\/kibrisdakik.com\/?p=85903#breadcrumb"},"inLanguage":"tr","potentialAction":[{"@type":"ReadAction","target":["https:\/\/kibrisdakik.com\/?p=85903"]}]},{"@type":"ImageObject","inLanguage":"tr","@id":"https:\/\/kibrisdakik.com\/?p=85903#primaryimage","url":"https:\/\/kibrisdakik.com\/wp-content\/uploads\/2025\/07\/1751707509929ozersay-600x420.jpg","contentUrl":"https:\/\/kibrisdakik.com\/wp-content\/uploads\/2025\/07\/1751707509929ozersay-600x420.jpg","width":600,"height":450},{"@type":"BreadcrumbList","@id":"https:\/\/kibrisdakik.com\/?p=85903#breadcrumb","itemListElement":[{"@type":"ListItem","position":1,"name":"Home","item":"https:\/\/kibrisdakik.com\/"},{"@type":"ListItem","position":2,"name":"\u00d6zersay a\u00e7\u0131klama yapt\u0131"}]},{"@type":"WebSite","@id":"https:\/\/kibrisdakik.com\/#website","url":"https:\/\/kibrisdakik.com\/","name":"","description":"Tam vaktinde haber","potentialAction":[{"@type":"SearchAction","target":{"@type":"EntryPoint","urlTemplate":"https:\/\/kibrisdakik.com\/?s={search_term_string}"},"query-input":{"@type":"PropertyValueSpecification","valueRequired":true,"valueName":"search_term_string"}}],"inLanguage":"tr"},{"@type":"Person","@id":"https:\/\/kibrisdakik.com\/#\/schema\/person\/9cd9d437bbb44f72b73ba127e06d8e79","name":"admin","image":{"@type":"ImageObject","inLanguage":"tr","@id":"https:\/\/secure.gravatar.com\/avatar\/ccc17943b9d660506c869530f897617f7cb1c21a4bf30023f252596d83e1f007?s=96&d=mm&r=g","url":"https:\/\/secure.gravatar.com\/avatar\/ccc17943b9d660506c869530f897617f7cb1c21a4bf30023f252596d83e1f007?s=96&d=mm&r=g","contentUrl":"https:\/\/secure.gravatar.com\/avatar\/ccc17943b9d660506c869530f897617f7cb1c21a4bf30023f252596d83e1f007?s=96&d=mm&r=g","caption":"admin"},"sameAs":["https:\/\/kibrisdakik.com"],"url":"https:\/\/kibrisdakik.com\/?author=1"}]}},"_links":{"self":[{"href":"https:\/\/kibrisdakik.com\/index.php?rest_route=\/wp\/v2\/posts\/85903","targetHints":{"allow":["GET"]}}],"collection":[{"href":"https:\/\/kibrisdakik.com\/index.php?rest_route=\/wp\/v2\/posts"}],"about":[{"href":"https:\/\/kibrisdakik.com\/index.php?rest_route=\/wp\/v2\/types\/post"}],"author":[{"embeddable":true,"href":"https:\/\/kibrisdakik.com\/index.php?rest_route=\/wp\/v2\/users\/1"}],"replies":[{"embeddable":true,"href":"https:\/\/kibrisdakik.com\/index.php?rest_route=%2Fwp%2Fv2%2Fcomments&post=85903"}],"version-history":[{"count":0,"href":"https:\/\/kibrisdakik.com\/index.php?rest_route=\/wp\/v2\/posts\/85903\/revisions"}],"wp:featuredmedia":[{"embeddable":true,"href":"https:\/\/kibrisdakik.com\/index.php?rest_route=\/wp\/v2\/media\/85904"}],"wp:attachment":[{"href":"https:\/\/kibrisdakik.com\/index.php?rest_route=%2Fwp%2Fv2%2Fmedia&parent=85903"}],"wp:term":[{"taxonomy":"category","embeddable":true,"href":"https:\/\/kibrisdakik.com\/index.php?rest_route=%2Fwp%2Fv2%2Fcategories&post=85903"},{"taxonomy":"post_tag","embeddable":true,"href":"https:\/\/kibrisdakik.com\/index.php?rest_route=%2Fwp%2Fv2%2Ftags&post=85903"}],"curies":[{"name":"wp","href":"https:\/\/api.w.org\/{rel}","templated":true}]}}