{"id":85915,"date":"2025-07-05T15:38:06","date_gmt":"2025-07-05T12:38:06","guid":{"rendered":"https:\/\/coral-rabbit-752605.hostingersite.com\/index.php\/2025\/07\/05\/genclik-federasyonundan-askerlik-degisiklik-yasa-onerisi-konusunda-elestiri\/"},"modified":"2025-07-05T15:38:06","modified_gmt":"2025-07-05T12:38:06","slug":"genclik-federasyonundan-askerlik-degisiklik-yasa-onerisi-konusunda-elestiri","status":"publish","type":"post","link":"https:\/\/kibrisdakik.com\/?p=85915","title":{"rendered":"Gen\u00e7lik Federasyonu\u2019ndan \u201cAskerlik (De\u011fi\u015fiklik) Yasa \u00d6nerisi\u201d konusunda ele\u015ftiri"},"content":{"rendered":"<p> <br \/>\n<\/p>\n<div>\n<div class=\"mariselle-image-container center\">\n                                            <\/div>\n<p>Gen\u00e7lik Federasyonu, askerlik reformunun ele al\u0131n\u0131p, gen\u00e7li\u011fin taleplerinin dinlenmesi ve \u00e7\u00f6z\u00fcm odakl\u0131 bir s\u00fcre\u00e7 ba\u015flat\u0131lmas\u0131 \u00e7a\u011fr\u0131s\u0131nda bulundu.<\/p>\n<p>Federasyondan yap\u0131lan a\u00e7\u0131klamada, \u201cAskerlik (De\u011fi\u015fiklik) Yasa \u00d6nerisinin\u201d Cumhuriyet Meclisi\u2019nin yaz tatiline girmesiyle birlikte ertelendi\u011fi ve gen\u00e7lerin \u201cbelirsizli\u011fe mahkum edildi\u011fi\u201d savunuldu.<\/p>\n<p>Federasyondan yap\u0131lan a\u00e7\u0131klamada, Cumhuriyet Meclisi\u2019nin tatile girmesinden \u00f6nce g\u00fcndeminde yer alan \u201cAskerlik (De\u011fi\u015fiklik) Yasa \u00d6nerisi\u201d ve olas\u0131 de\u011fi\u015fikliklerin, \u00f6zellikle Ba\u015fbakan \u00dcnal \u00dcstel\u2019in yurt d\u0131\u015f\u0131nda yapt\u0131\u011f\u0131 a\u00e7\u0131klamalarla birlikte askerlik sebebiyle \u00fclkeye d\u00f6nemeyen gen\u00e7lere \u201cumut kayna\u011f\u0131 oldu\u011fu\u201d belirtildi.<\/p>\n<p>Gelinen a\u015famada gen\u00e7li\u011fin taleplerinin \u201cikinci plana at\u0131ld\u0131\u011f\u0131 ve ma\u011fdur edili\u011fi\u201d savunulan a\u00e7\u0131klamada, \u201cGen\u00e7lerin planlar\u0131yla, hayatlar\u0131yla, gelecekleriyle bu kadar kolay oynanmas\u0131 kabul edilebilir de\u011fildir\u201d denildi.<\/p>\n<p>A\u00e7\u0131klamada, \u00f6zetle \u015funlar kaydedildi:<\/p>\n<p>\u201cBedelli askerlik \u00fccretlerinin enflasyonla birlikte fahi\u015f seviyelere ula\u015fmas\u0131, \u00e7al\u0131\u015fan gen\u00e7ler i\u00e7in mevcut \u015fartlar\u0131n s\u00fcrd\u00fcr\u00fclemez olmas\u0131 ve diaspora gen\u00e7lerinin \u00fclkeye geri d\u00f6n\u00fc\u015f\u00fcne h\u00e2l\u00e2 net \u00e7\u00f6z\u00fcmler \u00fcretilmemesi, yaln\u0131zca bireysel ma\u011fduriyetler de\u011fil ayn\u0131 zamanda derinle\u015fen bir beyin g\u00f6\u00e7\u00fc sorunu yarat\u0131yor.<\/p>\n<p>Gen\u00e7lik, mevcut askerlik sisteminden memnun de\u011fildir. Zorunlu askerli\u011fin kald\u0131r\u0131lmas\u0131, askerlik ko\u015fullar\u0131n\u0131n iyile\u015ftirilmesi, vicdani ret hakk\u0131n\u0131n tan\u0131nmas\u0131 ve profesyonel askerli\u011fin te\u015fvik edilmesi gibi \u00e7ok boyutlu reformlar\u0131n masaya yat\u0131r\u0131lmas\u0131 ka\u00e7\u0131n\u0131lmazd\u0131r.<\/p>\n<p>Askerlik reformunu yaln\u0131zca bedelli askerlik \u00fccretine indirgenemez. Gen\u00e7li\u011fin taleplerini siyasi \u00e7eki\u015fmelerin kurban\u0131 eden bu yakla\u015f\u0131m, yaln\u0131zca g\u00fcn\u00fc kurtar\u0131r, gelece\u011fi kaybettirir.\u201d<\/p>\n<p>A\u00e7\u0131klamada, \u00fclkenin askeri yap\u0131s\u0131n\u0131n profesyonelle\u015fme stratejisiyle s\u00fcrd\u00fcr\u00fclebilir h\u00e2le gelebilece\u011fine de i\u015faret edilerek, \u00f6nerilerde bulunuldu ve \u201cAskerlik reformunun ele al\u0131n\u0131p, gen\u00e7li\u011fin taleplerinin dinlenmesi, \u00e7\u00f6z\u00fcm odakl\u0131 bir s\u00fcre\u00e7 ba\u015flat\u0131lmas\u0131\u201d \u00e7a\u011fr\u0131s\u0131 yap\u0131ld\u0131.<\/p>\n<\/p><\/div>\n<p><script async\n                    defer\n                    crossorigin=\"anonymous\"\n                    src=\"https:\/\/connect.facebook.net\/tr_TR\/sdk.js#xfbml=1&#038;version=v3.3\"\n            ><\/script><br \/>\n<br \/><br \/>\n<br \/><a href=\"[kibrisdakik.com]\n<\/p>\n","protected":false},"excerpt":{"rendered":"<p>Gen\u00e7lik Federasyonu, askerlik reformunun ele al\u0131n\u0131p, gen\u00e7li\u011fin taleplerinin dinlenmesi ve \u00e7\u00f6z\u00fcm odakl\u0131 bir s\u00fcre\u00e7 ba\u015flat\u0131lmas\u0131 \u00e7a\u011fr\u0131s\u0131nda bulundu. Federasyondan yap\u0131lan a\u00e7\u0131klamada, \u201cAskerlik (De\u011fi\u015fiklik) Yasa \u00d6nerisinin\u201d Cumhuriyet Meclisi\u2019nin yaz tatiline girmesiyle birlikte ertelendi\u011fi ve gen\u00e7lerin \u201cbelirsizli\u011fe mahkum edildi\u011fi\u201d savunuldu. Federasyondan yap\u0131lan a\u00e7\u0131klamada, Cumhuriyet Meclisi\u2019nin tatile girmesinden \u00f6nce g\u00fcndeminde yer alan \u201cAskerlik (De\u011fi\u015fiklik) Yasa \u00d6nerisi\u201d ve olas\u0131 de\u011fi\u015fikliklerin,<\/p>\n","protected":false},"author":1,"featured_media":85916,"comment_status":"open","ping_status":"open","sticky":false,"template":"","format":"standard","meta":{"footnotes":""},"categories":[81,101],"tags":[],"class_list":["post-85915","post","type-post","status-publish","format-standard","has-post-thumbnail","hentry","category-kibris","category-manset"],"yoast_head":"<!-- This site is optimized with the Yoast SEO plugin v27.4 - https:\/\/yoast.com\/product\/yoast-seo-wordpress\/ -->\n<title>Gen\u00e7lik Federasyonu\u2019ndan \u201cAskerlik (De\u011fi\u015fiklik) Yasa \u00d6nerisi\u201d konusunda ele\u015ftiri -<\/title>\n<meta name=\"robots\" content=\"index, follow, max-snippet:-1, max-image-preview:large, max-video-preview:-1\" \/>\n<link rel=\"canonical\" href=\"https:\/\/kibrisdakik.com\/?p=85915\" \/>\n<meta property=\"og:locale\" content=\"tr_TR\" \/>\n<meta property=\"og:type\" content=\"article\" \/>\n<meta property=\"og:title\" content=\"Gen\u00e7lik Federasyonu\u2019ndan \u201cAskerlik (De\u011fi\u015fiklik) Yasa \u00d6nerisi\u201d konusunda ele\u015ftiri -\" \/>\n<meta property=\"og:description\" content=\"Gen\u00e7lik Federasyonu, askerlik reformunun ele al\u0131n\u0131p, gen\u00e7li\u011fin taleplerinin dinlenmesi ve \u00e7\u00f6z\u00fcm odakl\u0131 bir s\u00fcre\u00e7 ba\u015flat\u0131lmas\u0131 \u00e7a\u011fr\u0131s\u0131nda bulundu. Federasyondan yap\u0131lan a\u00e7\u0131klamada, \u201cAskerlik (De\u011fi\u015fiklik) Yasa \u00d6nerisinin\u201d Cumhuriyet Meclisi\u2019nin yaz tatiline girmesiyle birlikte ertelendi\u011fi ve gen\u00e7lerin \u201cbelirsizli\u011fe mahkum edildi\u011fi\u201d savunuldu. Federasyondan yap\u0131lan a\u00e7\u0131klamada, Cumhuriyet Meclisi\u2019nin tatile girmesinden \u00f6nce g\u00fcndeminde yer alan \u201cAskerlik (De\u011fi\u015fiklik) Yasa \u00d6nerisi\u201d ve olas\u0131 de\u011fi\u015fikliklerin,\" \/>\n<meta property=\"og:url\" content=\"https:\/\/kibrisdakik.com\/?p=85915\" \/>\n<meta property=\"article:published_time\" content=\"2025-07-05T12:38:06+00:00\" \/>\n<meta property=\"og:image\" content=\"https:\/\/kibrisdakik.com\/wp-content\/uploads\/2025\/07\/1751709774812genclik-740x420.jpg\" \/>\n\t<meta property=\"og:image:width\" content=\"1683\" \/>\n\t<meta property=\"og:image:height\" content=\"1683\" \/>\n\t<meta property=\"og:image:type\" content=\"image\/jpeg\" \/>\n<meta name=\"author\" content=\"admin\" \/>\n<meta name=\"twitter:card\" content=\"summary_large_image\" \/>\n<meta name=\"twitter:label1\" content=\"Yazan:\" \/>\n\t<meta name=\"twitter:data1\" content=\"admin\" \/>\n\t<meta name=\"twitter:label2\" content=\"Tahmini okuma s\u00fcresi\" \/>\n\t<meta name=\"twitter:data2\" content=\"2 dakika\" \/>\n<script type=\"application\/ld+json\" class=\"yoast-schema-graph\">{\"@context\":\"https:\\\/\\\/schema.org\",\"@graph\":[{\"@type\":\"Article\",\"@id\":\"https:\\\/\\\/kibrisdakik.com\\\/?p=85915#article\",\"isPartOf\":{\"@id\":\"https:\\\/\\\/kibrisdakik.com\\\/?p=85915\"},\"author\":{\"name\":\"admin\",\"@id\":\"https:\\\/\\\/kibrisdakik.com\\\/#\\\/schema\\\/person\\\/9cd9d437bbb44f72b73ba127e06d8e79\"},\"headline\":\"Gen\u00e7lik Federasyonu\u2019ndan \u201cAskerlik (De\u011fi\u015fiklik) Yasa \u00d6nerisi\u201d konusunda ele\u015ftiri\",\"datePublished\":\"2025-07-05T12:38:06+00:00\",\"mainEntityOfPage\":{\"@id\":\"https:\\\/\\\/kibrisdakik.com\\\/?p=85915\"},\"wordCount\":347,\"commentCount\":0,\"image\":{\"@id\":\"https:\\\/\\\/kibrisdakik.com\\\/?p=85915#primaryimage\"},\"thumbnailUrl\":\"https:\\\/\\\/kibrisdakik.com\\\/wp-content\\\/uploads\\\/2025\\\/07\\\/1751709774812genclik-740x420.jpg\",\"articleSection\":[\"K\u0131br\u0131s\",\"Man\u015fet\"],\"inLanguage\":\"tr\",\"potentialAction\":[{\"@type\":\"CommentAction\",\"name\":\"Comment\",\"target\":[\"https:\\\/\\\/kibrisdakik.com\\\/?p=85915#respond\"]}]},{\"@type\":\"WebPage\",\"@id\":\"https:\\\/\\\/kibrisdakik.com\\\/?p=85915\",\"url\":\"https:\\\/\\\/kibrisdakik.com\\\/?p=85915\",\"name\":\"Gen\u00e7lik Federasyonu\u2019ndan \u201cAskerlik (De\u011fi\u015fiklik) Yasa \u00d6nerisi\u201d konusunda ele\u015ftiri -\",\"isPartOf\":{\"@id\":\"https:\\\/\\\/kibrisdakik.com\\\/#website\"},\"primaryImageOfPage\":{\"@id\":\"https:\\\/\\\/kibrisdakik.com\\\/?p=85915#primaryimage\"},\"image\":{\"@id\":\"https:\\\/\\\/kibrisdakik.com\\\/?p=85915#primaryimage\"},\"thumbnailUrl\":\"https:\\\/\\\/kibrisdakik.com\\\/wp-content\\\/uploads\\\/2025\\\/07\\\/1751709774812genclik-740x420.jpg\",\"datePublished\":\"2025-07-05T12:38:06+00:00\",\"author\":{\"@id\":\"https:\\\/\\\/kibrisdakik.com\\\/#\\\/schema\\\/person\\\/9cd9d437bbb44f72b73ba127e06d8e79\"},\"breadcrumb\":{\"@id\":\"https:\\\/\\\/kibrisdakik.com\\\/?p=85915#breadcrumb\"},\"inLanguage\":\"tr\",\"potentialAction\":[{\"@type\":\"ReadAction\",\"target\":[\"https:\\\/\\\/kibrisdakik.com\\\/?p=85915\"]}]},{\"@type\":\"ImageObject\",\"inLanguage\":\"tr\",\"@id\":\"https:\\\/\\\/kibrisdakik.com\\\/?p=85915#primaryimage\",\"url\":\"https:\\\/\\\/kibrisdakik.com\\\/wp-content\\\/uploads\\\/2025\\\/07\\\/1751709774812genclik-740x420.jpg\",\"contentUrl\":\"https:\\\/\\\/kibrisdakik.com\\\/wp-content\\\/uploads\\\/2025\\\/07\\\/1751709774812genclik-740x420.jpg\",\"width\":1683,\"height\":1683},{\"@type\":\"BreadcrumbList\",\"@id\":\"https:\\\/\\\/kibrisdakik.com\\\/?p=85915#breadcrumb\",\"itemListElement\":[{\"@type\":\"ListItem\",\"position\":1,\"name\":\"Home\",\"item\":\"https:\\\/\\\/kibrisdakik.com\\\/\"},{\"@type\":\"ListItem\",\"position\":2,\"name\":\"Gen\u00e7lik Federasyonu\u2019ndan \u201cAskerlik (De\u011fi\u015fiklik) Yasa \u00d6nerisi\u201d konusunda ele\u015ftiri\"}]},{\"@type\":\"WebSite\",\"@id\":\"https:\\\/\\\/kibrisdakik.com\\\/#website\",\"url\":\"https:\\\/\\\/kibrisdakik.com\\\/\",\"name\":\"\",\"description\":\"Tam vaktinde haber\",\"potentialAction\":[{\"@type\":\"SearchAction\",\"target\":{\"@type\":\"EntryPoint\",\"urlTemplate\":\"https:\\\/\\\/kibrisdakik.com\\\/?s={search_term_string}\"},\"query-input\":{\"@type\":\"PropertyValueSpecification\",\"valueRequired\":true,\"valueName\":\"search_term_string\"}}],\"inLanguage\":\"tr\"},{\"@type\":\"Person\",\"@id\":\"https:\\\/\\\/kibrisdakik.com\\\/#\\\/schema\\\/person\\\/9cd9d437bbb44f72b73ba127e06d8e79\",\"name\":\"admin\",\"image\":{\"@type\":\"ImageObject\",\"inLanguage\":\"tr\",\"@id\":\"https:\\\/\\\/secure.gravatar.com\\\/avatar\\\/ccc17943b9d660506c869530f897617f7cb1c21a4bf30023f252596d83e1f007?s=96&d=mm&r=g\",\"url\":\"https:\\\/\\\/secure.gravatar.com\\\/avatar\\\/ccc17943b9d660506c869530f897617f7cb1c21a4bf30023f252596d83e1f007?s=96&d=mm&r=g\",\"contentUrl\":\"https:\\\/\\\/secure.gravatar.com\\\/avatar\\\/ccc17943b9d660506c869530f897617f7cb1c21a4bf30023f252596d83e1f007?s=96&d=mm&r=g\",\"caption\":\"admin\"},\"sameAs\":[\"https:\\\/\\\/kibrisdakik.com\"],\"url\":\"https:\\\/\\\/kibrisdakik.com\\\/?author=1\"}]}<\/script>\n<!-- \/ Yoast SEO plugin. -->","yoast_head_json":{"title":"Gen\u00e7lik Federasyonu\u2019ndan \u201cAskerlik (De\u011fi\u015fiklik) Yasa \u00d6nerisi\u201d konusunda ele\u015ftiri -","robots":{"index":"index","follow":"follow","max-snippet":"max-snippet:-1","max-image-preview":"max-image-preview:large","max-video-preview":"max-video-preview:-1"},"canonical":"https:\/\/kibrisdakik.com\/?p=85915","og_locale":"tr_TR","og_type":"article","og_title":"Gen\u00e7lik Federasyonu\u2019ndan \u201cAskerlik (De\u011fi\u015fiklik) Yasa \u00d6nerisi\u201d konusunda ele\u015ftiri -","og_description":"Gen\u00e7lik Federasyonu, askerlik reformunun ele al\u0131n\u0131p, gen\u00e7li\u011fin taleplerinin dinlenmesi ve \u00e7\u00f6z\u00fcm odakl\u0131 bir s\u00fcre\u00e7 ba\u015flat\u0131lmas\u0131 \u00e7a\u011fr\u0131s\u0131nda bulundu. Federasyondan yap\u0131lan a\u00e7\u0131klamada, \u201cAskerlik (De\u011fi\u015fiklik) Yasa \u00d6nerisinin\u201d Cumhuriyet Meclisi\u2019nin yaz tatiline girmesiyle birlikte ertelendi\u011fi ve gen\u00e7lerin \u201cbelirsizli\u011fe mahkum edildi\u011fi\u201d savunuldu. Federasyondan yap\u0131lan a\u00e7\u0131klamada, Cumhuriyet Meclisi\u2019nin tatile girmesinden \u00f6nce g\u00fcndeminde yer alan \u201cAskerlik (De\u011fi\u015fiklik) Yasa \u00d6nerisi\u201d ve olas\u0131 de\u011fi\u015fikliklerin,","og_url":"https:\/\/kibrisdakik.com\/?p=85915","article_published_time":"2025-07-05T12:38:06+00:00","og_image":[{"width":1683,"height":1683,"url":"https:\/\/kibrisdakik.com\/wp-content\/uploads\/2025\/07\/1751709774812genclik-740x420.jpg","type":"image\/jpeg"}],"author":"admin","twitter_card":"summary_large_image","twitter_misc":{"Yazan:":"admin","Tahmini okuma s\u00fcresi":"2 dakika"},"schema":{"@context":"https:\/\/schema.org","@graph":[{"@type":"Article","@id":"https:\/\/kibrisdakik.com\/?p=85915#article","isPartOf":{"@id":"https:\/\/kibrisdakik.com\/?p=85915"},"author":{"name":"admin","@id":"https:\/\/kibrisdakik.com\/#\/schema\/person\/9cd9d437bbb44f72b73ba127e06d8e79"},"headline":"Gen\u00e7lik Federasyonu\u2019ndan \u201cAskerlik (De\u011fi\u015fiklik) Yasa \u00d6nerisi\u201d konusunda ele\u015ftiri","datePublished":"2025-07-05T12:38:06+00:00","mainEntityOfPage":{"@id":"https:\/\/kibrisdakik.com\/?p=85915"},"wordCount":347,"commentCount":0,"image":{"@id":"https:\/\/kibrisdakik.com\/?p=85915#primaryimage"},"thumbnailUrl":"https:\/\/kibrisdakik.com\/wp-content\/uploads\/2025\/07\/1751709774812genclik-740x420.jpg","articleSection":["K\u0131br\u0131s","Man\u015fet"],"inLanguage":"tr","potentialAction":[{"@type":"CommentAction","name":"Comment","target":["https:\/\/kibrisdakik.com\/?p=85915#respond"]}]},{"@type":"WebPage","@id":"https:\/\/kibrisdakik.com\/?p=85915","url":"https:\/\/kibrisdakik.com\/?p=85915","name":"Gen\u00e7lik Federasyonu\u2019ndan \u201cAskerlik (De\u011fi\u015fiklik) Yasa \u00d6nerisi\u201d konusunda ele\u015ftiri -","isPartOf":{"@id":"https:\/\/kibrisdakik.com\/#website"},"primaryImageOfPage":{"@id":"https:\/\/kibrisdakik.com\/?p=85915#primaryimage"},"image":{"@id":"https:\/\/kibrisdakik.com\/?p=85915#primaryimage"},"thumbnailUrl":"https:\/\/kibrisdakik.com\/wp-content\/uploads\/2025\/07\/1751709774812genclik-740x420.jpg","datePublished":"2025-07-05T12:38:06+00:00","author":{"@id":"https:\/\/kibrisdakik.com\/#\/schema\/person\/9cd9d437bbb44f72b73ba127e06d8e79"},"breadcrumb":{"@id":"https:\/\/kibrisdakik.com\/?p=85915#breadcrumb"},"inLanguage":"tr","potentialAction":[{"@type":"ReadAction","target":["https:\/\/kibrisdakik.com\/?p=85915"]}]},{"@type":"ImageObject","inLanguage":"tr","@id":"https:\/\/kibrisdakik.com\/?p=85915#primaryimage","url":"https:\/\/kibrisdakik.com\/wp-content\/uploads\/2025\/07\/1751709774812genclik-740x420.jpg","contentUrl":"https:\/\/kibrisdakik.com\/wp-content\/uploads\/2025\/07\/1751709774812genclik-740x420.jpg","width":1683,"height":1683},{"@type":"BreadcrumbList","@id":"https:\/\/kibrisdakik.com\/?p=85915#breadcrumb","itemListElement":[{"@type":"ListItem","position":1,"name":"Home","item":"https:\/\/kibrisdakik.com\/"},{"@type":"ListItem","position":2,"name":"Gen\u00e7lik Federasyonu\u2019ndan \u201cAskerlik (De\u011fi\u015fiklik) Yasa \u00d6nerisi\u201d konusunda ele\u015ftiri"}]},{"@type":"WebSite","@id":"https:\/\/kibrisdakik.com\/#website","url":"https:\/\/kibrisdakik.com\/","name":"","description":"Tam vaktinde haber","potentialAction":[{"@type":"SearchAction","target":{"@type":"EntryPoint","urlTemplate":"https:\/\/kibrisdakik.com\/?s={search_term_string}"},"query-input":{"@type":"PropertyValueSpecification","valueRequired":true,"valueName":"search_term_string"}}],"inLanguage":"tr"},{"@type":"Person","@id":"https:\/\/kibrisdakik.com\/#\/schema\/person\/9cd9d437bbb44f72b73ba127e06d8e79","name":"admin","image":{"@type":"ImageObject","inLanguage":"tr","@id":"https:\/\/secure.gravatar.com\/avatar\/ccc17943b9d660506c869530f897617f7cb1c21a4bf30023f252596d83e1f007?s=96&d=mm&r=g","url":"https:\/\/secure.gravatar.com\/avatar\/ccc17943b9d660506c869530f897617f7cb1c21a4bf30023f252596d83e1f007?s=96&d=mm&r=g","contentUrl":"https:\/\/secure.gravatar.com\/avatar\/ccc17943b9d660506c869530f897617f7cb1c21a4bf30023f252596d83e1f007?s=96&d=mm&r=g","caption":"admin"},"sameAs":["https:\/\/kibrisdakik.com"],"url":"https:\/\/kibrisdakik.com\/?author=1"}]}},"_links":{"self":[{"href":"https:\/\/kibrisdakik.com\/index.php?rest_route=\/wp\/v2\/posts\/85915","targetHints":{"allow":["GET"]}}],"collection":[{"href":"https:\/\/kibrisdakik.com\/index.php?rest_route=\/wp\/v2\/posts"}],"about":[{"href":"https:\/\/kibrisdakik.com\/index.php?rest_route=\/wp\/v2\/types\/post"}],"author":[{"embeddable":true,"href":"https:\/\/kibrisdakik.com\/index.php?rest_route=\/wp\/v2\/users\/1"}],"replies":[{"embeddable":true,"href":"https:\/\/kibrisdakik.com\/index.php?rest_route=%2Fwp%2Fv2%2Fcomments&post=85915"}],"version-history":[{"count":0,"href":"https:\/\/kibrisdakik.com\/index.php?rest_route=\/wp\/v2\/posts\/85915\/revisions"}],"wp:featuredmedia":[{"embeddable":true,"href":"https:\/\/kibrisdakik.com\/index.php?rest_route=\/wp\/v2\/media\/85916"}],"wp:attachment":[{"href":"https:\/\/kibrisdakik.com\/index.php?rest_route=%2Fwp%2Fv2%2Fmedia&parent=85915"}],"wp:term":[{"taxonomy":"category","embeddable":true,"href":"https:\/\/kibrisdakik.com\/index.php?rest_route=%2Fwp%2Fv2%2Fcategories&post=85915"},{"taxonomy":"post_tag","embeddable":true,"href":"https:\/\/kibrisdakik.com\/index.php?rest_route=%2Fwp%2Fv2%2Ftags&post=85915"}],"curies":[{"name":"wp","href":"https:\/\/api.w.org\/{rel}","templated":true}]}}