{"id":85974,"date":"2025-07-08T16:55:02","date_gmt":"2025-07-08T13:55:02","guid":{"rendered":"https:\/\/kibrisdakik.com\/index.php\/2025\/07\/08\/narenciyede-turkiye-ile-kktcden-orgutler-arasinda-is-birligi-anlasmasi\/"},"modified":"2025-07-08T16:55:02","modified_gmt":"2025-07-08T13:55:02","slug":"narenciyede-turkiye-ile-kktcden-orgutler-arasinda-is-birligi-anlasmasi","status":"publish","type":"post","link":"https:\/\/kibrisdakik.com\/?p=85974","title":{"rendered":"Narenciyede T\u00fcrkiye ile KKTC\u2019den \u00f6rg\u00fctler aras\u0131nda i\u015f birli\u011fi anla\u015fmas\u0131"},"content":{"rendered":"<p> <br \/>\n<\/p>\n<div>\n<div class=\"mariselle-image-container center\">\n                                            <\/div>\n<p>Narenciye sekt\u00f6r\u00fcnde faaliyet g\u00f6steren KKTC ve T\u00fcrkiye\u2019den d\u00f6rt \u00f6rg\u00fct, Ekonomi ve Enerji Bakan\u0131 Olgun Amcao\u011flu huzurunda i\u015f birli\u011fi anla\u015fmas\u0131 imzalad\u0131. Anla\u015fmayla iki taraf bilgi ve tecr\u00fcbelerini payla\u015fabilecek, Ar \u2013 Ge ve teknik konular\u0131nda i\u015f birli\u011fi yapabilecek, ortak tan\u0131t\u0131m faaliyetleri ger\u00e7ekle\u015ftirebilecek, pazarlama, kalite standartlar\u0131 ve s\u00fcrd\u00fcr\u00fclebilirlik konular\u0131nda koordineli hareket edebilecek.<\/p>\n<p>Ekonomi ve Enerji Bakanl\u0131\u011f\u0131 binas\u0131nda bug\u00fcn yap\u0131lan imza t\u00f6reninde, T\u00fcrkiye\u2019den Ulusal Turun\u00e7gil Konseyi (UTK) ve Ziraat M\u00fchendisleri Odas\u0131 Mersin \u015eubesi ile KKTC\u2019den Akdeniz Narenciye \u0130hracat\u00e7\u0131lar Birli\u011fi ve K\u0131br\u0131s T\u00fcrk Narenciye \u0130hracat\u00e7\u0131lar Birli\u011fi taraf\u0131ndan \u201cTurun\u00e7gil Sekt\u00f6r\u00fc \u0130\u015fbirli\u011fi Anla\u015fmas\u0131\u201d imzaland\u0131.<\/p>\n<p>Bakanl\u0131ktan yap\u0131lan a\u00e7\u0131klamaya g\u00f6re, iki taraf\u0131n i\u015fbirli\u011fi yapaca\u011f\u0131 alanlar aras\u0131nda ortak pazar ara\u015ft\u0131rmalar\u0131, yeni ihracat pazarlar\u0131n\u0131n belirlenmesi, lojistik ve tedarik zinciri s\u00fcre\u00e7lerinin payla\u015f\u0131lmas\u0131, ortak fuar, tan\u0131t\u0131m ve heyet organizasyonlar\u0131 da yer al\u0131yor.<\/p>\n<p>T\u00f6rene, UTK Ba\u015fkan\u0131 Kemal Ka\u00e7maz, Akdeniz Narenciye \u0130hracat\u00e7\u0131lar Birli\u011fi Ba\u015fkan\u0131 Ahmet Hast\u00fcrk, K\u0131br\u0131s T\u00fcrk Narenciye \u0130hracat\u00e7\u0131lar Birli\u011fi Ba\u015fkan\u0131 Fethi Bardak\u00e7\u0131o\u011flu\u2019nun yan\u0131 s\u0131ra, YD\u00dc Ziraat Fak\u00fcltesi Kurucu Dekan\u0131 Prof. Dr. \u00d6zge \u00d6zden, Interfresh Euroasia Genel Koordinat\u00f6r\u00fc Murat \u00d6zer ve T\u00fcrkiye Cypfruvex Temsilcisi Mevl\u00fct Sezer kat\u0131ld\u0131.<\/p>\n<\/p><\/div>\n<p><script async\n                    defer\n                    crossorigin=\"anonymous\"\n                    src=\"https:\/\/connect.facebook.net\/tr_TR\/sdk.js#xfbml=1&#038;version=v3.3\"\n            ><\/script><br \/>\n<br \/><br \/>\n<br \/><a href=\"[kibrisdakik.com]\n<\/p>\n","protected":false},"excerpt":{"rendered":"<p>Narenciye sekt\u00f6r\u00fcnde faaliyet g\u00f6steren KKTC ve T\u00fcrkiye\u2019den d\u00f6rt \u00f6rg\u00fct, Ekonomi ve Enerji Bakan\u0131 Olgun Amcao\u011flu huzurunda i\u015f birli\u011fi anla\u015fmas\u0131 imzalad\u0131. Anla\u015fmayla iki taraf bilgi ve tecr\u00fcbelerini payla\u015fabilecek, Ar \u2013 Ge ve teknik konular\u0131nda i\u015f birli\u011fi yapabilecek, ortak tan\u0131t\u0131m faaliyetleri ger\u00e7ekle\u015ftirebilecek, pazarlama, kalite standartlar\u0131 ve s\u00fcrd\u00fcr\u00fclebilirlik konular\u0131nda koordineli hareket edebilecek. Ekonomi ve Enerji Bakanl\u0131\u011f\u0131 binas\u0131nda bug\u00fcn<\/p>\n","protected":false},"author":1,"featured_media":85975,"comment_status":"open","ping_status":"open","sticky":false,"template":"","format":"standard","meta":{"footnotes":""},"categories":[81,101],"tags":[],"class_list":["post-85974","post","type-post","status-publish","format-standard","has-post-thumbnail","hentry","category-kibris","category-manset"],"yoast_head":"<!-- This site is optimized with the Yoast SEO plugin v27.4 - https:\/\/yoast.com\/product\/yoast-seo-wordpress\/ -->\n<title>Narenciyede T\u00fcrkiye ile KKTC\u2019den \u00f6rg\u00fctler aras\u0131nda i\u015f birli\u011fi anla\u015fmas\u0131 -<\/title>\n<meta name=\"robots\" content=\"index, follow, max-snippet:-1, max-image-preview:large, max-video-preview:-1\" \/>\n<link rel=\"canonical\" href=\"https:\/\/kibrisdakik.com\/?p=85974\" \/>\n<meta property=\"og:locale\" content=\"tr_TR\" \/>\n<meta property=\"og:type\" content=\"article\" \/>\n<meta property=\"og:title\" content=\"Narenciyede T\u00fcrkiye ile KKTC\u2019den \u00f6rg\u00fctler aras\u0131nda i\u015f birli\u011fi anla\u015fmas\u0131 -\" \/>\n<meta property=\"og:description\" content=\"Narenciye sekt\u00f6r\u00fcnde faaliyet g\u00f6steren KKTC ve T\u00fcrkiye\u2019den d\u00f6rt \u00f6rg\u00fct, Ekonomi ve Enerji Bakan\u0131 Olgun Amcao\u011flu huzurunda i\u015f birli\u011fi anla\u015fmas\u0131 imzalad\u0131. Anla\u015fmayla iki taraf bilgi ve tecr\u00fcbelerini payla\u015fabilecek, Ar \u2013 Ge ve teknik konular\u0131nda i\u015f birli\u011fi yapabilecek, ortak tan\u0131t\u0131m faaliyetleri ger\u00e7ekle\u015ftirebilecek, pazarlama, kalite standartlar\u0131 ve s\u00fcrd\u00fcr\u00fclebilirlik konular\u0131nda koordineli hareket edebilecek. Ekonomi ve Enerji Bakanl\u0131\u011f\u0131 binas\u0131nda bug\u00fcn\" \/>\n<meta property=\"og:url\" content=\"https:\/\/kibrisdakik.com\/?p=85974\" \/>\n<meta property=\"article:published_time\" content=\"2025-07-08T13:55:02+00:00\" \/>\n<meta property=\"og:image\" content=\"https:\/\/kibrisdakik.com\/wp-content\/uploads\/2025\/07\/qrlkrsqrq-740x420.jpeg\" \/>\n\t<meta property=\"og:image:width\" content=\"1600\" \/>\n\t<meta property=\"og:image:height\" content=\"901\" \/>\n\t<meta property=\"og:image:type\" content=\"image\/jpeg\" \/>\n<meta name=\"author\" content=\"admin\" \/>\n<meta name=\"twitter:card\" content=\"summary_large_image\" \/>\n<meta name=\"twitter:label1\" content=\"Yazan:\" \/>\n\t<meta name=\"twitter:data1\" content=\"admin\" \/>\n\t<meta name=\"twitter:label2\" content=\"Tahmini okuma s\u00fcresi\" \/>\n\t<meta name=\"twitter:data2\" content=\"1 dakika\" \/>\n<script type=\"application\/ld+json\" class=\"yoast-schema-graph\">{\"@context\":\"https:\\\/\\\/schema.org\",\"@graph\":[{\"@type\":\"Article\",\"@id\":\"https:\\\/\\\/kibrisdakik.com\\\/?p=85974#article\",\"isPartOf\":{\"@id\":\"https:\\\/\\\/kibrisdakik.com\\\/?p=85974\"},\"author\":{\"name\":\"admin\",\"@id\":\"https:\\\/\\\/kibrisdakik.com\\\/#\\\/schema\\\/person\\\/9cd9d437bbb44f72b73ba127e06d8e79\"},\"headline\":\"Narenciyede T\u00fcrkiye ile KKTC\u2019den \u00f6rg\u00fctler aras\u0131nda i\u015f birli\u011fi anla\u015fmas\u0131\",\"datePublished\":\"2025-07-08T13:55:02+00:00\",\"mainEntityOfPage\":{\"@id\":\"https:\\\/\\\/kibrisdakik.com\\\/?p=85974\"},\"wordCount\":263,\"commentCount\":0,\"image\":{\"@id\":\"https:\\\/\\\/kibrisdakik.com\\\/?p=85974#primaryimage\"},\"thumbnailUrl\":\"https:\\\/\\\/kibrisdakik.com\\\/wp-content\\\/uploads\\\/2025\\\/07\\\/qrlkrsqrq-740x420.jpeg\",\"articleSection\":[\"K\u0131br\u0131s\",\"Man\u015fet\"],\"inLanguage\":\"tr\",\"potentialAction\":[{\"@type\":\"CommentAction\",\"name\":\"Comment\",\"target\":[\"https:\\\/\\\/kibrisdakik.com\\\/?p=85974#respond\"]}]},{\"@type\":\"WebPage\",\"@id\":\"https:\\\/\\\/kibrisdakik.com\\\/?p=85974\",\"url\":\"https:\\\/\\\/kibrisdakik.com\\\/?p=85974\",\"name\":\"Narenciyede T\u00fcrkiye ile KKTC\u2019den \u00f6rg\u00fctler aras\u0131nda i\u015f birli\u011fi anla\u015fmas\u0131 -\",\"isPartOf\":{\"@id\":\"https:\\\/\\\/kibrisdakik.com\\\/#website\"},\"primaryImageOfPage\":{\"@id\":\"https:\\\/\\\/kibrisdakik.com\\\/?p=85974#primaryimage\"},\"image\":{\"@id\":\"https:\\\/\\\/kibrisdakik.com\\\/?p=85974#primaryimage\"},\"thumbnailUrl\":\"https:\\\/\\\/kibrisdakik.com\\\/wp-content\\\/uploads\\\/2025\\\/07\\\/qrlkrsqrq-740x420.jpeg\",\"datePublished\":\"2025-07-08T13:55:02+00:00\",\"author\":{\"@id\":\"https:\\\/\\\/kibrisdakik.com\\\/#\\\/schema\\\/person\\\/9cd9d437bbb44f72b73ba127e06d8e79\"},\"breadcrumb\":{\"@id\":\"https:\\\/\\\/kibrisdakik.com\\\/?p=85974#breadcrumb\"},\"inLanguage\":\"tr\",\"potentialAction\":[{\"@type\":\"ReadAction\",\"target\":[\"https:\\\/\\\/kibrisdakik.com\\\/?p=85974\"]}]},{\"@type\":\"ImageObject\",\"inLanguage\":\"tr\",\"@id\":\"https:\\\/\\\/kibrisdakik.com\\\/?p=85974#primaryimage\",\"url\":\"https:\\\/\\\/kibrisdakik.com\\\/wp-content\\\/uploads\\\/2025\\\/07\\\/qrlkrsqrq-740x420.jpeg\",\"contentUrl\":\"https:\\\/\\\/kibrisdakik.com\\\/wp-content\\\/uploads\\\/2025\\\/07\\\/qrlkrsqrq-740x420.jpeg\",\"width\":1600,\"height\":901},{\"@type\":\"BreadcrumbList\",\"@id\":\"https:\\\/\\\/kibrisdakik.com\\\/?p=85974#breadcrumb\",\"itemListElement\":[{\"@type\":\"ListItem\",\"position\":1,\"name\":\"Home\",\"item\":\"https:\\\/\\\/kibrisdakik.com\\\/\"},{\"@type\":\"ListItem\",\"position\":2,\"name\":\"Narenciyede T\u00fcrkiye ile KKTC\u2019den \u00f6rg\u00fctler aras\u0131nda i\u015f birli\u011fi anla\u015fmas\u0131\"}]},{\"@type\":\"WebSite\",\"@id\":\"https:\\\/\\\/kibrisdakik.com\\\/#website\",\"url\":\"https:\\\/\\\/kibrisdakik.com\\\/\",\"name\":\"\",\"description\":\"Tam vaktinde haber\",\"potentialAction\":[{\"@type\":\"SearchAction\",\"target\":{\"@type\":\"EntryPoint\",\"urlTemplate\":\"https:\\\/\\\/kibrisdakik.com\\\/?s={search_term_string}\"},\"query-input\":{\"@type\":\"PropertyValueSpecification\",\"valueRequired\":true,\"valueName\":\"search_term_string\"}}],\"inLanguage\":\"tr\"},{\"@type\":\"Person\",\"@id\":\"https:\\\/\\\/kibrisdakik.com\\\/#\\\/schema\\\/person\\\/9cd9d437bbb44f72b73ba127e06d8e79\",\"name\":\"admin\",\"image\":{\"@type\":\"ImageObject\",\"inLanguage\":\"tr\",\"@id\":\"https:\\\/\\\/secure.gravatar.com\\\/avatar\\\/ccc17943b9d660506c869530f897617f7cb1c21a4bf30023f252596d83e1f007?s=96&d=mm&r=g\",\"url\":\"https:\\\/\\\/secure.gravatar.com\\\/avatar\\\/ccc17943b9d660506c869530f897617f7cb1c21a4bf30023f252596d83e1f007?s=96&d=mm&r=g\",\"contentUrl\":\"https:\\\/\\\/secure.gravatar.com\\\/avatar\\\/ccc17943b9d660506c869530f897617f7cb1c21a4bf30023f252596d83e1f007?s=96&d=mm&r=g\",\"caption\":\"admin\"},\"sameAs\":[\"https:\\\/\\\/kibrisdakik.com\"],\"url\":\"https:\\\/\\\/kibrisdakik.com\\\/?author=1\"}]}<\/script>\n<!-- \/ Yoast SEO plugin. -->","yoast_head_json":{"title":"Narenciyede T\u00fcrkiye ile KKTC\u2019den \u00f6rg\u00fctler aras\u0131nda i\u015f birli\u011fi anla\u015fmas\u0131 -","robots":{"index":"index","follow":"follow","max-snippet":"max-snippet:-1","max-image-preview":"max-image-preview:large","max-video-preview":"max-video-preview:-1"},"canonical":"https:\/\/kibrisdakik.com\/?p=85974","og_locale":"tr_TR","og_type":"article","og_title":"Narenciyede T\u00fcrkiye ile KKTC\u2019den \u00f6rg\u00fctler aras\u0131nda i\u015f birli\u011fi anla\u015fmas\u0131 -","og_description":"Narenciye sekt\u00f6r\u00fcnde faaliyet g\u00f6steren KKTC ve T\u00fcrkiye\u2019den d\u00f6rt \u00f6rg\u00fct, Ekonomi ve Enerji Bakan\u0131 Olgun Amcao\u011flu huzurunda i\u015f birli\u011fi anla\u015fmas\u0131 imzalad\u0131. Anla\u015fmayla iki taraf bilgi ve tecr\u00fcbelerini payla\u015fabilecek, Ar \u2013 Ge ve teknik konular\u0131nda i\u015f birli\u011fi yapabilecek, ortak tan\u0131t\u0131m faaliyetleri ger\u00e7ekle\u015ftirebilecek, pazarlama, kalite standartlar\u0131 ve s\u00fcrd\u00fcr\u00fclebilirlik konular\u0131nda koordineli hareket edebilecek. Ekonomi ve Enerji Bakanl\u0131\u011f\u0131 binas\u0131nda bug\u00fcn","og_url":"https:\/\/kibrisdakik.com\/?p=85974","article_published_time":"2025-07-08T13:55:02+00:00","og_image":[{"width":1600,"height":901,"url":"https:\/\/kibrisdakik.com\/wp-content\/uploads\/2025\/07\/qrlkrsqrq-740x420.jpeg","type":"image\/jpeg"}],"author":"admin","twitter_card":"summary_large_image","twitter_misc":{"Yazan:":"admin","Tahmini okuma s\u00fcresi":"1 dakika"},"schema":{"@context":"https:\/\/schema.org","@graph":[{"@type":"Article","@id":"https:\/\/kibrisdakik.com\/?p=85974#article","isPartOf":{"@id":"https:\/\/kibrisdakik.com\/?p=85974"},"author":{"name":"admin","@id":"https:\/\/kibrisdakik.com\/#\/schema\/person\/9cd9d437bbb44f72b73ba127e06d8e79"},"headline":"Narenciyede T\u00fcrkiye ile KKTC\u2019den \u00f6rg\u00fctler aras\u0131nda i\u015f birli\u011fi anla\u015fmas\u0131","datePublished":"2025-07-08T13:55:02+00:00","mainEntityOfPage":{"@id":"https:\/\/kibrisdakik.com\/?p=85974"},"wordCount":263,"commentCount":0,"image":{"@id":"https:\/\/kibrisdakik.com\/?p=85974#primaryimage"},"thumbnailUrl":"https:\/\/kibrisdakik.com\/wp-content\/uploads\/2025\/07\/qrlkrsqrq-740x420.jpeg","articleSection":["K\u0131br\u0131s","Man\u015fet"],"inLanguage":"tr","potentialAction":[{"@type":"CommentAction","name":"Comment","target":["https:\/\/kibrisdakik.com\/?p=85974#respond"]}]},{"@type":"WebPage","@id":"https:\/\/kibrisdakik.com\/?p=85974","url":"https:\/\/kibrisdakik.com\/?p=85974","name":"Narenciyede T\u00fcrkiye ile KKTC\u2019den \u00f6rg\u00fctler aras\u0131nda i\u015f birli\u011fi anla\u015fmas\u0131 -","isPartOf":{"@id":"https:\/\/kibrisdakik.com\/#website"},"primaryImageOfPage":{"@id":"https:\/\/kibrisdakik.com\/?p=85974#primaryimage"},"image":{"@id":"https:\/\/kibrisdakik.com\/?p=85974#primaryimage"},"thumbnailUrl":"https:\/\/kibrisdakik.com\/wp-content\/uploads\/2025\/07\/qrlkrsqrq-740x420.jpeg","datePublished":"2025-07-08T13:55:02+00:00","author":{"@id":"https:\/\/kibrisdakik.com\/#\/schema\/person\/9cd9d437bbb44f72b73ba127e06d8e79"},"breadcrumb":{"@id":"https:\/\/kibrisdakik.com\/?p=85974#breadcrumb"},"inLanguage":"tr","potentialAction":[{"@type":"ReadAction","target":["https:\/\/kibrisdakik.com\/?p=85974"]}]},{"@type":"ImageObject","inLanguage":"tr","@id":"https:\/\/kibrisdakik.com\/?p=85974#primaryimage","url":"https:\/\/kibrisdakik.com\/wp-content\/uploads\/2025\/07\/qrlkrsqrq-740x420.jpeg","contentUrl":"https:\/\/kibrisdakik.com\/wp-content\/uploads\/2025\/07\/qrlkrsqrq-740x420.jpeg","width":1600,"height":901},{"@type":"BreadcrumbList","@id":"https:\/\/kibrisdakik.com\/?p=85974#breadcrumb","itemListElement":[{"@type":"ListItem","position":1,"name":"Home","item":"https:\/\/kibrisdakik.com\/"},{"@type":"ListItem","position":2,"name":"Narenciyede T\u00fcrkiye ile KKTC\u2019den \u00f6rg\u00fctler aras\u0131nda i\u015f birli\u011fi anla\u015fmas\u0131"}]},{"@type":"WebSite","@id":"https:\/\/kibrisdakik.com\/#website","url":"https:\/\/kibrisdakik.com\/","name":"","description":"Tam vaktinde haber","potentialAction":[{"@type":"SearchAction","target":{"@type":"EntryPoint","urlTemplate":"https:\/\/kibrisdakik.com\/?s={search_term_string}"},"query-input":{"@type":"PropertyValueSpecification","valueRequired":true,"valueName":"search_term_string"}}],"inLanguage":"tr"},{"@type":"Person","@id":"https:\/\/kibrisdakik.com\/#\/schema\/person\/9cd9d437bbb44f72b73ba127e06d8e79","name":"admin","image":{"@type":"ImageObject","inLanguage":"tr","@id":"https:\/\/secure.gravatar.com\/avatar\/ccc17943b9d660506c869530f897617f7cb1c21a4bf30023f252596d83e1f007?s=96&d=mm&r=g","url":"https:\/\/secure.gravatar.com\/avatar\/ccc17943b9d660506c869530f897617f7cb1c21a4bf30023f252596d83e1f007?s=96&d=mm&r=g","contentUrl":"https:\/\/secure.gravatar.com\/avatar\/ccc17943b9d660506c869530f897617f7cb1c21a4bf30023f252596d83e1f007?s=96&d=mm&r=g","caption":"admin"},"sameAs":["https:\/\/kibrisdakik.com"],"url":"https:\/\/kibrisdakik.com\/?author=1"}]}},"_links":{"self":[{"href":"https:\/\/kibrisdakik.com\/index.php?rest_route=\/wp\/v2\/posts\/85974","targetHints":{"allow":["GET"]}}],"collection":[{"href":"https:\/\/kibrisdakik.com\/index.php?rest_route=\/wp\/v2\/posts"}],"about":[{"href":"https:\/\/kibrisdakik.com\/index.php?rest_route=\/wp\/v2\/types\/post"}],"author":[{"embeddable":true,"href":"https:\/\/kibrisdakik.com\/index.php?rest_route=\/wp\/v2\/users\/1"}],"replies":[{"embeddable":true,"href":"https:\/\/kibrisdakik.com\/index.php?rest_route=%2Fwp%2Fv2%2Fcomments&post=85974"}],"version-history":[{"count":0,"href":"https:\/\/kibrisdakik.com\/index.php?rest_route=\/wp\/v2\/posts\/85974\/revisions"}],"wp:featuredmedia":[{"embeddable":true,"href":"https:\/\/kibrisdakik.com\/index.php?rest_route=\/wp\/v2\/media\/85975"}],"wp:attachment":[{"href":"https:\/\/kibrisdakik.com\/index.php?rest_route=%2Fwp%2Fv2%2Fmedia&parent=85974"}],"wp:term":[{"taxonomy":"category","embeddable":true,"href":"https:\/\/kibrisdakik.com\/index.php?rest_route=%2Fwp%2Fv2%2Fcategories&post=85974"},{"taxonomy":"post_tag","embeddable":true,"href":"https:\/\/kibrisdakik.com\/index.php?rest_route=%2Fwp%2Fv2%2Ftags&post=85974"}],"curies":[{"name":"wp","href":"https:\/\/api.w.org\/{rel}","templated":true}]}}