{"id":85982,"date":"2025-07-08T18:12:15","date_gmt":"2025-07-08T15:12:15","guid":{"rendered":"https:\/\/kibrisdakik.com\/index.php\/2025\/07\/08\/dikmen-ve-agirdag-kavsaklarina-akilli-sinyalizasyon-sistemi-kuruluyor\/"},"modified":"2025-07-08T18:12:15","modified_gmt":"2025-07-08T15:12:15","slug":"dikmen-ve-agirdag-kavsaklarina-akilli-sinyalizasyon-sistemi-kuruluyor","status":"publish","type":"post","link":"https:\/\/kibrisdakik.com\/?p=85982","title":{"rendered":"Dikmen ve A\u011f\u0131rda\u011f kav\u015faklar\u0131na ak\u0131ll\u0131 sinyalizasyon sistemi kuruluyor"},"content":{"rendered":"<p> <br \/>\n<\/p>\n<div>\n<div class=\"mariselle-image-container center\">\n                                            <\/div>\n<p>Lefko\u015fa-Girne B\u00f6l\u00fcnm\u00fc\u015f Anayolu \u00fczerindeki A\u011f\u0131rda\u011f ve Dikmen kav\u015faklar\u0131nda bulunan sinyalizasyon sistemine ek olarak temmuz ay\u0131 sonunda hizmete girmesi \u00f6n g\u00f6r\u00fclen ak\u0131ll\u0131 (dinamik) kav\u015fak sinyalizasyon sistemi kuruluyor.<\/p>\n<p>Bay\u0131nd\u0131rl\u0131k ve Ula\u015ft\u0131rma Bakanl\u0131\u011f\u0131\u2019ndan verilen bilgiye g\u00f6re, kurulacak iki ak\u0131ll\u0131 (dinamik) kav\u015fak sinyalizasyon sistemi i\u00e7in, Bakanl\u0131k\u2019ta ek protokol imzaland\u0131.  Protokole, Bay\u0131nd\u0131rl\u0131k ve Ula\u015ft\u0131rma Bakanl\u0131\u011f\u0131 ad\u0131na Bakan Erhan Arkl\u0131 ve projeyi \u00fcstlenen Elnaz Trading Ltd. Direkt\u00f6r\u00fc Hasan Paralik imza koydu.<\/p>\n<p>Bay\u0131nd\u0131rl\u0131k ve Ula\u015ft\u0131rma Bakan\u0131 Ar\u0131kl\u0131, Lefko\u015fa-Girne B\u00f6l\u00fcnm\u00fc\u015f Anayolu\u2019nda bulunan A\u011f\u0131rda\u011f ve Dikmen kav\u015faklar\u0131na kurulacak olan ak\u0131ll\u0131 sinyalizasyon sistemlerinin b\u00f6lgedeki kaza riskini ortadan kald\u0131raca\u011f\u0131n\u0131 belirtti.<\/p>\n<p>\u0130\u00e7erisinde, saha kabini, ak\u0131ll\u0131 kameralar, trafik yo\u011funlu\u011funu izleme kameras\u0131 bulunan ak\u0131ll\u0131 sinyalizasyon sisteminin Pasha Group taraf\u0131ndan finanse edildi\u011fini s\u00f6yleyen Ar\u0131kl\u0131, maliyetin 3 milyon TL oldu\u011funu kaydetti. Ar\u0131kl\u0131, malzemelerin sipari\u015f edildi\u011fini ve bir aksilik ya\u015fanmamas\u0131 halinde ak\u0131ll\u0131 sinyalizasyon sisteminin temmuz sonunda hizmete girece\u011fini ifade etti.<\/p>\n<\/p><\/div>\n<p><script async\n                    defer\n                    crossorigin=\"anonymous\"\n                    src=\"https:\/\/connect.facebook.net\/tr_TR\/sdk.js#xfbml=1&#038;version=v3.3\"\n            ><\/script><br \/>\n<br \/><br \/>\n<br \/><a href=\"[kibrisdakik.com]\n<\/p>\n","protected":false},"excerpt":{"rendered":"<p>Lefko\u015fa-Girne B\u00f6l\u00fcnm\u00fc\u015f Anayolu \u00fczerindeki A\u011f\u0131rda\u011f ve Dikmen kav\u015faklar\u0131nda bulunan sinyalizasyon sistemine ek olarak temmuz ay\u0131 sonunda hizmete girmesi \u00f6n g\u00f6r\u00fclen ak\u0131ll\u0131 (dinamik) kav\u015fak sinyalizasyon sistemi kuruluyor. Bay\u0131nd\u0131rl\u0131k ve Ula\u015ft\u0131rma Bakanl\u0131\u011f\u0131\u2019ndan verilen bilgiye g\u00f6re, kurulacak iki ak\u0131ll\u0131 (dinamik) kav\u015fak sinyalizasyon sistemi i\u00e7in, Bakanl\u0131k\u2019ta ek protokol imzaland\u0131. Protokole, Bay\u0131nd\u0131rl\u0131k ve Ula\u015ft\u0131rma Bakanl\u0131\u011f\u0131 ad\u0131na Bakan Erhan Arkl\u0131 ve<\/p>\n","protected":false},"author":1,"featured_media":85983,"comment_status":"open","ping_status":"open","sticky":false,"template":"","format":"standard","meta":{"footnotes":""},"categories":[81,101],"tags":[],"class_list":["post-85982","post","type-post","status-publish","format-standard","has-post-thumbnail","hentry","category-kibris","category-manset"],"yoast_head":"<!-- This site is optimized with the Yoast SEO plugin v27.5 - https:\/\/yoast.com\/product\/yoast-seo-wordpress\/ -->\n<title>Dikmen ve A\u011f\u0131rda\u011f kav\u015faklar\u0131na ak\u0131ll\u0131 sinyalizasyon sistemi kuruluyor -<\/title>\n<meta name=\"robots\" content=\"index, follow, max-snippet:-1, max-image-preview:large, max-video-preview:-1\" \/>\n<link rel=\"canonical\" href=\"https:\/\/kibrisdakik.com\/?p=85982\" \/>\n<meta property=\"og:locale\" content=\"tr_TR\" \/>\n<meta property=\"og:type\" content=\"article\" \/>\n<meta property=\"og:title\" content=\"Dikmen ve A\u011f\u0131rda\u011f kav\u015faklar\u0131na ak\u0131ll\u0131 sinyalizasyon sistemi kuruluyor -\" \/>\n<meta property=\"og:description\" content=\"Lefko\u015fa-Girne B\u00f6l\u00fcnm\u00fc\u015f Anayolu \u00fczerindeki A\u011f\u0131rda\u011f ve Dikmen kav\u015faklar\u0131nda bulunan sinyalizasyon sistemine ek olarak temmuz ay\u0131 sonunda hizmete girmesi \u00f6n g\u00f6r\u00fclen ak\u0131ll\u0131 (dinamik) kav\u015fak sinyalizasyon sistemi kuruluyor. Bay\u0131nd\u0131rl\u0131k ve Ula\u015ft\u0131rma Bakanl\u0131\u011f\u0131\u2019ndan verilen bilgiye g\u00f6re, kurulacak iki ak\u0131ll\u0131 (dinamik) kav\u015fak sinyalizasyon sistemi i\u00e7in, Bakanl\u0131k\u2019ta ek protokol imzaland\u0131. Protokole, Bay\u0131nd\u0131rl\u0131k ve Ula\u015ft\u0131rma Bakanl\u0131\u011f\u0131 ad\u0131na Bakan Erhan Arkl\u0131 ve\" \/>\n<meta property=\"og:url\" content=\"https:\/\/kibrisdakik.com\/?p=85982\" \/>\n<meta property=\"article:published_time\" content=\"2025-07-08T15:12:15+00:00\" \/>\n<meta property=\"og:image\" content=\"https:\/\/kibrisdakik.com\/wp-content\/uploads\/2025\/07\/1751977913595BOGAZ-AKILLI-SINYALIZASYON-704x420.jpg\" \/>\n\t<meta property=\"og:image:width\" content=\"704\" \/>\n\t<meta property=\"og:image:height\" content=\"551\" \/>\n\t<meta property=\"og:image:type\" content=\"image\/jpeg\" \/>\n<meta name=\"author\" content=\"admin\" \/>\n<meta name=\"twitter:card\" content=\"summary_large_image\" \/>\n<meta name=\"twitter:label1\" content=\"Yazan:\" \/>\n\t<meta name=\"twitter:data1\" content=\"admin\" \/>\n\t<meta name=\"twitter:label2\" content=\"Tahmini okuma s\u00fcresi\" \/>\n\t<meta name=\"twitter:data2\" content=\"1 dakika\" \/>\n<script type=\"application\/ld+json\" class=\"yoast-schema-graph\">{\"@context\":\"https:\\\/\\\/schema.org\",\"@graph\":[{\"@type\":\"Article\",\"@id\":\"https:\\\/\\\/kibrisdakik.com\\\/?p=85982#article\",\"isPartOf\":{\"@id\":\"https:\\\/\\\/kibrisdakik.com\\\/?p=85982\"},\"author\":{\"name\":\"admin\",\"@id\":\"https:\\\/\\\/kibrisdakik.com\\\/#\\\/schema\\\/person\\\/9cd9d437bbb44f72b73ba127e06d8e79\"},\"headline\":\"Dikmen ve A\u011f\u0131rda\u011f kav\u015faklar\u0131na ak\u0131ll\u0131 sinyalizasyon sistemi kuruluyor\",\"datePublished\":\"2025-07-08T15:12:15+00:00\",\"mainEntityOfPage\":{\"@id\":\"https:\\\/\\\/kibrisdakik.com\\\/?p=85982\"},\"wordCount\":206,\"commentCount\":0,\"image\":{\"@id\":\"https:\\\/\\\/kibrisdakik.com\\\/?p=85982#primaryimage\"},\"thumbnailUrl\":\"https:\\\/\\\/kibrisdakik.com\\\/wp-content\\\/uploads\\\/2025\\\/07\\\/1751977913595BOGAZ-AKILLI-SINYALIZASYON-704x420.jpg\",\"articleSection\":[\"K\u0131br\u0131s\",\"Man\u015fet\"],\"inLanguage\":\"tr\",\"potentialAction\":[{\"@type\":\"CommentAction\",\"name\":\"Comment\",\"target\":[\"https:\\\/\\\/kibrisdakik.com\\\/?p=85982#respond\"]}]},{\"@type\":\"WebPage\",\"@id\":\"https:\\\/\\\/kibrisdakik.com\\\/?p=85982\",\"url\":\"https:\\\/\\\/kibrisdakik.com\\\/?p=85982\",\"name\":\"Dikmen ve A\u011f\u0131rda\u011f kav\u015faklar\u0131na ak\u0131ll\u0131 sinyalizasyon sistemi kuruluyor -\",\"isPartOf\":{\"@id\":\"https:\\\/\\\/kibrisdakik.com\\\/#website\"},\"primaryImageOfPage\":{\"@id\":\"https:\\\/\\\/kibrisdakik.com\\\/?p=85982#primaryimage\"},\"image\":{\"@id\":\"https:\\\/\\\/kibrisdakik.com\\\/?p=85982#primaryimage\"},\"thumbnailUrl\":\"https:\\\/\\\/kibrisdakik.com\\\/wp-content\\\/uploads\\\/2025\\\/07\\\/1751977913595BOGAZ-AKILLI-SINYALIZASYON-704x420.jpg\",\"datePublished\":\"2025-07-08T15:12:15+00:00\",\"author\":{\"@id\":\"https:\\\/\\\/kibrisdakik.com\\\/#\\\/schema\\\/person\\\/9cd9d437bbb44f72b73ba127e06d8e79\"},\"breadcrumb\":{\"@id\":\"https:\\\/\\\/kibrisdakik.com\\\/?p=85982#breadcrumb\"},\"inLanguage\":\"tr\",\"potentialAction\":[{\"@type\":\"ReadAction\",\"target\":[\"https:\\\/\\\/kibrisdakik.com\\\/?p=85982\"]}]},{\"@type\":\"ImageObject\",\"inLanguage\":\"tr\",\"@id\":\"https:\\\/\\\/kibrisdakik.com\\\/?p=85982#primaryimage\",\"url\":\"https:\\\/\\\/kibrisdakik.com\\\/wp-content\\\/uploads\\\/2025\\\/07\\\/1751977913595BOGAZ-AKILLI-SINYALIZASYON-704x420.jpg\",\"contentUrl\":\"https:\\\/\\\/kibrisdakik.com\\\/wp-content\\\/uploads\\\/2025\\\/07\\\/1751977913595BOGAZ-AKILLI-SINYALIZASYON-704x420.jpg\",\"width\":704,\"height\":551},{\"@type\":\"BreadcrumbList\",\"@id\":\"https:\\\/\\\/kibrisdakik.com\\\/?p=85982#breadcrumb\",\"itemListElement\":[{\"@type\":\"ListItem\",\"position\":1,\"name\":\"Home\",\"item\":\"https:\\\/\\\/kibrisdakik.com\\\/\"},{\"@type\":\"ListItem\",\"position\":2,\"name\":\"Dikmen ve A\u011f\u0131rda\u011f kav\u015faklar\u0131na ak\u0131ll\u0131 sinyalizasyon sistemi kuruluyor\"}]},{\"@type\":\"WebSite\",\"@id\":\"https:\\\/\\\/kibrisdakik.com\\\/#website\",\"url\":\"https:\\\/\\\/kibrisdakik.com\\\/\",\"name\":\"\",\"description\":\"Tam vaktinde haber\",\"potentialAction\":[{\"@type\":\"SearchAction\",\"target\":{\"@type\":\"EntryPoint\",\"urlTemplate\":\"https:\\\/\\\/kibrisdakik.com\\\/?s={search_term_string}\"},\"query-input\":{\"@type\":\"PropertyValueSpecification\",\"valueRequired\":true,\"valueName\":\"search_term_string\"}}],\"inLanguage\":\"tr\"},{\"@type\":\"Person\",\"@id\":\"https:\\\/\\\/kibrisdakik.com\\\/#\\\/schema\\\/person\\\/9cd9d437bbb44f72b73ba127e06d8e79\",\"name\":\"admin\",\"image\":{\"@type\":\"ImageObject\",\"inLanguage\":\"tr\",\"@id\":\"https:\\\/\\\/secure.gravatar.com\\\/avatar\\\/ccc17943b9d660506c869530f897617f7cb1c21a4bf30023f252596d83e1f007?s=96&d=mm&r=g\",\"url\":\"https:\\\/\\\/secure.gravatar.com\\\/avatar\\\/ccc17943b9d660506c869530f897617f7cb1c21a4bf30023f252596d83e1f007?s=96&d=mm&r=g\",\"contentUrl\":\"https:\\\/\\\/secure.gravatar.com\\\/avatar\\\/ccc17943b9d660506c869530f897617f7cb1c21a4bf30023f252596d83e1f007?s=96&d=mm&r=g\",\"caption\":\"admin\"},\"sameAs\":[\"https:\\\/\\\/kibrisdakik.com\"],\"url\":\"https:\\\/\\\/kibrisdakik.com\\\/?author=1\"}]}<\/script>\n<!-- \/ Yoast SEO plugin. -->","yoast_head_json":{"title":"Dikmen ve A\u011f\u0131rda\u011f kav\u015faklar\u0131na ak\u0131ll\u0131 sinyalizasyon sistemi kuruluyor -","robots":{"index":"index","follow":"follow","max-snippet":"max-snippet:-1","max-image-preview":"max-image-preview:large","max-video-preview":"max-video-preview:-1"},"canonical":"https:\/\/kibrisdakik.com\/?p=85982","og_locale":"tr_TR","og_type":"article","og_title":"Dikmen ve A\u011f\u0131rda\u011f kav\u015faklar\u0131na ak\u0131ll\u0131 sinyalizasyon sistemi kuruluyor -","og_description":"Lefko\u015fa-Girne B\u00f6l\u00fcnm\u00fc\u015f Anayolu \u00fczerindeki A\u011f\u0131rda\u011f ve Dikmen kav\u015faklar\u0131nda bulunan sinyalizasyon sistemine ek olarak temmuz ay\u0131 sonunda hizmete girmesi \u00f6n g\u00f6r\u00fclen ak\u0131ll\u0131 (dinamik) kav\u015fak sinyalizasyon sistemi kuruluyor. Bay\u0131nd\u0131rl\u0131k ve Ula\u015ft\u0131rma Bakanl\u0131\u011f\u0131\u2019ndan verilen bilgiye g\u00f6re, kurulacak iki ak\u0131ll\u0131 (dinamik) kav\u015fak sinyalizasyon sistemi i\u00e7in, Bakanl\u0131k\u2019ta ek protokol imzaland\u0131. Protokole, Bay\u0131nd\u0131rl\u0131k ve Ula\u015ft\u0131rma Bakanl\u0131\u011f\u0131 ad\u0131na Bakan Erhan Arkl\u0131 ve","og_url":"https:\/\/kibrisdakik.com\/?p=85982","article_published_time":"2025-07-08T15:12:15+00:00","og_image":[{"width":704,"height":551,"url":"https:\/\/kibrisdakik.com\/wp-content\/uploads\/2025\/07\/1751977913595BOGAZ-AKILLI-SINYALIZASYON-704x420.jpg","type":"image\/jpeg"}],"author":"admin","twitter_card":"summary_large_image","twitter_misc":{"Yazan:":"admin","Tahmini okuma s\u00fcresi":"1 dakika"},"schema":{"@context":"https:\/\/schema.org","@graph":[{"@type":"Article","@id":"https:\/\/kibrisdakik.com\/?p=85982#article","isPartOf":{"@id":"https:\/\/kibrisdakik.com\/?p=85982"},"author":{"name":"admin","@id":"https:\/\/kibrisdakik.com\/#\/schema\/person\/9cd9d437bbb44f72b73ba127e06d8e79"},"headline":"Dikmen ve A\u011f\u0131rda\u011f kav\u015faklar\u0131na ak\u0131ll\u0131 sinyalizasyon sistemi kuruluyor","datePublished":"2025-07-08T15:12:15+00:00","mainEntityOfPage":{"@id":"https:\/\/kibrisdakik.com\/?p=85982"},"wordCount":206,"commentCount":0,"image":{"@id":"https:\/\/kibrisdakik.com\/?p=85982#primaryimage"},"thumbnailUrl":"https:\/\/kibrisdakik.com\/wp-content\/uploads\/2025\/07\/1751977913595BOGAZ-AKILLI-SINYALIZASYON-704x420.jpg","articleSection":["K\u0131br\u0131s","Man\u015fet"],"inLanguage":"tr","potentialAction":[{"@type":"CommentAction","name":"Comment","target":["https:\/\/kibrisdakik.com\/?p=85982#respond"]}]},{"@type":"WebPage","@id":"https:\/\/kibrisdakik.com\/?p=85982","url":"https:\/\/kibrisdakik.com\/?p=85982","name":"Dikmen ve A\u011f\u0131rda\u011f kav\u015faklar\u0131na ak\u0131ll\u0131 sinyalizasyon sistemi kuruluyor -","isPartOf":{"@id":"https:\/\/kibrisdakik.com\/#website"},"primaryImageOfPage":{"@id":"https:\/\/kibrisdakik.com\/?p=85982#primaryimage"},"image":{"@id":"https:\/\/kibrisdakik.com\/?p=85982#primaryimage"},"thumbnailUrl":"https:\/\/kibrisdakik.com\/wp-content\/uploads\/2025\/07\/1751977913595BOGAZ-AKILLI-SINYALIZASYON-704x420.jpg","datePublished":"2025-07-08T15:12:15+00:00","author":{"@id":"https:\/\/kibrisdakik.com\/#\/schema\/person\/9cd9d437bbb44f72b73ba127e06d8e79"},"breadcrumb":{"@id":"https:\/\/kibrisdakik.com\/?p=85982#breadcrumb"},"inLanguage":"tr","potentialAction":[{"@type":"ReadAction","target":["https:\/\/kibrisdakik.com\/?p=85982"]}]},{"@type":"ImageObject","inLanguage":"tr","@id":"https:\/\/kibrisdakik.com\/?p=85982#primaryimage","url":"https:\/\/kibrisdakik.com\/wp-content\/uploads\/2025\/07\/1751977913595BOGAZ-AKILLI-SINYALIZASYON-704x420.jpg","contentUrl":"https:\/\/kibrisdakik.com\/wp-content\/uploads\/2025\/07\/1751977913595BOGAZ-AKILLI-SINYALIZASYON-704x420.jpg","width":704,"height":551},{"@type":"BreadcrumbList","@id":"https:\/\/kibrisdakik.com\/?p=85982#breadcrumb","itemListElement":[{"@type":"ListItem","position":1,"name":"Home","item":"https:\/\/kibrisdakik.com\/"},{"@type":"ListItem","position":2,"name":"Dikmen ve A\u011f\u0131rda\u011f kav\u015faklar\u0131na ak\u0131ll\u0131 sinyalizasyon sistemi kuruluyor"}]},{"@type":"WebSite","@id":"https:\/\/kibrisdakik.com\/#website","url":"https:\/\/kibrisdakik.com\/","name":"","description":"Tam vaktinde haber","potentialAction":[{"@type":"SearchAction","target":{"@type":"EntryPoint","urlTemplate":"https:\/\/kibrisdakik.com\/?s={search_term_string}"},"query-input":{"@type":"PropertyValueSpecification","valueRequired":true,"valueName":"search_term_string"}}],"inLanguage":"tr"},{"@type":"Person","@id":"https:\/\/kibrisdakik.com\/#\/schema\/person\/9cd9d437bbb44f72b73ba127e06d8e79","name":"admin","image":{"@type":"ImageObject","inLanguage":"tr","@id":"https:\/\/secure.gravatar.com\/avatar\/ccc17943b9d660506c869530f897617f7cb1c21a4bf30023f252596d83e1f007?s=96&d=mm&r=g","url":"https:\/\/secure.gravatar.com\/avatar\/ccc17943b9d660506c869530f897617f7cb1c21a4bf30023f252596d83e1f007?s=96&d=mm&r=g","contentUrl":"https:\/\/secure.gravatar.com\/avatar\/ccc17943b9d660506c869530f897617f7cb1c21a4bf30023f252596d83e1f007?s=96&d=mm&r=g","caption":"admin"},"sameAs":["https:\/\/kibrisdakik.com"],"url":"https:\/\/kibrisdakik.com\/?author=1"}]}},"_links":{"self":[{"href":"https:\/\/kibrisdakik.com\/index.php?rest_route=\/wp\/v2\/posts\/85982","targetHints":{"allow":["GET"]}}],"collection":[{"href":"https:\/\/kibrisdakik.com\/index.php?rest_route=\/wp\/v2\/posts"}],"about":[{"href":"https:\/\/kibrisdakik.com\/index.php?rest_route=\/wp\/v2\/types\/post"}],"author":[{"embeddable":true,"href":"https:\/\/kibrisdakik.com\/index.php?rest_route=\/wp\/v2\/users\/1"}],"replies":[{"embeddable":true,"href":"https:\/\/kibrisdakik.com\/index.php?rest_route=%2Fwp%2Fv2%2Fcomments&post=85982"}],"version-history":[{"count":0,"href":"https:\/\/kibrisdakik.com\/index.php?rest_route=\/wp\/v2\/posts\/85982\/revisions"}],"wp:featuredmedia":[{"embeddable":true,"href":"https:\/\/kibrisdakik.com\/index.php?rest_route=\/wp\/v2\/media\/85983"}],"wp:attachment":[{"href":"https:\/\/kibrisdakik.com\/index.php?rest_route=%2Fwp%2Fv2%2Fmedia&parent=85982"}],"wp:term":[{"taxonomy":"category","embeddable":true,"href":"https:\/\/kibrisdakik.com\/index.php?rest_route=%2Fwp%2Fv2%2Fcategories&post=85982"},{"taxonomy":"post_tag","embeddable":true,"href":"https:\/\/kibrisdakik.com\/index.php?rest_route=%2Fwp%2Fv2%2Ftags&post=85982"}],"curies":[{"name":"wp","href":"https:\/\/api.w.org\/{rel}","templated":true}]}}