{"id":8600,"date":"2023-06-11T08:22:54","date_gmt":"2023-06-11T08:22:54","guid":{"rendered":"https:\/\/kibrisdakik.com\/index.php\/2023\/06\/11\/ilk-kompostlama-tesisi-lapta-alsancak-camlibel-belediyesi-tarafindan-faaliyete-geciriliyor\/"},"modified":"2023-06-11T08:22:54","modified_gmt":"2023-06-11T08:22:54","slug":"ilk-kompostlama-tesisi-lapta-alsancak-camlibel-belediyesi-tarafindan-faaliyete-geciriliyor","status":"publish","type":"post","link":"https:\/\/kibrisdakik.com\/?p=8600","title":{"rendered":"\u0130lk kompostlama tesisi Lapta-Alsancak \u00c7aml\u0131bel Belediyesi taraf\u0131ndan faaliyete ge\u00e7iriliyor"},"content":{"rendered":"<p><\/p>\n<div>\n<div class=\"mariselle-image-container center\">\n                <img width=\"2560\" height=\"1709\" class=\"lazy-image\" alt=\"\" decoding=\"async\" loading=\"lazy\" sizes=\"auto, (max-width: 2560px) 100vw, 2560px\" src=\"https:\/\/brtk.net\/wp-content\/uploads\/2023\/06\/11\/camlibel-kompost-uretim-tesisi-2-so-scaled.jpg?ver=7e56a8f2d88329ed3413deea3e8097dc\" srcset=\"https:\/\/brtk.net\/wp-content\/uploads\/2023\/06\/11\/camlibel-kompost-uretim-tesisi-2-so-scaled.jpg?ver=7e56a8f2d88329ed3413deea3e8097dc 2560w, https:\/\/brtk.net\/wp-content\/uploads\/2023\/06\/11\/camlibel-kompost-uretim-tesisi-2-so-300x200.jpg?ver=7e56a8f2d88329ed3413deea3e8097dc 300w, https:\/\/brtk.net\/wp-content\/uploads\/2023\/06\/11\/camlibel-kompost-uretim-tesisi-2-so-1024x684.jpg?ver=d6616f4c4dbb7167aa9a857950cbb58a 1024w, https:\/\/brtk.net\/wp-content\/uploads\/2023\/06\/11\/camlibel-kompost-uretim-tesisi-2-so-768x513.jpg?ver=69fcc8fe0146fc8d5697eb6c59b2ac27 768w, https:\/\/brtk.net\/wp-content\/uploads\/2023\/06\/11\/camlibel-kompost-uretim-tesisi-2-so-1536x1025.jpg?ver=99f513c73c9e8376040578c6aa27ddec 1536w, https:\/\/brtk.net\/wp-content\/uploads\/2023\/06\/11\/camlibel-kompost-uretim-tesisi-2-so-2048x1367.jpg?ver=9a986f2a6ac25d732abddb7db73f8798 2048w\"\/>                            <\/div>\n<p>\u00a0<\/p>\n<p>Lapta-Alsancak \u00c7aml\u0131bel Belediyesi, b\u00f6lgede \u00e7\u0131kan ye\u015fil at\u0131\u011f\u0131, kurdu\u011fu kompostlama (organik g\u00fcbre) tesisinde de\u011ferlendirmeye ba\u015flad\u0131.<\/p>\n<p>Belediye\u2019nin Avrupa Komisyonu\u2019nun deste\u011fiyle 4 bin 400 metrekarelik alan \u00fczerinde hayata ge\u00e7irdi\u011fi kompostlama tesisi <a href=\"https:\/\/brtk.net\/\">KKTC<\/a>\u2019de ilk olma \u00f6zelli\u011fi ta\u015f\u0131yor.<\/p>\n<p>-Tesisin a\u00e7\u0131l\u0131\u015f\u0131 12 Haziran\u2019da yap\u0131lacak.<\/p>\n<p>\u00c7aml\u0131bel b\u00f6lgesinde bulunan tesise ta\u015f\u0131nan ye\u015fil ot ve dallar, hayvan g\u00fcbresinin yard\u0131m\u0131yla 3-6 hafta s\u00fcren havaland\u0131rma ve nemlendirme s\u00fcreci sonunda komposta d\u00f6n\u00fc\u015ft\u00fcr\u00fcl\u00fcyor. S\u00fcrecin itina ile takip edilmesi, y\u0131\u011f\u0131nlar\u0131n s\u0131cakl\u0131\u011f\u0131n\u0131n 70 dereceyi bulmamas\u0131 gerekiyor; aksi halde s\u00fcre\u00e7 duraksar. Bu nedenle her g\u00fcn y\u0131\u011f\u0131nlar\u0131n s\u0131cakl\u0131\u011f\u0131n\u0131n al\u0131nmas\u0131 \u00f6nemli.<\/p>\n<p>-Ataser: \u201cBug\u00fcn itibar\u0131yla t\u00fcm \u00fcretilen kompostun al\u0131c\u0131s\u0131 haz\u0131r\u201d<\/p>\n<p>Lapta Alsancak \u00c7aml\u0131bel Belediye Ba\u015fkan\u0131 F\u0131rat Ataser, projenin maliyetinin 690 bin <a href=\"https:\/\/brtk.net\/\">Euro<\/a> oldu\u011funu, 2017\u2019ye dayand\u0131\u011f\u0131n\u0131, Lapta Belediyesi ile Alsancak Belediyesi\u2019nin ortak fikri ile ba\u015flad\u0131\u011f\u0131n\u0131 anlatt\u0131.<\/p>\n<p>Projenin bir \u015fekilde sonland\u0131r\u0131lamad\u0131\u011f\u0131n\u0131 kaydeden Ataser, yerel se\u00e7imlerin ard\u0131ndan Avrupa Komisyonu yetkilileri ile ger\u00e7ekle\u015ftirdi\u011fi bir g\u00f6r\u00fc\u015fme sonras\u0131, 2.5 ayl\u0131k bir s\u00fcrede tesisi tamamlad\u0131klar\u0131n\u0131 s\u00f6yledi. Ataser, tesisin 4 bin 400 metre karelik bir alan kapsad\u0131\u011f\u0131 bilgisini de verdi.<\/p>\n<p>Daha \u00f6nce vah\u015fi bir \u015fekilde bertaraf edilen ye\u015fil at\u0131klar\u0131n \u015fimdi komposta d\u00f6n\u00fc\u015ft\u00fcr\u00fcld\u00fc\u011f\u00fcn\u00fc anlatan Ataser, \u00fcretilen kompostun al\u0131c\u0131s\u0131n\u0131n da haz\u0131r oldu\u011funu belirtti.<\/p>\n<p>Par\u00e7alama i\u00e7in al\u0131nan makinelerin daha b\u00fcy\u00fck \u00f6l\u00e7ekte bir \u00fcretim i\u00e7in yetersiz kalabilece\u011fini ifade eden Ataser, daha b\u00fcy\u00fck hacimdeki i\u015fler i\u00e7in par\u00e7alama makinelerinin b\u00fcy\u00fct\u00fclmesi gerekti\u011fini ifade etti.<\/p>\n<p>Ataser, projenin Kuzey K\u0131br\u0131s\u2019ta benzerinin bulunmad\u0131\u011f\u0131n\u0131 da belirtti.<\/p>\n<p>-Kavuno\u011flu: \u201cVatanda\u015f\u0131n ye\u015fil at\u0131\u011f\u0131n\u0131 tesise getirmesi hem belediye hem de vatanda\u015f i\u00e7in tasarruf sa\u011flayacak\u201d<\/p>\n<p>Lapta Alsancak \u00c7aml\u0131bel Belediyesi B\u00f6lge Amiri Mehmet Kavuno\u011flu ise, kompostun sat\u0131\u015f\u0131na hen\u00fcz ba\u015flanmad\u0131\u011f\u0131n\u0131, fiyat\u0131n\u0131n da yak\u0131n zamanda belirlenece\u011fini kaydetti.<\/p>\n<p>Ge\u00e7mi\u015fte ye\u015fil at\u0131\u011f\u0131n periyotlarla \u00fccret kar\u015f\u0131l\u0131\u011f\u0131 topland\u0131\u011f\u0131n\u0131 dile getiren Kavuno\u011flu, vatanda\u015f\u0131n ye\u015fil at\u0131\u011f\u0131n\u0131 tesise getirmesinin hem belediye hem de vatanda\u015f i\u00e7in tasarruf sa\u011flayaca\u011f\u0131n\u0131, vatanda\u015f\u0131 buna al\u0131\u015ft\u0131rmak gerekti\u011fini belirtti.<\/p>\n<p>Kavuno\u011flu, ye\u015fil at\u0131kla ilgili bilgilendirme bro\u015f\u00fcr\u00fc de haz\u0131rlanarak da\u011f\u0131t\u0131lmas\u0131n\u0131n da proje kapsam\u0131nda oldu\u011funu ifade etti.<\/p>\n<p>Ye\u015fil at\u0131\u011f\u0131n nakliyesinin ciddi bir maliyet olu\u015fturdu\u011funa i\u015faret eden Kavuno\u011flu, g\u00fcndemlerinde ince a\u011fa\u00e7 dallar\u0131n\u0131n yerinde \u00f6\u011f\u00fct\u00fcld\u00fckten sonra par\u00e7alanm\u0131\u015f halde tesise nakil edilmesi oldu\u011funu, bunun ciddi bir tasarruf sa\u011flayaca\u011f\u0131n\u0131 s\u00f6yledi.<\/p>\n<p>-Yal\u00e7\u0131n: \u201cYe\u015fil at\u0131\u011f\u0131n komposta d\u00f6n\u00fc\u015fmesi 3-6 hafta aras\u0131 bir s\u00fcre al\u0131yor\u201d<\/p>\n<p>Compostlab tesisi \u00e7evre m\u00fchendisi Alper Yal\u00e7\u0131n da, tesise gelen ye\u015fil at\u0131klar\u0131n \u00f6nce ayr\u0131\u015ft\u0131r\u0131ld\u0131\u011f\u0131n\u0131 anlatt\u0131.<\/p>\n<p>Odun sobas\u0131na uygun par\u00e7alar\u0131n ayr\u0131\u015ft\u0131r\u0131larak sobal\u0131k odun olarak sat\u0131\u015fa sunuldu\u011funu, geriye kalanlar\u0131n ise \u00f6\u011f\u00fctme makinesinden ge\u00e7irilerek kompostlama i\u00e7in s\u0131ra y\u0131\u011f\u0131nlar haline getirildi\u011fini kaydeden Yal\u00e7\u0131n, bu y\u0131\u011f\u0131nlara faydal\u0131 bakterilerin \u00e7o\u011falmas\u0131 ve \u00e7\u00fcr\u00fcmeyi h\u0131zland\u0131rmas\u0131 i\u00e7in hayvan g\u00fcbresi ve toprak kar\u0131\u015ft\u0131r\u0131ld\u0131\u011f\u0131n\u0131 belirtti.<\/p>\n<p>Y\u0131\u011f\u0131nlar\u0131n d\u00fczenli bir \u015fekilde \u0131slat\u0131l\u0131p, \u00f6zel aletle kar\u0131\u015ft\u0131r\u0131ld\u0131\u011f\u0131n\u0131 kaydeden Yal\u00e7\u0131n, en \u00f6nemli noktalardan birinin de y\u0131\u011f\u0131nlar\u0131n i\u00e7erisinin s\u0131cakl\u0131\u011f\u0131n\u0131n 70 dereceyi bulmas\u0131n\u0131 engellemek oldu\u011funu s\u00f6yledi. Yal\u00e7\u0131n, y\u0131\u011f\u0131nlar\u0131n s\u0131cakl\u0131\u011f\u0131n\u0131 40 santimlik ucu bulunan bir termometre ile her g\u00fcn \u00f6l\u00e7t\u00fc\u011f\u00fcn\u00fc, genelde s\u0131cakl\u0131\u011f\u0131n 65 dereceye kadar y\u00fckseldi\u011fini, bu s\u0131cakl\u0131\u011f\u0131n y\u0131\u011f\u0131nlardaki zararl\u0131 yabanc\u0131 ot tohumlar\u0131, nematodlar, b\u00f6cek yumurtalar\u0131n\u0131n \u00f6ld\u00fc\u011f\u00fcn\u00fc kaydetti. Alper, y\u0131\u011f\u0131nlardaki s\u0131cakl\u0131\u011f\u0131n 70 dereceyi bulmas\u0131 halinde faydal\u0131 bakterilerin \u00f6lmeye ba\u015flad\u0131\u011f\u0131n\u0131 ve kompostlama s\u00fcrecinin durdu\u011funu ifade etti.<\/p>\n<p>Yal\u00e7\u0131n, \u201cS\u0131cakl\u0131k 70 dereceye yakla\u015ft\u0131\u011f\u0131nda, s\u0131cakl\u0131\u011f\u0131n d\u00fc\u015f\u00fcr\u00fclmesi i\u00e7in y\u0131\u011f\u0131nlar kar\u0131\u015ft\u0131r\u0131l\u0131p \u0131slat\u0131l\u0131yor\u201d dedi.<\/p>\n<p>Ye\u015fil at\u0131\u011f\u0131n komposta d\u00f6n\u00fc\u015fmesinin 3-6 hafta aras\u0131 bir s\u00fcre ald\u0131\u011f\u0131n\u0131 kaydeden Yal\u00e7\u0131n, olgunla\u015fan kompostlar\u0131n elekten ge\u00e7irilerek torbaland\u0131\u011f\u0131n\u0131 ve sat\u0131\u015fa haz\u0131r hale getirildi\u011fini anlatt\u0131.<\/p>\n<p>T\u00fcm ye\u015fil at\u0131klar\u0131n kompostlama i\u00e7in uygun olmad\u0131\u011f\u0131n\u0131 kaydeden Yal\u00e7\u0131n, hurma dallar\u0131n\u0131n fazla lifli olmas\u0131, \u00e7am i\u011fnelerinin de \u00e7\u00fcr\u00fcmemesinden dolay\u0131 kompostlamada kullan\u0131lmad\u0131\u011f\u0131n\u0131 s\u00f6yledi.<\/p>\n<p>\u00dclkedeki tar\u0131msal topra\u011f\u0131n en b\u00fcy\u00fck eksi\u011finin organik madde oldu\u011funu dile getiren Yal\u00e7\u0131n, \u201cKompost veya hayvan g\u00fcbresi, topra\u011f\u0131n daha kolay i\u015flenmesinde, kullan\u0131lan kimyasal g\u00fcbrelerdeki minerallerin ve suyun toprakta daha uzun s\u00fcre kalmas\u0131nda ve minerallerin yararl\u0131 hale d\u00f6n\u00fc\u015ft\u00fcr\u00fclmesinde \u00f6nemli rol oynuyor\u201d dedi.<\/p>\n<\/p><\/div>\n<p><script async\n                    defer\n                    crossorigin=\"anonymous\"\n                    src=\"https:\/\/connect.facebook.net\/tr_TR\/sdk.js#xfbml=1&#038;version=v3.3\"\n            ><\/script><\/p>\n","protected":false},"excerpt":{"rendered":"<p>\u00a0 Lapta-Alsancak \u00c7aml\u0131bel Belediyesi, b\u00f6lgede \u00e7\u0131kan ye\u015fil at\u0131\u011f\u0131, kurdu\u011fu kompostlama (organik g\u00fcbre) tesisinde de\u011ferlendirmeye ba\u015flad\u0131. Belediye\u2019nin Avrupa Komisyonu\u2019nun deste\u011fiyle 4 bin 400 metrekarelik alan \u00fczerinde hayata ge\u00e7irdi\u011fi kompostlama tesisi KKTC\u2019de ilk olma \u00f6zelli\u011fi ta\u015f\u0131yor. -Tesisin a\u00e7\u0131l\u0131\u015f\u0131 12 Haziran\u2019da yap\u0131lacak. \u00c7aml\u0131bel b\u00f6lgesinde bulunan tesise ta\u015f\u0131nan ye\u015fil ot ve dallar, hayvan g\u00fcbresinin yard\u0131m\u0131yla 3-6 hafta s\u00fcren havaland\u0131rma<\/p>\n","protected":false},"author":1,"featured_media":8601,"comment_status":"open","ping_status":"open","sticky":false,"template":"","format":"standard","meta":{"footnotes":""},"categories":[1],"tags":[],"class_list":["post-8600","post","type-post","status-publish","format-standard","has-post-thumbnail","hentry","category-gundem"],"yoast_head":"<!-- This site is optimized with the Yoast SEO plugin v27.5 - https:\/\/yoast.com\/product\/yoast-seo-wordpress\/ -->\n<title>\u0130lk kompostlama tesisi Lapta-Alsancak \u00c7aml\u0131bel Belediyesi taraf\u0131ndan faaliyete ge\u00e7iriliyor -<\/title>\n<meta name=\"robots\" content=\"index, follow, max-snippet:-1, max-image-preview:large, max-video-preview:-1\" \/>\n<link rel=\"canonical\" href=\"https:\/\/kibrisdakik.com\/?p=8600\" \/>\n<meta property=\"og:locale\" content=\"tr_TR\" \/>\n<meta property=\"og:type\" content=\"article\" \/>\n<meta property=\"og:title\" content=\"\u0130lk kompostlama tesisi Lapta-Alsancak \u00c7aml\u0131bel Belediyesi taraf\u0131ndan faaliyete ge\u00e7iriliyor -\" \/>\n<meta property=\"og:description\" content=\"\u00a0 Lapta-Alsancak \u00c7aml\u0131bel Belediyesi, b\u00f6lgede \u00e7\u0131kan ye\u015fil at\u0131\u011f\u0131, kurdu\u011fu kompostlama (organik g\u00fcbre) tesisinde de\u011ferlendirmeye ba\u015flad\u0131. Belediye\u2019nin Avrupa Komisyonu\u2019nun deste\u011fiyle 4 bin 400 metrekarelik alan \u00fczerinde hayata ge\u00e7irdi\u011fi kompostlama tesisi KKTC\u2019de ilk olma \u00f6zelli\u011fi ta\u015f\u0131yor. -Tesisin a\u00e7\u0131l\u0131\u015f\u0131 12 Haziran\u2019da yap\u0131lacak. \u00c7aml\u0131bel b\u00f6lgesinde bulunan tesise ta\u015f\u0131nan ye\u015fil ot ve dallar, hayvan g\u00fcbresinin yard\u0131m\u0131yla 3-6 hafta s\u00fcren havaland\u0131rma\" \/>\n<meta property=\"og:url\" content=\"https:\/\/kibrisdakik.com\/?p=8600\" \/>\n<meta property=\"article:published_time\" content=\"2023-06-11T08:22:54+00:00\" \/>\n<meta property=\"og:image\" content=\"https:\/\/kibrisdakik.com\/wp-content\/uploads\/2023\/06\/camlibel-kompost-uretim-tesisi-1-so-740x420.jpg\" \/>\n\t<meta property=\"og:image:width\" content=\"2480\" \/>\n\t<meta property=\"og:image:height\" content=\"1656\" \/>\n\t<meta property=\"og:image:type\" content=\"image\/jpeg\" \/>\n<meta name=\"author\" content=\"admin\" \/>\n<meta name=\"twitter:card\" content=\"summary_large_image\" \/>\n<meta name=\"twitter:label1\" content=\"Yazan:\" \/>\n\t<meta name=\"twitter:data1\" content=\"admin\" \/>\n\t<meta name=\"twitter:label2\" content=\"Tahmini okuma s\u00fcresi\" \/>\n\t<meta name=\"twitter:data2\" content=\"4 dakika\" \/>\n<script type=\"application\/ld+json\" class=\"yoast-schema-graph\">{\"@context\":\"https:\\\/\\\/schema.org\",\"@graph\":[{\"@type\":\"Article\",\"@id\":\"https:\\\/\\\/kibrisdakik.com\\\/?p=8600#article\",\"isPartOf\":{\"@id\":\"https:\\\/\\\/kibrisdakik.com\\\/?p=8600\"},\"author\":{\"name\":\"admin\",\"@id\":\"https:\\\/\\\/kibrisdakik.com\\\/#\\\/schema\\\/person\\\/9cd9d437bbb44f72b73ba127e06d8e79\"},\"headline\":\"\u0130lk kompostlama tesisi Lapta-Alsancak \u00c7aml\u0131bel Belediyesi taraf\u0131ndan faaliyete ge\u00e7iriliyor\",\"datePublished\":\"2023-06-11T08:22:54+00:00\",\"mainEntityOfPage\":{\"@id\":\"https:\\\/\\\/kibrisdakik.com\\\/?p=8600\"},\"wordCount\":869,\"commentCount\":0,\"image\":{\"@id\":\"https:\\\/\\\/kibrisdakik.com\\\/?p=8600#primaryimage\"},\"thumbnailUrl\":\"https:\\\/\\\/kibrisdakik.com\\\/wp-content\\\/uploads\\\/2023\\\/06\\\/camlibel-kompost-uretim-tesisi-1-so-740x420.jpg\",\"articleSection\":[\"G\u00fcndem\"],\"inLanguage\":\"tr\",\"potentialAction\":[{\"@type\":\"CommentAction\",\"name\":\"Comment\",\"target\":[\"https:\\\/\\\/kibrisdakik.com\\\/?p=8600#respond\"]}]},{\"@type\":\"WebPage\",\"@id\":\"https:\\\/\\\/kibrisdakik.com\\\/?p=8600\",\"url\":\"https:\\\/\\\/kibrisdakik.com\\\/?p=8600\",\"name\":\"\u0130lk kompostlama tesisi Lapta-Alsancak \u00c7aml\u0131bel Belediyesi taraf\u0131ndan faaliyete ge\u00e7iriliyor -\",\"isPartOf\":{\"@id\":\"https:\\\/\\\/kibrisdakik.com\\\/#website\"},\"primaryImageOfPage\":{\"@id\":\"https:\\\/\\\/kibrisdakik.com\\\/?p=8600#primaryimage\"},\"image\":{\"@id\":\"https:\\\/\\\/kibrisdakik.com\\\/?p=8600#primaryimage\"},\"thumbnailUrl\":\"https:\\\/\\\/kibrisdakik.com\\\/wp-content\\\/uploads\\\/2023\\\/06\\\/camlibel-kompost-uretim-tesisi-1-so-740x420.jpg\",\"datePublished\":\"2023-06-11T08:22:54+00:00\",\"author\":{\"@id\":\"https:\\\/\\\/kibrisdakik.com\\\/#\\\/schema\\\/person\\\/9cd9d437bbb44f72b73ba127e06d8e79\"},\"breadcrumb\":{\"@id\":\"https:\\\/\\\/kibrisdakik.com\\\/?p=8600#breadcrumb\"},\"inLanguage\":\"tr\",\"potentialAction\":[{\"@type\":\"ReadAction\",\"target\":[\"https:\\\/\\\/kibrisdakik.com\\\/?p=8600\"]}]},{\"@type\":\"ImageObject\",\"inLanguage\":\"tr\",\"@id\":\"https:\\\/\\\/kibrisdakik.com\\\/?p=8600#primaryimage\",\"url\":\"https:\\\/\\\/kibrisdakik.com\\\/wp-content\\\/uploads\\\/2023\\\/06\\\/camlibel-kompost-uretim-tesisi-1-so-740x420.jpg\",\"contentUrl\":\"https:\\\/\\\/kibrisdakik.com\\\/wp-content\\\/uploads\\\/2023\\\/06\\\/camlibel-kompost-uretim-tesisi-1-so-740x420.jpg\",\"width\":2480,\"height\":1656},{\"@type\":\"BreadcrumbList\",\"@id\":\"https:\\\/\\\/kibrisdakik.com\\\/?p=8600#breadcrumb\",\"itemListElement\":[{\"@type\":\"ListItem\",\"position\":1,\"name\":\"Home\",\"item\":\"https:\\\/\\\/kibrisdakik.com\\\/\"},{\"@type\":\"ListItem\",\"position\":2,\"name\":\"\u0130lk kompostlama tesisi Lapta-Alsancak \u00c7aml\u0131bel Belediyesi taraf\u0131ndan faaliyete ge\u00e7iriliyor\"}]},{\"@type\":\"WebSite\",\"@id\":\"https:\\\/\\\/kibrisdakik.com\\\/#website\",\"url\":\"https:\\\/\\\/kibrisdakik.com\\\/\",\"name\":\"\",\"description\":\"Tam vaktinde haber\",\"potentialAction\":[{\"@type\":\"SearchAction\",\"target\":{\"@type\":\"EntryPoint\",\"urlTemplate\":\"https:\\\/\\\/kibrisdakik.com\\\/?s={search_term_string}\"},\"query-input\":{\"@type\":\"PropertyValueSpecification\",\"valueRequired\":true,\"valueName\":\"search_term_string\"}}],\"inLanguage\":\"tr\"},{\"@type\":\"Person\",\"@id\":\"https:\\\/\\\/kibrisdakik.com\\\/#\\\/schema\\\/person\\\/9cd9d437bbb44f72b73ba127e06d8e79\",\"name\":\"admin\",\"image\":{\"@type\":\"ImageObject\",\"inLanguage\":\"tr\",\"@id\":\"https:\\\/\\\/secure.gravatar.com\\\/avatar\\\/ccc17943b9d660506c869530f897617f7cb1c21a4bf30023f252596d83e1f007?s=96&d=mm&r=g\",\"url\":\"https:\\\/\\\/secure.gravatar.com\\\/avatar\\\/ccc17943b9d660506c869530f897617f7cb1c21a4bf30023f252596d83e1f007?s=96&d=mm&r=g\",\"contentUrl\":\"https:\\\/\\\/secure.gravatar.com\\\/avatar\\\/ccc17943b9d660506c869530f897617f7cb1c21a4bf30023f252596d83e1f007?s=96&d=mm&r=g\",\"caption\":\"admin\"},\"sameAs\":[\"https:\\\/\\\/kibrisdakik.com\"],\"url\":\"https:\\\/\\\/kibrisdakik.com\\\/?author=1\"}]}<\/script>\n<!-- \/ Yoast SEO plugin. -->","yoast_head_json":{"title":"\u0130lk kompostlama tesisi Lapta-Alsancak \u00c7aml\u0131bel Belediyesi taraf\u0131ndan faaliyete ge\u00e7iriliyor -","robots":{"index":"index","follow":"follow","max-snippet":"max-snippet:-1","max-image-preview":"max-image-preview:large","max-video-preview":"max-video-preview:-1"},"canonical":"https:\/\/kibrisdakik.com\/?p=8600","og_locale":"tr_TR","og_type":"article","og_title":"\u0130lk kompostlama tesisi Lapta-Alsancak \u00c7aml\u0131bel Belediyesi taraf\u0131ndan faaliyete ge\u00e7iriliyor -","og_description":"\u00a0 Lapta-Alsancak \u00c7aml\u0131bel Belediyesi, b\u00f6lgede \u00e7\u0131kan ye\u015fil at\u0131\u011f\u0131, kurdu\u011fu kompostlama (organik g\u00fcbre) tesisinde de\u011ferlendirmeye ba\u015flad\u0131. Belediye\u2019nin Avrupa Komisyonu\u2019nun deste\u011fiyle 4 bin 400 metrekarelik alan \u00fczerinde hayata ge\u00e7irdi\u011fi kompostlama tesisi KKTC\u2019de ilk olma \u00f6zelli\u011fi ta\u015f\u0131yor. -Tesisin a\u00e7\u0131l\u0131\u015f\u0131 12 Haziran\u2019da yap\u0131lacak. \u00c7aml\u0131bel b\u00f6lgesinde bulunan tesise ta\u015f\u0131nan ye\u015fil ot ve dallar, hayvan g\u00fcbresinin yard\u0131m\u0131yla 3-6 hafta s\u00fcren havaland\u0131rma","og_url":"https:\/\/kibrisdakik.com\/?p=8600","article_published_time":"2023-06-11T08:22:54+00:00","og_image":[{"width":2480,"height":1656,"url":"https:\/\/kibrisdakik.com\/wp-content\/uploads\/2023\/06\/camlibel-kompost-uretim-tesisi-1-so-740x420.jpg","type":"image\/jpeg"}],"author":"admin","twitter_card":"summary_large_image","twitter_misc":{"Yazan:":"admin","Tahmini okuma s\u00fcresi":"4 dakika"},"schema":{"@context":"https:\/\/schema.org","@graph":[{"@type":"Article","@id":"https:\/\/kibrisdakik.com\/?p=8600#article","isPartOf":{"@id":"https:\/\/kibrisdakik.com\/?p=8600"},"author":{"name":"admin","@id":"https:\/\/kibrisdakik.com\/#\/schema\/person\/9cd9d437bbb44f72b73ba127e06d8e79"},"headline":"\u0130lk kompostlama tesisi Lapta-Alsancak \u00c7aml\u0131bel Belediyesi taraf\u0131ndan faaliyete ge\u00e7iriliyor","datePublished":"2023-06-11T08:22:54+00:00","mainEntityOfPage":{"@id":"https:\/\/kibrisdakik.com\/?p=8600"},"wordCount":869,"commentCount":0,"image":{"@id":"https:\/\/kibrisdakik.com\/?p=8600#primaryimage"},"thumbnailUrl":"https:\/\/kibrisdakik.com\/wp-content\/uploads\/2023\/06\/camlibel-kompost-uretim-tesisi-1-so-740x420.jpg","articleSection":["G\u00fcndem"],"inLanguage":"tr","potentialAction":[{"@type":"CommentAction","name":"Comment","target":["https:\/\/kibrisdakik.com\/?p=8600#respond"]}]},{"@type":"WebPage","@id":"https:\/\/kibrisdakik.com\/?p=8600","url":"https:\/\/kibrisdakik.com\/?p=8600","name":"\u0130lk kompostlama tesisi Lapta-Alsancak \u00c7aml\u0131bel Belediyesi taraf\u0131ndan faaliyete ge\u00e7iriliyor -","isPartOf":{"@id":"https:\/\/kibrisdakik.com\/#website"},"primaryImageOfPage":{"@id":"https:\/\/kibrisdakik.com\/?p=8600#primaryimage"},"image":{"@id":"https:\/\/kibrisdakik.com\/?p=8600#primaryimage"},"thumbnailUrl":"https:\/\/kibrisdakik.com\/wp-content\/uploads\/2023\/06\/camlibel-kompost-uretim-tesisi-1-so-740x420.jpg","datePublished":"2023-06-11T08:22:54+00:00","author":{"@id":"https:\/\/kibrisdakik.com\/#\/schema\/person\/9cd9d437bbb44f72b73ba127e06d8e79"},"breadcrumb":{"@id":"https:\/\/kibrisdakik.com\/?p=8600#breadcrumb"},"inLanguage":"tr","potentialAction":[{"@type":"ReadAction","target":["https:\/\/kibrisdakik.com\/?p=8600"]}]},{"@type":"ImageObject","inLanguage":"tr","@id":"https:\/\/kibrisdakik.com\/?p=8600#primaryimage","url":"https:\/\/kibrisdakik.com\/wp-content\/uploads\/2023\/06\/camlibel-kompost-uretim-tesisi-1-so-740x420.jpg","contentUrl":"https:\/\/kibrisdakik.com\/wp-content\/uploads\/2023\/06\/camlibel-kompost-uretim-tesisi-1-so-740x420.jpg","width":2480,"height":1656},{"@type":"BreadcrumbList","@id":"https:\/\/kibrisdakik.com\/?p=8600#breadcrumb","itemListElement":[{"@type":"ListItem","position":1,"name":"Home","item":"https:\/\/kibrisdakik.com\/"},{"@type":"ListItem","position":2,"name":"\u0130lk kompostlama tesisi Lapta-Alsancak \u00c7aml\u0131bel Belediyesi taraf\u0131ndan faaliyete ge\u00e7iriliyor"}]},{"@type":"WebSite","@id":"https:\/\/kibrisdakik.com\/#website","url":"https:\/\/kibrisdakik.com\/","name":"","description":"Tam vaktinde haber","potentialAction":[{"@type":"SearchAction","target":{"@type":"EntryPoint","urlTemplate":"https:\/\/kibrisdakik.com\/?s={search_term_string}"},"query-input":{"@type":"PropertyValueSpecification","valueRequired":true,"valueName":"search_term_string"}}],"inLanguage":"tr"},{"@type":"Person","@id":"https:\/\/kibrisdakik.com\/#\/schema\/person\/9cd9d437bbb44f72b73ba127e06d8e79","name":"admin","image":{"@type":"ImageObject","inLanguage":"tr","@id":"https:\/\/secure.gravatar.com\/avatar\/ccc17943b9d660506c869530f897617f7cb1c21a4bf30023f252596d83e1f007?s=96&d=mm&r=g","url":"https:\/\/secure.gravatar.com\/avatar\/ccc17943b9d660506c869530f897617f7cb1c21a4bf30023f252596d83e1f007?s=96&d=mm&r=g","contentUrl":"https:\/\/secure.gravatar.com\/avatar\/ccc17943b9d660506c869530f897617f7cb1c21a4bf30023f252596d83e1f007?s=96&d=mm&r=g","caption":"admin"},"sameAs":["https:\/\/kibrisdakik.com"],"url":"https:\/\/kibrisdakik.com\/?author=1"}]}},"_links":{"self":[{"href":"https:\/\/kibrisdakik.com\/index.php?rest_route=\/wp\/v2\/posts\/8600","targetHints":{"allow":["GET"]}}],"collection":[{"href":"https:\/\/kibrisdakik.com\/index.php?rest_route=\/wp\/v2\/posts"}],"about":[{"href":"https:\/\/kibrisdakik.com\/index.php?rest_route=\/wp\/v2\/types\/post"}],"author":[{"embeddable":true,"href":"https:\/\/kibrisdakik.com\/index.php?rest_route=\/wp\/v2\/users\/1"}],"replies":[{"embeddable":true,"href":"https:\/\/kibrisdakik.com\/index.php?rest_route=%2Fwp%2Fv2%2Fcomments&post=8600"}],"version-history":[{"count":0,"href":"https:\/\/kibrisdakik.com\/index.php?rest_route=\/wp\/v2\/posts\/8600\/revisions"}],"wp:featuredmedia":[{"embeddable":true,"href":"https:\/\/kibrisdakik.com\/index.php?rest_route=\/wp\/v2\/media\/8601"}],"wp:attachment":[{"href":"https:\/\/kibrisdakik.com\/index.php?rest_route=%2Fwp%2Fv2%2Fmedia&parent=8600"}],"wp:term":[{"taxonomy":"category","embeddable":true,"href":"https:\/\/kibrisdakik.com\/index.php?rest_route=%2Fwp%2Fv2%2Fcategories&post=8600"},{"taxonomy":"post_tag","embeddable":true,"href":"https:\/\/kibrisdakik.com\/index.php?rest_route=%2Fwp%2Fv2%2Ftags&post=8600"}],"curies":[{"name":"wp","href":"https:\/\/api.w.org\/{rel}","templated":true}]}}