{"id":86017,"date":"2025-07-09T16:12:02","date_gmt":"2025-07-09T13:12:02","guid":{"rendered":"https:\/\/kibrisdakik.com\/index.php\/2025\/07\/09\/bakan-ataoglu-kktcnin-yalnizliga-terk-edilmesine-turk-dunyasi-sessiz-kalmamali\/"},"modified":"2025-07-09T16:12:02","modified_gmt":"2025-07-09T13:12:02","slug":"bakan-ataoglu-kktcnin-yalnizliga-terk-edilmesine-turk-dunyasi-sessiz-kalmamali","status":"publish","type":"post","link":"https:\/\/kibrisdakik.com\/?p=86017","title":{"rendered":"Bakan Atao\u011flu: KKTC\u2019nin yaln\u0131zl\u0131\u011fa terk edilmesine T\u00fcrk D\u00fcnyas\u0131 sessiz kalmamal\u0131"},"content":{"rendered":"<p> <br \/>\n<\/p>\n<div>\n<div class=\"mariselle-image-container center\">\n                                            <\/div>\n<p>T\u00fcrk Devletleri Te\u015fkilat\u0131 Turizmden Sorumlu Bakanlar 10. Toplant\u0131s\u0131, te\u015fkilata \u00fcye ve g\u00f6zlemci \u00fclkelerin kat\u0131l\u0131m\u0131yla Ankara\u2019da d\u00fczenlendi. Toplant\u0131ya Kuzey K\u0131br\u0131s T\u00fcrk Cumhuriyeti, Azerbaycan, Kazakistan, K\u0131rg\u0131zistan, \u00d6zbekistan, T\u00fcrkmenistan, Macaristan ve T\u00fcrkiye\u2019den temsilciler kat\u0131ld\u0131. <\/p>\n<p>KKTC\u2019yi temsilen toplant\u0131ya kat\u0131lan Ba\u015fbakan Yard\u0131mc\u0131s\u0131, Turizm, K\u00fclt\u00fcr, Gen\u00e7lik ve \u00c7evre Bakan\u0131 Fikri Atao\u011flu, yapt\u0131\u011f\u0131 konu\u015fmada i\u015f birli\u011finin \u00f6nemine dikkat \u00e7ekerek, T\u00fcrk d\u00fcnyas\u0131 \u00fclkeleriyle turizm alan\u0131ndaki entegrasyonun art\u0131r\u0131lmas\u0131 gerekti\u011fini vurgulad\u0131. Atao\u011flu, KKTC\u2019nin bu alandaki tecr\u00fcbe ve potansiyelini payla\u015fmaya haz\u0131r oldu\u011funu belirtti. <\/p>\n<p>KKTC ad\u0131na kat\u0131l\u0131mc\u0131lar\u0131 selamlayan Atao\u011flu, bu stratejik toplant\u0131n\u0131n sadece turizm de\u011fil, ayn\u0131 zamanda ortak tarih ve k\u00fclt\u00fcrel ba\u011flar a\u00e7\u0131s\u0131ndan da b\u00fcy\u00fck \u00f6nem ta\u015f\u0131d\u0131\u011f\u0131n\u0131 vurgulad\u0131. <\/p>\n<p><strong>\u201cAmbargolar Sadece Bizi De\u011fil, B\u00f6lgenin Refah\u0131n\u0131 Engelliyor\u201d <\/strong><\/p>\n<p> Konu\u015fmas\u0131nda KKTC\u2019nin y\u0131llard\u0131r a\u011f\u0131r izolasyonlara maruz kald\u0131\u011f\u0131n\u0131 hat\u0131rlatan Atao\u011flu, \u00f6zellikle direkt u\u00e7u\u015f yasa\u011f\u0131n\u0131n, spor, k\u00fclt\u00fcr, sanat ve turizm gibi bir\u00e7ok alanda halk\u0131 ma\u011fdur etti\u011fini s\u00f6yledi.<br \/>Atao\u011flu, \u201cBu haks\u0131z ambargolar sadece bizim kalk\u0131nmam\u0131z\u0131 de\u011fil, t\u00fcm b\u00f6lgenin bar\u0131\u015f ve refah\u0131n\u0131 olumsuz etkiliyor\u201d dedi. <\/p>\n<p><strong>\u201cTurizmde Potansiyelimiz \u00c7ok Y\u00fcksek, Ama Engelleniyoruz\u201d <\/strong><br \/>KKTC\u2019nin tarihi, do\u011fas\u0131, sahilleri ve zengin mutfa\u011f\u0131yla \u00f6nemli bir turizm destinasyonu oldu\u011funu ifade eden Atao\u011flu, \u201cAncak uygulanan k\u0131s\u0131tlamalar nedeniyle turizm potansiyelimizin \u00e7ok alt\u0131nda kal\u0131yoruz\u201d a\u00e7\u0131klamas\u0131nda bulundu. <\/p>\n<div class=\"mariselle-image-container center\">\n                <img loading=\"lazy\" decoding=\"async\" width=\"2560\" height=\"1711\" class=\"lazy-image\" alt=\"\" sizes=\"auto, (max-width: 2560px) 100vw, 2560px\" src=\"https:\/\/brtk.net\/wp-content\/uploads\/2025\/07\/09\/2-scaled.jpg?ver=7659439726be7e178275b944665a7159\" srcset=\"https:\/\/brtk.net\/wp-content\/uploads\/2025\/07\/09\/2-scaled.jpg?ver=7659439726be7e178275b944665a7159 2560w, https:\/\/brtk.net\/wp-content\/uploads\/2025\/07\/09\/2-300x201.jpg?ver=7659439726be7e178275b944665a7159 300w, https:\/\/brtk.net\/wp-content\/uploads\/2025\/07\/09\/2-1024x684.jpg?ver=7659439726be7e178275b944665a7159 1024w, https:\/\/brtk.net\/wp-content\/uploads\/2025\/07\/09\/2-768x513.jpg?ver=00f1dbc0b0ccbef6f1b0fa08372ebf29 768w, https:\/\/brtk.net\/wp-content\/uploads\/2025\/07\/09\/2-1536x1027.jpg?ver=d1bbdfff4e8b0e98c64974c77199081d 1536w, https:\/\/brtk.net\/wp-content\/uploads\/2025\/07\/09\/2-2048x1369.jpg?ver=a97cce7ae76592e91f6b602dbe61abd4 2048w\"\/>                            <\/div>\n<p>\n<strong>\u2018T\u00fcrk Devletleri\u2019ne \u00c7a\u011fr\u0131: Somut Ad\u0131mlar At\u0131ls\u0131n \u2018<\/strong><\/p>\n<p> Bakan Atao\u011flu, T\u00fcrk Devletleri Te\u015fkilat\u0131\u2019na \u015fu alanlarda destek \u00e7a\u011fr\u0131s\u0131nda bulundu: <\/p>\n<p>Kar\u015f\u0131l\u0131kl\u0131 turist ak\u0131\u015f\u0131n\u0131n art\u0131r\u0131lmas\u0131 <\/p>\n<p>Ortak tan\u0131t\u0131m kampanyalar\u0131n\u0131n yap\u0131lmas\u0131 <\/p>\n<p>KKTC\u2019ye k\u00fclt\u00fcrel etkinliklerde daha fazla g\u00f6r\u00fcn\u00fcrl\u00fck kazand\u0131r\u0131lmas\u0131 <\/p>\n<p>U\u00e7u\u015f ba\u011flant\u0131lar\u0131n\u0131n kolayla\u015ft\u0131r\u0131lmas\u0131 <\/p>\n<p>\u201cBu Adaletsizlik T\u00fcm T\u00fcrk D\u00fcnyas\u0131\u2019na Yap\u0131l\u0131yor\u201d<br \/>Atao\u011flu, KKTC\u2019nin T\u00fcrk D\u00fcnyas\u0131\u2019n\u0131n ayr\u0131lmaz bir par\u00e7as\u0131 oldu\u011funu hat\u0131rlatarak, \u201cK\u0131br\u0131s T\u00fcrk halk\u0131n\u0131n yaln\u0131zl\u0131\u011fa terk edilmemesi gerekir. Bu yaln\u0131zl\u0131k sadece bize de\u011fil, T\u00fcrk D\u00fcnyas\u0131\u2019n\u0131n birlik ve onuruna da zarar vermektedir\u201d dedi. <\/p>\n<p>Konu\u015fmas\u0131n\u0131, \u201cHepinizi Kuzey K\u0131br\u0131s\u2019a davet ediyor, bu g\u00fczel adada sizleri misafir etmekten onur duyar\u0131z\u201d s\u00f6zleriyle tamamlad\u0131.<\/p>\n<\/p><\/div>\n<p><script async\n                    defer\n                    crossorigin=\"anonymous\"\n                    src=\"https:\/\/connect.facebook.net\/tr_TR\/sdk.js#xfbml=1&#038;version=v3.3\"\n            ><\/script><br \/>\n<br \/><br \/>\n<br \/><a href=\"[kibrisdakik.com]\n<\/p>\n","protected":false},"excerpt":{"rendered":"<p>T\u00fcrk Devletleri Te\u015fkilat\u0131 Turizmden Sorumlu Bakanlar 10. Toplant\u0131s\u0131, te\u015fkilata \u00fcye ve g\u00f6zlemci \u00fclkelerin kat\u0131l\u0131m\u0131yla Ankara\u2019da d\u00fczenlendi. Toplant\u0131ya Kuzey K\u0131br\u0131s T\u00fcrk Cumhuriyeti, Azerbaycan, Kazakistan, K\u0131rg\u0131zistan, \u00d6zbekistan, T\u00fcrkmenistan, Macaristan ve T\u00fcrkiye\u2019den temsilciler kat\u0131ld\u0131. KKTC\u2019yi temsilen toplant\u0131ya kat\u0131lan Ba\u015fbakan Yard\u0131mc\u0131s\u0131, Turizm, K\u00fclt\u00fcr, Gen\u00e7lik ve \u00c7evre Bakan\u0131 Fikri Atao\u011flu, yapt\u0131\u011f\u0131 konu\u015fmada i\u015f birli\u011finin \u00f6nemine dikkat \u00e7ekerek, T\u00fcrk d\u00fcnyas\u0131 \u00fclkeleriyle<\/p>\n","protected":false},"author":1,"featured_media":86018,"comment_status":"open","ping_status":"open","sticky":false,"template":"","format":"standard","meta":{"footnotes":""},"categories":[81,101],"tags":[],"class_list":["post-86017","post","type-post","status-publish","format-standard","has-post-thumbnail","hentry","category-kibris","category-manset"],"yoast_head":"<!-- This site is optimized with the Yoast SEO plugin v27.5 - https:\/\/yoast.com\/product\/yoast-seo-wordpress\/ -->\n<title>Bakan Atao\u011flu: KKTC\u2019nin yaln\u0131zl\u0131\u011fa terk edilmesine T\u00fcrk D\u00fcnyas\u0131 sessiz kalmamal\u0131 -<\/title>\n<meta name=\"robots\" content=\"index, follow, max-snippet:-1, max-image-preview:large, max-video-preview:-1\" \/>\n<link rel=\"canonical\" href=\"https:\/\/kibrisdakik.com\/?p=86017\" \/>\n<meta property=\"og:locale\" content=\"tr_TR\" \/>\n<meta property=\"og:type\" content=\"article\" \/>\n<meta property=\"og:title\" content=\"Bakan Atao\u011flu: KKTC\u2019nin yaln\u0131zl\u0131\u011fa terk edilmesine T\u00fcrk D\u00fcnyas\u0131 sessiz kalmamal\u0131 -\" \/>\n<meta property=\"og:description\" content=\"T\u00fcrk Devletleri Te\u015fkilat\u0131 Turizmden Sorumlu Bakanlar 10. Toplant\u0131s\u0131, te\u015fkilata \u00fcye ve g\u00f6zlemci \u00fclkelerin kat\u0131l\u0131m\u0131yla Ankara\u2019da d\u00fczenlendi. Toplant\u0131ya Kuzey K\u0131br\u0131s T\u00fcrk Cumhuriyeti, Azerbaycan, Kazakistan, K\u0131rg\u0131zistan, \u00d6zbekistan, T\u00fcrkmenistan, Macaristan ve T\u00fcrkiye\u2019den temsilciler kat\u0131ld\u0131. KKTC\u2019yi temsilen toplant\u0131ya kat\u0131lan Ba\u015fbakan Yard\u0131mc\u0131s\u0131, Turizm, K\u00fclt\u00fcr, Gen\u00e7lik ve \u00c7evre Bakan\u0131 Fikri Atao\u011flu, yapt\u0131\u011f\u0131 konu\u015fmada i\u015f birli\u011finin \u00f6nemine dikkat \u00e7ekerek, T\u00fcrk d\u00fcnyas\u0131 \u00fclkeleriyle\" \/>\n<meta property=\"og:url\" content=\"https:\/\/kibrisdakik.com\/?p=86017\" \/>\n<meta property=\"article:published_time\" content=\"2025-07-09T13:12:02+00:00\" \/>\n<meta property=\"og:image\" content=\"https:\/\/kibrisdakik.com\/wp-content\/uploads\/2025\/07\/1-scaled-740x420.jpg\" \/>\n\t<meta property=\"og:image:width\" content=\"2560\" \/>\n\t<meta property=\"og:image:height\" content=\"1441\" \/>\n\t<meta property=\"og:image:type\" content=\"image\/jpeg\" \/>\n<meta name=\"author\" content=\"admin\" \/>\n<meta name=\"twitter:card\" content=\"summary_large_image\" \/>\n<meta name=\"twitter:label1\" content=\"Yazan:\" \/>\n\t<meta name=\"twitter:data1\" content=\"admin\" \/>\n\t<meta name=\"twitter:label2\" content=\"Tahmini okuma s\u00fcresi\" \/>\n\t<meta name=\"twitter:data2\" content=\"2 dakika\" \/>\n<script type=\"application\/ld+json\" class=\"yoast-schema-graph\">{\"@context\":\"https:\\\/\\\/schema.org\",\"@graph\":[{\"@type\":\"Article\",\"@id\":\"https:\\\/\\\/kibrisdakik.com\\\/?p=86017#article\",\"isPartOf\":{\"@id\":\"https:\\\/\\\/kibrisdakik.com\\\/?p=86017\"},\"author\":{\"name\":\"admin\",\"@id\":\"https:\\\/\\\/kibrisdakik.com\\\/#\\\/schema\\\/person\\\/9cd9d437bbb44f72b73ba127e06d8e79\"},\"headline\":\"Bakan Atao\u011flu: KKTC\u2019nin yaln\u0131zl\u0131\u011fa terk edilmesine T\u00fcrk D\u00fcnyas\u0131 sessiz kalmamal\u0131\",\"datePublished\":\"2025-07-09T13:12:02+00:00\",\"mainEntityOfPage\":{\"@id\":\"https:\\\/\\\/kibrisdakik.com\\\/?p=86017\"},\"wordCount\":460,\"commentCount\":0,\"image\":{\"@id\":\"https:\\\/\\\/kibrisdakik.com\\\/?p=86017#primaryimage\"},\"thumbnailUrl\":\"https:\\\/\\\/kibrisdakik.com\\\/wp-content\\\/uploads\\\/2025\\\/07\\\/1-scaled-740x420.jpg\",\"articleSection\":[\"K\u0131br\u0131s\",\"Man\u015fet\"],\"inLanguage\":\"tr\",\"potentialAction\":[{\"@type\":\"CommentAction\",\"name\":\"Comment\",\"target\":[\"https:\\\/\\\/kibrisdakik.com\\\/?p=86017#respond\"]}]},{\"@type\":\"WebPage\",\"@id\":\"https:\\\/\\\/kibrisdakik.com\\\/?p=86017\",\"url\":\"https:\\\/\\\/kibrisdakik.com\\\/?p=86017\",\"name\":\"Bakan Atao\u011flu: KKTC\u2019nin yaln\u0131zl\u0131\u011fa terk edilmesine T\u00fcrk D\u00fcnyas\u0131 sessiz kalmamal\u0131 -\",\"isPartOf\":{\"@id\":\"https:\\\/\\\/kibrisdakik.com\\\/#website\"},\"primaryImageOfPage\":{\"@id\":\"https:\\\/\\\/kibrisdakik.com\\\/?p=86017#primaryimage\"},\"image\":{\"@id\":\"https:\\\/\\\/kibrisdakik.com\\\/?p=86017#primaryimage\"},\"thumbnailUrl\":\"https:\\\/\\\/kibrisdakik.com\\\/wp-content\\\/uploads\\\/2025\\\/07\\\/1-scaled-740x420.jpg\",\"datePublished\":\"2025-07-09T13:12:02+00:00\",\"author\":{\"@id\":\"https:\\\/\\\/kibrisdakik.com\\\/#\\\/schema\\\/person\\\/9cd9d437bbb44f72b73ba127e06d8e79\"},\"breadcrumb\":{\"@id\":\"https:\\\/\\\/kibrisdakik.com\\\/?p=86017#breadcrumb\"},\"inLanguage\":\"tr\",\"potentialAction\":[{\"@type\":\"ReadAction\",\"target\":[\"https:\\\/\\\/kibrisdakik.com\\\/?p=86017\"]}]},{\"@type\":\"ImageObject\",\"inLanguage\":\"tr\",\"@id\":\"https:\\\/\\\/kibrisdakik.com\\\/?p=86017#primaryimage\",\"url\":\"https:\\\/\\\/kibrisdakik.com\\\/wp-content\\\/uploads\\\/2025\\\/07\\\/1-scaled-740x420.jpg\",\"contentUrl\":\"https:\\\/\\\/kibrisdakik.com\\\/wp-content\\\/uploads\\\/2025\\\/07\\\/1-scaled-740x420.jpg\",\"width\":2560,\"height\":1441},{\"@type\":\"BreadcrumbList\",\"@id\":\"https:\\\/\\\/kibrisdakik.com\\\/?p=86017#breadcrumb\",\"itemListElement\":[{\"@type\":\"ListItem\",\"position\":1,\"name\":\"Home\",\"item\":\"https:\\\/\\\/kibrisdakik.com\\\/\"},{\"@type\":\"ListItem\",\"position\":2,\"name\":\"Bakan Atao\u011flu: KKTC\u2019nin yaln\u0131zl\u0131\u011fa terk edilmesine T\u00fcrk D\u00fcnyas\u0131 sessiz kalmamal\u0131\"}]},{\"@type\":\"WebSite\",\"@id\":\"https:\\\/\\\/kibrisdakik.com\\\/#website\",\"url\":\"https:\\\/\\\/kibrisdakik.com\\\/\",\"name\":\"\",\"description\":\"Tam vaktinde haber\",\"potentialAction\":[{\"@type\":\"SearchAction\",\"target\":{\"@type\":\"EntryPoint\",\"urlTemplate\":\"https:\\\/\\\/kibrisdakik.com\\\/?s={search_term_string}\"},\"query-input\":{\"@type\":\"PropertyValueSpecification\",\"valueRequired\":true,\"valueName\":\"search_term_string\"}}],\"inLanguage\":\"tr\"},{\"@type\":\"Person\",\"@id\":\"https:\\\/\\\/kibrisdakik.com\\\/#\\\/schema\\\/person\\\/9cd9d437bbb44f72b73ba127e06d8e79\",\"name\":\"admin\",\"image\":{\"@type\":\"ImageObject\",\"inLanguage\":\"tr\",\"@id\":\"https:\\\/\\\/secure.gravatar.com\\\/avatar\\\/ccc17943b9d660506c869530f897617f7cb1c21a4bf30023f252596d83e1f007?s=96&d=mm&r=g\",\"url\":\"https:\\\/\\\/secure.gravatar.com\\\/avatar\\\/ccc17943b9d660506c869530f897617f7cb1c21a4bf30023f252596d83e1f007?s=96&d=mm&r=g\",\"contentUrl\":\"https:\\\/\\\/secure.gravatar.com\\\/avatar\\\/ccc17943b9d660506c869530f897617f7cb1c21a4bf30023f252596d83e1f007?s=96&d=mm&r=g\",\"caption\":\"admin\"},\"sameAs\":[\"https:\\\/\\\/kibrisdakik.com\"],\"url\":\"https:\\\/\\\/kibrisdakik.com\\\/?author=1\"}]}<\/script>\n<!-- \/ Yoast SEO plugin. -->","yoast_head_json":{"title":"Bakan Atao\u011flu: KKTC\u2019nin yaln\u0131zl\u0131\u011fa terk edilmesine T\u00fcrk D\u00fcnyas\u0131 sessiz kalmamal\u0131 -","robots":{"index":"index","follow":"follow","max-snippet":"max-snippet:-1","max-image-preview":"max-image-preview:large","max-video-preview":"max-video-preview:-1"},"canonical":"https:\/\/kibrisdakik.com\/?p=86017","og_locale":"tr_TR","og_type":"article","og_title":"Bakan Atao\u011flu: KKTC\u2019nin yaln\u0131zl\u0131\u011fa terk edilmesine T\u00fcrk D\u00fcnyas\u0131 sessiz kalmamal\u0131 -","og_description":"T\u00fcrk Devletleri Te\u015fkilat\u0131 Turizmden Sorumlu Bakanlar 10. Toplant\u0131s\u0131, te\u015fkilata \u00fcye ve g\u00f6zlemci \u00fclkelerin kat\u0131l\u0131m\u0131yla Ankara\u2019da d\u00fczenlendi. Toplant\u0131ya Kuzey K\u0131br\u0131s T\u00fcrk Cumhuriyeti, Azerbaycan, Kazakistan, K\u0131rg\u0131zistan, \u00d6zbekistan, T\u00fcrkmenistan, Macaristan ve T\u00fcrkiye\u2019den temsilciler kat\u0131ld\u0131. KKTC\u2019yi temsilen toplant\u0131ya kat\u0131lan Ba\u015fbakan Yard\u0131mc\u0131s\u0131, Turizm, K\u00fclt\u00fcr, Gen\u00e7lik ve \u00c7evre Bakan\u0131 Fikri Atao\u011flu, yapt\u0131\u011f\u0131 konu\u015fmada i\u015f birli\u011finin \u00f6nemine dikkat \u00e7ekerek, T\u00fcrk d\u00fcnyas\u0131 \u00fclkeleriyle","og_url":"https:\/\/kibrisdakik.com\/?p=86017","article_published_time":"2025-07-09T13:12:02+00:00","og_image":[{"width":2560,"height":1441,"url":"https:\/\/kibrisdakik.com\/wp-content\/uploads\/2025\/07\/1-scaled-740x420.jpg","type":"image\/jpeg"}],"author":"admin","twitter_card":"summary_large_image","twitter_misc":{"Yazan:":"admin","Tahmini okuma s\u00fcresi":"2 dakika"},"schema":{"@context":"https:\/\/schema.org","@graph":[{"@type":"Article","@id":"https:\/\/kibrisdakik.com\/?p=86017#article","isPartOf":{"@id":"https:\/\/kibrisdakik.com\/?p=86017"},"author":{"name":"admin","@id":"https:\/\/kibrisdakik.com\/#\/schema\/person\/9cd9d437bbb44f72b73ba127e06d8e79"},"headline":"Bakan Atao\u011flu: KKTC\u2019nin yaln\u0131zl\u0131\u011fa terk edilmesine T\u00fcrk D\u00fcnyas\u0131 sessiz kalmamal\u0131","datePublished":"2025-07-09T13:12:02+00:00","mainEntityOfPage":{"@id":"https:\/\/kibrisdakik.com\/?p=86017"},"wordCount":460,"commentCount":0,"image":{"@id":"https:\/\/kibrisdakik.com\/?p=86017#primaryimage"},"thumbnailUrl":"https:\/\/kibrisdakik.com\/wp-content\/uploads\/2025\/07\/1-scaled-740x420.jpg","articleSection":["K\u0131br\u0131s","Man\u015fet"],"inLanguage":"tr","potentialAction":[{"@type":"CommentAction","name":"Comment","target":["https:\/\/kibrisdakik.com\/?p=86017#respond"]}]},{"@type":"WebPage","@id":"https:\/\/kibrisdakik.com\/?p=86017","url":"https:\/\/kibrisdakik.com\/?p=86017","name":"Bakan Atao\u011flu: KKTC\u2019nin yaln\u0131zl\u0131\u011fa terk edilmesine T\u00fcrk D\u00fcnyas\u0131 sessiz kalmamal\u0131 -","isPartOf":{"@id":"https:\/\/kibrisdakik.com\/#website"},"primaryImageOfPage":{"@id":"https:\/\/kibrisdakik.com\/?p=86017#primaryimage"},"image":{"@id":"https:\/\/kibrisdakik.com\/?p=86017#primaryimage"},"thumbnailUrl":"https:\/\/kibrisdakik.com\/wp-content\/uploads\/2025\/07\/1-scaled-740x420.jpg","datePublished":"2025-07-09T13:12:02+00:00","author":{"@id":"https:\/\/kibrisdakik.com\/#\/schema\/person\/9cd9d437bbb44f72b73ba127e06d8e79"},"breadcrumb":{"@id":"https:\/\/kibrisdakik.com\/?p=86017#breadcrumb"},"inLanguage":"tr","potentialAction":[{"@type":"ReadAction","target":["https:\/\/kibrisdakik.com\/?p=86017"]}]},{"@type":"ImageObject","inLanguage":"tr","@id":"https:\/\/kibrisdakik.com\/?p=86017#primaryimage","url":"https:\/\/kibrisdakik.com\/wp-content\/uploads\/2025\/07\/1-scaled-740x420.jpg","contentUrl":"https:\/\/kibrisdakik.com\/wp-content\/uploads\/2025\/07\/1-scaled-740x420.jpg","width":2560,"height":1441},{"@type":"BreadcrumbList","@id":"https:\/\/kibrisdakik.com\/?p=86017#breadcrumb","itemListElement":[{"@type":"ListItem","position":1,"name":"Home","item":"https:\/\/kibrisdakik.com\/"},{"@type":"ListItem","position":2,"name":"Bakan Atao\u011flu: KKTC\u2019nin yaln\u0131zl\u0131\u011fa terk edilmesine T\u00fcrk D\u00fcnyas\u0131 sessiz kalmamal\u0131"}]},{"@type":"WebSite","@id":"https:\/\/kibrisdakik.com\/#website","url":"https:\/\/kibrisdakik.com\/","name":"","description":"Tam vaktinde haber","potentialAction":[{"@type":"SearchAction","target":{"@type":"EntryPoint","urlTemplate":"https:\/\/kibrisdakik.com\/?s={search_term_string}"},"query-input":{"@type":"PropertyValueSpecification","valueRequired":true,"valueName":"search_term_string"}}],"inLanguage":"tr"},{"@type":"Person","@id":"https:\/\/kibrisdakik.com\/#\/schema\/person\/9cd9d437bbb44f72b73ba127e06d8e79","name":"admin","image":{"@type":"ImageObject","inLanguage":"tr","@id":"https:\/\/secure.gravatar.com\/avatar\/ccc17943b9d660506c869530f897617f7cb1c21a4bf30023f252596d83e1f007?s=96&d=mm&r=g","url":"https:\/\/secure.gravatar.com\/avatar\/ccc17943b9d660506c869530f897617f7cb1c21a4bf30023f252596d83e1f007?s=96&d=mm&r=g","contentUrl":"https:\/\/secure.gravatar.com\/avatar\/ccc17943b9d660506c869530f897617f7cb1c21a4bf30023f252596d83e1f007?s=96&d=mm&r=g","caption":"admin"},"sameAs":["https:\/\/kibrisdakik.com"],"url":"https:\/\/kibrisdakik.com\/?author=1"}]}},"_links":{"self":[{"href":"https:\/\/kibrisdakik.com\/index.php?rest_route=\/wp\/v2\/posts\/86017","targetHints":{"allow":["GET"]}}],"collection":[{"href":"https:\/\/kibrisdakik.com\/index.php?rest_route=\/wp\/v2\/posts"}],"about":[{"href":"https:\/\/kibrisdakik.com\/index.php?rest_route=\/wp\/v2\/types\/post"}],"author":[{"embeddable":true,"href":"https:\/\/kibrisdakik.com\/index.php?rest_route=\/wp\/v2\/users\/1"}],"replies":[{"embeddable":true,"href":"https:\/\/kibrisdakik.com\/index.php?rest_route=%2Fwp%2Fv2%2Fcomments&post=86017"}],"version-history":[{"count":0,"href":"https:\/\/kibrisdakik.com\/index.php?rest_route=\/wp\/v2\/posts\/86017\/revisions"}],"wp:featuredmedia":[{"embeddable":true,"href":"https:\/\/kibrisdakik.com\/index.php?rest_route=\/wp\/v2\/media\/86018"}],"wp:attachment":[{"href":"https:\/\/kibrisdakik.com\/index.php?rest_route=%2Fwp%2Fv2%2Fmedia&parent=86017"}],"wp:term":[{"taxonomy":"category","embeddable":true,"href":"https:\/\/kibrisdakik.com\/index.php?rest_route=%2Fwp%2Fv2%2Fcategories&post=86017"},{"taxonomy":"post_tag","embeddable":true,"href":"https:\/\/kibrisdakik.com\/index.php?rest_route=%2Fwp%2Fv2%2Ftags&post=86017"}],"curies":[{"name":"wp","href":"https:\/\/api.w.org\/{rel}","templated":true}]}}