{"id":86029,"date":"2025-07-09T18:57:02","date_gmt":"2025-07-09T15:57:02","guid":{"rendered":"https:\/\/kibrisdakik.com\/index.php\/2025\/07\/09\/catalkoy-degirmenlik-anayolundaki-kazalarin-engellenmesinin-ele-alindigi-dag-yolu-inisiyatifi-toplantisi-duzenlendi\/"},"modified":"2025-07-09T18:57:02","modified_gmt":"2025-07-09T15:57:02","slug":"catalkoy-degirmenlik-anayolundaki-kazalarin-engellenmesinin-ele-alindigi-dag-yolu-inisiyatifi-toplantisi-duzenlendi","status":"publish","type":"post","link":"https:\/\/kibrisdakik.com\/?p=86029","title":{"rendered":"\u00c7atalk\u00f6y-De\u011firmenlik anayolundaki kazalar\u0131n engellenmesinin ele al\u0131nd\u0131\u011f\u0131 \u201cDa\u011f Yolu \u0130nisiyatifi Toplant\u0131s\u0131\u201d d\u00fczenlendi"},"content":{"rendered":"<p> <br \/>\n<\/p>\n<div>\n<div class=\"mariselle-image-container none\">\n                                            <\/div>\n<p style=\"font-weight: 300;\"><span style=\"font-weight: 300 !important;\">\u00c7atalk\u00f6y-Esentepe Belediyesi, y\u0131llard\u0131r \u00f6l\u00fcml\u00fc kazalarla g\u00fcndemden d\u00fc\u015fmeyen \u00c7atalk\u00f6y De\u011firmenlik Anayoluyla ilgili sorunlar ve kazalara kar\u015f\u0131 \u00e7\u00f6z\u00fcm yarat\u0131lmas\u0131 konusunda \u00fclkede inisiyatif yaratmak amac\u0131yla, ilgili kurum ve sivil toplum temsilcilerini bir araya getiren bir toplant\u0131 d\u00fczenledi.<\/span><\/p>\n<p style=\"font-weight: 300;\"><span style=\"font-weight: 300 !important;\">Acapulco Resort Otel\u2019de yer alan toplant\u0131ya, baz\u0131 milletvekilleri, belediye ba\u015fkanlar, ilgili kurum ve sivil toplum \u00f6rg\u00fctlerinin temsilcileri kat\u0131ld\u0131.<\/span><\/p>\n<p style=\"font-weight: 300;\"><span style=\"font-weight: 300 !important;\">\u00c7atalk\u00f6y Esentepe Belediye Ba\u015fkan\u0131 Ceyhun K\u0131rok, ama\u00e7lar\u0131n\u0131n kavga ederek bir i\u015f yapmak de\u011fil, tam tersi Ula\u015ft\u0131rma Bakanl\u0131\u011f\u0131, Karayollar\u0131 Dairesi,\u00a0 birlikler, oda ba\u015fkanlar\u0131ndan destek alarak,\u00a0 ciddi \u00e7al\u0131\u015fan bir \u00f6rg\u00fctlenme i\u00e7inde yolun bir an \u00f6nce sa\u011fl\u0131kl\u0131 bir ula\u015f\u0131m yolu olmas\u0131na katk\u0131 sa\u011flamak oldu\u011funu vurgulad\u0131.<\/span><\/p>\n<p style=\"font-weight: 300;\"><span style=\"font-weight: 300 !important;\">\u00c7atalk\u00f6y De\u011firmenlik yolundaki sorunlar\u0131n vatanda\u015flar\u0131n ya\u015famlar\u0131n\u0131 tehdit eden bir boyuta ula\u015ft\u0131\u011f\u0131n\u0131 dile getiren K\u0131rok,\u00a0 9 y\u0131ld\u0131r g\u00f6reve gelen t\u00fcm h\u00fck\u00fcmetlerin, bahis konusu yolla ilgili s\u00f6zler verdi\u011fini kaydetti. \u00a0<\/span><\/p>\n<p style=\"font-weight: 300;\"><span style=\"font-weight: 300 !important;\">Yaln\u0131zca son alt\u0131 ayda, 1 Ocak-30 Haziran tarihleri aras\u0131nda b\u00f6lgede 23 trafik kazas\u0131 ya\u015fand\u0131\u011f\u0131n\u0131 belirten K\u0131rok, \u201cAma maalesef h\u00e2l\u00e2 bu konuda bir arpa boyu yol kat edemedik. Hepimiz birbirimize sadece nedenler sunuyoruz\u201d diyerek gelinen noktaya tepki g\u00f6sterdi.<\/span><\/p>\n<p style=\"font-weight: 300;\"><span style=\"font-weight: 300 !important;\">Ge\u00e7mi\u015fte s\u00f6z konusu g\u00fczergahla ilgili t\u00fcnel projesi oldu\u011funu, duble yol projesinin \u00fc\u00e7 \u015feride d\u00fc\u015ft\u00fc\u011f\u00fcn\u00fc, daha sonra da yolun mevcut 2 \u015feridinin geni\u015fletilerek iyile\u015ftirilmesinin g\u00fcndeme geldi\u011fini an\u0131msatan K\u0131rok, bug\u00fcn mevcut yolun bile \u00e7\u00f6kme a\u015famas\u0131na geldi\u011fini anlatt\u0131.<\/span><span style=\"font-weight: 300 !important;\">\u00a0<\/span><\/p>\n<p style=\"font-weight: 300;\"><span style=\"font-weight: 300 !important;\">Yolun \u00f6zellikle Arapk\u00f6y mevkiinde altyap\u0131s\u0131n\u0131n \u00e7\u00f6kt\u00fc\u011f\u00fcn\u00fc, baz\u0131 b\u00f6lgelerde ya\u011fmur sular\u0131 nedeniyle zemin bo\u015fald\u0131\u011f\u0131n\u0131, bariyerlerin \u00e7\u00f6kerek dere yataklar\u0131na d\u00fc\u015ft\u00fc\u011f\u00fcn\u00fc kaydeden K\u0131rok, ad\u0131m at\u0131lmamas\u0131 halinde daha ciddi kazalar\u0131n ya\u015fanaca\u011f\u0131n\u0131 aktard\u0131.<\/span><\/p>\n<p style=\"font-weight: 300;\"><span style=\"font-weight: 300 !important;\">Toplant\u0131ya Ula\u015ft\u0131rma Bakan\u0131 ve Karayollar\u0131 Dairesi M\u00fcd\u00fcr\u00fc\u2019n\u00fc de davet etti\u011fini belirten K\u0131rok, \u201cNeden bu ihalesi yap\u0131lm\u0131\u015f yol bir t\u00fcrl\u00fc yap\u0131lamad\u0131? Engeller neler? \u0130stimlak m\u0131? Parasal sorunlar m\u0131? Yoksa bu i\u015fi \u00fcstlenecek firma m\u0131 yok?\u201d diye sordu.<\/span><\/p>\n<p style=\"font-weight: 300;\"><span style=\"font-weight: 300 !important;\">Yapt\u0131\u011f\u0131 \u00e7a\u011fr\u0131n\u0131n ard\u0131ndan bir\u00e7ok ki\u015fi ve kurumdan destek mesajlar\u0131 ald\u0131\u011f\u0131n\u0131, baz\u0131 firmalar\u0131n i\u015f ara\u00e7lar\u0131n\u0131 bile g\u00f6n\u00fcll\u00fc olarak vermeye haz\u0131r olduklar\u0131n\u0131 s\u00f6yleyen K\u0131rok, belediyenin s\u0131n\u0131rl\u0131 imk\u00e2nlar\u0131na ra\u011fmen yol kenar\u0131ndaki temizlik \u00e7al\u0131\u015fmalar\u0131n\u0131 kendilerinin \u00fcstlendi\u011fini ifade etti.<\/span><\/p>\n<p style=\"font-weight: 300;\"><span style=\"font-weight: 300 !important;\">\u00c7atalk\u00f6y De\u011firmenlik yolunun, ya\u015famlar\u0131 tehdit eden bir \u00f6l\u00fcm yoluna d\u00f6n\u00fc\u015ft\u00fc\u011f\u00fcn\u00fc\u00a0 ve art\u0131k bu soruna ivedilikle \u00e7\u00f6z\u00fcm \u00fcretilmesi gerekti\u011fini vurgulayan K\u0131rok, buna \u00f6nc\u00fcl\u00fck etmek i\u00e7in ad\u0131m att\u0131klar\u0131n\u0131\u00a0 ifade etti.<\/span><\/p>\n<p style=\"font-weight: 300;\"><span style=\"font-weight: 300 !important;\">K\u0131br\u0131s T\u00fcrk M\u00fchendis ve Mimar Odalar\u0131 Birli\u011fi Genel Ba\u015fkan\u0131 Seran Aysal da konu\u015fmas\u0131nda, vatanda\u015f\u0131n trafik g\u00fcvensizli\u011fi nedeniyle can\u0131na zarar gelmesinin kabul edilebilir bir konu olmad\u0131\u011f\u0131n\u0131 kaydetti. M<\/span><span style=\"font-weight: 300 !important;\">erkezi y\u00f6netimin yollar konusunda ad\u0131m atmas\u0131 gerekti\u011fine dikkat \u00e7eken Aysal, yolun fiziki olarak bitti\u011fini kaydetti.<\/span><\/p>\n<p style=\"font-weight: 300;\"><span style=\"font-weight: 300 !important;\">K\u0131br\u0131s T\u00fcrk \u0130n\u015faat M\u00fcteahhitleri Birli\u011fi Ba\u015fkan\u0131 Cafer G\u00fcrcafer, Girne De\u011firmenlik yolunun y\u0131llard\u0131r yap\u0131lmamas\u0131n\u0131n nedeniyle ciddi sorunlar ya\u015fand\u0131\u011f\u0131n\u0131 belirterek, sorunun hem sosyal hem ekonomik a\u00e7\u0131dan b\u00fct\u00fcnl\u00fckl\u00fc olarak projelendirilerek \u00e7\u00f6z\u00fclmesi gerekti\u011fini kaydetti.<\/span><span style=\"font-weight: 300 !important;\">\u00a0<\/span><\/p>\n<p style=\"font-weight: 300;\"><span style=\"font-weight: 300 !important;\">Yol i\u00e7in gerekli kayna\u011f\u0131n gelece\u011fi yerin belli oldu\u011funu s\u00f6yleyen G\u00fcrcafer, \u00e7al\u0131\u015fman\u0131n projelendirilmesi a\u015famas\u0131na,\u00a0 KKTC\u2019deki payda\u015flar\u0131n \u00e7ok boyutlu \u015fekilde m\u00fcdahil olarak, projenin rant ama\u00e7l\u0131 de\u011fil do\u011fru amaca hizmet edecek bir projeye d\u00f6n\u00fc\u015fmesi sa\u011flanmas\u0131 gerekti\u011fini vurgulad\u0131.<\/span><\/p>\n<p style=\"font-weight: 300;\"><span style=\"font-weight: 300 !important;\">De\u011firmenlik Ak\u0131nc\u0131lar Belediye Ba\u015fkan\u0131 Ali Karavezirler de, Da\u011fyolu olarak bilinen\u00a0 Girne De\u011firmenlik anayolunun y\u0131llard\u0131r g\u00fcvenli bir hale getirilemedi\u011fini belirterek, en\u00a0 b\u00fcy\u00fck sorunun istimlakler konusu oldu\u011funu ifade etti.<\/span><\/p>\n<p style=\"font-weight: 300;\"><span style=\"font-weight: 300 !important;\">Y\u0131llard\u0131r g\u00f6reve gelen h\u00fck\u00fcmetlerin, bu konuda hi\u00e7bir ad\u0131m atmad\u0131\u011f\u0131n\u0131 dile getiren Karavezirler, bug\u00fcn toplant\u0131yla olu\u015fturulan inisiyatif ve haz\u0131rlanacak sonu\u00e7 bildirgesinin itici g\u00fc\u00e7 yaratmas\u0131n\u0131 diledi.<\/span><\/p>\n<p style=\"font-weight: 300;\"><span style=\"font-weight: 300 !important;\">25 ton s\u0131n\u0131rlamas\u0131na ra\u011fmen, her g\u00fcn yolu 40-45 tonluk ara\u00e7lar\u0131n kullanmas\u0131n\u0131n, yolda ciddi bir tahribata yol a\u00e7t\u0131\u011f\u0131n\u0131 kaydeden Karavezirler, ta\u015f ocaklar\u0131n\u0131n bulundu\u011fu beldeler olan De\u011firmenlik Ak\u0131nc\u0131lar ve Dikmen Belediyelerinin ilgili bakanl\u0131kla \u00e7\u0131kt\u0131klar\u0131 kantar ihalesinin 2 ay i\u00e7inde sonu\u00e7lanaca\u011f\u0131n\u0131 an\u0131msatt\u0131.<\/span><\/p>\n<p style=\"font-weight: 300;\"><span style=\"font-weight: 300 !important;\">Girne De\u011firmenlik yolunun yap\u0131lmas\u0131yla ilgili merkezi h\u00fck\u00fcmetin art\u0131k somut ad\u0131m atmas\u0131 gerekti\u011fini vurgulayan Karavezirler, belediye olarak projede her t\u00fcrl\u00fc sorumlulu\u011fu almaya haz\u0131r olduklar\u0131n\u0131 belirtti.<\/span><span style=\"font-weight: 300 !important;\">\u00a0<\/span><\/p>\n<p style=\"font-weight: 300;\"><span style=\"font-weight: 300 !important;\">Girne Belediye Ba\u015fkan\u0131 Murat \u015eenkul da, Girne De\u011firmenlik anayolundaki s\u0131k\u0131nt\u0131n\u0131n, \u00fclkedeki h\u0131zl\u0131 geli\u015fime altyap\u0131n\u0131n ayak uyduramamas\u0131ndan kaynaklanan sorunlardan biri oldu\u011funu vurgulayarak, hayati boyuta ula\u015fan sorunun y\u0131llar \u00f6nce \u00e7\u00f6z\u00fclm\u00fc\u015f olmas\u0131 gerekti\u011fini ifade etti.<\/span><\/p>\n<p style=\"font-weight: 300;\"><span style=\"font-weight: 300 !important;\">\u00dclkede yap\u0131lan her \u015feyin pop\u00fclizmle \u015fekillendi\u011fini, bug\u00fcn yarat\u0131lan ko\u015fullar\u0131n sebebinin de siyasal tercihler oldu\u011funu ifade eden \u015eenkul, bu sebeple konuyu siyasi zeminden uzakla\u015ft\u0131rarak \u00e7\u00f6z\u00fcm araman\u0131n tatmin edici bir sonu\u00e7 vermeyece\u011fini s\u00f6yledi.<\/span><\/p>\n<p style=\"font-weight: 300;\"><span style=\"font-weight: 300 !important;\">Yolda ya\u015fanan kazalarla ilgili sadece kamyoncular, ta\u015f ocaklar\u0131, betoncular\u0131 g\u00fcnah ke\u00e7isi ilan etmenin do\u011fru bir yakla\u015f\u0131m olmad\u0131\u011f\u0131n\u0131, su\u00e7lunun gerek siyasi tercihler gerekse farkl\u0131 sebeplerle, \u00fclkenin \u00f6nceli\u011fi olan altyap\u0131lar\u0131n planlamas\u0131n\u0131 yapmayan toplumun geneli oldu\u011funu kaydeden \u015eenkul,\u00a0 \u00fclkede bu zihniyetin de\u011fi\u015fmesi gerekti\u011fini belirtti.<\/span><\/p>\n<p style=\"font-weight: 300;\"><span style=\"font-weight: 300 !important;\">K\u0131br\u0131s T\u00fcrk Otelciler Birli\u011fi Ba\u015fkan\u0131 Dima\u011f \u00c7a\u011f\u0131ner, Girne De\u011firmenlik Anayolundan kaynaklanan sorunlar\u0131n ticari kayg\u0131lar, turizm sekt\u00f6r\u00fcne yarat\u0131lan s\u0131k\u0131nt\u0131lar\u0131 a\u015farak,\u00a0 vatanda\u015flar i\u00e7in hayati tehdit boyutuna ula\u015ft\u0131\u011f\u0131n\u0131 kaydederek, bu sorunun \u00e7\u00f6z\u00fcm\u00fcn\u00fcn \u00fclkenin \u00f6nceli\u011fi olmas\u0131 gerekti\u011fini dile getirdi.<\/span><\/p>\n<p style=\"font-weight: 300;\"><span style=\"font-weight: 300 !important;\">2026 y\u0131l\u0131nda b\u00f6lgede 3 otelin daha hizmete girece\u011fini, bunun da b\u00f6lgede trafik yo\u011funlu\u011fu ve kaza ihtimalini daha da artt\u0131raca\u011f\u0131n\u0131 s\u00f6yleyen \u00c7a\u011f\u0131ner, bunun engellenmesi gerekti\u011fini s\u00f6yledi.<\/span><\/p>\n<p style=\"font-weight: 300;\"><span style=\"font-weight: 300 !important;\">Toplant\u0131da merkezi y\u00f6netimden kat\u0131l\u0131m olmamas\u0131n\u0131 ele\u015ftiren \u00c7a\u011f\u0131ner, \u201cAmac\u0131m\u0131z\u00a0 kaliteli\u00a0 l\u00fcks yolarda\u00a0 gitmek de\u011fil,\u00a0\u00a0 can\u0131m\u0131z\u0131 koruyarak\u00a0 seyahat etmek\u201d diyerek bu sorunun \u00e7\u00f6z\u00fclebilmesi i\u00e7in merkezi, yerel y\u00f6netim ilgili kurum kurulu\u015f ve sivil toplum \u00f6rg\u00fctlerinin i\u015f birli\u011finin b\u00fcy\u00fck \u00f6nem ta\u015f\u0131d\u0131\u011f\u0131n\u0131 vurgulad\u0131.<\/span><\/p>\n<p style=\"font-weight: 300;\"><span style=\"font-weight: 300 !important;\">CTP Milletvekili Sami \u00d6zuslu da konu\u015fmas\u0131nda, vizyon, k\u0131sa, orta ve uzun vadeli planlamalar\u0131n olmad\u0131\u011f\u0131 yerlerde at\u0131lacak ad\u0131mlar\u0131n, g\u00fcn\u00fc birlik tedbirler olmaktan \u00f6teye gidemeyece\u011fini vurgulayarak, trafik kazalar\u0131 konusunda ciddi m\u00fccadele vererek, \u00fclkede, \u00f6l\u00fcmleri minimuma \u00e7eken \u00fclkelerin \u00f6rnek al\u0131nmas\u0131 gerekti\u011fini vurgulad\u0131.<\/span><\/p>\n<p style=\"font-weight: 300;\"><span style=\"font-weight: 300 !important;\">Mevcut h\u00fck\u00fcmetin, s\u00f6z konusu yol i\u00e7in s\u0131ras\u0131yla, duble yol, 3 \u015ferit, sonra t\u00fcnel projelerini ortaya att\u0131\u011f\u0131n\u0131, ard\u0131ndan mevcut 2 \u015feridinin geni\u015fletilerek iyile\u015ftirilmesi i\u00e7in ihaleye \u00e7\u0131k\u0131ld\u0131\u011f\u0131n\u0131 ancak bunun da yar\u0131m kald\u0131\u011f\u0131n\u0131 dile getiren \u00d6zuslu, Bay\u0131nd\u0131rl\u0131k ve Ula\u015ft\u0131rma Bakanl\u0131\u011f\u0131, Trafik Dairesi ve Karayollar\u0131 dairesi temsilcilerinin toplant\u0131ya kat\u0131lmamas\u0131n\u0131 ele\u015ftirdi.<\/span><\/p>\n<p style=\"font-weight: 300;\"><span style=\"font-weight: 300 !important;\">Da\u011f yolunun katliam gibi kazalar\u0131n ya\u015fand\u0131\u011f\u0131 bir \u00f6l\u00fcm yoluna d\u00f6n\u00fc\u015ft\u00fc\u011f\u00fcn\u00fc dile getiren \u00d6zuslu, hayat bulacak projelerin, \u00fclke\u00a0 hassasiyetleri ve ihtiya\u00e7lar\u0131 do\u011frultusunda ,\u00fclkedeki \u015fehir planc\u0131lar\u0131 , m\u00fchendisler ve yetkili merciler taraf\u0131ndan de\u011fil, Ankara\u2019dan haz\u0131rland\u0131\u011f\u0131 s\u00fcrece amaca hizmet edecek ba\u015far\u0131l\u0131\u00a0 altyap\u0131 projelerinin hayat bulmas\u0131n\u0131n zor oldu\u011funu s\u00f6yledi.<\/span><\/p>\n<p style=\"font-weight: 300;\"><span style=\"font-weight: 300 !important;\">\u00dclkede ciddi bir plans\u0131zl\u0131k ya\u015fand\u0131\u011f\u0131n\u0131, n\u00fcfusun son olarak asker ve \u00f6\u011frenciler hari\u00e7 590 bin\u00a0 olarak kay\u0131tl\u0131 ara\u00e7 say\u0131s\u0131n\u0131n da 450 bin olarak a\u00e7\u0131kland\u0131\u011f\u0131n\u0131 an\u0131msatan\u00a0 \u00d6zuslu, k\u00fc\u00e7\u00fck ya\u015flarda ailesini bir trafik kazas\u0131nda kaybeden ve\u00a0 bunun ac\u0131s\u0131n\u0131 ya\u015fayan bir birey olarak bu konuda bir an \u00f6nce ad\u0131m at\u0131lmas\u0131n\u0131 istedi.<\/span><\/p>\n<p style=\"font-weight: 300;\"><span style=\"font-weight: 300 !important;\">K\u0131br\u0131s T\u00fcrk Makine M\u00fchendisleri Odas\u0131 Ba\u015fkan\u0131 Ayer Yark\u0131ner, son 2 y\u0131lda trafikte can kayb\u0131n\u0131n iki bu\u00e7uk kat\u0131 artt\u0131\u011f\u0131n\u0131 an\u0131msatarak, odan\u0131n 5 y\u0131l\u0131n\u0131 g\u00fcvenli trafik ve g\u00fcvenli ula\u015f\u0131m konusuna konsantre olarak, 2019 ve 2025\u2019y\u0131llar\u0131nda 2 \u00e7al\u0131\u015ftay ger\u00e7ekle\u015ftirdi\u011fini kaydetti.<\/span><\/p>\n<p style=\"font-weight: 300;\"><span style=\"font-weight: 300 !important;\">Trafi\u011fin kan g\u00f6l\u00fcne d\u00f6nmesinin\u00a0 sadece yollara ba\u011flanamayaca\u011f\u0131n\u0131\u00a0 dile getirerek, \u00fclkede\u00a0 yollar ara\u00e7lar, yasalar, s\u00fcr\u00fcc\u00fclerin hi\u00e7 birinin\u00a0 g\u00fcvenli trafik i\u00e7in yeterlili\u011fi olmad\u0131\u011f\u0131n\u0131 vurgulayan Yark\u0131ner, odan\u0131n haz\u0131rlad\u0131\u011f\u0131 teknik raporla ilgili sunum ger\u00e7ekle\u015ftirdi.<\/span><\/p>\n<p style=\"font-weight: 300;\"><span style=\"font-weight: 300 !important;\">Yark\u0131ner\u2019in konu\u015fmas\u0131n\u0131n ard\u0131ndan, \u00c7atalk\u00f6y Esentepe Belediye Ba\u015fkan\u0131 Ceyhun K\u0131rok\u2019un \u00e7a\u011fr\u0131s\u0131yla ger\u00e7ekle\u015fen toplant\u0131da,\u00a0 oda temsilcileri, sivil toplum kurulu\u015flar\u0131, birlikler, dernekler, b\u00f6lge halk\u0131n\u0131n kat\u0131l\u0131m\u0131yla ger\u00e7ekle\u015fen toplant\u0131da, teknik \u00e7al\u0131\u015fmaya ge\u00e7ildi.<\/span><\/p>\n<p style=\"font-weight: 300;\"><span style=\"font-weight: 300 !important;\">Toplant\u0131n\u0131n ard\u0131ndan haz\u0131rlanacak sonu\u00e7 bildirgesi ise, daha sonraki g\u00fcnlerde Bay\u0131nd\u0131rl\u0131k ve Ula\u015ft\u0131rma bakanl\u0131\u011f\u0131 ve kamuoyuyla payla\u015f\u0131lacak.<\/span><\/p>\n<\/p><\/div>\n<p><script async\n                    defer\n                    crossorigin=\"anonymous\"\n                    src=\"https:\/\/connect.facebook.net\/tr_TR\/sdk.js#xfbml=1&#038;version=v3.3\"\n            ><\/script><br \/>\n<br \/><br \/>\n<br \/><a href=\"[kibrisdakik.com]\n<\/p>\n","protected":false},"excerpt":{"rendered":"<p>\u00c7atalk\u00f6y-Esentepe Belediyesi, y\u0131llard\u0131r \u00f6l\u00fcml\u00fc kazalarla g\u00fcndemden d\u00fc\u015fmeyen \u00c7atalk\u00f6y De\u011firmenlik Anayoluyla ilgili sorunlar ve kazalara kar\u015f\u0131 \u00e7\u00f6z\u00fcm yarat\u0131lmas\u0131 konusunda \u00fclkede inisiyatif yaratmak amac\u0131yla, ilgili kurum ve sivil toplum temsilcilerini bir araya getiren bir toplant\u0131 d\u00fczenledi. Acapulco Resort Otel\u2019de yer alan toplant\u0131ya, baz\u0131 milletvekilleri, belediye ba\u015fkanlar, ilgili kurum ve sivil toplum \u00f6rg\u00fctlerinin temsilcileri kat\u0131ld\u0131. \u00c7atalk\u00f6y Esentepe Belediye<\/p>\n","protected":false},"author":1,"featured_media":86030,"comment_status":"open","ping_status":"open","sticky":false,"template":"","format":"standard","meta":{"footnotes":""},"categories":[81,101],"tags":[],"class_list":["post-86029","post","type-post","status-publish","format-standard","has-post-thumbnail","hentry","category-kibris","category-manset"],"yoast_head":"<!-- This site is optimized with the Yoast SEO plugin v27.4 - https:\/\/yoast.com\/product\/yoast-seo-wordpress\/ -->\n<title>\u00c7atalk\u00f6y-De\u011firmenlik anayolundaki kazalar\u0131n engellenmesinin ele al\u0131nd\u0131\u011f\u0131 \u201cDa\u011f Yolu \u0130nisiyatifi Toplant\u0131s\u0131\u201d d\u00fczenlendi -<\/title>\n<meta name=\"robots\" content=\"index, follow, max-snippet:-1, max-image-preview:large, max-video-preview:-1\" \/>\n<link rel=\"canonical\" href=\"https:\/\/kibrisdakik.com\/?p=86029\" \/>\n<meta property=\"og:locale\" content=\"tr_TR\" \/>\n<meta property=\"og:type\" content=\"article\" \/>\n<meta property=\"og:title\" content=\"\u00c7atalk\u00f6y-De\u011firmenlik anayolundaki kazalar\u0131n engellenmesinin ele al\u0131nd\u0131\u011f\u0131 \u201cDa\u011f Yolu \u0130nisiyatifi Toplant\u0131s\u0131\u201d d\u00fczenlendi -\" \/>\n<meta property=\"og:description\" content=\"\u00c7atalk\u00f6y-Esentepe Belediyesi, y\u0131llard\u0131r \u00f6l\u00fcml\u00fc kazalarla g\u00fcndemden d\u00fc\u015fmeyen \u00c7atalk\u00f6y De\u011firmenlik Anayoluyla ilgili sorunlar ve kazalara kar\u015f\u0131 \u00e7\u00f6z\u00fcm yarat\u0131lmas\u0131 konusunda \u00fclkede inisiyatif yaratmak amac\u0131yla, ilgili kurum ve sivil toplum temsilcilerini bir araya getiren bir toplant\u0131 d\u00fczenledi. Acapulco Resort Otel\u2019de yer alan toplant\u0131ya, baz\u0131 milletvekilleri, belediye ba\u015fkanlar, ilgili kurum ve sivil toplum \u00f6rg\u00fctlerinin temsilcileri kat\u0131ld\u0131. \u00c7atalk\u00f6y Esentepe Belediye\" \/>\n<meta property=\"og:url\" content=\"https:\/\/kibrisdakik.com\/?p=86029\" \/>\n<meta property=\"article:published_time\" content=\"2025-07-09T15:57:02+00:00\" \/>\n<meta property=\"og:image\" content=\"https:\/\/kibrisdakik.com\/wp-content\/uploads\/2025\/07\/CATALKOY-3-740x420.jpg\" \/>\n\t<meta property=\"og:image:width\" content=\"927\" \/>\n\t<meta property=\"og:image:height\" content=\"559\" \/>\n\t<meta property=\"og:image:type\" content=\"image\/jpeg\" \/>\n<meta name=\"author\" content=\"admin\" \/>\n<meta name=\"twitter:card\" content=\"summary_large_image\" \/>\n<meta name=\"twitter:label1\" content=\"Yazan:\" \/>\n\t<meta name=\"twitter:data1\" content=\"admin\" \/>\n\t<meta name=\"twitter:label2\" content=\"Tahmini okuma s\u00fcresi\" \/>\n\t<meta name=\"twitter:data2\" content=\"8 dakika\" \/>\n<script type=\"application\/ld+json\" class=\"yoast-schema-graph\">{\"@context\":\"https:\\\/\\\/schema.org\",\"@graph\":[{\"@type\":\"Article\",\"@id\":\"https:\\\/\\\/kibrisdakik.com\\\/?p=86029#article\",\"isPartOf\":{\"@id\":\"https:\\\/\\\/kibrisdakik.com\\\/?p=86029\"},\"author\":{\"name\":\"admin\",\"@id\":\"https:\\\/\\\/kibrisdakik.com\\\/#\\\/schema\\\/person\\\/9cd9d437bbb44f72b73ba127e06d8e79\"},\"headline\":\"\u00c7atalk\u00f6y-De\u011firmenlik anayolundaki kazalar\u0131n engellenmesinin ele al\u0131nd\u0131\u011f\u0131 \u201cDa\u011f Yolu \u0130nisiyatifi Toplant\u0131s\u0131\u201d d\u00fczenlendi\",\"datePublished\":\"2025-07-09T15:57:02+00:00\",\"mainEntityOfPage\":{\"@id\":\"https:\\\/\\\/kibrisdakik.com\\\/?p=86029\"},\"wordCount\":1570,\"commentCount\":0,\"image\":{\"@id\":\"https:\\\/\\\/kibrisdakik.com\\\/?p=86029#primaryimage\"},\"thumbnailUrl\":\"https:\\\/\\\/kibrisdakik.com\\\/wp-content\\\/uploads\\\/2025\\\/07\\\/CATALKOY-3-740x420.jpg\",\"articleSection\":[\"K\u0131br\u0131s\",\"Man\u015fet\"],\"inLanguage\":\"tr\",\"potentialAction\":[{\"@type\":\"CommentAction\",\"name\":\"Comment\",\"target\":[\"https:\\\/\\\/kibrisdakik.com\\\/?p=86029#respond\"]}]},{\"@type\":\"WebPage\",\"@id\":\"https:\\\/\\\/kibrisdakik.com\\\/?p=86029\",\"url\":\"https:\\\/\\\/kibrisdakik.com\\\/?p=86029\",\"name\":\"\u00c7atalk\u00f6y-De\u011firmenlik anayolundaki kazalar\u0131n engellenmesinin ele al\u0131nd\u0131\u011f\u0131 \u201cDa\u011f Yolu \u0130nisiyatifi Toplant\u0131s\u0131\u201d d\u00fczenlendi -\",\"isPartOf\":{\"@id\":\"https:\\\/\\\/kibrisdakik.com\\\/#website\"},\"primaryImageOfPage\":{\"@id\":\"https:\\\/\\\/kibrisdakik.com\\\/?p=86029#primaryimage\"},\"image\":{\"@id\":\"https:\\\/\\\/kibrisdakik.com\\\/?p=86029#primaryimage\"},\"thumbnailUrl\":\"https:\\\/\\\/kibrisdakik.com\\\/wp-content\\\/uploads\\\/2025\\\/07\\\/CATALKOY-3-740x420.jpg\",\"datePublished\":\"2025-07-09T15:57:02+00:00\",\"author\":{\"@id\":\"https:\\\/\\\/kibrisdakik.com\\\/#\\\/schema\\\/person\\\/9cd9d437bbb44f72b73ba127e06d8e79\"},\"breadcrumb\":{\"@id\":\"https:\\\/\\\/kibrisdakik.com\\\/?p=86029#breadcrumb\"},\"inLanguage\":\"tr\",\"potentialAction\":[{\"@type\":\"ReadAction\",\"target\":[\"https:\\\/\\\/kibrisdakik.com\\\/?p=86029\"]}]},{\"@type\":\"ImageObject\",\"inLanguage\":\"tr\",\"@id\":\"https:\\\/\\\/kibrisdakik.com\\\/?p=86029#primaryimage\",\"url\":\"https:\\\/\\\/kibrisdakik.com\\\/wp-content\\\/uploads\\\/2025\\\/07\\\/CATALKOY-3-740x420.jpg\",\"contentUrl\":\"https:\\\/\\\/kibrisdakik.com\\\/wp-content\\\/uploads\\\/2025\\\/07\\\/CATALKOY-3-740x420.jpg\",\"width\":927,\"height\":559},{\"@type\":\"BreadcrumbList\",\"@id\":\"https:\\\/\\\/kibrisdakik.com\\\/?p=86029#breadcrumb\",\"itemListElement\":[{\"@type\":\"ListItem\",\"position\":1,\"name\":\"Home\",\"item\":\"https:\\\/\\\/kibrisdakik.com\\\/\"},{\"@type\":\"ListItem\",\"position\":2,\"name\":\"\u00c7atalk\u00f6y-De\u011firmenlik anayolundaki kazalar\u0131n engellenmesinin ele al\u0131nd\u0131\u011f\u0131 \u201cDa\u011f Yolu \u0130nisiyatifi Toplant\u0131s\u0131\u201d d\u00fczenlendi\"}]},{\"@type\":\"WebSite\",\"@id\":\"https:\\\/\\\/kibrisdakik.com\\\/#website\",\"url\":\"https:\\\/\\\/kibrisdakik.com\\\/\",\"name\":\"\",\"description\":\"Tam vaktinde haber\",\"potentialAction\":[{\"@type\":\"SearchAction\",\"target\":{\"@type\":\"EntryPoint\",\"urlTemplate\":\"https:\\\/\\\/kibrisdakik.com\\\/?s={search_term_string}\"},\"query-input\":{\"@type\":\"PropertyValueSpecification\",\"valueRequired\":true,\"valueName\":\"search_term_string\"}}],\"inLanguage\":\"tr\"},{\"@type\":\"Person\",\"@id\":\"https:\\\/\\\/kibrisdakik.com\\\/#\\\/schema\\\/person\\\/9cd9d437bbb44f72b73ba127e06d8e79\",\"name\":\"admin\",\"image\":{\"@type\":\"ImageObject\",\"inLanguage\":\"tr\",\"@id\":\"https:\\\/\\\/secure.gravatar.com\\\/avatar\\\/ccc17943b9d660506c869530f897617f7cb1c21a4bf30023f252596d83e1f007?s=96&d=mm&r=g\",\"url\":\"https:\\\/\\\/secure.gravatar.com\\\/avatar\\\/ccc17943b9d660506c869530f897617f7cb1c21a4bf30023f252596d83e1f007?s=96&d=mm&r=g\",\"contentUrl\":\"https:\\\/\\\/secure.gravatar.com\\\/avatar\\\/ccc17943b9d660506c869530f897617f7cb1c21a4bf30023f252596d83e1f007?s=96&d=mm&r=g\",\"caption\":\"admin\"},\"sameAs\":[\"https:\\\/\\\/kibrisdakik.com\"],\"url\":\"https:\\\/\\\/kibrisdakik.com\\\/?author=1\"}]}<\/script>\n<!-- \/ Yoast SEO plugin. -->","yoast_head_json":{"title":"\u00c7atalk\u00f6y-De\u011firmenlik anayolundaki kazalar\u0131n engellenmesinin ele al\u0131nd\u0131\u011f\u0131 \u201cDa\u011f Yolu \u0130nisiyatifi Toplant\u0131s\u0131\u201d d\u00fczenlendi -","robots":{"index":"index","follow":"follow","max-snippet":"max-snippet:-1","max-image-preview":"max-image-preview:large","max-video-preview":"max-video-preview:-1"},"canonical":"https:\/\/kibrisdakik.com\/?p=86029","og_locale":"tr_TR","og_type":"article","og_title":"\u00c7atalk\u00f6y-De\u011firmenlik anayolundaki kazalar\u0131n engellenmesinin ele al\u0131nd\u0131\u011f\u0131 \u201cDa\u011f Yolu \u0130nisiyatifi Toplant\u0131s\u0131\u201d d\u00fczenlendi -","og_description":"\u00c7atalk\u00f6y-Esentepe Belediyesi, y\u0131llard\u0131r \u00f6l\u00fcml\u00fc kazalarla g\u00fcndemden d\u00fc\u015fmeyen \u00c7atalk\u00f6y De\u011firmenlik Anayoluyla ilgili sorunlar ve kazalara kar\u015f\u0131 \u00e7\u00f6z\u00fcm yarat\u0131lmas\u0131 konusunda \u00fclkede inisiyatif yaratmak amac\u0131yla, ilgili kurum ve sivil toplum temsilcilerini bir araya getiren bir toplant\u0131 d\u00fczenledi. Acapulco Resort Otel\u2019de yer alan toplant\u0131ya, baz\u0131 milletvekilleri, belediye ba\u015fkanlar, ilgili kurum ve sivil toplum \u00f6rg\u00fctlerinin temsilcileri kat\u0131ld\u0131. \u00c7atalk\u00f6y Esentepe Belediye","og_url":"https:\/\/kibrisdakik.com\/?p=86029","article_published_time":"2025-07-09T15:57:02+00:00","og_image":[{"width":927,"height":559,"url":"https:\/\/kibrisdakik.com\/wp-content\/uploads\/2025\/07\/CATALKOY-3-740x420.jpg","type":"image\/jpeg"}],"author":"admin","twitter_card":"summary_large_image","twitter_misc":{"Yazan:":"admin","Tahmini okuma s\u00fcresi":"8 dakika"},"schema":{"@context":"https:\/\/schema.org","@graph":[{"@type":"Article","@id":"https:\/\/kibrisdakik.com\/?p=86029#article","isPartOf":{"@id":"https:\/\/kibrisdakik.com\/?p=86029"},"author":{"name":"admin","@id":"https:\/\/kibrisdakik.com\/#\/schema\/person\/9cd9d437bbb44f72b73ba127e06d8e79"},"headline":"\u00c7atalk\u00f6y-De\u011firmenlik anayolundaki kazalar\u0131n engellenmesinin ele al\u0131nd\u0131\u011f\u0131 \u201cDa\u011f Yolu \u0130nisiyatifi Toplant\u0131s\u0131\u201d d\u00fczenlendi","datePublished":"2025-07-09T15:57:02+00:00","mainEntityOfPage":{"@id":"https:\/\/kibrisdakik.com\/?p=86029"},"wordCount":1570,"commentCount":0,"image":{"@id":"https:\/\/kibrisdakik.com\/?p=86029#primaryimage"},"thumbnailUrl":"https:\/\/kibrisdakik.com\/wp-content\/uploads\/2025\/07\/CATALKOY-3-740x420.jpg","articleSection":["K\u0131br\u0131s","Man\u015fet"],"inLanguage":"tr","potentialAction":[{"@type":"CommentAction","name":"Comment","target":["https:\/\/kibrisdakik.com\/?p=86029#respond"]}]},{"@type":"WebPage","@id":"https:\/\/kibrisdakik.com\/?p=86029","url":"https:\/\/kibrisdakik.com\/?p=86029","name":"\u00c7atalk\u00f6y-De\u011firmenlik anayolundaki kazalar\u0131n engellenmesinin ele al\u0131nd\u0131\u011f\u0131 \u201cDa\u011f Yolu \u0130nisiyatifi Toplant\u0131s\u0131\u201d d\u00fczenlendi -","isPartOf":{"@id":"https:\/\/kibrisdakik.com\/#website"},"primaryImageOfPage":{"@id":"https:\/\/kibrisdakik.com\/?p=86029#primaryimage"},"image":{"@id":"https:\/\/kibrisdakik.com\/?p=86029#primaryimage"},"thumbnailUrl":"https:\/\/kibrisdakik.com\/wp-content\/uploads\/2025\/07\/CATALKOY-3-740x420.jpg","datePublished":"2025-07-09T15:57:02+00:00","author":{"@id":"https:\/\/kibrisdakik.com\/#\/schema\/person\/9cd9d437bbb44f72b73ba127e06d8e79"},"breadcrumb":{"@id":"https:\/\/kibrisdakik.com\/?p=86029#breadcrumb"},"inLanguage":"tr","potentialAction":[{"@type":"ReadAction","target":["https:\/\/kibrisdakik.com\/?p=86029"]}]},{"@type":"ImageObject","inLanguage":"tr","@id":"https:\/\/kibrisdakik.com\/?p=86029#primaryimage","url":"https:\/\/kibrisdakik.com\/wp-content\/uploads\/2025\/07\/CATALKOY-3-740x420.jpg","contentUrl":"https:\/\/kibrisdakik.com\/wp-content\/uploads\/2025\/07\/CATALKOY-3-740x420.jpg","width":927,"height":559},{"@type":"BreadcrumbList","@id":"https:\/\/kibrisdakik.com\/?p=86029#breadcrumb","itemListElement":[{"@type":"ListItem","position":1,"name":"Home","item":"https:\/\/kibrisdakik.com\/"},{"@type":"ListItem","position":2,"name":"\u00c7atalk\u00f6y-De\u011firmenlik anayolundaki kazalar\u0131n engellenmesinin ele al\u0131nd\u0131\u011f\u0131 \u201cDa\u011f Yolu \u0130nisiyatifi Toplant\u0131s\u0131\u201d d\u00fczenlendi"}]},{"@type":"WebSite","@id":"https:\/\/kibrisdakik.com\/#website","url":"https:\/\/kibrisdakik.com\/","name":"","description":"Tam vaktinde haber","potentialAction":[{"@type":"SearchAction","target":{"@type":"EntryPoint","urlTemplate":"https:\/\/kibrisdakik.com\/?s={search_term_string}"},"query-input":{"@type":"PropertyValueSpecification","valueRequired":true,"valueName":"search_term_string"}}],"inLanguage":"tr"},{"@type":"Person","@id":"https:\/\/kibrisdakik.com\/#\/schema\/person\/9cd9d437bbb44f72b73ba127e06d8e79","name":"admin","image":{"@type":"ImageObject","inLanguage":"tr","@id":"https:\/\/secure.gravatar.com\/avatar\/ccc17943b9d660506c869530f897617f7cb1c21a4bf30023f252596d83e1f007?s=96&d=mm&r=g","url":"https:\/\/secure.gravatar.com\/avatar\/ccc17943b9d660506c869530f897617f7cb1c21a4bf30023f252596d83e1f007?s=96&d=mm&r=g","contentUrl":"https:\/\/secure.gravatar.com\/avatar\/ccc17943b9d660506c869530f897617f7cb1c21a4bf30023f252596d83e1f007?s=96&d=mm&r=g","caption":"admin"},"sameAs":["https:\/\/kibrisdakik.com"],"url":"https:\/\/kibrisdakik.com\/?author=1"}]}},"_links":{"self":[{"href":"https:\/\/kibrisdakik.com\/index.php?rest_route=\/wp\/v2\/posts\/86029","targetHints":{"allow":["GET"]}}],"collection":[{"href":"https:\/\/kibrisdakik.com\/index.php?rest_route=\/wp\/v2\/posts"}],"about":[{"href":"https:\/\/kibrisdakik.com\/index.php?rest_route=\/wp\/v2\/types\/post"}],"author":[{"embeddable":true,"href":"https:\/\/kibrisdakik.com\/index.php?rest_route=\/wp\/v2\/users\/1"}],"replies":[{"embeddable":true,"href":"https:\/\/kibrisdakik.com\/index.php?rest_route=%2Fwp%2Fv2%2Fcomments&post=86029"}],"version-history":[{"count":0,"href":"https:\/\/kibrisdakik.com\/index.php?rest_route=\/wp\/v2\/posts\/86029\/revisions"}],"wp:featuredmedia":[{"embeddable":true,"href":"https:\/\/kibrisdakik.com\/index.php?rest_route=\/wp\/v2\/media\/86030"}],"wp:attachment":[{"href":"https:\/\/kibrisdakik.com\/index.php?rest_route=%2Fwp%2Fv2%2Fmedia&parent=86029"}],"wp:term":[{"taxonomy":"category","embeddable":true,"href":"https:\/\/kibrisdakik.com\/index.php?rest_route=%2Fwp%2Fv2%2Fcategories&post=86029"},{"taxonomy":"post_tag","embeddable":true,"href":"https:\/\/kibrisdakik.com\/index.php?rest_route=%2Fwp%2Fv2%2Ftags&post=86029"}],"curies":[{"name":"wp","href":"https:\/\/api.w.org\/{rel}","templated":true}]}}