{"id":86049,"date":"2025-07-10T10:47:02","date_gmt":"2025-07-10T07:47:02","guid":{"rendered":"https:\/\/kibrisdakik.com\/index.php\/2025\/07\/10\/dogu-akdeniz-universitesinde-mezuniyet-coskusu-vardi\/"},"modified":"2025-07-10T10:47:02","modified_gmt":"2025-07-10T07:47:02","slug":"dogu-akdeniz-universitesinde-mezuniyet-coskusu-vardi","status":"publish","type":"post","link":"https:\/\/kibrisdakik.com\/?p=86049","title":{"rendered":"Do\u011fu Akdeniz \u00dcniversitesi\u2019nde mezuniyet co\u015fkusu vard\u0131"},"content":{"rendered":"<p> <br \/>\n<\/p>\n<div>\n<div class=\"mariselle-image-container center\">\n                                            <\/div>\n<p>Do\u011fu Akdeniz \u00dcniversitesi 2024-2025 Akademik Y\u0131l\u0131 Bahar D\u00f6nemi \u00d6n Lisans ve Lisans Mezuniyet T\u00f6reni yap\u0131ld\u0131.<br \/>Mezunlar ad\u0131na T\u00fcrk\u00e7e ve \u0130ngilizce konu\u015fmalar\u0131n ard\u0131ndan sembolik a\u011fa\u00e7 dikimi ger\u00e7ekle\u015ftirildi.<\/p>\n<p>Do\u011fu Akdeniz \u00dcniversitesi Rekt\u00f6r\u00fc Prof Dr. Hasan K\u0131l\u0131\u00e7 t\u00f6rende yapt\u0131\u011f\u0131 konu\u015fmada, Do\u011fu Akdeniz \u00dcniversitesi mezun say\u0131s\u0131n\u0131n 78 bine ula\u015ft\u0131\u011f\u0131n\u0131 belirtti.<\/p>\n<p>Do\u011fu Akdeniz \u00dcniversitesi Vak\u0131f Y\u00f6neticiler Kurulu Ba\u015fkan\u0131 Erdal \u00d6zcenk mezunlar\u0131n hayat yolculuklar\u0131nda ba\u015far\u0131l\u0131 olacaklar\u0131na inanc\u0131n\u0131 payla\u015f\u0131rken, Y\u00d6DAK Ba\u015fkan\u0131 Aykut Hocan\u0131n gen\u00e7lerin ald\u0131klar\u0131 kaliteli e\u011fitimin i\u015f hayatlar\u0131nda yollar\u0131n\u0131 ayd\u0131nlataca\u011f\u0131n\u0131 ifade etti.<\/p>\n<p>\tT\u00f6rene kat\u0131lan Milli E\u011fitim Bakan\u0131 Naz\u0131m \u00c7avu\u015fo\u011flu da DA\u00dc\u2019n\u00fcn bilimsel, akademik ve kurumsal geli\u015fimini her alanda desteklemeyi s\u00fcrd\u00fcreceklerinin alt\u0131n\u0131 \u00e7izdi.<\/p>\n<p>Bakan \u00c7avu\u015fo\u011flu, mezun olan \u00f6\u011frencilere de seslendi.<\/p>\n<p>\u00c7avu\u015fo\u011flu:<br \/>\u201cBurada farkl\u0131 \u00fclkelerden gelen gen\u00e7lerimizin bir arada mezun oldu\u011funu g\u00f6rmek bizleri gururland\u0131r\u0131yor. Kuzey K\u0131br\u0131s T\u00fcrkCumhuriyeti\u2019nde ald\u0131\u011f\u0131n\u0131z e\u011fitimin yan\u0131 s\u0131ra hepinizin K\u0131br\u0131s T\u00fcrk K\u00fclt\u00fcr\u00fc\u2019n\u00fc en g\u00fczel \u015fekilde \u00f6\u011frendi\u011finizi umut ediyorum. Burada edindi\u011finiz k\u00fclt\u00fcrel ve dilsel birikim Kuzey K\u0131br\u0131s T\u00fcrk Cumhuriyeti ile ba\u011flar\u0131n\u0131z\u0131 da diri tutman\u0131za ve KKTC ile \u00fclkeleriniz aras\u0131ndaki m\u00fcnasebetlere sizlerin de d\u00e2hil olabilmesine imkan sa\u011flayacakt\u0131r.\u201d dedi.<\/p>\n<div class=\"mariselle-image-container center\">\n                <img loading=\"lazy\" decoding=\"async\" width=\"1490\" height=\"768\" class=\"lazy-image\" alt=\"\" sizes=\"auto, (max-width: 1490px) 100vw, 1490px\" src=\"https:\/\/brtk.net\/wp-content\/uploads\/2025\/07\/10\/WhatsApp-Gorsel-2025-07-10-saat-00.03.49_110a0f7f.jpg?ver=5010e28ed96ab9d04ca8ab212ea70aa7\" srcset=\"https:\/\/brtk.net\/wp-content\/uploads\/2025\/07\/10\/WhatsApp-Gorsel-2025-07-10-saat-00.03.49_110a0f7f.jpg?ver=5010e28ed96ab9d04ca8ab212ea70aa7 1490w, https:\/\/brtk.net\/wp-content\/uploads\/2025\/07\/10\/WhatsApp-Gorsel-2025-07-10-saat-00.03.49_110a0f7f-300x155.jpg?ver=5010e28ed96ab9d04ca8ab212ea70aa7 300w, https:\/\/brtk.net\/wp-content\/uploads\/2025\/07\/10\/WhatsApp-Gorsel-2025-07-10-saat-00.03.49_110a0f7f-1024x528.jpg?ver=5010e28ed96ab9d04ca8ab212ea70aa7 1024w, https:\/\/brtk.net\/wp-content\/uploads\/2025\/07\/10\/WhatsApp-Gorsel-2025-07-10-saat-00.03.49_110a0f7f-768x396.jpg?ver=274e5d660f15cc6d53880a3d72970fd1 768w\"\/>                            <\/div>\n<p>Cumhurba\u015fkan\u0131 Ersin Tatar da, mezunlara do\u011fruluk ve d\u00fcr\u00fcstl\u00fckten ayr\u0131lmamalar\u0131n\u0131 \u00f6\u011f\u00fctledi.<\/p>\n<p>\u00d6te yandan Tarihi Venedik Saray\u0131 da lisan\u00fcst\u00fc ve doktora mezunlar\u0131n\u0131n co\u015fkusuna ev sahipli\u011fi yapt\u0131.<\/p>\n<p>Sal\u0131 ak\u015fam d\u00fczenlenen lisans\u00fcst\u00fc ve doktora mezuniyet t\u00f6reninde 300 mezun diplomalar\u0131n\u0131 ald\u0131.<\/p>\n<\/p><\/div>\n<p><script async\n                    defer\n                    crossorigin=\"anonymous\"\n                    src=\"https:\/\/connect.facebook.net\/tr_TR\/sdk.js#xfbml=1&#038;version=v3.3\"\n            ><\/script><br \/>\n<br \/><br \/>\n<br \/><a href=\"[kibrisdakik.com]\n<\/p>\n","protected":false},"excerpt":{"rendered":"<p>Do\u011fu Akdeniz \u00dcniversitesi 2024-2025 Akademik Y\u0131l\u0131 Bahar D\u00f6nemi \u00d6n Lisans ve Lisans Mezuniyet T\u00f6reni yap\u0131ld\u0131.Mezunlar ad\u0131na T\u00fcrk\u00e7e ve \u0130ngilizce konu\u015fmalar\u0131n ard\u0131ndan sembolik a\u011fa\u00e7 dikimi ger\u00e7ekle\u015ftirildi. Do\u011fu Akdeniz \u00dcniversitesi Rekt\u00f6r\u00fc Prof Dr. Hasan K\u0131l\u0131\u00e7 t\u00f6rende yapt\u0131\u011f\u0131 konu\u015fmada, Do\u011fu Akdeniz \u00dcniversitesi mezun say\u0131s\u0131n\u0131n 78 bine ula\u015ft\u0131\u011f\u0131n\u0131 belirtti. Do\u011fu Akdeniz \u00dcniversitesi Vak\u0131f Y\u00f6neticiler Kurulu Ba\u015fkan\u0131 Erdal \u00d6zcenk mezunlar\u0131n<\/p>\n","protected":false},"author":1,"featured_media":86050,"comment_status":"open","ping_status":"open","sticky":false,"template":"","format":"standard","meta":{"footnotes":""},"categories":[81,101],"tags":[],"class_list":["post-86049","post","type-post","status-publish","format-standard","has-post-thumbnail","hentry","category-kibris","category-manset"],"yoast_head":"<!-- This site is optimized with the Yoast SEO plugin v27.4 - https:\/\/yoast.com\/product\/yoast-seo-wordpress\/ -->\n<title>Do\u011fu Akdeniz \u00dcniversitesi\u2019nde mezuniyet co\u015fkusu vard\u0131 -<\/title>\n<meta name=\"robots\" content=\"index, follow, max-snippet:-1, max-image-preview:large, max-video-preview:-1\" \/>\n<link rel=\"canonical\" href=\"https:\/\/kibrisdakik.com\/?p=86049\" \/>\n<meta property=\"og:locale\" content=\"tr_TR\" \/>\n<meta property=\"og:type\" content=\"article\" \/>\n<meta property=\"og:title\" content=\"Do\u011fu Akdeniz \u00dcniversitesi\u2019nde mezuniyet co\u015fkusu vard\u0131 -\" \/>\n<meta property=\"og:description\" content=\"Do\u011fu Akdeniz \u00dcniversitesi 2024-2025 Akademik Y\u0131l\u0131 Bahar D\u00f6nemi \u00d6n Lisans ve Lisans Mezuniyet T\u00f6reni yap\u0131ld\u0131.Mezunlar ad\u0131na T\u00fcrk\u00e7e ve \u0130ngilizce konu\u015fmalar\u0131n ard\u0131ndan sembolik a\u011fa\u00e7 dikimi ger\u00e7ekle\u015ftirildi. Do\u011fu Akdeniz \u00dcniversitesi Rekt\u00f6r\u00fc Prof Dr. Hasan K\u0131l\u0131\u00e7 t\u00f6rende yapt\u0131\u011f\u0131 konu\u015fmada, Do\u011fu Akdeniz \u00dcniversitesi mezun say\u0131s\u0131n\u0131n 78 bine ula\u015ft\u0131\u011f\u0131n\u0131 belirtti. Do\u011fu Akdeniz \u00dcniversitesi Vak\u0131f Y\u00f6neticiler Kurulu Ba\u015fkan\u0131 Erdal \u00d6zcenk mezunlar\u0131n\" \/>\n<meta property=\"og:url\" content=\"https:\/\/kibrisdakik.com\/?p=86049\" \/>\n<meta property=\"article:published_time\" content=\"2025-07-10T07:47:02+00:00\" \/>\n<meta property=\"og:image\" content=\"https:\/\/kibrisdakik.com\/wp-content\/uploads\/2025\/07\/jljljljlkjlj-740x420.jpg\" \/>\n\t<meta property=\"og:image:width\" content=\"1600\" \/>\n\t<meta property=\"og:image:height\" content=\"657\" \/>\n\t<meta property=\"og:image:type\" content=\"image\/jpeg\" \/>\n<meta name=\"author\" content=\"admin\" \/>\n<meta name=\"twitter:card\" content=\"summary_large_image\" \/>\n<meta name=\"twitter:label1\" content=\"Yazan:\" \/>\n\t<meta name=\"twitter:data1\" content=\"admin\" \/>\n\t<meta name=\"twitter:label2\" content=\"Tahmini okuma s\u00fcresi\" \/>\n\t<meta name=\"twitter:data2\" content=\"2 dakika\" \/>\n<script type=\"application\/ld+json\" class=\"yoast-schema-graph\">{\"@context\":\"https:\\\/\\\/schema.org\",\"@graph\":[{\"@type\":\"Article\",\"@id\":\"https:\\\/\\\/kibrisdakik.com\\\/?p=86049#article\",\"isPartOf\":{\"@id\":\"https:\\\/\\\/kibrisdakik.com\\\/?p=86049\"},\"author\":{\"name\":\"admin\",\"@id\":\"https:\\\/\\\/kibrisdakik.com\\\/#\\\/schema\\\/person\\\/9cd9d437bbb44f72b73ba127e06d8e79\"},\"headline\":\"Do\u011fu Akdeniz \u00dcniversitesi\u2019nde mezuniyet co\u015fkusu vard\u0131\",\"datePublished\":\"2025-07-10T07:47:02+00:00\",\"mainEntityOfPage\":{\"@id\":\"https:\\\/\\\/kibrisdakik.com\\\/?p=86049\"},\"wordCount\":321,\"commentCount\":0,\"image\":{\"@id\":\"https:\\\/\\\/kibrisdakik.com\\\/?p=86049#primaryimage\"},\"thumbnailUrl\":\"https:\\\/\\\/kibrisdakik.com\\\/wp-content\\\/uploads\\\/2025\\\/07\\\/jljljljlkjlj-740x420.jpg\",\"articleSection\":[\"K\u0131br\u0131s\",\"Man\u015fet\"],\"inLanguage\":\"tr\",\"potentialAction\":[{\"@type\":\"CommentAction\",\"name\":\"Comment\",\"target\":[\"https:\\\/\\\/kibrisdakik.com\\\/?p=86049#respond\"]}]},{\"@type\":\"WebPage\",\"@id\":\"https:\\\/\\\/kibrisdakik.com\\\/?p=86049\",\"url\":\"https:\\\/\\\/kibrisdakik.com\\\/?p=86049\",\"name\":\"Do\u011fu Akdeniz \u00dcniversitesi\u2019nde mezuniyet co\u015fkusu vard\u0131 -\",\"isPartOf\":{\"@id\":\"https:\\\/\\\/kibrisdakik.com\\\/#website\"},\"primaryImageOfPage\":{\"@id\":\"https:\\\/\\\/kibrisdakik.com\\\/?p=86049#primaryimage\"},\"image\":{\"@id\":\"https:\\\/\\\/kibrisdakik.com\\\/?p=86049#primaryimage\"},\"thumbnailUrl\":\"https:\\\/\\\/kibrisdakik.com\\\/wp-content\\\/uploads\\\/2025\\\/07\\\/jljljljlkjlj-740x420.jpg\",\"datePublished\":\"2025-07-10T07:47:02+00:00\",\"author\":{\"@id\":\"https:\\\/\\\/kibrisdakik.com\\\/#\\\/schema\\\/person\\\/9cd9d437bbb44f72b73ba127e06d8e79\"},\"breadcrumb\":{\"@id\":\"https:\\\/\\\/kibrisdakik.com\\\/?p=86049#breadcrumb\"},\"inLanguage\":\"tr\",\"potentialAction\":[{\"@type\":\"ReadAction\",\"target\":[\"https:\\\/\\\/kibrisdakik.com\\\/?p=86049\"]}]},{\"@type\":\"ImageObject\",\"inLanguage\":\"tr\",\"@id\":\"https:\\\/\\\/kibrisdakik.com\\\/?p=86049#primaryimage\",\"url\":\"https:\\\/\\\/kibrisdakik.com\\\/wp-content\\\/uploads\\\/2025\\\/07\\\/jljljljlkjlj-740x420.jpg\",\"contentUrl\":\"https:\\\/\\\/kibrisdakik.com\\\/wp-content\\\/uploads\\\/2025\\\/07\\\/jljljljlkjlj-740x420.jpg\",\"width\":1600,\"height\":657},{\"@type\":\"BreadcrumbList\",\"@id\":\"https:\\\/\\\/kibrisdakik.com\\\/?p=86049#breadcrumb\",\"itemListElement\":[{\"@type\":\"ListItem\",\"position\":1,\"name\":\"Home\",\"item\":\"https:\\\/\\\/kibrisdakik.com\\\/\"},{\"@type\":\"ListItem\",\"position\":2,\"name\":\"Do\u011fu Akdeniz \u00dcniversitesi\u2019nde mezuniyet co\u015fkusu vard\u0131\"}]},{\"@type\":\"WebSite\",\"@id\":\"https:\\\/\\\/kibrisdakik.com\\\/#website\",\"url\":\"https:\\\/\\\/kibrisdakik.com\\\/\",\"name\":\"\",\"description\":\"Tam vaktinde haber\",\"potentialAction\":[{\"@type\":\"SearchAction\",\"target\":{\"@type\":\"EntryPoint\",\"urlTemplate\":\"https:\\\/\\\/kibrisdakik.com\\\/?s={search_term_string}\"},\"query-input\":{\"@type\":\"PropertyValueSpecification\",\"valueRequired\":true,\"valueName\":\"search_term_string\"}}],\"inLanguage\":\"tr\"},{\"@type\":\"Person\",\"@id\":\"https:\\\/\\\/kibrisdakik.com\\\/#\\\/schema\\\/person\\\/9cd9d437bbb44f72b73ba127e06d8e79\",\"name\":\"admin\",\"image\":{\"@type\":\"ImageObject\",\"inLanguage\":\"tr\",\"@id\":\"https:\\\/\\\/secure.gravatar.com\\\/avatar\\\/ccc17943b9d660506c869530f897617f7cb1c21a4bf30023f252596d83e1f007?s=96&d=mm&r=g\",\"url\":\"https:\\\/\\\/secure.gravatar.com\\\/avatar\\\/ccc17943b9d660506c869530f897617f7cb1c21a4bf30023f252596d83e1f007?s=96&d=mm&r=g\",\"contentUrl\":\"https:\\\/\\\/secure.gravatar.com\\\/avatar\\\/ccc17943b9d660506c869530f897617f7cb1c21a4bf30023f252596d83e1f007?s=96&d=mm&r=g\",\"caption\":\"admin\"},\"sameAs\":[\"https:\\\/\\\/kibrisdakik.com\"],\"url\":\"https:\\\/\\\/kibrisdakik.com\\\/?author=1\"}]}<\/script>\n<!-- \/ Yoast SEO plugin. -->","yoast_head_json":{"title":"Do\u011fu Akdeniz \u00dcniversitesi\u2019nde mezuniyet co\u015fkusu vard\u0131 -","robots":{"index":"index","follow":"follow","max-snippet":"max-snippet:-1","max-image-preview":"max-image-preview:large","max-video-preview":"max-video-preview:-1"},"canonical":"https:\/\/kibrisdakik.com\/?p=86049","og_locale":"tr_TR","og_type":"article","og_title":"Do\u011fu Akdeniz \u00dcniversitesi\u2019nde mezuniyet co\u015fkusu vard\u0131 -","og_description":"Do\u011fu Akdeniz \u00dcniversitesi 2024-2025 Akademik Y\u0131l\u0131 Bahar D\u00f6nemi \u00d6n Lisans ve Lisans Mezuniyet T\u00f6reni yap\u0131ld\u0131.Mezunlar ad\u0131na T\u00fcrk\u00e7e ve \u0130ngilizce konu\u015fmalar\u0131n ard\u0131ndan sembolik a\u011fa\u00e7 dikimi ger\u00e7ekle\u015ftirildi. Do\u011fu Akdeniz \u00dcniversitesi Rekt\u00f6r\u00fc Prof Dr. Hasan K\u0131l\u0131\u00e7 t\u00f6rende yapt\u0131\u011f\u0131 konu\u015fmada, Do\u011fu Akdeniz \u00dcniversitesi mezun say\u0131s\u0131n\u0131n 78 bine ula\u015ft\u0131\u011f\u0131n\u0131 belirtti. Do\u011fu Akdeniz \u00dcniversitesi Vak\u0131f Y\u00f6neticiler Kurulu Ba\u015fkan\u0131 Erdal \u00d6zcenk mezunlar\u0131n","og_url":"https:\/\/kibrisdakik.com\/?p=86049","article_published_time":"2025-07-10T07:47:02+00:00","og_image":[{"width":1600,"height":657,"url":"https:\/\/kibrisdakik.com\/wp-content\/uploads\/2025\/07\/jljljljlkjlj-740x420.jpg","type":"image\/jpeg"}],"author":"admin","twitter_card":"summary_large_image","twitter_misc":{"Yazan:":"admin","Tahmini okuma s\u00fcresi":"2 dakika"},"schema":{"@context":"https:\/\/schema.org","@graph":[{"@type":"Article","@id":"https:\/\/kibrisdakik.com\/?p=86049#article","isPartOf":{"@id":"https:\/\/kibrisdakik.com\/?p=86049"},"author":{"name":"admin","@id":"https:\/\/kibrisdakik.com\/#\/schema\/person\/9cd9d437bbb44f72b73ba127e06d8e79"},"headline":"Do\u011fu Akdeniz \u00dcniversitesi\u2019nde mezuniyet co\u015fkusu vard\u0131","datePublished":"2025-07-10T07:47:02+00:00","mainEntityOfPage":{"@id":"https:\/\/kibrisdakik.com\/?p=86049"},"wordCount":321,"commentCount":0,"image":{"@id":"https:\/\/kibrisdakik.com\/?p=86049#primaryimage"},"thumbnailUrl":"https:\/\/kibrisdakik.com\/wp-content\/uploads\/2025\/07\/jljljljlkjlj-740x420.jpg","articleSection":["K\u0131br\u0131s","Man\u015fet"],"inLanguage":"tr","potentialAction":[{"@type":"CommentAction","name":"Comment","target":["https:\/\/kibrisdakik.com\/?p=86049#respond"]}]},{"@type":"WebPage","@id":"https:\/\/kibrisdakik.com\/?p=86049","url":"https:\/\/kibrisdakik.com\/?p=86049","name":"Do\u011fu Akdeniz \u00dcniversitesi\u2019nde mezuniyet co\u015fkusu vard\u0131 -","isPartOf":{"@id":"https:\/\/kibrisdakik.com\/#website"},"primaryImageOfPage":{"@id":"https:\/\/kibrisdakik.com\/?p=86049#primaryimage"},"image":{"@id":"https:\/\/kibrisdakik.com\/?p=86049#primaryimage"},"thumbnailUrl":"https:\/\/kibrisdakik.com\/wp-content\/uploads\/2025\/07\/jljljljlkjlj-740x420.jpg","datePublished":"2025-07-10T07:47:02+00:00","author":{"@id":"https:\/\/kibrisdakik.com\/#\/schema\/person\/9cd9d437bbb44f72b73ba127e06d8e79"},"breadcrumb":{"@id":"https:\/\/kibrisdakik.com\/?p=86049#breadcrumb"},"inLanguage":"tr","potentialAction":[{"@type":"ReadAction","target":["https:\/\/kibrisdakik.com\/?p=86049"]}]},{"@type":"ImageObject","inLanguage":"tr","@id":"https:\/\/kibrisdakik.com\/?p=86049#primaryimage","url":"https:\/\/kibrisdakik.com\/wp-content\/uploads\/2025\/07\/jljljljlkjlj-740x420.jpg","contentUrl":"https:\/\/kibrisdakik.com\/wp-content\/uploads\/2025\/07\/jljljljlkjlj-740x420.jpg","width":1600,"height":657},{"@type":"BreadcrumbList","@id":"https:\/\/kibrisdakik.com\/?p=86049#breadcrumb","itemListElement":[{"@type":"ListItem","position":1,"name":"Home","item":"https:\/\/kibrisdakik.com\/"},{"@type":"ListItem","position":2,"name":"Do\u011fu Akdeniz \u00dcniversitesi\u2019nde mezuniyet co\u015fkusu vard\u0131"}]},{"@type":"WebSite","@id":"https:\/\/kibrisdakik.com\/#website","url":"https:\/\/kibrisdakik.com\/","name":"","description":"Tam vaktinde haber","potentialAction":[{"@type":"SearchAction","target":{"@type":"EntryPoint","urlTemplate":"https:\/\/kibrisdakik.com\/?s={search_term_string}"},"query-input":{"@type":"PropertyValueSpecification","valueRequired":true,"valueName":"search_term_string"}}],"inLanguage":"tr"},{"@type":"Person","@id":"https:\/\/kibrisdakik.com\/#\/schema\/person\/9cd9d437bbb44f72b73ba127e06d8e79","name":"admin","image":{"@type":"ImageObject","inLanguage":"tr","@id":"https:\/\/secure.gravatar.com\/avatar\/ccc17943b9d660506c869530f897617f7cb1c21a4bf30023f252596d83e1f007?s=96&d=mm&r=g","url":"https:\/\/secure.gravatar.com\/avatar\/ccc17943b9d660506c869530f897617f7cb1c21a4bf30023f252596d83e1f007?s=96&d=mm&r=g","contentUrl":"https:\/\/secure.gravatar.com\/avatar\/ccc17943b9d660506c869530f897617f7cb1c21a4bf30023f252596d83e1f007?s=96&d=mm&r=g","caption":"admin"},"sameAs":["https:\/\/kibrisdakik.com"],"url":"https:\/\/kibrisdakik.com\/?author=1"}]}},"_links":{"self":[{"href":"https:\/\/kibrisdakik.com\/index.php?rest_route=\/wp\/v2\/posts\/86049","targetHints":{"allow":["GET"]}}],"collection":[{"href":"https:\/\/kibrisdakik.com\/index.php?rest_route=\/wp\/v2\/posts"}],"about":[{"href":"https:\/\/kibrisdakik.com\/index.php?rest_route=\/wp\/v2\/types\/post"}],"author":[{"embeddable":true,"href":"https:\/\/kibrisdakik.com\/index.php?rest_route=\/wp\/v2\/users\/1"}],"replies":[{"embeddable":true,"href":"https:\/\/kibrisdakik.com\/index.php?rest_route=%2Fwp%2Fv2%2Fcomments&post=86049"}],"version-history":[{"count":0,"href":"https:\/\/kibrisdakik.com\/index.php?rest_route=\/wp\/v2\/posts\/86049\/revisions"}],"wp:featuredmedia":[{"embeddable":true,"href":"https:\/\/kibrisdakik.com\/index.php?rest_route=\/wp\/v2\/media\/86050"}],"wp:attachment":[{"href":"https:\/\/kibrisdakik.com\/index.php?rest_route=%2Fwp%2Fv2%2Fmedia&parent=86049"}],"wp:term":[{"taxonomy":"category","embeddable":true,"href":"https:\/\/kibrisdakik.com\/index.php?rest_route=%2Fwp%2Fv2%2Fcategories&post=86049"},{"taxonomy":"post_tag","embeddable":true,"href":"https:\/\/kibrisdakik.com\/index.php?rest_route=%2Fwp%2Fv2%2Ftags&post=86049"}],"curies":[{"name":"wp","href":"https:\/\/api.w.org\/{rel}","templated":true}]}}