{"id":86073,"date":"2025-07-10T14:49:07","date_gmt":"2025-07-10T11:49:07","guid":{"rendered":"https:\/\/kibrisdakik.com\/index.php\/2025\/07\/10\/disisleri-bakani-ertugruloglu-karaca-ve-balabani-kabul-etti\/"},"modified":"2025-07-10T14:49:07","modified_gmt":"2025-07-10T11:49:07","slug":"disisleri-bakani-ertugruloglu-karaca-ve-balabani-kabul-etti","status":"publish","type":"post","link":"https:\/\/kibrisdakik.com\/?p=86073","title":{"rendered":"D\u0131\u015fi\u015fleri Bakan\u0131 Ertu\u011frulo\u011flu, Karaca ve Balaban\u2019\u0131 kabul etti"},"content":{"rendered":"<p> <br \/>\n<\/p>\n<div>\n<div class=\"mariselle-image-container center\">\n                                            <\/div>\n<p>D\u0131\u015fi\u015fleri Bakan\u0131 Tahsin Ertu\u011frulo\u011flu, g\u00f6rev s\u00fcresini tamamlayan Sivil Savunma Te\u015fkilat Ba\u015fkan\u0131 Atilla Karaca ile bu g\u00f6reve yeni atanan Hakan Balaban\u2019\u0131 kabul etti.<\/p>\n<p>D\u0131\u015fi\u015fleri Bakanl\u0131\u011f\u0131ndan verilen bilgiye g\u00f6re, Ertu\u011frulo\u011flu, Atilla Karacan\u2019\u0131n Sivil Savunma Te\u015fkilat\u0131\u2019na yapt\u0131\u011f\u0131 katk\u0131lar\u0131n unutulmayaca\u011f\u0131n\u0131 belirterek, hizmetlerinden dolay\u0131 te\u015fekk\u00fcr etti, yeni g\u00f6revinde ba\u015far\u0131lar diledi.<\/p>\n<p>Ertu\u011frulo\u011flu, Hakan Balaban\u2019\u0131n da devrald\u0131\u011f\u0131 hizmet bayra\u011f\u0131n\u0131 daha ileriye ta\u015f\u0131yaca\u011f\u0131na inand\u0131\u011f\u0131n\u0131 ifade ederek, yeni g\u00f6revinin hay\u0131rl\u0131 olmas\u0131n\u0131 diledi.<\/p>\n<\/p><\/div>\n<p><script async\n                    defer\n                    crossorigin=\"anonymous\"\n                    src=\"https:\/\/connect.facebook.net\/tr_TR\/sdk.js#xfbml=1&#038;version=v3.3\"\n            ><\/script><br \/>\n<br \/><br \/>\n<br \/><a href=\"[kibrisdakik.com]\n<\/p>\n","protected":false},"excerpt":{"rendered":"<p>D\u0131\u015fi\u015fleri Bakan\u0131 Tahsin Ertu\u011frulo\u011flu, g\u00f6rev s\u00fcresini tamamlayan Sivil Savunma Te\u015fkilat Ba\u015fkan\u0131 Atilla Karaca ile bu g\u00f6reve yeni atanan Hakan Balaban\u2019\u0131 kabul etti. D\u0131\u015fi\u015fleri Bakanl\u0131\u011f\u0131ndan verilen bilgiye g\u00f6re, Ertu\u011frulo\u011flu, Atilla Karacan\u2019\u0131n Sivil Savunma Te\u015fkilat\u0131\u2019na yapt\u0131\u011f\u0131 katk\u0131lar\u0131n unutulmayaca\u011f\u0131n\u0131 belirterek, hizmetlerinden dolay\u0131 te\u015fekk\u00fcr etti, yeni g\u00f6revinde ba\u015far\u0131lar diledi. Ertu\u011frulo\u011flu, Hakan Balaban\u2019\u0131n da devrald\u0131\u011f\u0131 hizmet bayra\u011f\u0131n\u0131 daha ileriye ta\u015f\u0131yaca\u011f\u0131na<\/p>\n","protected":false},"author":1,"featured_media":86074,"comment_status":"open","ping_status":"open","sticky":false,"template":"","format":"standard","meta":{"footnotes":""},"categories":[81,101],"tags":[],"class_list":["post-86073","post","type-post","status-publish","format-standard","has-post-thumbnail","hentry","category-kibris","category-manset"],"yoast_head":"<!-- This site is optimized with the Yoast SEO plugin v27.5 - https:\/\/yoast.com\/product\/yoast-seo-wordpress\/ -->\n<title>D\u0131\u015fi\u015fleri Bakan\u0131 Ertu\u011frulo\u011flu, Karaca ve Balaban\u2019\u0131 kabul etti -<\/title>\n<meta name=\"robots\" content=\"index, follow, max-snippet:-1, max-image-preview:large, max-video-preview:-1\" \/>\n<link rel=\"canonical\" href=\"https:\/\/kibrisdakik.com\/?p=86073\" \/>\n<meta property=\"og:locale\" content=\"tr_TR\" \/>\n<meta property=\"og:type\" content=\"article\" \/>\n<meta property=\"og:title\" content=\"D\u0131\u015fi\u015fleri Bakan\u0131 Ertu\u011frulo\u011flu, Karaca ve Balaban\u2019\u0131 kabul etti -\" \/>\n<meta property=\"og:description\" content=\"D\u0131\u015fi\u015fleri Bakan\u0131 Tahsin Ertu\u011frulo\u011flu, g\u00f6rev s\u00fcresini tamamlayan Sivil Savunma Te\u015fkilat Ba\u015fkan\u0131 Atilla Karaca ile bu g\u00f6reve yeni atanan Hakan Balaban\u2019\u0131 kabul etti. D\u0131\u015fi\u015fleri Bakanl\u0131\u011f\u0131ndan verilen bilgiye g\u00f6re, Ertu\u011frulo\u011flu, Atilla Karacan\u2019\u0131n Sivil Savunma Te\u015fkilat\u0131\u2019na yapt\u0131\u011f\u0131 katk\u0131lar\u0131n unutulmayaca\u011f\u0131n\u0131 belirterek, hizmetlerinden dolay\u0131 te\u015fekk\u00fcr etti, yeni g\u00f6revinde ba\u015far\u0131lar diledi. Ertu\u011frulo\u011flu, Hakan Balaban\u2019\u0131n da devrald\u0131\u011f\u0131 hizmet bayra\u011f\u0131n\u0131 daha ileriye ta\u015f\u0131yaca\u011f\u0131na\" \/>\n<meta property=\"og:url\" content=\"https:\/\/kibrisdakik.com\/?p=86073\" \/>\n<meta property=\"article:published_time\" content=\"2025-07-10T11:49:07+00:00\" \/>\n<meta property=\"og:image\" content=\"https:\/\/kibrisdakik.com\/wp-content\/uploads\/2025\/07\/sgvws-740x420.jpg\" \/>\n\t<meta property=\"og:image:width\" content=\"2048\" \/>\n\t<meta property=\"og:image:height\" content=\"1420\" \/>\n\t<meta property=\"og:image:type\" content=\"image\/jpeg\" \/>\n<meta name=\"author\" content=\"admin\" \/>\n<meta name=\"twitter:card\" content=\"summary_large_image\" \/>\n<meta name=\"twitter:label1\" content=\"Yazan:\" \/>\n\t<meta name=\"twitter:data1\" content=\"admin\" \/>\n\t<meta name=\"twitter:label2\" content=\"Tahmini okuma s\u00fcresi\" \/>\n\t<meta name=\"twitter:data2\" content=\"1 dakika\" \/>\n<script type=\"application\/ld+json\" class=\"yoast-schema-graph\">{\"@context\":\"https:\\\/\\\/schema.org\",\"@graph\":[{\"@type\":\"Article\",\"@id\":\"https:\\\/\\\/kibrisdakik.com\\\/?p=86073#article\",\"isPartOf\":{\"@id\":\"https:\\\/\\\/kibrisdakik.com\\\/?p=86073\"},\"author\":{\"name\":\"admin\",\"@id\":\"https:\\\/\\\/kibrisdakik.com\\\/#\\\/schema\\\/person\\\/9cd9d437bbb44f72b73ba127e06d8e79\"},\"headline\":\"D\u0131\u015fi\u015fleri Bakan\u0131 Ertu\u011frulo\u011flu, Karaca ve Balaban\u2019\u0131 kabul etti\",\"datePublished\":\"2025-07-10T11:49:07+00:00\",\"mainEntityOfPage\":{\"@id\":\"https:\\\/\\\/kibrisdakik.com\\\/?p=86073\"},\"wordCount\":113,\"commentCount\":0,\"image\":{\"@id\":\"https:\\\/\\\/kibrisdakik.com\\\/?p=86073#primaryimage\"},\"thumbnailUrl\":\"https:\\\/\\\/kibrisdakik.com\\\/wp-content\\\/uploads\\\/2025\\\/07\\\/sgvws-740x420.jpg\",\"articleSection\":[\"K\u0131br\u0131s\",\"Man\u015fet\"],\"inLanguage\":\"tr\",\"potentialAction\":[{\"@type\":\"CommentAction\",\"name\":\"Comment\",\"target\":[\"https:\\\/\\\/kibrisdakik.com\\\/?p=86073#respond\"]}]},{\"@type\":\"WebPage\",\"@id\":\"https:\\\/\\\/kibrisdakik.com\\\/?p=86073\",\"url\":\"https:\\\/\\\/kibrisdakik.com\\\/?p=86073\",\"name\":\"D\u0131\u015fi\u015fleri Bakan\u0131 Ertu\u011frulo\u011flu, Karaca ve Balaban\u2019\u0131 kabul etti -\",\"isPartOf\":{\"@id\":\"https:\\\/\\\/kibrisdakik.com\\\/#website\"},\"primaryImageOfPage\":{\"@id\":\"https:\\\/\\\/kibrisdakik.com\\\/?p=86073#primaryimage\"},\"image\":{\"@id\":\"https:\\\/\\\/kibrisdakik.com\\\/?p=86073#primaryimage\"},\"thumbnailUrl\":\"https:\\\/\\\/kibrisdakik.com\\\/wp-content\\\/uploads\\\/2025\\\/07\\\/sgvws-740x420.jpg\",\"datePublished\":\"2025-07-10T11:49:07+00:00\",\"author\":{\"@id\":\"https:\\\/\\\/kibrisdakik.com\\\/#\\\/schema\\\/person\\\/9cd9d437bbb44f72b73ba127e06d8e79\"},\"breadcrumb\":{\"@id\":\"https:\\\/\\\/kibrisdakik.com\\\/?p=86073#breadcrumb\"},\"inLanguage\":\"tr\",\"potentialAction\":[{\"@type\":\"ReadAction\",\"target\":[\"https:\\\/\\\/kibrisdakik.com\\\/?p=86073\"]}]},{\"@type\":\"ImageObject\",\"inLanguage\":\"tr\",\"@id\":\"https:\\\/\\\/kibrisdakik.com\\\/?p=86073#primaryimage\",\"url\":\"https:\\\/\\\/kibrisdakik.com\\\/wp-content\\\/uploads\\\/2025\\\/07\\\/sgvws-740x420.jpg\",\"contentUrl\":\"https:\\\/\\\/kibrisdakik.com\\\/wp-content\\\/uploads\\\/2025\\\/07\\\/sgvws-740x420.jpg\",\"width\":2048,\"height\":1420},{\"@type\":\"BreadcrumbList\",\"@id\":\"https:\\\/\\\/kibrisdakik.com\\\/?p=86073#breadcrumb\",\"itemListElement\":[{\"@type\":\"ListItem\",\"position\":1,\"name\":\"Home\",\"item\":\"https:\\\/\\\/kibrisdakik.com\\\/\"},{\"@type\":\"ListItem\",\"position\":2,\"name\":\"D\u0131\u015fi\u015fleri Bakan\u0131 Ertu\u011frulo\u011flu, Karaca ve Balaban\u2019\u0131 kabul etti\"}]},{\"@type\":\"WebSite\",\"@id\":\"https:\\\/\\\/kibrisdakik.com\\\/#website\",\"url\":\"https:\\\/\\\/kibrisdakik.com\\\/\",\"name\":\"\",\"description\":\"Tam vaktinde haber\",\"potentialAction\":[{\"@type\":\"SearchAction\",\"target\":{\"@type\":\"EntryPoint\",\"urlTemplate\":\"https:\\\/\\\/kibrisdakik.com\\\/?s={search_term_string}\"},\"query-input\":{\"@type\":\"PropertyValueSpecification\",\"valueRequired\":true,\"valueName\":\"search_term_string\"}}],\"inLanguage\":\"tr\"},{\"@type\":\"Person\",\"@id\":\"https:\\\/\\\/kibrisdakik.com\\\/#\\\/schema\\\/person\\\/9cd9d437bbb44f72b73ba127e06d8e79\",\"name\":\"admin\",\"image\":{\"@type\":\"ImageObject\",\"inLanguage\":\"tr\",\"@id\":\"https:\\\/\\\/secure.gravatar.com\\\/avatar\\\/ccc17943b9d660506c869530f897617f7cb1c21a4bf30023f252596d83e1f007?s=96&d=mm&r=g\",\"url\":\"https:\\\/\\\/secure.gravatar.com\\\/avatar\\\/ccc17943b9d660506c869530f897617f7cb1c21a4bf30023f252596d83e1f007?s=96&d=mm&r=g\",\"contentUrl\":\"https:\\\/\\\/secure.gravatar.com\\\/avatar\\\/ccc17943b9d660506c869530f897617f7cb1c21a4bf30023f252596d83e1f007?s=96&d=mm&r=g\",\"caption\":\"admin\"},\"sameAs\":[\"https:\\\/\\\/kibrisdakik.com\"],\"url\":\"https:\\\/\\\/kibrisdakik.com\\\/?author=1\"}]}<\/script>\n<!-- \/ Yoast SEO plugin. -->","yoast_head_json":{"title":"D\u0131\u015fi\u015fleri Bakan\u0131 Ertu\u011frulo\u011flu, Karaca ve Balaban\u2019\u0131 kabul etti -","robots":{"index":"index","follow":"follow","max-snippet":"max-snippet:-1","max-image-preview":"max-image-preview:large","max-video-preview":"max-video-preview:-1"},"canonical":"https:\/\/kibrisdakik.com\/?p=86073","og_locale":"tr_TR","og_type":"article","og_title":"D\u0131\u015fi\u015fleri Bakan\u0131 Ertu\u011frulo\u011flu, Karaca ve Balaban\u2019\u0131 kabul etti -","og_description":"D\u0131\u015fi\u015fleri Bakan\u0131 Tahsin Ertu\u011frulo\u011flu, g\u00f6rev s\u00fcresini tamamlayan Sivil Savunma Te\u015fkilat Ba\u015fkan\u0131 Atilla Karaca ile bu g\u00f6reve yeni atanan Hakan Balaban\u2019\u0131 kabul etti. D\u0131\u015fi\u015fleri Bakanl\u0131\u011f\u0131ndan verilen bilgiye g\u00f6re, Ertu\u011frulo\u011flu, Atilla Karacan\u2019\u0131n Sivil Savunma Te\u015fkilat\u0131\u2019na yapt\u0131\u011f\u0131 katk\u0131lar\u0131n unutulmayaca\u011f\u0131n\u0131 belirterek, hizmetlerinden dolay\u0131 te\u015fekk\u00fcr etti, yeni g\u00f6revinde ba\u015far\u0131lar diledi. Ertu\u011frulo\u011flu, Hakan Balaban\u2019\u0131n da devrald\u0131\u011f\u0131 hizmet bayra\u011f\u0131n\u0131 daha ileriye ta\u015f\u0131yaca\u011f\u0131na","og_url":"https:\/\/kibrisdakik.com\/?p=86073","article_published_time":"2025-07-10T11:49:07+00:00","og_image":[{"width":2048,"height":1420,"url":"https:\/\/kibrisdakik.com\/wp-content\/uploads\/2025\/07\/sgvws-740x420.jpg","type":"image\/jpeg"}],"author":"admin","twitter_card":"summary_large_image","twitter_misc":{"Yazan:":"admin","Tahmini okuma s\u00fcresi":"1 dakika"},"schema":{"@context":"https:\/\/schema.org","@graph":[{"@type":"Article","@id":"https:\/\/kibrisdakik.com\/?p=86073#article","isPartOf":{"@id":"https:\/\/kibrisdakik.com\/?p=86073"},"author":{"name":"admin","@id":"https:\/\/kibrisdakik.com\/#\/schema\/person\/9cd9d437bbb44f72b73ba127e06d8e79"},"headline":"D\u0131\u015fi\u015fleri Bakan\u0131 Ertu\u011frulo\u011flu, Karaca ve Balaban\u2019\u0131 kabul etti","datePublished":"2025-07-10T11:49:07+00:00","mainEntityOfPage":{"@id":"https:\/\/kibrisdakik.com\/?p=86073"},"wordCount":113,"commentCount":0,"image":{"@id":"https:\/\/kibrisdakik.com\/?p=86073#primaryimage"},"thumbnailUrl":"https:\/\/kibrisdakik.com\/wp-content\/uploads\/2025\/07\/sgvws-740x420.jpg","articleSection":["K\u0131br\u0131s","Man\u015fet"],"inLanguage":"tr","potentialAction":[{"@type":"CommentAction","name":"Comment","target":["https:\/\/kibrisdakik.com\/?p=86073#respond"]}]},{"@type":"WebPage","@id":"https:\/\/kibrisdakik.com\/?p=86073","url":"https:\/\/kibrisdakik.com\/?p=86073","name":"D\u0131\u015fi\u015fleri Bakan\u0131 Ertu\u011frulo\u011flu, Karaca ve Balaban\u2019\u0131 kabul etti -","isPartOf":{"@id":"https:\/\/kibrisdakik.com\/#website"},"primaryImageOfPage":{"@id":"https:\/\/kibrisdakik.com\/?p=86073#primaryimage"},"image":{"@id":"https:\/\/kibrisdakik.com\/?p=86073#primaryimage"},"thumbnailUrl":"https:\/\/kibrisdakik.com\/wp-content\/uploads\/2025\/07\/sgvws-740x420.jpg","datePublished":"2025-07-10T11:49:07+00:00","author":{"@id":"https:\/\/kibrisdakik.com\/#\/schema\/person\/9cd9d437bbb44f72b73ba127e06d8e79"},"breadcrumb":{"@id":"https:\/\/kibrisdakik.com\/?p=86073#breadcrumb"},"inLanguage":"tr","potentialAction":[{"@type":"ReadAction","target":["https:\/\/kibrisdakik.com\/?p=86073"]}]},{"@type":"ImageObject","inLanguage":"tr","@id":"https:\/\/kibrisdakik.com\/?p=86073#primaryimage","url":"https:\/\/kibrisdakik.com\/wp-content\/uploads\/2025\/07\/sgvws-740x420.jpg","contentUrl":"https:\/\/kibrisdakik.com\/wp-content\/uploads\/2025\/07\/sgvws-740x420.jpg","width":2048,"height":1420},{"@type":"BreadcrumbList","@id":"https:\/\/kibrisdakik.com\/?p=86073#breadcrumb","itemListElement":[{"@type":"ListItem","position":1,"name":"Home","item":"https:\/\/kibrisdakik.com\/"},{"@type":"ListItem","position":2,"name":"D\u0131\u015fi\u015fleri Bakan\u0131 Ertu\u011frulo\u011flu, Karaca ve Balaban\u2019\u0131 kabul etti"}]},{"@type":"WebSite","@id":"https:\/\/kibrisdakik.com\/#website","url":"https:\/\/kibrisdakik.com\/","name":"","description":"Tam vaktinde haber","potentialAction":[{"@type":"SearchAction","target":{"@type":"EntryPoint","urlTemplate":"https:\/\/kibrisdakik.com\/?s={search_term_string}"},"query-input":{"@type":"PropertyValueSpecification","valueRequired":true,"valueName":"search_term_string"}}],"inLanguage":"tr"},{"@type":"Person","@id":"https:\/\/kibrisdakik.com\/#\/schema\/person\/9cd9d437bbb44f72b73ba127e06d8e79","name":"admin","image":{"@type":"ImageObject","inLanguage":"tr","@id":"https:\/\/secure.gravatar.com\/avatar\/ccc17943b9d660506c869530f897617f7cb1c21a4bf30023f252596d83e1f007?s=96&d=mm&r=g","url":"https:\/\/secure.gravatar.com\/avatar\/ccc17943b9d660506c869530f897617f7cb1c21a4bf30023f252596d83e1f007?s=96&d=mm&r=g","contentUrl":"https:\/\/secure.gravatar.com\/avatar\/ccc17943b9d660506c869530f897617f7cb1c21a4bf30023f252596d83e1f007?s=96&d=mm&r=g","caption":"admin"},"sameAs":["https:\/\/kibrisdakik.com"],"url":"https:\/\/kibrisdakik.com\/?author=1"}]}},"_links":{"self":[{"href":"https:\/\/kibrisdakik.com\/index.php?rest_route=\/wp\/v2\/posts\/86073","targetHints":{"allow":["GET"]}}],"collection":[{"href":"https:\/\/kibrisdakik.com\/index.php?rest_route=\/wp\/v2\/posts"}],"about":[{"href":"https:\/\/kibrisdakik.com\/index.php?rest_route=\/wp\/v2\/types\/post"}],"author":[{"embeddable":true,"href":"https:\/\/kibrisdakik.com\/index.php?rest_route=\/wp\/v2\/users\/1"}],"replies":[{"embeddable":true,"href":"https:\/\/kibrisdakik.com\/index.php?rest_route=%2Fwp%2Fv2%2Fcomments&post=86073"}],"version-history":[{"count":0,"href":"https:\/\/kibrisdakik.com\/index.php?rest_route=\/wp\/v2\/posts\/86073\/revisions"}],"wp:featuredmedia":[{"embeddable":true,"href":"https:\/\/kibrisdakik.com\/index.php?rest_route=\/wp\/v2\/media\/86074"}],"wp:attachment":[{"href":"https:\/\/kibrisdakik.com\/index.php?rest_route=%2Fwp%2Fv2%2Fmedia&parent=86073"}],"wp:term":[{"taxonomy":"category","embeddable":true,"href":"https:\/\/kibrisdakik.com\/index.php?rest_route=%2Fwp%2Fv2%2Fcategories&post=86073"},{"taxonomy":"post_tag","embeddable":true,"href":"https:\/\/kibrisdakik.com\/index.php?rest_route=%2Fwp%2Fv2%2Ftags&post=86073"}],"curies":[{"name":"wp","href":"https:\/\/api.w.org\/{rel}","templated":true}]}}