{"id":86087,"date":"2025-07-10T16:18:04","date_gmt":"2025-07-10T13:18:04","guid":{"rendered":"https:\/\/kibrisdakik.com\/index.php\/2025\/07\/10\/pazar-gunu-lefkosada-toren-provasi-var-bazi-yollar-trafige-kapatilacak\/"},"modified":"2025-07-10T16:18:04","modified_gmt":"2025-07-10T13:18:04","slug":"pazar-gunu-lefkosada-toren-provasi-var-bazi-yollar-trafige-kapatilacak","status":"publish","type":"post","link":"https:\/\/kibrisdakik.com\/?p=86087","title":{"rendered":"Pazar g\u00fcn\u00fc Lefko\u015fa\u2019da t\u00f6ren provas\u0131 var\u2026 Baz\u0131 yollar trafi\u011fe kapat\u0131lacak"},"content":{"rendered":"<p> <br \/>\n<\/p>\n<div>\n<div class=\"mariselle-image-container center\">\n                                            <\/div>\n<p>20 Temmuz Bar\u0131\u015f ve \u00d6zg\u00fcrl\u00fck Bayram\u0131\u2019n\u0131n 51\u2019inci y\u0131l d\u00f6n\u00fcm\u00fc kapsam\u0131nda pazar g\u00fcn\u00fc Lefko\u015fa Dr. Faz\u0131l Bulvar\u0131\u2019nda resmige\u00e7it provas\u0131 yap\u0131lacak. Prova esnas\u0131nda baz\u0131 yollar trafi\u011fe kapat\u0131lacak.<\/p>\n<p>Polis Bas\u0131n Subayl\u0131\u011f\u0131\u2019ndan verilen bilgiye g\u00f6re, pazar g\u00fcn\u00fc saat 07.00\u2019den itibaren Honda trafik \u0131\u015f\u0131klar\u0131 kav\u015fa\u011f\u0131, Alt\u0131nba\u015f Petrol trafik \u0131\u015f\u0131klar\u0131 kav\u015fa\u011f\u0131 G\u00f6nyeli \u00e7emberi aras\u0131nda kalan yol g\u00fczergah\u0131, t\u00f6ren provas\u0131n\u0131n bitece\u011fi saate kadar trafik ak\u0131\u015f\u0131na kapal\u0131 olacak.<\/p>\n<p>S\u00fcr\u00fcc\u00fclerin belirtilen yollar \u00fczerine ara\u00e7lar\u0131n\u0131 park etmemesi gerekti\u011fini hat\u0131rlatan polis, t\u00f6ren provas\u0131 s\u00fcresince trafik i\u015faret ve i\u015faret\u00e7ilerine uyulmas\u0131n\u0131 da istedi.<\/p>\n<p>S\u00fcr\u00fcc\u00fclerin kullanaca\u011f\u0131 alternatif yollar ise \u015f\u00f6yle belirtildi:<\/p>\n<p> \u201cLefko\u015fa \u015fehir i\u00e7inden gelip organize sanayi b\u00f6lgesine gitmek isteyen s\u00fcr\u00fcc\u00fcler i\u00e7in ula\u015f\u0131m, Alt\u0131nba\u015f Petrol trafik \u0131\u015f\u0131klar\u0131 kav\u015fa\u011f\u0131ndan kontroll\u00fc sa\u011flanacak.<\/p>\n<p>Gazima\u011fusa istikametinden gelip Yak\u0131n Do\u011fu \u00dcniversitesi\u2019ne (YD\u00dc) gitmek isteyen s\u00fcr\u00fcc\u00fcler i\u00e7in ula\u015f\u0131m, Lefko\u015fa Kuzey \u00c7evre Yolu \u00fczerinden Yak\u0131n Do\u011fu Bulvar\u0131\u2019ndan olacak.<\/p>\n<p>Gazima\u011fusa istikametinden gelip Lefko\u015fa \u015fehir i\u00e7ine gitmek isteyen s\u00fcr\u00fcc\u00fcler i\u00e7in ula\u015f\u0131m; Hamitk\u00f6y \u00e7emberinden sola d\u00f6n\u00fcp, Mimar Mehmet Vahip Caddesi ile \u015eehit \u0130smail Beyo\u011flu Caddesi veya Honda trafik \u0131\u015f\u0131klar\u0131 kav\u015fa\u011f\u0131ndan sola d\u00f6nerek \u015eehit Mustafa Ahmet Ruso Caddesi \u00fczerinden sa\u011flanacak.<\/p>\n<p>Gazima\u011fusa istikametinden gelip G\u00fczelyurt istikametine gitmek isteyen s\u00fcr\u00fcc\u00fcler i\u00e7in ula\u015f\u0131m; Lefko\u015fa Kuzey \u00c7evre Yolu \u00fczerinden G\u00f6nyeli \u00e7emberi g\u00fczergah\u0131 veya Lefko\u015fa Mehmet Akif Caddesi \u00fczerinde bulunan Citr\u00f6en trafik \u0131\u015f\u0131klar\u0131 kav\u015fa\u011f\u0131ndan Metehan-Alayk\u00f6y \u00c7evre Yolu \u00fczerinden olacak.<\/p>\n<p>G\u00fczelyurt istikametinden gelip Lefko\u015fa istikametine gitmek isteyen s\u00fcr\u00fcc\u00fcler i\u00e7in ula\u015f\u0131m; Alayk\u00f6y-Metehan \u00c7evre Yolu veya G\u00f6nyeli \u00e7emberi ile Dr. Burhan Nalbanto\u011flu Caddesi (Devlet Hastanesi) g\u00fczergah\u0131 \u00fczerinden sa\u011flanacak. <\/p>\n<p>Girne istikametinden gelip Lefko\u015fa istikametine gitmek isteyen s\u00fcr\u00fcc\u00fcler i\u00e7in ula\u015f\u0131m; Bo\u011fazk\u00f6y-Dikmen yolunu kullanarak Lefko\u015fa Organize Sanayi B\u00f6lgesi i\u00e7erisinden devam edip, Alt\u0131nba\u015f Petrol trafik \u0131\u015f\u0131klar\u0131 kav\u015fa\u011f\u0131 \u00fczerinden veya Girne-Lefko\u015fa ana yolunu kullanan s\u00fcr\u00fcc\u00fcler i\u00e7in ise G\u00f6nyeli \u00e7emberinden, Dr. Burhan Nalbanto\u011flu Caddesi (Devlet Hastanesi) g\u00fczergah\u0131 \u00fczerinden olacak.\u201d<\/p>\n<\/p><\/div>\n<p><script async\n                    defer\n                    crossorigin=\"anonymous\"\n                    src=\"https:\/\/connect.facebook.net\/tr_TR\/sdk.js#xfbml=1&#038;version=v3.3\"\n            ><\/script><br \/>\n<br \/><br \/>\n<br \/><a href=\"[kibrisdakik.com]\n<\/p>\n","protected":false},"excerpt":{"rendered":"<p>20 Temmuz Bar\u0131\u015f ve \u00d6zg\u00fcrl\u00fck Bayram\u0131\u2019n\u0131n 51\u2019inci y\u0131l d\u00f6n\u00fcm\u00fc kapsam\u0131nda pazar g\u00fcn\u00fc Lefko\u015fa Dr. Faz\u0131l Bulvar\u0131\u2019nda resmige\u00e7it provas\u0131 yap\u0131lacak. Prova esnas\u0131nda baz\u0131 yollar trafi\u011fe kapat\u0131lacak. Polis Bas\u0131n Subayl\u0131\u011f\u0131\u2019ndan verilen bilgiye g\u00f6re, pazar g\u00fcn\u00fc saat 07.00\u2019den itibaren Honda trafik \u0131\u015f\u0131klar\u0131 kav\u015fa\u011f\u0131, Alt\u0131nba\u015f Petrol trafik \u0131\u015f\u0131klar\u0131 kav\u015fa\u011f\u0131 G\u00f6nyeli \u00e7emberi aras\u0131nda kalan yol g\u00fczergah\u0131, t\u00f6ren provas\u0131n\u0131n bitece\u011fi saate<\/p>\n","protected":false},"author":1,"featured_media":86088,"comment_status":"open","ping_status":"open","sticky":false,"template":"","format":"standard","meta":{"footnotes":""},"categories":[81,101],"tags":[],"class_list":["post-86087","post","type-post","status-publish","format-standard","has-post-thumbnail","hentry","category-kibris","category-manset"],"yoast_head":"<!-- This site is optimized with the Yoast SEO plugin v27.5 - https:\/\/yoast.com\/product\/yoast-seo-wordpress\/ -->\n<title>Pazar g\u00fcn\u00fc Lefko\u015fa\u2019da t\u00f6ren provas\u0131 var\u2026 Baz\u0131 yollar trafi\u011fe kapat\u0131lacak -<\/title>\n<meta name=\"robots\" content=\"index, follow, max-snippet:-1, max-image-preview:large, max-video-preview:-1\" \/>\n<link rel=\"canonical\" href=\"https:\/\/kibrisdakik.com\/?p=86087\" \/>\n<meta property=\"og:locale\" content=\"tr_TR\" \/>\n<meta property=\"og:type\" content=\"article\" \/>\n<meta property=\"og:title\" content=\"Pazar g\u00fcn\u00fc Lefko\u015fa\u2019da t\u00f6ren provas\u0131 var\u2026 Baz\u0131 yollar trafi\u011fe kapat\u0131lacak -\" \/>\n<meta property=\"og:description\" content=\"20 Temmuz Bar\u0131\u015f ve \u00d6zg\u00fcrl\u00fck Bayram\u0131\u2019n\u0131n 51\u2019inci y\u0131l d\u00f6n\u00fcm\u00fc kapsam\u0131nda pazar g\u00fcn\u00fc Lefko\u015fa Dr. Faz\u0131l Bulvar\u0131\u2019nda resmige\u00e7it provas\u0131 yap\u0131lacak. Prova esnas\u0131nda baz\u0131 yollar trafi\u011fe kapat\u0131lacak. Polis Bas\u0131n Subayl\u0131\u011f\u0131\u2019ndan verilen bilgiye g\u00f6re, pazar g\u00fcn\u00fc saat 07.00\u2019den itibaren Honda trafik \u0131\u015f\u0131klar\u0131 kav\u015fa\u011f\u0131, Alt\u0131nba\u015f Petrol trafik \u0131\u015f\u0131klar\u0131 kav\u015fa\u011f\u0131 G\u00f6nyeli \u00e7emberi aras\u0131nda kalan yol g\u00fczergah\u0131, t\u00f6ren provas\u0131n\u0131n bitece\u011fi saate\" \/>\n<meta property=\"og:url\" content=\"https:\/\/kibrisdakik.com\/?p=86087\" \/>\n<meta property=\"article:published_time\" content=\"2025-07-10T13:18:04+00:00\" \/>\n<meta property=\"og:image\" content=\"https:\/\/kibrisdakik.com\/wp-content\/uploads\/2025\/07\/20-temmuz-torenn-12--640x420.jpg\" \/>\n\t<meta property=\"og:image:width\" content=\"640\" \/>\n\t<meta property=\"og:image:height\" content=\"426\" \/>\n\t<meta property=\"og:image:type\" content=\"image\/jpeg\" \/>\n<meta name=\"author\" content=\"admin\" \/>\n<meta name=\"twitter:card\" content=\"summary_large_image\" \/>\n<meta name=\"twitter:label1\" content=\"Yazan:\" \/>\n\t<meta name=\"twitter:data1\" content=\"admin\" \/>\n\t<meta name=\"twitter:label2\" content=\"Tahmini okuma s\u00fcresi\" \/>\n\t<meta name=\"twitter:data2\" content=\"2 dakika\" \/>\n<script type=\"application\/ld+json\" class=\"yoast-schema-graph\">{\"@context\":\"https:\\\/\\\/schema.org\",\"@graph\":[{\"@type\":\"Article\",\"@id\":\"https:\\\/\\\/kibrisdakik.com\\\/?p=86087#article\",\"isPartOf\":{\"@id\":\"https:\\\/\\\/kibrisdakik.com\\\/?p=86087\"},\"author\":{\"name\":\"admin\",\"@id\":\"https:\\\/\\\/kibrisdakik.com\\\/#\\\/schema\\\/person\\\/9cd9d437bbb44f72b73ba127e06d8e79\"},\"headline\":\"Pazar g\u00fcn\u00fc Lefko\u015fa\u2019da t\u00f6ren provas\u0131 var\u2026 Baz\u0131 yollar trafi\u011fe kapat\u0131lacak\",\"datePublished\":\"2025-07-10T13:18:04+00:00\",\"mainEntityOfPage\":{\"@id\":\"https:\\\/\\\/kibrisdakik.com\\\/?p=86087\"},\"wordCount\":424,\"commentCount\":0,\"image\":{\"@id\":\"https:\\\/\\\/kibrisdakik.com\\\/?p=86087#primaryimage\"},\"thumbnailUrl\":\"https:\\\/\\\/kibrisdakik.com\\\/wp-content\\\/uploads\\\/2025\\\/07\\\/20-temmuz-torenn-12--640x420.jpg\",\"articleSection\":[\"K\u0131br\u0131s\",\"Man\u015fet\"],\"inLanguage\":\"tr\",\"potentialAction\":[{\"@type\":\"CommentAction\",\"name\":\"Comment\",\"target\":[\"https:\\\/\\\/kibrisdakik.com\\\/?p=86087#respond\"]}]},{\"@type\":\"WebPage\",\"@id\":\"https:\\\/\\\/kibrisdakik.com\\\/?p=86087\",\"url\":\"https:\\\/\\\/kibrisdakik.com\\\/?p=86087\",\"name\":\"Pazar g\u00fcn\u00fc Lefko\u015fa\u2019da t\u00f6ren provas\u0131 var\u2026 Baz\u0131 yollar trafi\u011fe kapat\u0131lacak -\",\"isPartOf\":{\"@id\":\"https:\\\/\\\/kibrisdakik.com\\\/#website\"},\"primaryImageOfPage\":{\"@id\":\"https:\\\/\\\/kibrisdakik.com\\\/?p=86087#primaryimage\"},\"image\":{\"@id\":\"https:\\\/\\\/kibrisdakik.com\\\/?p=86087#primaryimage\"},\"thumbnailUrl\":\"https:\\\/\\\/kibrisdakik.com\\\/wp-content\\\/uploads\\\/2025\\\/07\\\/20-temmuz-torenn-12--640x420.jpg\",\"datePublished\":\"2025-07-10T13:18:04+00:00\",\"author\":{\"@id\":\"https:\\\/\\\/kibrisdakik.com\\\/#\\\/schema\\\/person\\\/9cd9d437bbb44f72b73ba127e06d8e79\"},\"breadcrumb\":{\"@id\":\"https:\\\/\\\/kibrisdakik.com\\\/?p=86087#breadcrumb\"},\"inLanguage\":\"tr\",\"potentialAction\":[{\"@type\":\"ReadAction\",\"target\":[\"https:\\\/\\\/kibrisdakik.com\\\/?p=86087\"]}]},{\"@type\":\"ImageObject\",\"inLanguage\":\"tr\",\"@id\":\"https:\\\/\\\/kibrisdakik.com\\\/?p=86087#primaryimage\",\"url\":\"https:\\\/\\\/kibrisdakik.com\\\/wp-content\\\/uploads\\\/2025\\\/07\\\/20-temmuz-torenn-12--640x420.jpg\",\"contentUrl\":\"https:\\\/\\\/kibrisdakik.com\\\/wp-content\\\/uploads\\\/2025\\\/07\\\/20-temmuz-torenn-12--640x420.jpg\",\"width\":640,\"height\":426},{\"@type\":\"BreadcrumbList\",\"@id\":\"https:\\\/\\\/kibrisdakik.com\\\/?p=86087#breadcrumb\",\"itemListElement\":[{\"@type\":\"ListItem\",\"position\":1,\"name\":\"Home\",\"item\":\"https:\\\/\\\/kibrisdakik.com\\\/\"},{\"@type\":\"ListItem\",\"position\":2,\"name\":\"Pazar g\u00fcn\u00fc Lefko\u015fa\u2019da t\u00f6ren provas\u0131 var\u2026 Baz\u0131 yollar trafi\u011fe kapat\u0131lacak\"}]},{\"@type\":\"WebSite\",\"@id\":\"https:\\\/\\\/kibrisdakik.com\\\/#website\",\"url\":\"https:\\\/\\\/kibrisdakik.com\\\/\",\"name\":\"\",\"description\":\"Tam vaktinde haber\",\"potentialAction\":[{\"@type\":\"SearchAction\",\"target\":{\"@type\":\"EntryPoint\",\"urlTemplate\":\"https:\\\/\\\/kibrisdakik.com\\\/?s={search_term_string}\"},\"query-input\":{\"@type\":\"PropertyValueSpecification\",\"valueRequired\":true,\"valueName\":\"search_term_string\"}}],\"inLanguage\":\"tr\"},{\"@type\":\"Person\",\"@id\":\"https:\\\/\\\/kibrisdakik.com\\\/#\\\/schema\\\/person\\\/9cd9d437bbb44f72b73ba127e06d8e79\",\"name\":\"admin\",\"image\":{\"@type\":\"ImageObject\",\"inLanguage\":\"tr\",\"@id\":\"https:\\\/\\\/secure.gravatar.com\\\/avatar\\\/ccc17943b9d660506c869530f897617f7cb1c21a4bf30023f252596d83e1f007?s=96&d=mm&r=g\",\"url\":\"https:\\\/\\\/secure.gravatar.com\\\/avatar\\\/ccc17943b9d660506c869530f897617f7cb1c21a4bf30023f252596d83e1f007?s=96&d=mm&r=g\",\"contentUrl\":\"https:\\\/\\\/secure.gravatar.com\\\/avatar\\\/ccc17943b9d660506c869530f897617f7cb1c21a4bf30023f252596d83e1f007?s=96&d=mm&r=g\",\"caption\":\"admin\"},\"sameAs\":[\"https:\\\/\\\/kibrisdakik.com\"],\"url\":\"https:\\\/\\\/kibrisdakik.com\\\/?author=1\"}]}<\/script>\n<!-- \/ Yoast SEO plugin. -->","yoast_head_json":{"title":"Pazar g\u00fcn\u00fc Lefko\u015fa\u2019da t\u00f6ren provas\u0131 var\u2026 Baz\u0131 yollar trafi\u011fe kapat\u0131lacak -","robots":{"index":"index","follow":"follow","max-snippet":"max-snippet:-1","max-image-preview":"max-image-preview:large","max-video-preview":"max-video-preview:-1"},"canonical":"https:\/\/kibrisdakik.com\/?p=86087","og_locale":"tr_TR","og_type":"article","og_title":"Pazar g\u00fcn\u00fc Lefko\u015fa\u2019da t\u00f6ren provas\u0131 var\u2026 Baz\u0131 yollar trafi\u011fe kapat\u0131lacak -","og_description":"20 Temmuz Bar\u0131\u015f ve \u00d6zg\u00fcrl\u00fck Bayram\u0131\u2019n\u0131n 51\u2019inci y\u0131l d\u00f6n\u00fcm\u00fc kapsam\u0131nda pazar g\u00fcn\u00fc Lefko\u015fa Dr. Faz\u0131l Bulvar\u0131\u2019nda resmige\u00e7it provas\u0131 yap\u0131lacak. Prova esnas\u0131nda baz\u0131 yollar trafi\u011fe kapat\u0131lacak. Polis Bas\u0131n Subayl\u0131\u011f\u0131\u2019ndan verilen bilgiye g\u00f6re, pazar g\u00fcn\u00fc saat 07.00\u2019den itibaren Honda trafik \u0131\u015f\u0131klar\u0131 kav\u015fa\u011f\u0131, Alt\u0131nba\u015f Petrol trafik \u0131\u015f\u0131klar\u0131 kav\u015fa\u011f\u0131 G\u00f6nyeli \u00e7emberi aras\u0131nda kalan yol g\u00fczergah\u0131, t\u00f6ren provas\u0131n\u0131n bitece\u011fi saate","og_url":"https:\/\/kibrisdakik.com\/?p=86087","article_published_time":"2025-07-10T13:18:04+00:00","og_image":[{"width":640,"height":426,"url":"https:\/\/kibrisdakik.com\/wp-content\/uploads\/2025\/07\/20-temmuz-torenn-12--640x420.jpg","type":"image\/jpeg"}],"author":"admin","twitter_card":"summary_large_image","twitter_misc":{"Yazan:":"admin","Tahmini okuma s\u00fcresi":"2 dakika"},"schema":{"@context":"https:\/\/schema.org","@graph":[{"@type":"Article","@id":"https:\/\/kibrisdakik.com\/?p=86087#article","isPartOf":{"@id":"https:\/\/kibrisdakik.com\/?p=86087"},"author":{"name":"admin","@id":"https:\/\/kibrisdakik.com\/#\/schema\/person\/9cd9d437bbb44f72b73ba127e06d8e79"},"headline":"Pazar g\u00fcn\u00fc Lefko\u015fa\u2019da t\u00f6ren provas\u0131 var\u2026 Baz\u0131 yollar trafi\u011fe kapat\u0131lacak","datePublished":"2025-07-10T13:18:04+00:00","mainEntityOfPage":{"@id":"https:\/\/kibrisdakik.com\/?p=86087"},"wordCount":424,"commentCount":0,"image":{"@id":"https:\/\/kibrisdakik.com\/?p=86087#primaryimage"},"thumbnailUrl":"https:\/\/kibrisdakik.com\/wp-content\/uploads\/2025\/07\/20-temmuz-torenn-12--640x420.jpg","articleSection":["K\u0131br\u0131s","Man\u015fet"],"inLanguage":"tr","potentialAction":[{"@type":"CommentAction","name":"Comment","target":["https:\/\/kibrisdakik.com\/?p=86087#respond"]}]},{"@type":"WebPage","@id":"https:\/\/kibrisdakik.com\/?p=86087","url":"https:\/\/kibrisdakik.com\/?p=86087","name":"Pazar g\u00fcn\u00fc Lefko\u015fa\u2019da t\u00f6ren provas\u0131 var\u2026 Baz\u0131 yollar trafi\u011fe kapat\u0131lacak -","isPartOf":{"@id":"https:\/\/kibrisdakik.com\/#website"},"primaryImageOfPage":{"@id":"https:\/\/kibrisdakik.com\/?p=86087#primaryimage"},"image":{"@id":"https:\/\/kibrisdakik.com\/?p=86087#primaryimage"},"thumbnailUrl":"https:\/\/kibrisdakik.com\/wp-content\/uploads\/2025\/07\/20-temmuz-torenn-12--640x420.jpg","datePublished":"2025-07-10T13:18:04+00:00","author":{"@id":"https:\/\/kibrisdakik.com\/#\/schema\/person\/9cd9d437bbb44f72b73ba127e06d8e79"},"breadcrumb":{"@id":"https:\/\/kibrisdakik.com\/?p=86087#breadcrumb"},"inLanguage":"tr","potentialAction":[{"@type":"ReadAction","target":["https:\/\/kibrisdakik.com\/?p=86087"]}]},{"@type":"ImageObject","inLanguage":"tr","@id":"https:\/\/kibrisdakik.com\/?p=86087#primaryimage","url":"https:\/\/kibrisdakik.com\/wp-content\/uploads\/2025\/07\/20-temmuz-torenn-12--640x420.jpg","contentUrl":"https:\/\/kibrisdakik.com\/wp-content\/uploads\/2025\/07\/20-temmuz-torenn-12--640x420.jpg","width":640,"height":426},{"@type":"BreadcrumbList","@id":"https:\/\/kibrisdakik.com\/?p=86087#breadcrumb","itemListElement":[{"@type":"ListItem","position":1,"name":"Home","item":"https:\/\/kibrisdakik.com\/"},{"@type":"ListItem","position":2,"name":"Pazar g\u00fcn\u00fc Lefko\u015fa\u2019da t\u00f6ren provas\u0131 var\u2026 Baz\u0131 yollar trafi\u011fe kapat\u0131lacak"}]},{"@type":"WebSite","@id":"https:\/\/kibrisdakik.com\/#website","url":"https:\/\/kibrisdakik.com\/","name":"","description":"Tam vaktinde haber","potentialAction":[{"@type":"SearchAction","target":{"@type":"EntryPoint","urlTemplate":"https:\/\/kibrisdakik.com\/?s={search_term_string}"},"query-input":{"@type":"PropertyValueSpecification","valueRequired":true,"valueName":"search_term_string"}}],"inLanguage":"tr"},{"@type":"Person","@id":"https:\/\/kibrisdakik.com\/#\/schema\/person\/9cd9d437bbb44f72b73ba127e06d8e79","name":"admin","image":{"@type":"ImageObject","inLanguage":"tr","@id":"https:\/\/secure.gravatar.com\/avatar\/ccc17943b9d660506c869530f897617f7cb1c21a4bf30023f252596d83e1f007?s=96&d=mm&r=g","url":"https:\/\/secure.gravatar.com\/avatar\/ccc17943b9d660506c869530f897617f7cb1c21a4bf30023f252596d83e1f007?s=96&d=mm&r=g","contentUrl":"https:\/\/secure.gravatar.com\/avatar\/ccc17943b9d660506c869530f897617f7cb1c21a4bf30023f252596d83e1f007?s=96&d=mm&r=g","caption":"admin"},"sameAs":["https:\/\/kibrisdakik.com"],"url":"https:\/\/kibrisdakik.com\/?author=1"}]}},"_links":{"self":[{"href":"https:\/\/kibrisdakik.com\/index.php?rest_route=\/wp\/v2\/posts\/86087","targetHints":{"allow":["GET"]}}],"collection":[{"href":"https:\/\/kibrisdakik.com\/index.php?rest_route=\/wp\/v2\/posts"}],"about":[{"href":"https:\/\/kibrisdakik.com\/index.php?rest_route=\/wp\/v2\/types\/post"}],"author":[{"embeddable":true,"href":"https:\/\/kibrisdakik.com\/index.php?rest_route=\/wp\/v2\/users\/1"}],"replies":[{"embeddable":true,"href":"https:\/\/kibrisdakik.com\/index.php?rest_route=%2Fwp%2Fv2%2Fcomments&post=86087"}],"version-history":[{"count":0,"href":"https:\/\/kibrisdakik.com\/index.php?rest_route=\/wp\/v2\/posts\/86087\/revisions"}],"wp:featuredmedia":[{"embeddable":true,"href":"https:\/\/kibrisdakik.com\/index.php?rest_route=\/wp\/v2\/media\/86088"}],"wp:attachment":[{"href":"https:\/\/kibrisdakik.com\/index.php?rest_route=%2Fwp%2Fv2%2Fmedia&parent=86087"}],"wp:term":[{"taxonomy":"category","embeddable":true,"href":"https:\/\/kibrisdakik.com\/index.php?rest_route=%2Fwp%2Fv2%2Fcategories&post=86087"},{"taxonomy":"post_tag","embeddable":true,"href":"https:\/\/kibrisdakik.com\/index.php?rest_route=%2Fwp%2Fv2%2Ftags&post=86087"}],"curies":[{"name":"wp","href":"https:\/\/api.w.org\/{rel}","templated":true}]}}