{"id":86097,"date":"2025-07-10T17:13:04","date_gmt":"2025-07-10T14:13:04","guid":{"rendered":"https:\/\/kibrisdakik.com\/index.php\/2025\/07\/10\/azerbaycan-basin-konseyi-genel-sekreteri-ismailov-brtk-yonetim-kurulu-baskani-tokel-ile-gorustu\/"},"modified":"2025-07-10T17:13:04","modified_gmt":"2025-07-10T14:13:04","slug":"azerbaycan-basin-konseyi-genel-sekreteri-ismailov-brtk-yonetim-kurulu-baskani-tokel-ile-gorustu","status":"publish","type":"post","link":"https:\/\/kibrisdakik.com\/?p=86097","title":{"rendered":"Azerbaycan Bas\u0131n Konseyi Genel Sekreteri \u0130smailov, BRTK Y\u00f6netim Kurulu Ba\u015fkan\u0131 Tokel ile g\u00f6r\u00fc\u015ft\u00fc"},"content":{"rendered":"<p> <br \/>\n<\/p>\n<div>\n<div class=\"mariselle-image-container center\">\n                                            <\/div>\n<p>KKTC\u2019de temaslarda bulunan Azerbaycan heyeti i\u00e7erisinde yer alan gazeteci, Azerbaycan Bas\u0131n Konseyi Genel Sekreteri, Orta Asya ve G\u00fcney Kafkas \u0130fade \u00d6zg\u00fcrl\u00fc\u011f\u00fc A\u011f\u0131 Genel Ba\u015fkan\u0131 Nadir \u0130smailov Bayrak Radyo Televizyon Kurumu\u2019nu (BRTK) ziyaret ederek BRTK Y\u00f6netim Kurulu Ba\u015fkan\u0131 \u00d6zdemir Tokel ile bir araya geldi.<\/p>\n<p>\u00d6zdemir Tokel, g\u00f6r\u00fc\u015fmede yapt\u0131\u011f\u0131 konu\u015fmada kendisini KKTC\u2019de a\u011f\u0131rlamaktan b\u00fcy\u00fck mutluluk duyduklar\u0131n\u0131 belirtti.<\/p>\n<p>Tokel, \u201cAzerbaycan medyas\u0131 ile KKTC medyas\u0131n\u0131n ili\u015fkilerinin geli\u015ftirilmesi noktas\u0131nda bizlere g\u00f6stermi\u015f oldu\u011funuz destek, yapt\u0131\u011f\u0131n\u0131z haberlerle K\u0131br\u0131s T\u00fcrk halk\u0131n\u0131n sesinin Azerbaycan\u2019da daha duyulur olmas\u0131na koydu\u011funuz katk\u0131 bizler i\u00e7in son derece \u00f6nemlidir\u201d dedi.<\/p>\n<p>\u00a0<\/p>\n<p>Azerbaycan\u2019\u0131n devlet olarak KKTC\u2019ye verdi\u011fi deste\u011fi de an\u0131msatan Tokel, Azerbaycan Cumhurba\u015fkan\u0131 \u0130lham Aliyev\u2019e te\u015fekk\u00fcr etti.<\/p>\n<p>KKTC\u2019nin kendileri i\u00e7in Azerbaycan\u2019dan farkl\u0131 olmad\u0131\u011f\u0131n\u0131 kaydeden Nadir \u0130smailov ise, \u201cBizim i\u00e7in KKTC demek Azerbaycan demek\u201d diye konu\u015ftu.<\/p>\n<p>\u0130smailov, KKTC ile i\u015fbirli\u011finin kendilerini mutlu etti\u011fini belirtti, ziyaretleri s\u0131ras\u0131nda yine bu i\u015fbirli\u011fine y\u00f6nelik \u00e7al\u0131\u015fmalar yap\u0131ld\u0131\u011f\u0131n\u0131 anlatt\u0131.<\/p>\n<p>Azerbaycan Cumhuriyeti Sivil Toplum Kurulu\u015flar\u0131na Devlet Deste\u011fi Ajans\u0131\u2019n\u0131n deste\u011fiyle KKTC Cumhurba\u015fkanl\u0131\u011f\u0131\u2019nda \u201cBizim Ailemiz T\u00fcrk D\u00fcnyas\u0131d\u0131r\u201d adl\u0131 konferans d\u00fczenlendi\u011fini kaydeden \u0130smailov, \u015funlar\u0131 ifade etti:<\/p>\n<p>\u201cBizim siyasetimizde T\u00fcrk d\u00fcnyas\u0131na yana\u015fma var\u2026 Gelecekte Kuzey K\u0131br\u0131s ve Azerbaycan sivil toplum \u00f6rg\u00fctlerinin bir platformda yer almas\u0131n\u0131 arzu ediyorum\u201d<\/p>\n<\/p><\/div>\n<p><script async\n                    defer\n                    crossorigin=\"anonymous\"\n                    src=\"https:\/\/connect.facebook.net\/tr_TR\/sdk.js#xfbml=1&#038;version=v3.3\"\n            ><\/script><br \/>\n<br \/><br \/>\n<br \/><a href=\"[kibrisdakik.com]\n<\/p>\n","protected":false},"excerpt":{"rendered":"<p>KKTC\u2019de temaslarda bulunan Azerbaycan heyeti i\u00e7erisinde yer alan gazeteci, Azerbaycan Bas\u0131n Konseyi Genel Sekreteri, Orta Asya ve G\u00fcney Kafkas \u0130fade \u00d6zg\u00fcrl\u00fc\u011f\u00fc A\u011f\u0131 Genel Ba\u015fkan\u0131 Nadir \u0130smailov Bayrak Radyo Televizyon Kurumu\u2019nu (BRTK) ziyaret ederek BRTK Y\u00f6netim Kurulu Ba\u015fkan\u0131 \u00d6zdemir Tokel ile bir araya geldi. \u00d6zdemir Tokel, g\u00f6r\u00fc\u015fmede yapt\u0131\u011f\u0131 konu\u015fmada kendisini KKTC\u2019de a\u011f\u0131rlamaktan b\u00fcy\u00fck mutluluk duyduklar\u0131n\u0131 belirtti.<\/p>\n","protected":false},"author":1,"featured_media":86098,"comment_status":"open","ping_status":"open","sticky":false,"template":"","format":"standard","meta":{"footnotes":""},"categories":[81,101],"tags":[],"class_list":["post-86097","post","type-post","status-publish","format-standard","has-post-thumbnail","hentry","category-kibris","category-manset"],"yoast_head":"<!-- This site is optimized with the Yoast SEO plugin v27.5 - https:\/\/yoast.com\/product\/yoast-seo-wordpress\/ -->\n<title>Azerbaycan Bas\u0131n Konseyi Genel Sekreteri \u0130smailov, BRTK Y\u00f6netim Kurulu Ba\u015fkan\u0131 Tokel ile g\u00f6r\u00fc\u015ft\u00fc -<\/title>\n<meta name=\"robots\" content=\"index, follow, max-snippet:-1, max-image-preview:large, max-video-preview:-1\" \/>\n<link rel=\"canonical\" href=\"https:\/\/kibrisdakik.com\/?p=86097\" \/>\n<meta property=\"og:locale\" content=\"tr_TR\" \/>\n<meta property=\"og:type\" content=\"article\" \/>\n<meta property=\"og:title\" content=\"Azerbaycan Bas\u0131n Konseyi Genel Sekreteri \u0130smailov, BRTK Y\u00f6netim Kurulu Ba\u015fkan\u0131 Tokel ile g\u00f6r\u00fc\u015ft\u00fc -\" \/>\n<meta property=\"og:description\" content=\"KKTC\u2019de temaslarda bulunan Azerbaycan heyeti i\u00e7erisinde yer alan gazeteci, Azerbaycan Bas\u0131n Konseyi Genel Sekreteri, Orta Asya ve G\u00fcney Kafkas \u0130fade \u00d6zg\u00fcrl\u00fc\u011f\u00fc A\u011f\u0131 Genel Ba\u015fkan\u0131 Nadir \u0130smailov Bayrak Radyo Televizyon Kurumu\u2019nu (BRTK) ziyaret ederek BRTK Y\u00f6netim Kurulu Ba\u015fkan\u0131 \u00d6zdemir Tokel ile bir araya geldi. \u00d6zdemir Tokel, g\u00f6r\u00fc\u015fmede yapt\u0131\u011f\u0131 konu\u015fmada kendisini KKTC\u2019de a\u011f\u0131rlamaktan b\u00fcy\u00fck mutluluk duyduklar\u0131n\u0131 belirtti.\" \/>\n<meta property=\"og:url\" content=\"https:\/\/kibrisdakik.com\/?p=86097\" \/>\n<meta property=\"article:published_time\" content=\"2025-07-10T14:13:04+00:00\" \/>\n<meta property=\"og:image\" content=\"https:\/\/kibrisdakik.com\/wp-content\/uploads\/2025\/07\/ta-740x420.png\" \/>\n\t<meta property=\"og:image:width\" content=\"1262\" \/>\n\t<meta property=\"og:image:height\" content=\"771\" \/>\n\t<meta property=\"og:image:type\" content=\"image\/png\" \/>\n<meta name=\"author\" content=\"admin\" \/>\n<meta name=\"twitter:card\" content=\"summary_large_image\" \/>\n<meta name=\"twitter:label1\" content=\"Yazan:\" \/>\n\t<meta name=\"twitter:data1\" content=\"admin\" \/>\n\t<meta name=\"twitter:label2\" content=\"Tahmini okuma s\u00fcresi\" \/>\n\t<meta name=\"twitter:data2\" content=\"1 dakika\" \/>\n<script type=\"application\/ld+json\" class=\"yoast-schema-graph\">{\"@context\":\"https:\\\/\\\/schema.org\",\"@graph\":[{\"@type\":\"Article\",\"@id\":\"https:\\\/\\\/kibrisdakik.com\\\/?p=86097#article\",\"isPartOf\":{\"@id\":\"https:\\\/\\\/kibrisdakik.com\\\/?p=86097\"},\"author\":{\"name\":\"admin\",\"@id\":\"https:\\\/\\\/kibrisdakik.com\\\/#\\\/schema\\\/person\\\/9cd9d437bbb44f72b73ba127e06d8e79\"},\"headline\":\"Azerbaycan Bas\u0131n Konseyi Genel Sekreteri \u0130smailov, BRTK Y\u00f6netim Kurulu Ba\u015fkan\u0131 Tokel ile g\u00f6r\u00fc\u015ft\u00fc\",\"datePublished\":\"2025-07-10T14:13:04+00:00\",\"mainEntityOfPage\":{\"@id\":\"https:\\\/\\\/kibrisdakik.com\\\/?p=86097\"},\"wordCount\":282,\"commentCount\":0,\"image\":{\"@id\":\"https:\\\/\\\/kibrisdakik.com\\\/?p=86097#primaryimage\"},\"thumbnailUrl\":\"https:\\\/\\\/kibrisdakik.com\\\/wp-content\\\/uploads\\\/2025\\\/07\\\/ta-740x420.png\",\"articleSection\":[\"K\u0131br\u0131s\",\"Man\u015fet\"],\"inLanguage\":\"tr\",\"potentialAction\":[{\"@type\":\"CommentAction\",\"name\":\"Comment\",\"target\":[\"https:\\\/\\\/kibrisdakik.com\\\/?p=86097#respond\"]}]},{\"@type\":\"WebPage\",\"@id\":\"https:\\\/\\\/kibrisdakik.com\\\/?p=86097\",\"url\":\"https:\\\/\\\/kibrisdakik.com\\\/?p=86097\",\"name\":\"Azerbaycan Bas\u0131n Konseyi Genel Sekreteri \u0130smailov, BRTK Y\u00f6netim Kurulu Ba\u015fkan\u0131 Tokel ile g\u00f6r\u00fc\u015ft\u00fc -\",\"isPartOf\":{\"@id\":\"https:\\\/\\\/kibrisdakik.com\\\/#website\"},\"primaryImageOfPage\":{\"@id\":\"https:\\\/\\\/kibrisdakik.com\\\/?p=86097#primaryimage\"},\"image\":{\"@id\":\"https:\\\/\\\/kibrisdakik.com\\\/?p=86097#primaryimage\"},\"thumbnailUrl\":\"https:\\\/\\\/kibrisdakik.com\\\/wp-content\\\/uploads\\\/2025\\\/07\\\/ta-740x420.png\",\"datePublished\":\"2025-07-10T14:13:04+00:00\",\"author\":{\"@id\":\"https:\\\/\\\/kibrisdakik.com\\\/#\\\/schema\\\/person\\\/9cd9d437bbb44f72b73ba127e06d8e79\"},\"breadcrumb\":{\"@id\":\"https:\\\/\\\/kibrisdakik.com\\\/?p=86097#breadcrumb\"},\"inLanguage\":\"tr\",\"potentialAction\":[{\"@type\":\"ReadAction\",\"target\":[\"https:\\\/\\\/kibrisdakik.com\\\/?p=86097\"]}]},{\"@type\":\"ImageObject\",\"inLanguage\":\"tr\",\"@id\":\"https:\\\/\\\/kibrisdakik.com\\\/?p=86097#primaryimage\",\"url\":\"https:\\\/\\\/kibrisdakik.com\\\/wp-content\\\/uploads\\\/2025\\\/07\\\/ta-740x420.png\",\"contentUrl\":\"https:\\\/\\\/kibrisdakik.com\\\/wp-content\\\/uploads\\\/2025\\\/07\\\/ta-740x420.png\",\"width\":1262,\"height\":771},{\"@type\":\"BreadcrumbList\",\"@id\":\"https:\\\/\\\/kibrisdakik.com\\\/?p=86097#breadcrumb\",\"itemListElement\":[{\"@type\":\"ListItem\",\"position\":1,\"name\":\"Home\",\"item\":\"https:\\\/\\\/kibrisdakik.com\\\/\"},{\"@type\":\"ListItem\",\"position\":2,\"name\":\"Azerbaycan Bas\u0131n Konseyi Genel Sekreteri \u0130smailov, BRTK Y\u00f6netim Kurulu Ba\u015fkan\u0131 Tokel ile g\u00f6r\u00fc\u015ft\u00fc\"}]},{\"@type\":\"WebSite\",\"@id\":\"https:\\\/\\\/kibrisdakik.com\\\/#website\",\"url\":\"https:\\\/\\\/kibrisdakik.com\\\/\",\"name\":\"\",\"description\":\"Tam vaktinde haber\",\"potentialAction\":[{\"@type\":\"SearchAction\",\"target\":{\"@type\":\"EntryPoint\",\"urlTemplate\":\"https:\\\/\\\/kibrisdakik.com\\\/?s={search_term_string}\"},\"query-input\":{\"@type\":\"PropertyValueSpecification\",\"valueRequired\":true,\"valueName\":\"search_term_string\"}}],\"inLanguage\":\"tr\"},{\"@type\":\"Person\",\"@id\":\"https:\\\/\\\/kibrisdakik.com\\\/#\\\/schema\\\/person\\\/9cd9d437bbb44f72b73ba127e06d8e79\",\"name\":\"admin\",\"image\":{\"@type\":\"ImageObject\",\"inLanguage\":\"tr\",\"@id\":\"https:\\\/\\\/secure.gravatar.com\\\/avatar\\\/ccc17943b9d660506c869530f897617f7cb1c21a4bf30023f252596d83e1f007?s=96&d=mm&r=g\",\"url\":\"https:\\\/\\\/secure.gravatar.com\\\/avatar\\\/ccc17943b9d660506c869530f897617f7cb1c21a4bf30023f252596d83e1f007?s=96&d=mm&r=g\",\"contentUrl\":\"https:\\\/\\\/secure.gravatar.com\\\/avatar\\\/ccc17943b9d660506c869530f897617f7cb1c21a4bf30023f252596d83e1f007?s=96&d=mm&r=g\",\"caption\":\"admin\"},\"sameAs\":[\"https:\\\/\\\/kibrisdakik.com\"],\"url\":\"https:\\\/\\\/kibrisdakik.com\\\/?author=1\"}]}<\/script>\n<!-- \/ Yoast SEO plugin. -->","yoast_head_json":{"title":"Azerbaycan Bas\u0131n Konseyi Genel Sekreteri \u0130smailov, BRTK Y\u00f6netim Kurulu Ba\u015fkan\u0131 Tokel ile g\u00f6r\u00fc\u015ft\u00fc -","robots":{"index":"index","follow":"follow","max-snippet":"max-snippet:-1","max-image-preview":"max-image-preview:large","max-video-preview":"max-video-preview:-1"},"canonical":"https:\/\/kibrisdakik.com\/?p=86097","og_locale":"tr_TR","og_type":"article","og_title":"Azerbaycan Bas\u0131n Konseyi Genel Sekreteri \u0130smailov, BRTK Y\u00f6netim Kurulu Ba\u015fkan\u0131 Tokel ile g\u00f6r\u00fc\u015ft\u00fc -","og_description":"KKTC\u2019de temaslarda bulunan Azerbaycan heyeti i\u00e7erisinde yer alan gazeteci, Azerbaycan Bas\u0131n Konseyi Genel Sekreteri, Orta Asya ve G\u00fcney Kafkas \u0130fade \u00d6zg\u00fcrl\u00fc\u011f\u00fc A\u011f\u0131 Genel Ba\u015fkan\u0131 Nadir \u0130smailov Bayrak Radyo Televizyon Kurumu\u2019nu (BRTK) ziyaret ederek BRTK Y\u00f6netim Kurulu Ba\u015fkan\u0131 \u00d6zdemir Tokel ile bir araya geldi. \u00d6zdemir Tokel, g\u00f6r\u00fc\u015fmede yapt\u0131\u011f\u0131 konu\u015fmada kendisini KKTC\u2019de a\u011f\u0131rlamaktan b\u00fcy\u00fck mutluluk duyduklar\u0131n\u0131 belirtti.","og_url":"https:\/\/kibrisdakik.com\/?p=86097","article_published_time":"2025-07-10T14:13:04+00:00","og_image":[{"width":1262,"height":771,"url":"https:\/\/kibrisdakik.com\/wp-content\/uploads\/2025\/07\/ta-740x420.png","type":"image\/png"}],"author":"admin","twitter_card":"summary_large_image","twitter_misc":{"Yazan:":"admin","Tahmini okuma s\u00fcresi":"1 dakika"},"schema":{"@context":"https:\/\/schema.org","@graph":[{"@type":"Article","@id":"https:\/\/kibrisdakik.com\/?p=86097#article","isPartOf":{"@id":"https:\/\/kibrisdakik.com\/?p=86097"},"author":{"name":"admin","@id":"https:\/\/kibrisdakik.com\/#\/schema\/person\/9cd9d437bbb44f72b73ba127e06d8e79"},"headline":"Azerbaycan Bas\u0131n Konseyi Genel Sekreteri \u0130smailov, BRTK Y\u00f6netim Kurulu Ba\u015fkan\u0131 Tokel ile g\u00f6r\u00fc\u015ft\u00fc","datePublished":"2025-07-10T14:13:04+00:00","mainEntityOfPage":{"@id":"https:\/\/kibrisdakik.com\/?p=86097"},"wordCount":282,"commentCount":0,"image":{"@id":"https:\/\/kibrisdakik.com\/?p=86097#primaryimage"},"thumbnailUrl":"https:\/\/kibrisdakik.com\/wp-content\/uploads\/2025\/07\/ta-740x420.png","articleSection":["K\u0131br\u0131s","Man\u015fet"],"inLanguage":"tr","potentialAction":[{"@type":"CommentAction","name":"Comment","target":["https:\/\/kibrisdakik.com\/?p=86097#respond"]}]},{"@type":"WebPage","@id":"https:\/\/kibrisdakik.com\/?p=86097","url":"https:\/\/kibrisdakik.com\/?p=86097","name":"Azerbaycan Bas\u0131n Konseyi Genel Sekreteri \u0130smailov, BRTK Y\u00f6netim Kurulu Ba\u015fkan\u0131 Tokel ile g\u00f6r\u00fc\u015ft\u00fc -","isPartOf":{"@id":"https:\/\/kibrisdakik.com\/#website"},"primaryImageOfPage":{"@id":"https:\/\/kibrisdakik.com\/?p=86097#primaryimage"},"image":{"@id":"https:\/\/kibrisdakik.com\/?p=86097#primaryimage"},"thumbnailUrl":"https:\/\/kibrisdakik.com\/wp-content\/uploads\/2025\/07\/ta-740x420.png","datePublished":"2025-07-10T14:13:04+00:00","author":{"@id":"https:\/\/kibrisdakik.com\/#\/schema\/person\/9cd9d437bbb44f72b73ba127e06d8e79"},"breadcrumb":{"@id":"https:\/\/kibrisdakik.com\/?p=86097#breadcrumb"},"inLanguage":"tr","potentialAction":[{"@type":"ReadAction","target":["https:\/\/kibrisdakik.com\/?p=86097"]}]},{"@type":"ImageObject","inLanguage":"tr","@id":"https:\/\/kibrisdakik.com\/?p=86097#primaryimage","url":"https:\/\/kibrisdakik.com\/wp-content\/uploads\/2025\/07\/ta-740x420.png","contentUrl":"https:\/\/kibrisdakik.com\/wp-content\/uploads\/2025\/07\/ta-740x420.png","width":1262,"height":771},{"@type":"BreadcrumbList","@id":"https:\/\/kibrisdakik.com\/?p=86097#breadcrumb","itemListElement":[{"@type":"ListItem","position":1,"name":"Home","item":"https:\/\/kibrisdakik.com\/"},{"@type":"ListItem","position":2,"name":"Azerbaycan Bas\u0131n Konseyi Genel Sekreteri \u0130smailov, BRTK Y\u00f6netim Kurulu Ba\u015fkan\u0131 Tokel ile g\u00f6r\u00fc\u015ft\u00fc"}]},{"@type":"WebSite","@id":"https:\/\/kibrisdakik.com\/#website","url":"https:\/\/kibrisdakik.com\/","name":"","description":"Tam vaktinde haber","potentialAction":[{"@type":"SearchAction","target":{"@type":"EntryPoint","urlTemplate":"https:\/\/kibrisdakik.com\/?s={search_term_string}"},"query-input":{"@type":"PropertyValueSpecification","valueRequired":true,"valueName":"search_term_string"}}],"inLanguage":"tr"},{"@type":"Person","@id":"https:\/\/kibrisdakik.com\/#\/schema\/person\/9cd9d437bbb44f72b73ba127e06d8e79","name":"admin","image":{"@type":"ImageObject","inLanguage":"tr","@id":"https:\/\/secure.gravatar.com\/avatar\/ccc17943b9d660506c869530f897617f7cb1c21a4bf30023f252596d83e1f007?s=96&d=mm&r=g","url":"https:\/\/secure.gravatar.com\/avatar\/ccc17943b9d660506c869530f897617f7cb1c21a4bf30023f252596d83e1f007?s=96&d=mm&r=g","contentUrl":"https:\/\/secure.gravatar.com\/avatar\/ccc17943b9d660506c869530f897617f7cb1c21a4bf30023f252596d83e1f007?s=96&d=mm&r=g","caption":"admin"},"sameAs":["https:\/\/kibrisdakik.com"],"url":"https:\/\/kibrisdakik.com\/?author=1"}]}},"_links":{"self":[{"href":"https:\/\/kibrisdakik.com\/index.php?rest_route=\/wp\/v2\/posts\/86097","targetHints":{"allow":["GET"]}}],"collection":[{"href":"https:\/\/kibrisdakik.com\/index.php?rest_route=\/wp\/v2\/posts"}],"about":[{"href":"https:\/\/kibrisdakik.com\/index.php?rest_route=\/wp\/v2\/types\/post"}],"author":[{"embeddable":true,"href":"https:\/\/kibrisdakik.com\/index.php?rest_route=\/wp\/v2\/users\/1"}],"replies":[{"embeddable":true,"href":"https:\/\/kibrisdakik.com\/index.php?rest_route=%2Fwp%2Fv2%2Fcomments&post=86097"}],"version-history":[{"count":0,"href":"https:\/\/kibrisdakik.com\/index.php?rest_route=\/wp\/v2\/posts\/86097\/revisions"}],"wp:featuredmedia":[{"embeddable":true,"href":"https:\/\/kibrisdakik.com\/index.php?rest_route=\/wp\/v2\/media\/86098"}],"wp:attachment":[{"href":"https:\/\/kibrisdakik.com\/index.php?rest_route=%2Fwp%2Fv2%2Fmedia&parent=86097"}],"wp:term":[{"taxonomy":"category","embeddable":true,"href":"https:\/\/kibrisdakik.com\/index.php?rest_route=%2Fwp%2Fv2%2Fcategories&post=86097"},{"taxonomy":"post_tag","embeddable":true,"href":"https:\/\/kibrisdakik.com\/index.php?rest_route=%2Fwp%2Fv2%2Ftags&post=86097"}],"curies":[{"name":"wp","href":"https:\/\/api.w.org\/{rel}","templated":true}]}}