{"id":86126,"date":"2025-07-11T11:02:24","date_gmt":"2025-07-11T08:02:24","guid":{"rendered":"https:\/\/kibrisdakik.com\/index.php\/2025\/07\/11\/ozturkler-tmtnin-verdigi-mucadeleye-layik-olmaya-calisacagiz\/"},"modified":"2025-07-11T11:02:24","modified_gmt":"2025-07-11T08:02:24","slug":"ozturkler-tmtnin-verdigi-mucadeleye-layik-olmaya-calisacagiz","status":"publish","type":"post","link":"https:\/\/kibrisdakik.com\/?p=86126","title":{"rendered":"\u00d6zt\u00fcrkler: \u201cTMT\u2019nin verdi\u011fi m\u00fccadeleye lay\u0131k olmaya \u00e7al\u0131\u015faca\u011f\u0131z\u201d"},"content":{"rendered":"<p> <br \/>\n<\/p>\n<div>\n<div class=\"mariselle-image-container center\">\n                                            <\/div>\n<p>Cumhuriyet Meclisi Ba\u015fkan\u0131 Ziya \u00d6zt\u00fcrkler, TMT M\u00fccahitler Derne\u011fi\u2019ni kabul\u00fcnde, TMT\u2019nin verdi\u011fi m\u00fccadeleye lay\u0131k olmaya \u00e7al\u0131\u015facaklar\u0131n\u0131 s\u00f6yledi.<\/p>\n<p>Meclis\u2019ten yap\u0131lan a\u00e7\u0131klamaya g\u00f6re, Cumhuriyet Meclisi Ba\u015fkan\u0131 Ziya \u00d6zt\u00fcrkler, TMT M\u00fccahitler Derne\u011fi Ba\u015fkan\u0131 Celal Bayar ve beraberindeki heyeti Meclis\u2019te kabul etti.<\/p>\n<p>G\u00f6r\u00fc\u015fmede, K\u0131br\u0131s T\u00fcrk halk\u0131n\u0131n varolu\u015f m\u00fccadelesi, devletin kurulu\u015f s\u00fcreci ve g\u00fcncel b\u00f6lgesel geli\u015fmeler ele al\u0131nd\u0131.<\/p>\n<p>\u00d6zt\u00fcrkler, kabulde yapt\u0131\u011f\u0131 konu\u015fmada, 20 Temmuz Bar\u0131\u015f Harek\u00e2t\u0131\u2019na giden s\u00fcrecin zorluklarla dolu oldu\u011funu belirterek, \u201cBu devlet b\u00fcy\u00fck bir azmin, kararl\u0131l\u0131\u011f\u0131n\u0131n sonucudur. Mehmet\u00e7ik ve M\u00fccahitlerin verdi\u011fi m\u00fccadele asla unutulmamal\u0131d\u0131r.\u201d dedi.<\/p>\n<p>T\u00fcrk Devletleri Te\u015fkilat\u0131 (TDT) toplant\u0131lar\u0131na KKTC\u2019nin kat\u0131l\u0131m\u0131n\u0131n \u00f6nemine de\u011finen \u00d6zt\u00fcrkler, \u201cDevlet yetkilileriyle kendi bayra\u011f\u0131m\u0131z alt\u0131nda, kendi g\u00f6rev ve s\u0131fatlar\u0131m\u0131zla temas kuruyoruz. Bu, uluslararas\u0131 alanda g\u00f6r\u00fcn\u00fcrl\u00fc\u011f\u00fcm\u00fcz a\u00e7\u0131s\u0131ndan tarihi bir ad\u0131md\u0131r. Cumhurba\u015fkan\u0131m\u0131z, Ba\u015fbakan\u0131m\u0131z ve bakanlar\u0131m\u0131z \u00fclkemizi her alanda ba\u015far\u0131yla temsil ediyor.\u201d de\u011ferlendirmesinde bulundu.<\/p>\n<p>T\u00fcrkiye\u2019nin K\u0131br\u0131s T\u00fcrk halk\u0131 i\u00e7in vazge\u00e7ilmez bir g\u00fcvence oldu\u011funu vurgulayan \u00d6zt\u00fcrkler, \u201cAnavatan bizim k\u0131rm\u0131z\u0131 \u00e7izgimizdir. Her zaman yan yana ve omuz omuza olaca\u011f\u0131z.\u201d dedi.<\/p>\n<p>Filistin\u2019de ya\u015fananlara da de\u011finen \u00d6zt\u00fcrkler, \u201cBM kararlar\u0131n\u0131n h\u00fckm\u00fcn\u00fcn kalmad\u0131\u011f\u0131, g\u00fc\u00e7l\u00fcn\u00fcn s\u00f6z\u00fcn\u00fcn ge\u00e7ti\u011fi bir d\u00f6nemden ge\u00e7iyoruz. Bu ba\u011flamda T\u00fcrkiye Cumhuriyeti\u2019nin duru\u015fu bizim i\u00e7in hayati \u00f6nemdedir.\u201d ifadelerini kulland\u0131.<\/p>\n<p>G\u00fcney K\u0131br\u0131s\u2019taki geli\u015fmelere ili\u015fkin de\u011ferlendirmelerde bulunan \u00d6zt\u00fcrkler, T\u00fcrk askerinin adada da bir denge unsuru oldu\u011funu ve bunu herkesin bilmesi gerekti\u011fini s\u00f6yledi.<\/p>\n<p>Ziyaretin sonunda Meclis Ba\u015fkan\u0131 \u00d6zt\u00fcrkler, konuk heyete Meclis binas\u0131n\u0131 gezdirerek kurumun i\u015fleyi\u015fi hakk\u0131nda bilgi verdi. Heyet, ziyaretin an\u0131s\u0131na toplu hat\u0131ra foto\u011fraf\u0131 \u00e7ektirdikten sonra Meclis\u2019ten ayr\u0131ld\u0131.<\/p>\n<\/p><\/div>\n<p><script async\n                    defer\n                    crossorigin=\"anonymous\"\n                    src=\"https:\/\/connect.facebook.net\/tr_TR\/sdk.js#xfbml=1&#038;version=v3.3\"\n            ><\/script><br \/>\n<br \/><br \/>\n<br \/><a href=\"[kibrisdakik.com]\n<\/p>\n","protected":false},"excerpt":{"rendered":"<p>Cumhuriyet Meclisi Ba\u015fkan\u0131 Ziya \u00d6zt\u00fcrkler, TMT M\u00fccahitler Derne\u011fi\u2019ni kabul\u00fcnde, TMT\u2019nin verdi\u011fi m\u00fccadeleye lay\u0131k olmaya \u00e7al\u0131\u015facaklar\u0131n\u0131 s\u00f6yledi. Meclis\u2019ten yap\u0131lan a\u00e7\u0131klamaya g\u00f6re, Cumhuriyet Meclisi Ba\u015fkan\u0131 Ziya \u00d6zt\u00fcrkler, TMT M\u00fccahitler Derne\u011fi Ba\u015fkan\u0131 Celal Bayar ve beraberindeki heyeti Meclis\u2019te kabul etti. G\u00f6r\u00fc\u015fmede, K\u0131br\u0131s T\u00fcrk halk\u0131n\u0131n varolu\u015f m\u00fccadelesi, devletin kurulu\u015f s\u00fcreci ve g\u00fcncel b\u00f6lgesel geli\u015fmeler ele al\u0131nd\u0131. \u00d6zt\u00fcrkler, kabulde yapt\u0131\u011f\u0131<\/p>\n","protected":false},"author":1,"featured_media":86127,"comment_status":"open","ping_status":"open","sticky":false,"template":"","format":"standard","meta":{"footnotes":""},"categories":[81,101],"tags":[],"class_list":["post-86126","post","type-post","status-publish","format-standard","has-post-thumbnail","hentry","category-kibris","category-manset"],"yoast_head":"<!-- This site is optimized with the Yoast SEO plugin v27.5 - https:\/\/yoast.com\/product\/yoast-seo-wordpress\/ -->\n<title>\u00d6zt\u00fcrkler: \u201cTMT\u2019nin verdi\u011fi m\u00fccadeleye lay\u0131k olmaya \u00e7al\u0131\u015faca\u011f\u0131z\u201d -<\/title>\n<meta name=\"robots\" content=\"index, follow, max-snippet:-1, max-image-preview:large, max-video-preview:-1\" \/>\n<link rel=\"canonical\" href=\"https:\/\/kibrisdakik.com\/?p=86126\" \/>\n<meta property=\"og:locale\" content=\"tr_TR\" \/>\n<meta property=\"og:type\" content=\"article\" \/>\n<meta property=\"og:title\" content=\"\u00d6zt\u00fcrkler: \u201cTMT\u2019nin verdi\u011fi m\u00fccadeleye lay\u0131k olmaya \u00e7al\u0131\u015faca\u011f\u0131z\u201d -\" \/>\n<meta property=\"og:description\" content=\"Cumhuriyet Meclisi Ba\u015fkan\u0131 Ziya \u00d6zt\u00fcrkler, TMT M\u00fccahitler Derne\u011fi\u2019ni kabul\u00fcnde, TMT\u2019nin verdi\u011fi m\u00fccadeleye lay\u0131k olmaya \u00e7al\u0131\u015facaklar\u0131n\u0131 s\u00f6yledi. Meclis\u2019ten yap\u0131lan a\u00e7\u0131klamaya g\u00f6re, Cumhuriyet Meclisi Ba\u015fkan\u0131 Ziya \u00d6zt\u00fcrkler, TMT M\u00fccahitler Derne\u011fi Ba\u015fkan\u0131 Celal Bayar ve beraberindeki heyeti Meclis\u2019te kabul etti. G\u00f6r\u00fc\u015fmede, K\u0131br\u0131s T\u00fcrk halk\u0131n\u0131n varolu\u015f m\u00fccadelesi, devletin kurulu\u015f s\u00fcreci ve g\u00fcncel b\u00f6lgesel geli\u015fmeler ele al\u0131nd\u0131. \u00d6zt\u00fcrkler, kabulde yapt\u0131\u011f\u0131\" \/>\n<meta property=\"og:url\" content=\"https:\/\/kibrisdakik.com\/?p=86126\" \/>\n<meta property=\"article:published_time\" content=\"2025-07-11T08:02:24+00:00\" \/>\n<meta property=\"og:image\" content=\"https:\/\/kibrisdakik.com\/wp-content\/uploads\/2025\/07\/1752215886779OZTURKLER-TMT-MUCAHITLER2-1-740x420.jpg\" \/>\n\t<meta property=\"og:image:width\" content=\"1800\" \/>\n\t<meta property=\"og:image:height\" content=\"1200\" \/>\n\t<meta property=\"og:image:type\" content=\"image\/jpeg\" \/>\n<meta name=\"author\" content=\"admin\" \/>\n<meta name=\"twitter:card\" content=\"summary_large_image\" \/>\n<meta name=\"twitter:label1\" content=\"Yazan:\" \/>\n\t<meta name=\"twitter:data1\" content=\"admin\" \/>\n\t<meta name=\"twitter:label2\" content=\"Tahmini okuma s\u00fcresi\" \/>\n\t<meta name=\"twitter:data2\" content=\"2 dakika\" \/>\n<script type=\"application\/ld+json\" class=\"yoast-schema-graph\">{\"@context\":\"https:\\\/\\\/schema.org\",\"@graph\":[{\"@type\":\"Article\",\"@id\":\"https:\\\/\\\/kibrisdakik.com\\\/?p=86126#article\",\"isPartOf\":{\"@id\":\"https:\\\/\\\/kibrisdakik.com\\\/?p=86126\"},\"author\":{\"name\":\"admin\",\"@id\":\"https:\\\/\\\/kibrisdakik.com\\\/#\\\/schema\\\/person\\\/9cd9d437bbb44f72b73ba127e06d8e79\"},\"headline\":\"\u00d6zt\u00fcrkler: \u201cTMT\u2019nin verdi\u011fi m\u00fccadeleye lay\u0131k olmaya \u00e7al\u0131\u015faca\u011f\u0131z\u201d\",\"datePublished\":\"2025-07-11T08:02:24+00:00\",\"mainEntityOfPage\":{\"@id\":\"https:\\\/\\\/kibrisdakik.com\\\/?p=86126\"},\"wordCount\":385,\"commentCount\":0,\"image\":{\"@id\":\"https:\\\/\\\/kibrisdakik.com\\\/?p=86126#primaryimage\"},\"thumbnailUrl\":\"https:\\\/\\\/kibrisdakik.com\\\/wp-content\\\/uploads\\\/2025\\\/07\\\/1752215886779OZTURKLER-TMT-MUCAHITLER2-1-740x420.jpg\",\"articleSection\":[\"K\u0131br\u0131s\",\"Man\u015fet\"],\"inLanguage\":\"tr\",\"potentialAction\":[{\"@type\":\"CommentAction\",\"name\":\"Comment\",\"target\":[\"https:\\\/\\\/kibrisdakik.com\\\/?p=86126#respond\"]}]},{\"@type\":\"WebPage\",\"@id\":\"https:\\\/\\\/kibrisdakik.com\\\/?p=86126\",\"url\":\"https:\\\/\\\/kibrisdakik.com\\\/?p=86126\",\"name\":\"\u00d6zt\u00fcrkler: \u201cTMT\u2019nin verdi\u011fi m\u00fccadeleye lay\u0131k olmaya \u00e7al\u0131\u015faca\u011f\u0131z\u201d -\",\"isPartOf\":{\"@id\":\"https:\\\/\\\/kibrisdakik.com\\\/#website\"},\"primaryImageOfPage\":{\"@id\":\"https:\\\/\\\/kibrisdakik.com\\\/?p=86126#primaryimage\"},\"image\":{\"@id\":\"https:\\\/\\\/kibrisdakik.com\\\/?p=86126#primaryimage\"},\"thumbnailUrl\":\"https:\\\/\\\/kibrisdakik.com\\\/wp-content\\\/uploads\\\/2025\\\/07\\\/1752215886779OZTURKLER-TMT-MUCAHITLER2-1-740x420.jpg\",\"datePublished\":\"2025-07-11T08:02:24+00:00\",\"author\":{\"@id\":\"https:\\\/\\\/kibrisdakik.com\\\/#\\\/schema\\\/person\\\/9cd9d437bbb44f72b73ba127e06d8e79\"},\"breadcrumb\":{\"@id\":\"https:\\\/\\\/kibrisdakik.com\\\/?p=86126#breadcrumb\"},\"inLanguage\":\"tr\",\"potentialAction\":[{\"@type\":\"ReadAction\",\"target\":[\"https:\\\/\\\/kibrisdakik.com\\\/?p=86126\"]}]},{\"@type\":\"ImageObject\",\"inLanguage\":\"tr\",\"@id\":\"https:\\\/\\\/kibrisdakik.com\\\/?p=86126#primaryimage\",\"url\":\"https:\\\/\\\/kibrisdakik.com\\\/wp-content\\\/uploads\\\/2025\\\/07\\\/1752215886779OZTURKLER-TMT-MUCAHITLER2-1-740x420.jpg\",\"contentUrl\":\"https:\\\/\\\/kibrisdakik.com\\\/wp-content\\\/uploads\\\/2025\\\/07\\\/1752215886779OZTURKLER-TMT-MUCAHITLER2-1-740x420.jpg\",\"width\":1800,\"height\":1200},{\"@type\":\"BreadcrumbList\",\"@id\":\"https:\\\/\\\/kibrisdakik.com\\\/?p=86126#breadcrumb\",\"itemListElement\":[{\"@type\":\"ListItem\",\"position\":1,\"name\":\"Home\",\"item\":\"https:\\\/\\\/kibrisdakik.com\\\/\"},{\"@type\":\"ListItem\",\"position\":2,\"name\":\"\u00d6zt\u00fcrkler: \u201cTMT\u2019nin verdi\u011fi m\u00fccadeleye lay\u0131k olmaya \u00e7al\u0131\u015faca\u011f\u0131z\u201d\"}]},{\"@type\":\"WebSite\",\"@id\":\"https:\\\/\\\/kibrisdakik.com\\\/#website\",\"url\":\"https:\\\/\\\/kibrisdakik.com\\\/\",\"name\":\"\",\"description\":\"Tam vaktinde haber\",\"potentialAction\":[{\"@type\":\"SearchAction\",\"target\":{\"@type\":\"EntryPoint\",\"urlTemplate\":\"https:\\\/\\\/kibrisdakik.com\\\/?s={search_term_string}\"},\"query-input\":{\"@type\":\"PropertyValueSpecification\",\"valueRequired\":true,\"valueName\":\"search_term_string\"}}],\"inLanguage\":\"tr\"},{\"@type\":\"Person\",\"@id\":\"https:\\\/\\\/kibrisdakik.com\\\/#\\\/schema\\\/person\\\/9cd9d437bbb44f72b73ba127e06d8e79\",\"name\":\"admin\",\"image\":{\"@type\":\"ImageObject\",\"inLanguage\":\"tr\",\"@id\":\"https:\\\/\\\/secure.gravatar.com\\\/avatar\\\/ccc17943b9d660506c869530f897617f7cb1c21a4bf30023f252596d83e1f007?s=96&d=mm&r=g\",\"url\":\"https:\\\/\\\/secure.gravatar.com\\\/avatar\\\/ccc17943b9d660506c869530f897617f7cb1c21a4bf30023f252596d83e1f007?s=96&d=mm&r=g\",\"contentUrl\":\"https:\\\/\\\/secure.gravatar.com\\\/avatar\\\/ccc17943b9d660506c869530f897617f7cb1c21a4bf30023f252596d83e1f007?s=96&d=mm&r=g\",\"caption\":\"admin\"},\"sameAs\":[\"https:\\\/\\\/kibrisdakik.com\"],\"url\":\"https:\\\/\\\/kibrisdakik.com\\\/?author=1\"}]}<\/script>\n<!-- \/ Yoast SEO plugin. -->","yoast_head_json":{"title":"\u00d6zt\u00fcrkler: \u201cTMT\u2019nin verdi\u011fi m\u00fccadeleye lay\u0131k olmaya \u00e7al\u0131\u015faca\u011f\u0131z\u201d -","robots":{"index":"index","follow":"follow","max-snippet":"max-snippet:-1","max-image-preview":"max-image-preview:large","max-video-preview":"max-video-preview:-1"},"canonical":"https:\/\/kibrisdakik.com\/?p=86126","og_locale":"tr_TR","og_type":"article","og_title":"\u00d6zt\u00fcrkler: \u201cTMT\u2019nin verdi\u011fi m\u00fccadeleye lay\u0131k olmaya \u00e7al\u0131\u015faca\u011f\u0131z\u201d -","og_description":"Cumhuriyet Meclisi Ba\u015fkan\u0131 Ziya \u00d6zt\u00fcrkler, TMT M\u00fccahitler Derne\u011fi\u2019ni kabul\u00fcnde, TMT\u2019nin verdi\u011fi m\u00fccadeleye lay\u0131k olmaya \u00e7al\u0131\u015facaklar\u0131n\u0131 s\u00f6yledi. Meclis\u2019ten yap\u0131lan a\u00e7\u0131klamaya g\u00f6re, Cumhuriyet Meclisi Ba\u015fkan\u0131 Ziya \u00d6zt\u00fcrkler, TMT M\u00fccahitler Derne\u011fi Ba\u015fkan\u0131 Celal Bayar ve beraberindeki heyeti Meclis\u2019te kabul etti. G\u00f6r\u00fc\u015fmede, K\u0131br\u0131s T\u00fcrk halk\u0131n\u0131n varolu\u015f m\u00fccadelesi, devletin kurulu\u015f s\u00fcreci ve g\u00fcncel b\u00f6lgesel geli\u015fmeler ele al\u0131nd\u0131. \u00d6zt\u00fcrkler, kabulde yapt\u0131\u011f\u0131","og_url":"https:\/\/kibrisdakik.com\/?p=86126","article_published_time":"2025-07-11T08:02:24+00:00","og_image":[{"width":1800,"height":1200,"url":"https:\/\/kibrisdakik.com\/wp-content\/uploads\/2025\/07\/1752215886779OZTURKLER-TMT-MUCAHITLER2-1-740x420.jpg","type":"image\/jpeg"}],"author":"admin","twitter_card":"summary_large_image","twitter_misc":{"Yazan:":"admin","Tahmini okuma s\u00fcresi":"2 dakika"},"schema":{"@context":"https:\/\/schema.org","@graph":[{"@type":"Article","@id":"https:\/\/kibrisdakik.com\/?p=86126#article","isPartOf":{"@id":"https:\/\/kibrisdakik.com\/?p=86126"},"author":{"name":"admin","@id":"https:\/\/kibrisdakik.com\/#\/schema\/person\/9cd9d437bbb44f72b73ba127e06d8e79"},"headline":"\u00d6zt\u00fcrkler: \u201cTMT\u2019nin verdi\u011fi m\u00fccadeleye lay\u0131k olmaya \u00e7al\u0131\u015faca\u011f\u0131z\u201d","datePublished":"2025-07-11T08:02:24+00:00","mainEntityOfPage":{"@id":"https:\/\/kibrisdakik.com\/?p=86126"},"wordCount":385,"commentCount":0,"image":{"@id":"https:\/\/kibrisdakik.com\/?p=86126#primaryimage"},"thumbnailUrl":"https:\/\/kibrisdakik.com\/wp-content\/uploads\/2025\/07\/1752215886779OZTURKLER-TMT-MUCAHITLER2-1-740x420.jpg","articleSection":["K\u0131br\u0131s","Man\u015fet"],"inLanguage":"tr","potentialAction":[{"@type":"CommentAction","name":"Comment","target":["https:\/\/kibrisdakik.com\/?p=86126#respond"]}]},{"@type":"WebPage","@id":"https:\/\/kibrisdakik.com\/?p=86126","url":"https:\/\/kibrisdakik.com\/?p=86126","name":"\u00d6zt\u00fcrkler: \u201cTMT\u2019nin verdi\u011fi m\u00fccadeleye lay\u0131k olmaya \u00e7al\u0131\u015faca\u011f\u0131z\u201d -","isPartOf":{"@id":"https:\/\/kibrisdakik.com\/#website"},"primaryImageOfPage":{"@id":"https:\/\/kibrisdakik.com\/?p=86126#primaryimage"},"image":{"@id":"https:\/\/kibrisdakik.com\/?p=86126#primaryimage"},"thumbnailUrl":"https:\/\/kibrisdakik.com\/wp-content\/uploads\/2025\/07\/1752215886779OZTURKLER-TMT-MUCAHITLER2-1-740x420.jpg","datePublished":"2025-07-11T08:02:24+00:00","author":{"@id":"https:\/\/kibrisdakik.com\/#\/schema\/person\/9cd9d437bbb44f72b73ba127e06d8e79"},"breadcrumb":{"@id":"https:\/\/kibrisdakik.com\/?p=86126#breadcrumb"},"inLanguage":"tr","potentialAction":[{"@type":"ReadAction","target":["https:\/\/kibrisdakik.com\/?p=86126"]}]},{"@type":"ImageObject","inLanguage":"tr","@id":"https:\/\/kibrisdakik.com\/?p=86126#primaryimage","url":"https:\/\/kibrisdakik.com\/wp-content\/uploads\/2025\/07\/1752215886779OZTURKLER-TMT-MUCAHITLER2-1-740x420.jpg","contentUrl":"https:\/\/kibrisdakik.com\/wp-content\/uploads\/2025\/07\/1752215886779OZTURKLER-TMT-MUCAHITLER2-1-740x420.jpg","width":1800,"height":1200},{"@type":"BreadcrumbList","@id":"https:\/\/kibrisdakik.com\/?p=86126#breadcrumb","itemListElement":[{"@type":"ListItem","position":1,"name":"Home","item":"https:\/\/kibrisdakik.com\/"},{"@type":"ListItem","position":2,"name":"\u00d6zt\u00fcrkler: \u201cTMT\u2019nin verdi\u011fi m\u00fccadeleye lay\u0131k olmaya \u00e7al\u0131\u015faca\u011f\u0131z\u201d"}]},{"@type":"WebSite","@id":"https:\/\/kibrisdakik.com\/#website","url":"https:\/\/kibrisdakik.com\/","name":"","description":"Tam vaktinde haber","potentialAction":[{"@type":"SearchAction","target":{"@type":"EntryPoint","urlTemplate":"https:\/\/kibrisdakik.com\/?s={search_term_string}"},"query-input":{"@type":"PropertyValueSpecification","valueRequired":true,"valueName":"search_term_string"}}],"inLanguage":"tr"},{"@type":"Person","@id":"https:\/\/kibrisdakik.com\/#\/schema\/person\/9cd9d437bbb44f72b73ba127e06d8e79","name":"admin","image":{"@type":"ImageObject","inLanguage":"tr","@id":"https:\/\/secure.gravatar.com\/avatar\/ccc17943b9d660506c869530f897617f7cb1c21a4bf30023f252596d83e1f007?s=96&d=mm&r=g","url":"https:\/\/secure.gravatar.com\/avatar\/ccc17943b9d660506c869530f897617f7cb1c21a4bf30023f252596d83e1f007?s=96&d=mm&r=g","contentUrl":"https:\/\/secure.gravatar.com\/avatar\/ccc17943b9d660506c869530f897617f7cb1c21a4bf30023f252596d83e1f007?s=96&d=mm&r=g","caption":"admin"},"sameAs":["https:\/\/kibrisdakik.com"],"url":"https:\/\/kibrisdakik.com\/?author=1"}]}},"_links":{"self":[{"href":"https:\/\/kibrisdakik.com\/index.php?rest_route=\/wp\/v2\/posts\/86126","targetHints":{"allow":["GET"]}}],"collection":[{"href":"https:\/\/kibrisdakik.com\/index.php?rest_route=\/wp\/v2\/posts"}],"about":[{"href":"https:\/\/kibrisdakik.com\/index.php?rest_route=\/wp\/v2\/types\/post"}],"author":[{"embeddable":true,"href":"https:\/\/kibrisdakik.com\/index.php?rest_route=\/wp\/v2\/users\/1"}],"replies":[{"embeddable":true,"href":"https:\/\/kibrisdakik.com\/index.php?rest_route=%2Fwp%2Fv2%2Fcomments&post=86126"}],"version-history":[{"count":0,"href":"https:\/\/kibrisdakik.com\/index.php?rest_route=\/wp\/v2\/posts\/86126\/revisions"}],"wp:featuredmedia":[{"embeddable":true,"href":"https:\/\/kibrisdakik.com\/index.php?rest_route=\/wp\/v2\/media\/86127"}],"wp:attachment":[{"href":"https:\/\/kibrisdakik.com\/index.php?rest_route=%2Fwp%2Fv2%2Fmedia&parent=86126"}],"wp:term":[{"taxonomy":"category","embeddable":true,"href":"https:\/\/kibrisdakik.com\/index.php?rest_route=%2Fwp%2Fv2%2Fcategories&post=86126"},{"taxonomy":"post_tag","embeddable":true,"href":"https:\/\/kibrisdakik.com\/index.php?rest_route=%2Fwp%2Fv2%2Ftags&post=86126"}],"curies":[{"name":"wp","href":"https:\/\/api.w.org\/{rel}","templated":true}]}}