{"id":86164,"date":"2025-07-11T18:21:03","date_gmt":"2025-07-11T15:21:03","guid":{"rendered":"https:\/\/kibrisdakik.com\/index.php\/2025\/07\/11\/yasar-guler-kktc-ankara-buyukelcisi-korukoglunu-kabul-etti\/"},"modified":"2025-07-11T18:21:03","modified_gmt":"2025-07-11T15:21:03","slug":"yasar-guler-kktc-ankara-buyukelcisi-korukoglunu-kabul-etti","status":"publish","type":"post","link":"https:\/\/kibrisdakik.com\/?p=86164","title":{"rendered":"Ya\u015far G\u00fcler, KKTC Ankara B\u00fcy\u00fckel\u00e7isi Koruko\u011flu\u2019nu kabul etti"},"content":{"rendered":"<p><\/p>\n<div>\n<div class=\"mariselle-image-container center\">\n                                            <\/div>\n<p>T\u00fcrkiye Milli Savunma Bakan\u0131 Ya\u015far G\u00fcler, Kuzey K\u0131br\u0131s T\u00fcrk Cumhuriyeti\u2019nin Ankara B\u00fcy\u00fckel\u00e7isi \u0130smet Koruko\u011flu\u2019nu kabul etti.<\/p>\n<p>Bakanl\u0131\u011f\u0131n sosyal medya hesab\u0131ndan yap\u0131lan payla\u015f\u0131mda, \u201cMilli Savunma Bakan\u0131 Ya\u015far G\u00fcler, Kuzey K\u0131br\u0131s T\u00fcrk Cumhuriyeti\u2019nin Ankara B\u00fcy\u00fckel\u00e7isi \u0130smet Koruko\u011flu\u2019nu makam\u0131nda kabul etti.\u201d ifadesine yer verdi.<\/p>\n<p>Payla\u015f\u0131mda, kabule ili\u015fkin foto\u011fraf da yer ald\u0131.<\/p>\n<\/p><\/div>\n<p><script async\n                    defer\n                    crossorigin=\"anonymous\"\n                    src=\"https:\/\/connect.facebook.net\/tr_TR\/sdk.js#xfbml=1&#038;version=v3.3\"\n            ><\/script><\/p>\n","protected":false},"excerpt":{"rendered":"<p>T\u00fcrkiye Milli Savunma Bakan\u0131 Ya\u015far G\u00fcler, Kuzey K\u0131br\u0131s T\u00fcrk Cumhuriyeti\u2019nin Ankara B\u00fcy\u00fckel\u00e7isi \u0130smet Koruko\u011flu\u2019nu kabul etti. Bakanl\u0131\u011f\u0131n sosyal medya hesab\u0131ndan yap\u0131lan payla\u015f\u0131mda, \u201cMilli Savunma Bakan\u0131 Ya\u015far G\u00fcler, Kuzey K\u0131br\u0131s T\u00fcrk Cumhuriyeti\u2019nin Ankara B\u00fcy\u00fckel\u00e7isi \u0130smet Koruko\u011flu\u2019nu makam\u0131nda kabul etti.\u201d ifadesine yer verdi. Payla\u015f\u0131mda, kabule ili\u015fkin foto\u011fraf da yer ald\u0131.<\/p>\n","protected":false},"author":1,"featured_media":86165,"comment_status":"open","ping_status":"open","sticky":false,"template":"","format":"standard","meta":{"footnotes":""},"categories":[101,86],"tags":[],"class_list":["post-86164","post","type-post","status-publish","format-standard","has-post-thumbnail","hentry","category-manset","category-turkiye"],"yoast_head":"<!-- This site is optimized with the Yoast SEO plugin v27.4 - https:\/\/yoast.com\/product\/yoast-seo-wordpress\/ -->\n<title>Ya\u015far G\u00fcler, KKTC Ankara B\u00fcy\u00fckel\u00e7isi Koruko\u011flu\u2019nu kabul etti -<\/title>\n<meta name=\"robots\" content=\"index, follow, max-snippet:-1, max-image-preview:large, max-video-preview:-1\" \/>\n<link rel=\"canonical\" href=\"https:\/\/kibrisdakik.com\/?p=86164\" \/>\n<meta property=\"og:locale\" content=\"tr_TR\" \/>\n<meta property=\"og:type\" content=\"article\" \/>\n<meta property=\"og:title\" content=\"Ya\u015far G\u00fcler, KKTC Ankara B\u00fcy\u00fckel\u00e7isi Koruko\u011flu\u2019nu kabul etti -\" \/>\n<meta property=\"og:description\" content=\"T\u00fcrkiye Milli Savunma Bakan\u0131 Ya\u015far G\u00fcler, Kuzey K\u0131br\u0131s T\u00fcrk Cumhuriyeti\u2019nin Ankara B\u00fcy\u00fckel\u00e7isi \u0130smet Koruko\u011flu\u2019nu kabul etti. Bakanl\u0131\u011f\u0131n sosyal medya hesab\u0131ndan yap\u0131lan payla\u015f\u0131mda, \u201cMilli Savunma Bakan\u0131 Ya\u015far G\u00fcler, Kuzey K\u0131br\u0131s T\u00fcrk Cumhuriyeti\u2019nin Ankara B\u00fcy\u00fckel\u00e7isi \u0130smet Koruko\u011flu\u2019nu makam\u0131nda kabul etti.\u201d ifadesine yer verdi. Payla\u015f\u0131mda, kabule ili\u015fkin foto\u011fraf da yer ald\u0131.\" \/>\n<meta property=\"og:url\" content=\"https:\/\/kibrisdakik.com\/?p=86164\" \/>\n<meta property=\"article:published_time\" content=\"2025-07-11T15:21:03+00:00\" \/>\n<meta property=\"og:image\" content=\"https:\/\/kibrisdakik.com\/wp-content\/uploads\/2025\/07\/1752242460299518127064_1083371360650239_3119400460311696606_n-740x420.jpg\" \/>\n\t<meta property=\"og:image:width\" content=\"2048\" \/>\n\t<meta property=\"og:image:height\" content=\"1365\" \/>\n\t<meta property=\"og:image:type\" content=\"image\/jpeg\" \/>\n<meta name=\"author\" content=\"admin\" \/>\n<meta name=\"twitter:card\" content=\"summary_large_image\" \/>\n<meta name=\"twitter:label1\" content=\"Yazan:\" \/>\n\t<meta name=\"twitter:data1\" content=\"admin\" \/>\n<script type=\"application\/ld+json\" class=\"yoast-schema-graph\">{\"@context\":\"https:\\\/\\\/schema.org\",\"@graph\":[{\"@type\":\"Article\",\"@id\":\"https:\\\/\\\/kibrisdakik.com\\\/?p=86164#article\",\"isPartOf\":{\"@id\":\"https:\\\/\\\/kibrisdakik.com\\\/?p=86164\"},\"author\":{\"name\":\"admin\",\"@id\":\"https:\\\/\\\/kibrisdakik.com\\\/#\\\/schema\\\/person\\\/9cd9d437bbb44f72b73ba127e06d8e79\"},\"headline\":\"Ya\u015far G\u00fcler, KKTC Ankara B\u00fcy\u00fckel\u00e7isi Koruko\u011flu\u2019nu kabul etti\",\"datePublished\":\"2025-07-11T15:21:03+00:00\",\"mainEntityOfPage\":{\"@id\":\"https:\\\/\\\/kibrisdakik.com\\\/?p=86164\"},\"wordCount\":94,\"commentCount\":0,\"image\":{\"@id\":\"https:\\\/\\\/kibrisdakik.com\\\/?p=86164#primaryimage\"},\"thumbnailUrl\":\"https:\\\/\\\/kibrisdakik.com\\\/wp-content\\\/uploads\\\/2025\\\/07\\\/1752242460299518127064_1083371360650239_3119400460311696606_n-740x420.jpg\",\"articleSection\":[\"Man\u015fet\",\"T\u00fcrkiye\"],\"inLanguage\":\"tr\",\"potentialAction\":[{\"@type\":\"CommentAction\",\"name\":\"Comment\",\"target\":[\"https:\\\/\\\/kibrisdakik.com\\\/?p=86164#respond\"]}]},{\"@type\":\"WebPage\",\"@id\":\"https:\\\/\\\/kibrisdakik.com\\\/?p=86164\",\"url\":\"https:\\\/\\\/kibrisdakik.com\\\/?p=86164\",\"name\":\"Ya\u015far G\u00fcler, KKTC Ankara B\u00fcy\u00fckel\u00e7isi Koruko\u011flu\u2019nu kabul etti -\",\"isPartOf\":{\"@id\":\"https:\\\/\\\/kibrisdakik.com\\\/#website\"},\"primaryImageOfPage\":{\"@id\":\"https:\\\/\\\/kibrisdakik.com\\\/?p=86164#primaryimage\"},\"image\":{\"@id\":\"https:\\\/\\\/kibrisdakik.com\\\/?p=86164#primaryimage\"},\"thumbnailUrl\":\"https:\\\/\\\/kibrisdakik.com\\\/wp-content\\\/uploads\\\/2025\\\/07\\\/1752242460299518127064_1083371360650239_3119400460311696606_n-740x420.jpg\",\"datePublished\":\"2025-07-11T15:21:03+00:00\",\"author\":{\"@id\":\"https:\\\/\\\/kibrisdakik.com\\\/#\\\/schema\\\/person\\\/9cd9d437bbb44f72b73ba127e06d8e79\"},\"breadcrumb\":{\"@id\":\"https:\\\/\\\/kibrisdakik.com\\\/?p=86164#breadcrumb\"},\"inLanguage\":\"tr\",\"potentialAction\":[{\"@type\":\"ReadAction\",\"target\":[\"https:\\\/\\\/kibrisdakik.com\\\/?p=86164\"]}]},{\"@type\":\"ImageObject\",\"inLanguage\":\"tr\",\"@id\":\"https:\\\/\\\/kibrisdakik.com\\\/?p=86164#primaryimage\",\"url\":\"https:\\\/\\\/kibrisdakik.com\\\/wp-content\\\/uploads\\\/2025\\\/07\\\/1752242460299518127064_1083371360650239_3119400460311696606_n-740x420.jpg\",\"contentUrl\":\"https:\\\/\\\/kibrisdakik.com\\\/wp-content\\\/uploads\\\/2025\\\/07\\\/1752242460299518127064_1083371360650239_3119400460311696606_n-740x420.jpg\",\"width\":2048,\"height\":1365},{\"@type\":\"BreadcrumbList\",\"@id\":\"https:\\\/\\\/kibrisdakik.com\\\/?p=86164#breadcrumb\",\"itemListElement\":[{\"@type\":\"ListItem\",\"position\":1,\"name\":\"Home\",\"item\":\"https:\\\/\\\/kibrisdakik.com\\\/\"},{\"@type\":\"ListItem\",\"position\":2,\"name\":\"Ya\u015far G\u00fcler, KKTC Ankara B\u00fcy\u00fckel\u00e7isi Koruko\u011flu\u2019nu kabul etti\"}]},{\"@type\":\"WebSite\",\"@id\":\"https:\\\/\\\/kibrisdakik.com\\\/#website\",\"url\":\"https:\\\/\\\/kibrisdakik.com\\\/\",\"name\":\"\",\"description\":\"Tam vaktinde haber\",\"potentialAction\":[{\"@type\":\"SearchAction\",\"target\":{\"@type\":\"EntryPoint\",\"urlTemplate\":\"https:\\\/\\\/kibrisdakik.com\\\/?s={search_term_string}\"},\"query-input\":{\"@type\":\"PropertyValueSpecification\",\"valueRequired\":true,\"valueName\":\"search_term_string\"}}],\"inLanguage\":\"tr\"},{\"@type\":\"Person\",\"@id\":\"https:\\\/\\\/kibrisdakik.com\\\/#\\\/schema\\\/person\\\/9cd9d437bbb44f72b73ba127e06d8e79\",\"name\":\"admin\",\"image\":{\"@type\":\"ImageObject\",\"inLanguage\":\"tr\",\"@id\":\"https:\\\/\\\/secure.gravatar.com\\\/avatar\\\/ccc17943b9d660506c869530f897617f7cb1c21a4bf30023f252596d83e1f007?s=96&d=mm&r=g\",\"url\":\"https:\\\/\\\/secure.gravatar.com\\\/avatar\\\/ccc17943b9d660506c869530f897617f7cb1c21a4bf30023f252596d83e1f007?s=96&d=mm&r=g\",\"contentUrl\":\"https:\\\/\\\/secure.gravatar.com\\\/avatar\\\/ccc17943b9d660506c869530f897617f7cb1c21a4bf30023f252596d83e1f007?s=96&d=mm&r=g\",\"caption\":\"admin\"},\"sameAs\":[\"https:\\\/\\\/kibrisdakik.com\"],\"url\":\"https:\\\/\\\/kibrisdakik.com\\\/?author=1\"}]}<\/script>\n<!-- \/ Yoast SEO plugin. -->","yoast_head_json":{"title":"Ya\u015far G\u00fcler, KKTC Ankara B\u00fcy\u00fckel\u00e7isi Koruko\u011flu\u2019nu kabul etti -","robots":{"index":"index","follow":"follow","max-snippet":"max-snippet:-1","max-image-preview":"max-image-preview:large","max-video-preview":"max-video-preview:-1"},"canonical":"https:\/\/kibrisdakik.com\/?p=86164","og_locale":"tr_TR","og_type":"article","og_title":"Ya\u015far G\u00fcler, KKTC Ankara B\u00fcy\u00fckel\u00e7isi Koruko\u011flu\u2019nu kabul etti -","og_description":"T\u00fcrkiye Milli Savunma Bakan\u0131 Ya\u015far G\u00fcler, Kuzey K\u0131br\u0131s T\u00fcrk Cumhuriyeti\u2019nin Ankara B\u00fcy\u00fckel\u00e7isi \u0130smet Koruko\u011flu\u2019nu kabul etti. Bakanl\u0131\u011f\u0131n sosyal medya hesab\u0131ndan yap\u0131lan payla\u015f\u0131mda, \u201cMilli Savunma Bakan\u0131 Ya\u015far G\u00fcler, Kuzey K\u0131br\u0131s T\u00fcrk Cumhuriyeti\u2019nin Ankara B\u00fcy\u00fckel\u00e7isi \u0130smet Koruko\u011flu\u2019nu makam\u0131nda kabul etti.\u201d ifadesine yer verdi. Payla\u015f\u0131mda, kabule ili\u015fkin foto\u011fraf da yer ald\u0131.","og_url":"https:\/\/kibrisdakik.com\/?p=86164","article_published_time":"2025-07-11T15:21:03+00:00","og_image":[{"width":2048,"height":1365,"url":"https:\/\/kibrisdakik.com\/wp-content\/uploads\/2025\/07\/1752242460299518127064_1083371360650239_3119400460311696606_n-740x420.jpg","type":"image\/jpeg"}],"author":"admin","twitter_card":"summary_large_image","twitter_misc":{"Yazan:":"admin"},"schema":{"@context":"https:\/\/schema.org","@graph":[{"@type":"Article","@id":"https:\/\/kibrisdakik.com\/?p=86164#article","isPartOf":{"@id":"https:\/\/kibrisdakik.com\/?p=86164"},"author":{"name":"admin","@id":"https:\/\/kibrisdakik.com\/#\/schema\/person\/9cd9d437bbb44f72b73ba127e06d8e79"},"headline":"Ya\u015far G\u00fcler, KKTC Ankara B\u00fcy\u00fckel\u00e7isi Koruko\u011flu\u2019nu kabul etti","datePublished":"2025-07-11T15:21:03+00:00","mainEntityOfPage":{"@id":"https:\/\/kibrisdakik.com\/?p=86164"},"wordCount":94,"commentCount":0,"image":{"@id":"https:\/\/kibrisdakik.com\/?p=86164#primaryimage"},"thumbnailUrl":"https:\/\/kibrisdakik.com\/wp-content\/uploads\/2025\/07\/1752242460299518127064_1083371360650239_3119400460311696606_n-740x420.jpg","articleSection":["Man\u015fet","T\u00fcrkiye"],"inLanguage":"tr","potentialAction":[{"@type":"CommentAction","name":"Comment","target":["https:\/\/kibrisdakik.com\/?p=86164#respond"]}]},{"@type":"WebPage","@id":"https:\/\/kibrisdakik.com\/?p=86164","url":"https:\/\/kibrisdakik.com\/?p=86164","name":"Ya\u015far G\u00fcler, KKTC Ankara B\u00fcy\u00fckel\u00e7isi Koruko\u011flu\u2019nu kabul etti -","isPartOf":{"@id":"https:\/\/kibrisdakik.com\/#website"},"primaryImageOfPage":{"@id":"https:\/\/kibrisdakik.com\/?p=86164#primaryimage"},"image":{"@id":"https:\/\/kibrisdakik.com\/?p=86164#primaryimage"},"thumbnailUrl":"https:\/\/kibrisdakik.com\/wp-content\/uploads\/2025\/07\/1752242460299518127064_1083371360650239_3119400460311696606_n-740x420.jpg","datePublished":"2025-07-11T15:21:03+00:00","author":{"@id":"https:\/\/kibrisdakik.com\/#\/schema\/person\/9cd9d437bbb44f72b73ba127e06d8e79"},"breadcrumb":{"@id":"https:\/\/kibrisdakik.com\/?p=86164#breadcrumb"},"inLanguage":"tr","potentialAction":[{"@type":"ReadAction","target":["https:\/\/kibrisdakik.com\/?p=86164"]}]},{"@type":"ImageObject","inLanguage":"tr","@id":"https:\/\/kibrisdakik.com\/?p=86164#primaryimage","url":"https:\/\/kibrisdakik.com\/wp-content\/uploads\/2025\/07\/1752242460299518127064_1083371360650239_3119400460311696606_n-740x420.jpg","contentUrl":"https:\/\/kibrisdakik.com\/wp-content\/uploads\/2025\/07\/1752242460299518127064_1083371360650239_3119400460311696606_n-740x420.jpg","width":2048,"height":1365},{"@type":"BreadcrumbList","@id":"https:\/\/kibrisdakik.com\/?p=86164#breadcrumb","itemListElement":[{"@type":"ListItem","position":1,"name":"Home","item":"https:\/\/kibrisdakik.com\/"},{"@type":"ListItem","position":2,"name":"Ya\u015far G\u00fcler, KKTC Ankara B\u00fcy\u00fckel\u00e7isi Koruko\u011flu\u2019nu kabul etti"}]},{"@type":"WebSite","@id":"https:\/\/kibrisdakik.com\/#website","url":"https:\/\/kibrisdakik.com\/","name":"","description":"Tam vaktinde haber","potentialAction":[{"@type":"SearchAction","target":{"@type":"EntryPoint","urlTemplate":"https:\/\/kibrisdakik.com\/?s={search_term_string}"},"query-input":{"@type":"PropertyValueSpecification","valueRequired":true,"valueName":"search_term_string"}}],"inLanguage":"tr"},{"@type":"Person","@id":"https:\/\/kibrisdakik.com\/#\/schema\/person\/9cd9d437bbb44f72b73ba127e06d8e79","name":"admin","image":{"@type":"ImageObject","inLanguage":"tr","@id":"https:\/\/secure.gravatar.com\/avatar\/ccc17943b9d660506c869530f897617f7cb1c21a4bf30023f252596d83e1f007?s=96&d=mm&r=g","url":"https:\/\/secure.gravatar.com\/avatar\/ccc17943b9d660506c869530f897617f7cb1c21a4bf30023f252596d83e1f007?s=96&d=mm&r=g","contentUrl":"https:\/\/secure.gravatar.com\/avatar\/ccc17943b9d660506c869530f897617f7cb1c21a4bf30023f252596d83e1f007?s=96&d=mm&r=g","caption":"admin"},"sameAs":["https:\/\/kibrisdakik.com"],"url":"https:\/\/kibrisdakik.com\/?author=1"}]}},"_links":{"self":[{"href":"https:\/\/kibrisdakik.com\/index.php?rest_route=\/wp\/v2\/posts\/86164","targetHints":{"allow":["GET"]}}],"collection":[{"href":"https:\/\/kibrisdakik.com\/index.php?rest_route=\/wp\/v2\/posts"}],"about":[{"href":"https:\/\/kibrisdakik.com\/index.php?rest_route=\/wp\/v2\/types\/post"}],"author":[{"embeddable":true,"href":"https:\/\/kibrisdakik.com\/index.php?rest_route=\/wp\/v2\/users\/1"}],"replies":[{"embeddable":true,"href":"https:\/\/kibrisdakik.com\/index.php?rest_route=%2Fwp%2Fv2%2Fcomments&post=86164"}],"version-history":[{"count":0,"href":"https:\/\/kibrisdakik.com\/index.php?rest_route=\/wp\/v2\/posts\/86164\/revisions"}],"wp:featuredmedia":[{"embeddable":true,"href":"https:\/\/kibrisdakik.com\/index.php?rest_route=\/wp\/v2\/media\/86165"}],"wp:attachment":[{"href":"https:\/\/kibrisdakik.com\/index.php?rest_route=%2Fwp%2Fv2%2Fmedia&parent=86164"}],"wp:term":[{"taxonomy":"category","embeddable":true,"href":"https:\/\/kibrisdakik.com\/index.php?rest_route=%2Fwp%2Fv2%2Fcategories&post=86164"},{"taxonomy":"post_tag","embeddable":true,"href":"https:\/\/kibrisdakik.com\/index.php?rest_route=%2Fwp%2Fv2%2Ftags&post=86164"}],"curies":[{"name":"wp","href":"https:\/\/api.w.org\/{rel}","templated":true}]}}