{"id":86203,"date":"2025-07-12T18:14:07","date_gmt":"2025-07-12T15:14:07","guid":{"rendered":"https:\/\/kibrisdakik.com\/index.php\/2025\/07\/12\/cumhurbaskani-tatarterorsuz-turkiye-gercegi-huzurun-tesisine-katki-saglayacak\/"},"modified":"2025-07-12T18:14:07","modified_gmt":"2025-07-12T15:14:07","slug":"cumhurbaskani-tatarterorsuz-turkiye-gercegi-huzurun-tesisine-katki-saglayacak","status":"publish","type":"post","link":"https:\/\/kibrisdakik.com\/?p=86203","title":{"rendered":"Cumhurba\u015fkan\u0131 Tatar:Ter\u00f6rs\u00fcz T\u00fcrkiye ger\u00e7e\u011fi huzurun tesisine katk\u0131 sa\u011flayacak"},"content":{"rendered":"<p> <br \/>\n<\/p>\n<div>\n<div class=\"mariselle-image-container center\">\n                                            <\/div>\n<p>Cumhurba\u015fkan\u0131 Ersin Tatar, PKK\u2019n\u0131n silah b\u0131rakmas\u0131na y\u00f6nelik a\u00e7\u0131klama yapt\u0131. <\/p>\n<p>Cumhurba\u015fkan\u0131 Tatar a\u00e7\u0131klamas\u0131nda Anavatan T\u00fcrkiye\u2019nin \u201cter\u00f6rs\u00fcz bir gelecek\u201d hedefinde tarihi bir d\u00f6n\u00fcm noktas\u0131na ula\u015fmas\u0131ndan duydu\u011fu memnuniyeti dile getirdi.<\/p>\n<p>Tatar, \u201cSay\u0131n Cumhurba\u015fkan\u0131 Recep Tayyip Erdo\u011fan\u2019\u0131n kamuoyuyla payla\u015ft\u0131\u011f\u0131 bu \u00f6nemli geli\u015fme, sadece T\u00fcrkiye i\u00e7in de\u011fil, T\u00fcrk d\u00fcnyas\u0131 ve b\u00f6lge ad\u0131na umut ve g\u00fcven kayna\u011f\u0131d\u0131r\u201d dedi.<\/p>\n<p>K\u0131br\u0131s T\u00fcrk halk\u0131n\u0131n her zaman ter\u00f6re kar\u015f\u0131 durdu\u011funu; bar\u0131\u015f ve istikrar\u0131n yan\u0131nda oldu\u011funu kaydeden Cumhurba\u015fkan\u0131 Tatar, \u201cgelinen noktada; T\u00fcrkiye Cumhuriyeti\u2019nin kararl\u0131 iradesi, g\u00fcvenlik g\u00fc\u00e7lerinin \u00f6zverili m\u00fccadelesi ve aziz milletimizin topyek\u00fbn deste\u011fiyle ula\u015f\u0131lan bu ba\u015far\u0131y\u0131 en i\u00e7ten duygular\u0131mla tebrik ediyorum\u201d ifadelerini kulland\u0131. <\/p>\n<p>Cumhurba\u015fkan\u0131, \u201cTer\u00f6rs\u00fcz T\u00fcrkiye\u201d ger\u00e7e\u011finin, Do\u011fu Akdeniz\u2019den Orta Do\u011fu\u2019ya kadar uzanan b\u00f6lgede huzurun tesisine katk\u0131 sa\u011flayaca\u011f\u0131n\u0131 vurgulad\u0131; bunun Kuzey K\u0131br\u0131s T\u00fcrk Cumhuriyeti\u2019nin de g\u00fcvenli\u011fini, istikrar\u0131n\u0131 ve diplomatik g\u00fcc\u00fcn\u00fc daha da peki\u015ftirece\u011fini s\u00f6yledi.<\/p>\n<p>Tatar, \u201cBu s\u00fcre\u00e7te eme\u011fi ge\u00e7en ba\u015fta T\u00fcrkiye Cumhuriyeti Cumhurba\u015fkan\u0131 Say\u0131n Recep Tayyip Erdo\u011fan ile MHP Genel Ba\u015fkan\u0131 Say\u0131n Devlet Bah\u00e7eli olmak \u00fczere t\u00fcm devlet yetkililerine, T\u00fcrk Silahl\u0131 Kuvvetleri\u2019ne, emniyet g\u00fc\u00e7lerine ve aziz milletimize \u015f\u00fckranlar\u0131m\u0131 sunuyorum\u201d dedi.<\/p>\n<\/p><\/div>\n<p><script async\n                    defer\n                    crossorigin=\"anonymous\"\n                    src=\"https:\/\/connect.facebook.net\/tr_TR\/sdk.js#xfbml=1&#038;version=v3.3\"\n            ><\/script><br \/>\n<br \/><br \/>\n<br \/><a href=\"[kibrisdakik.com]\n<\/p>\n","protected":false},"excerpt":{"rendered":"<p>Cumhurba\u015fkan\u0131 Ersin Tatar, PKK\u2019n\u0131n silah b\u0131rakmas\u0131na y\u00f6nelik a\u00e7\u0131klama yapt\u0131. Cumhurba\u015fkan\u0131 Tatar a\u00e7\u0131klamas\u0131nda Anavatan T\u00fcrkiye\u2019nin \u201cter\u00f6rs\u00fcz bir gelecek\u201d hedefinde tarihi bir d\u00f6n\u00fcm noktas\u0131na ula\u015fmas\u0131ndan duydu\u011fu memnuniyeti dile getirdi. Tatar, \u201cSay\u0131n Cumhurba\u015fkan\u0131 Recep Tayyip Erdo\u011fan\u2019\u0131n kamuoyuyla payla\u015ft\u0131\u011f\u0131 bu \u00f6nemli geli\u015fme, sadece T\u00fcrkiye i\u00e7in de\u011fil, T\u00fcrk d\u00fcnyas\u0131 ve b\u00f6lge ad\u0131na umut ve g\u00fcven kayna\u011f\u0131d\u0131r\u201d dedi. K\u0131br\u0131s T\u00fcrk halk\u0131n\u0131n<\/p>\n","protected":false},"author":1,"featured_media":86204,"comment_status":"open","ping_status":"open","sticky":false,"template":"","format":"standard","meta":{"footnotes":""},"categories":[81,101],"tags":[],"class_list":["post-86203","post","type-post","status-publish","format-standard","has-post-thumbnail","hentry","category-kibris","category-manset"],"yoast_head":"<!-- This site is optimized with the Yoast SEO plugin v27.5 - https:\/\/yoast.com\/product\/yoast-seo-wordpress\/ -->\n<title>Cumhurba\u015fkan\u0131 Tatar:Ter\u00f6rs\u00fcz T\u00fcrkiye ger\u00e7e\u011fi huzurun tesisine katk\u0131 sa\u011flayacak -<\/title>\n<meta name=\"robots\" content=\"index, follow, max-snippet:-1, max-image-preview:large, max-video-preview:-1\" \/>\n<link rel=\"canonical\" href=\"https:\/\/kibrisdakik.com\/?p=86203\" \/>\n<meta property=\"og:locale\" content=\"tr_TR\" \/>\n<meta property=\"og:type\" content=\"article\" \/>\n<meta property=\"og:title\" content=\"Cumhurba\u015fkan\u0131 Tatar:Ter\u00f6rs\u00fcz T\u00fcrkiye ger\u00e7e\u011fi huzurun tesisine katk\u0131 sa\u011flayacak -\" \/>\n<meta property=\"og:description\" content=\"Cumhurba\u015fkan\u0131 Ersin Tatar, PKK\u2019n\u0131n silah b\u0131rakmas\u0131na y\u00f6nelik a\u00e7\u0131klama yapt\u0131. Cumhurba\u015fkan\u0131 Tatar a\u00e7\u0131klamas\u0131nda Anavatan T\u00fcrkiye\u2019nin \u201cter\u00f6rs\u00fcz bir gelecek\u201d hedefinde tarihi bir d\u00f6n\u00fcm noktas\u0131na ula\u015fmas\u0131ndan duydu\u011fu memnuniyeti dile getirdi. Tatar, \u201cSay\u0131n Cumhurba\u015fkan\u0131 Recep Tayyip Erdo\u011fan\u2019\u0131n kamuoyuyla payla\u015ft\u0131\u011f\u0131 bu \u00f6nemli geli\u015fme, sadece T\u00fcrkiye i\u00e7in de\u011fil, T\u00fcrk d\u00fcnyas\u0131 ve b\u00f6lge ad\u0131na umut ve g\u00fcven kayna\u011f\u0131d\u0131r\u201d dedi. K\u0131br\u0131s T\u00fcrk halk\u0131n\u0131n\" \/>\n<meta property=\"og:url\" content=\"https:\/\/kibrisdakik.com\/?p=86203\" \/>\n<meta property=\"article:published_time\" content=\"2025-07-12T15:14:07+00:00\" \/>\n<meta property=\"og:image\" content=\"https:\/\/kibrisdakik.com\/wp-content\/uploads\/2025\/07\/tatar-brtttttttttttt-740x420.jpg\" \/>\n\t<meta property=\"og:image:width\" content=\"1600\" \/>\n\t<meta property=\"og:image:height\" content=\"1158\" \/>\n\t<meta property=\"og:image:type\" content=\"image\/jpeg\" \/>\n<meta name=\"author\" content=\"admin\" \/>\n<meta name=\"twitter:card\" content=\"summary_large_image\" \/>\n<meta name=\"twitter:label1\" content=\"Yazan:\" \/>\n\t<meta name=\"twitter:data1\" content=\"admin\" \/>\n\t<meta name=\"twitter:label2\" content=\"Tahmini okuma s\u00fcresi\" \/>\n\t<meta name=\"twitter:data2\" content=\"1 dakika\" \/>\n<script type=\"application\/ld+json\" class=\"yoast-schema-graph\">{\"@context\":\"https:\\\/\\\/schema.org\",\"@graph\":[{\"@type\":\"Article\",\"@id\":\"https:\\\/\\\/kibrisdakik.com\\\/?p=86203#article\",\"isPartOf\":{\"@id\":\"https:\\\/\\\/kibrisdakik.com\\\/?p=86203\"},\"author\":{\"name\":\"admin\",\"@id\":\"https:\\\/\\\/kibrisdakik.com\\\/#\\\/schema\\\/person\\\/9cd9d437bbb44f72b73ba127e06d8e79\"},\"headline\":\"Cumhurba\u015fkan\u0131 Tatar:Ter\u00f6rs\u00fcz T\u00fcrkiye ger\u00e7e\u011fi huzurun tesisine katk\u0131 sa\u011flayacak\",\"datePublished\":\"2025-07-12T15:14:07+00:00\",\"mainEntityOfPage\":{\"@id\":\"https:\\\/\\\/kibrisdakik.com\\\/?p=86203\"},\"wordCount\":279,\"commentCount\":0,\"image\":{\"@id\":\"https:\\\/\\\/kibrisdakik.com\\\/?p=86203#primaryimage\"},\"thumbnailUrl\":\"https:\\\/\\\/kibrisdakik.com\\\/wp-content\\\/uploads\\\/2025\\\/07\\\/tatar-brtttttttttttt-740x420.jpg\",\"articleSection\":[\"K\u0131br\u0131s\",\"Man\u015fet\"],\"inLanguage\":\"tr\",\"potentialAction\":[{\"@type\":\"CommentAction\",\"name\":\"Comment\",\"target\":[\"https:\\\/\\\/kibrisdakik.com\\\/?p=86203#respond\"]}]},{\"@type\":\"WebPage\",\"@id\":\"https:\\\/\\\/kibrisdakik.com\\\/?p=86203\",\"url\":\"https:\\\/\\\/kibrisdakik.com\\\/?p=86203\",\"name\":\"Cumhurba\u015fkan\u0131 Tatar:Ter\u00f6rs\u00fcz T\u00fcrkiye ger\u00e7e\u011fi huzurun tesisine katk\u0131 sa\u011flayacak -\",\"isPartOf\":{\"@id\":\"https:\\\/\\\/kibrisdakik.com\\\/#website\"},\"primaryImageOfPage\":{\"@id\":\"https:\\\/\\\/kibrisdakik.com\\\/?p=86203#primaryimage\"},\"image\":{\"@id\":\"https:\\\/\\\/kibrisdakik.com\\\/?p=86203#primaryimage\"},\"thumbnailUrl\":\"https:\\\/\\\/kibrisdakik.com\\\/wp-content\\\/uploads\\\/2025\\\/07\\\/tatar-brtttttttttttt-740x420.jpg\",\"datePublished\":\"2025-07-12T15:14:07+00:00\",\"author\":{\"@id\":\"https:\\\/\\\/kibrisdakik.com\\\/#\\\/schema\\\/person\\\/9cd9d437bbb44f72b73ba127e06d8e79\"},\"breadcrumb\":{\"@id\":\"https:\\\/\\\/kibrisdakik.com\\\/?p=86203#breadcrumb\"},\"inLanguage\":\"tr\",\"potentialAction\":[{\"@type\":\"ReadAction\",\"target\":[\"https:\\\/\\\/kibrisdakik.com\\\/?p=86203\"]}]},{\"@type\":\"ImageObject\",\"inLanguage\":\"tr\",\"@id\":\"https:\\\/\\\/kibrisdakik.com\\\/?p=86203#primaryimage\",\"url\":\"https:\\\/\\\/kibrisdakik.com\\\/wp-content\\\/uploads\\\/2025\\\/07\\\/tatar-brtttttttttttt-740x420.jpg\",\"contentUrl\":\"https:\\\/\\\/kibrisdakik.com\\\/wp-content\\\/uploads\\\/2025\\\/07\\\/tatar-brtttttttttttt-740x420.jpg\",\"width\":1600,\"height\":1158},{\"@type\":\"BreadcrumbList\",\"@id\":\"https:\\\/\\\/kibrisdakik.com\\\/?p=86203#breadcrumb\",\"itemListElement\":[{\"@type\":\"ListItem\",\"position\":1,\"name\":\"Home\",\"item\":\"https:\\\/\\\/kibrisdakik.com\\\/\"},{\"@type\":\"ListItem\",\"position\":2,\"name\":\"Cumhurba\u015fkan\u0131 Tatar:Ter\u00f6rs\u00fcz T\u00fcrkiye ger\u00e7e\u011fi huzurun tesisine katk\u0131 sa\u011flayacak\"}]},{\"@type\":\"WebSite\",\"@id\":\"https:\\\/\\\/kibrisdakik.com\\\/#website\",\"url\":\"https:\\\/\\\/kibrisdakik.com\\\/\",\"name\":\"\",\"description\":\"Tam vaktinde haber\",\"potentialAction\":[{\"@type\":\"SearchAction\",\"target\":{\"@type\":\"EntryPoint\",\"urlTemplate\":\"https:\\\/\\\/kibrisdakik.com\\\/?s={search_term_string}\"},\"query-input\":{\"@type\":\"PropertyValueSpecification\",\"valueRequired\":true,\"valueName\":\"search_term_string\"}}],\"inLanguage\":\"tr\"},{\"@type\":\"Person\",\"@id\":\"https:\\\/\\\/kibrisdakik.com\\\/#\\\/schema\\\/person\\\/9cd9d437bbb44f72b73ba127e06d8e79\",\"name\":\"admin\",\"image\":{\"@type\":\"ImageObject\",\"inLanguage\":\"tr\",\"@id\":\"https:\\\/\\\/secure.gravatar.com\\\/avatar\\\/ccc17943b9d660506c869530f897617f7cb1c21a4bf30023f252596d83e1f007?s=96&d=mm&r=g\",\"url\":\"https:\\\/\\\/secure.gravatar.com\\\/avatar\\\/ccc17943b9d660506c869530f897617f7cb1c21a4bf30023f252596d83e1f007?s=96&d=mm&r=g\",\"contentUrl\":\"https:\\\/\\\/secure.gravatar.com\\\/avatar\\\/ccc17943b9d660506c869530f897617f7cb1c21a4bf30023f252596d83e1f007?s=96&d=mm&r=g\",\"caption\":\"admin\"},\"sameAs\":[\"https:\\\/\\\/kibrisdakik.com\"],\"url\":\"https:\\\/\\\/kibrisdakik.com\\\/?author=1\"}]}<\/script>\n<!-- \/ Yoast SEO plugin. -->","yoast_head_json":{"title":"Cumhurba\u015fkan\u0131 Tatar:Ter\u00f6rs\u00fcz T\u00fcrkiye ger\u00e7e\u011fi huzurun tesisine katk\u0131 sa\u011flayacak -","robots":{"index":"index","follow":"follow","max-snippet":"max-snippet:-1","max-image-preview":"max-image-preview:large","max-video-preview":"max-video-preview:-1"},"canonical":"https:\/\/kibrisdakik.com\/?p=86203","og_locale":"tr_TR","og_type":"article","og_title":"Cumhurba\u015fkan\u0131 Tatar:Ter\u00f6rs\u00fcz T\u00fcrkiye ger\u00e7e\u011fi huzurun tesisine katk\u0131 sa\u011flayacak -","og_description":"Cumhurba\u015fkan\u0131 Ersin Tatar, PKK\u2019n\u0131n silah b\u0131rakmas\u0131na y\u00f6nelik a\u00e7\u0131klama yapt\u0131. Cumhurba\u015fkan\u0131 Tatar a\u00e7\u0131klamas\u0131nda Anavatan T\u00fcrkiye\u2019nin \u201cter\u00f6rs\u00fcz bir gelecek\u201d hedefinde tarihi bir d\u00f6n\u00fcm noktas\u0131na ula\u015fmas\u0131ndan duydu\u011fu memnuniyeti dile getirdi. Tatar, \u201cSay\u0131n Cumhurba\u015fkan\u0131 Recep Tayyip Erdo\u011fan\u2019\u0131n kamuoyuyla payla\u015ft\u0131\u011f\u0131 bu \u00f6nemli geli\u015fme, sadece T\u00fcrkiye i\u00e7in de\u011fil, T\u00fcrk d\u00fcnyas\u0131 ve b\u00f6lge ad\u0131na umut ve g\u00fcven kayna\u011f\u0131d\u0131r\u201d dedi. K\u0131br\u0131s T\u00fcrk halk\u0131n\u0131n","og_url":"https:\/\/kibrisdakik.com\/?p=86203","article_published_time":"2025-07-12T15:14:07+00:00","og_image":[{"width":1600,"height":1158,"url":"https:\/\/kibrisdakik.com\/wp-content\/uploads\/2025\/07\/tatar-brtttttttttttt-740x420.jpg","type":"image\/jpeg"}],"author":"admin","twitter_card":"summary_large_image","twitter_misc":{"Yazan:":"admin","Tahmini okuma s\u00fcresi":"1 dakika"},"schema":{"@context":"https:\/\/schema.org","@graph":[{"@type":"Article","@id":"https:\/\/kibrisdakik.com\/?p=86203#article","isPartOf":{"@id":"https:\/\/kibrisdakik.com\/?p=86203"},"author":{"name":"admin","@id":"https:\/\/kibrisdakik.com\/#\/schema\/person\/9cd9d437bbb44f72b73ba127e06d8e79"},"headline":"Cumhurba\u015fkan\u0131 Tatar:Ter\u00f6rs\u00fcz T\u00fcrkiye ger\u00e7e\u011fi huzurun tesisine katk\u0131 sa\u011flayacak","datePublished":"2025-07-12T15:14:07+00:00","mainEntityOfPage":{"@id":"https:\/\/kibrisdakik.com\/?p=86203"},"wordCount":279,"commentCount":0,"image":{"@id":"https:\/\/kibrisdakik.com\/?p=86203#primaryimage"},"thumbnailUrl":"https:\/\/kibrisdakik.com\/wp-content\/uploads\/2025\/07\/tatar-brtttttttttttt-740x420.jpg","articleSection":["K\u0131br\u0131s","Man\u015fet"],"inLanguage":"tr","potentialAction":[{"@type":"CommentAction","name":"Comment","target":["https:\/\/kibrisdakik.com\/?p=86203#respond"]}]},{"@type":"WebPage","@id":"https:\/\/kibrisdakik.com\/?p=86203","url":"https:\/\/kibrisdakik.com\/?p=86203","name":"Cumhurba\u015fkan\u0131 Tatar:Ter\u00f6rs\u00fcz T\u00fcrkiye ger\u00e7e\u011fi huzurun tesisine katk\u0131 sa\u011flayacak -","isPartOf":{"@id":"https:\/\/kibrisdakik.com\/#website"},"primaryImageOfPage":{"@id":"https:\/\/kibrisdakik.com\/?p=86203#primaryimage"},"image":{"@id":"https:\/\/kibrisdakik.com\/?p=86203#primaryimage"},"thumbnailUrl":"https:\/\/kibrisdakik.com\/wp-content\/uploads\/2025\/07\/tatar-brtttttttttttt-740x420.jpg","datePublished":"2025-07-12T15:14:07+00:00","author":{"@id":"https:\/\/kibrisdakik.com\/#\/schema\/person\/9cd9d437bbb44f72b73ba127e06d8e79"},"breadcrumb":{"@id":"https:\/\/kibrisdakik.com\/?p=86203#breadcrumb"},"inLanguage":"tr","potentialAction":[{"@type":"ReadAction","target":["https:\/\/kibrisdakik.com\/?p=86203"]}]},{"@type":"ImageObject","inLanguage":"tr","@id":"https:\/\/kibrisdakik.com\/?p=86203#primaryimage","url":"https:\/\/kibrisdakik.com\/wp-content\/uploads\/2025\/07\/tatar-brtttttttttttt-740x420.jpg","contentUrl":"https:\/\/kibrisdakik.com\/wp-content\/uploads\/2025\/07\/tatar-brtttttttttttt-740x420.jpg","width":1600,"height":1158},{"@type":"BreadcrumbList","@id":"https:\/\/kibrisdakik.com\/?p=86203#breadcrumb","itemListElement":[{"@type":"ListItem","position":1,"name":"Home","item":"https:\/\/kibrisdakik.com\/"},{"@type":"ListItem","position":2,"name":"Cumhurba\u015fkan\u0131 Tatar:Ter\u00f6rs\u00fcz T\u00fcrkiye ger\u00e7e\u011fi huzurun tesisine katk\u0131 sa\u011flayacak"}]},{"@type":"WebSite","@id":"https:\/\/kibrisdakik.com\/#website","url":"https:\/\/kibrisdakik.com\/","name":"","description":"Tam vaktinde haber","potentialAction":[{"@type":"SearchAction","target":{"@type":"EntryPoint","urlTemplate":"https:\/\/kibrisdakik.com\/?s={search_term_string}"},"query-input":{"@type":"PropertyValueSpecification","valueRequired":true,"valueName":"search_term_string"}}],"inLanguage":"tr"},{"@type":"Person","@id":"https:\/\/kibrisdakik.com\/#\/schema\/person\/9cd9d437bbb44f72b73ba127e06d8e79","name":"admin","image":{"@type":"ImageObject","inLanguage":"tr","@id":"https:\/\/secure.gravatar.com\/avatar\/ccc17943b9d660506c869530f897617f7cb1c21a4bf30023f252596d83e1f007?s=96&d=mm&r=g","url":"https:\/\/secure.gravatar.com\/avatar\/ccc17943b9d660506c869530f897617f7cb1c21a4bf30023f252596d83e1f007?s=96&d=mm&r=g","contentUrl":"https:\/\/secure.gravatar.com\/avatar\/ccc17943b9d660506c869530f897617f7cb1c21a4bf30023f252596d83e1f007?s=96&d=mm&r=g","caption":"admin"},"sameAs":["https:\/\/kibrisdakik.com"],"url":"https:\/\/kibrisdakik.com\/?author=1"}]}},"_links":{"self":[{"href":"https:\/\/kibrisdakik.com\/index.php?rest_route=\/wp\/v2\/posts\/86203","targetHints":{"allow":["GET"]}}],"collection":[{"href":"https:\/\/kibrisdakik.com\/index.php?rest_route=\/wp\/v2\/posts"}],"about":[{"href":"https:\/\/kibrisdakik.com\/index.php?rest_route=\/wp\/v2\/types\/post"}],"author":[{"embeddable":true,"href":"https:\/\/kibrisdakik.com\/index.php?rest_route=\/wp\/v2\/users\/1"}],"replies":[{"embeddable":true,"href":"https:\/\/kibrisdakik.com\/index.php?rest_route=%2Fwp%2Fv2%2Fcomments&post=86203"}],"version-history":[{"count":0,"href":"https:\/\/kibrisdakik.com\/index.php?rest_route=\/wp\/v2\/posts\/86203\/revisions"}],"wp:featuredmedia":[{"embeddable":true,"href":"https:\/\/kibrisdakik.com\/index.php?rest_route=\/wp\/v2\/media\/86204"}],"wp:attachment":[{"href":"https:\/\/kibrisdakik.com\/index.php?rest_route=%2Fwp%2Fv2%2Fmedia&parent=86203"}],"wp:term":[{"taxonomy":"category","embeddable":true,"href":"https:\/\/kibrisdakik.com\/index.php?rest_route=%2Fwp%2Fv2%2Fcategories&post=86203"},{"taxonomy":"post_tag","embeddable":true,"href":"https:\/\/kibrisdakik.com\/index.php?rest_route=%2Fwp%2Fv2%2Ftags&post=86203"}],"curies":[{"name":"wp","href":"https:\/\/api.w.org\/{rel}","templated":true}]}}