{"id":86269,"date":"2025-07-14T18:16:02","date_gmt":"2025-07-14T15:16:02","guid":{"rendered":"https:\/\/kibrisdakik.com\/index.php\/2025\/07\/14\/erhurman-new-yorktaki-gorusmeyle-ilgili-degerlendirmede-bulundu\/"},"modified":"2025-07-14T18:16:02","modified_gmt":"2025-07-14T15:16:02","slug":"erhurman-new-yorktaki-gorusmeyle-ilgili-degerlendirmede-bulundu","status":"publish","type":"post","link":"https:\/\/kibrisdakik.com\/?p=86269","title":{"rendered":"Erh\u00fcrman, New York\u2019taki g\u00f6r\u00fc\u015fmeyle ilgili de\u011ferlendirmede bulundu"},"content":{"rendered":"<p> <br \/>\n<\/p>\n<div>\n<div class=\"mariselle-image-container center\">\n                                            <\/div>\n<p>\nAnamuhalefet CTP Genel Ba\u015fkan\u0131 Erh\u00fcrman, bu sabah kat\u0131ld\u0131\u011f\u0131 bir program\u0131nda, New York\u2019taki g\u00f6r\u00fc\u015fmeyle ilgili de\u011ferlendirmede bulundu.<\/p>\n<p>Toplant\u0131dan \u00e7\u0131kabilecek sonu\u00e7lara ili\u015fkin \u00f6ng\u00f6r\u00fcs\u00fcn\u00fc dile getiren Erh\u00fcrman, \u201c\u00c7\u0131karsa, bir iki ge\u00e7i\u015f noktas\u0131 a\u00e7\u0131l\u0131r diye bir beklenti var\u201d ifadesini kulland\u0131.<\/p>\n<p>Cumhuriyet\u00e7i T\u00fcrk Partisi Genel Ba\u015fkan\u0131 Tufan Erh\u00fcrman kat\u0131ld\u0131\u011f\u0131 bir televizyon program\u0131nda New York\u2019ta ger\u00e7ekle\u015ftirilecek g\u00f6r\u00fc\u015fmeyle ilgili soruyu yan\u0131tlad\u0131.<\/p>\n<p>Toplant\u0131dan \u00e7\u0131kabilecek sonu\u00e7lara ili\u015fkin \u00f6ng\u00f6r\u00fcs\u00fcn\u00fc ifade eden Erh\u00fcrman, \u201c\u00c7\u0131karsa, bir iki ge\u00e7i\u015f noktas\u0131 a\u00e7\u0131l\u0131r diye bir beklenti var. Umar\u0131m bunu olsun ba\u015far\u0131rlar\u201d ifadelerini kulland\u0131. <\/p>\n<p>Bug\u00fcne kadar ge\u00e7i\u015f noktalar\u0131 a\u00e7\u0131l\u0131rken Cenevre\u2019ye ya da New York\u2019a gitme gere\u011fi duyulmad\u0131\u011f\u0131n\u0131, ancak diyalogsuz ge\u00e7en bunca y\u0131ldan sonra, en az\u0131ndan taraflar\u0131n bir araya gelmesinin \u00f6nemli oldu\u011funu belirten Erh\u00fcrman, \u201cHi\u00e7 diplomasi olmamas\u0131ndansa, bu d\u00fczeyde de olsa bir diyalog y\u00fcr\u00fct\u00fclmesi iyidir\u201d diye konu\u015ftu. <\/p>\n<p>Erh\u00fcrman, Cumhurba\u015fkan\u0131 Tatar\u2019\u0131n ortaya koydu\u011fu tezin \u201c\u00e7\u00f6z\u00fcms\u00fczl\u00fck \u00e7\u00f6z\u00fcmd\u00fcr\u201d anlam\u0131na geldi\u011fini ancak sahada birtak\u0131m geli\u015fmeler ya\u015fanmakta oldu\u011funu ve bunlar\u0131n do\u011frudan halk\u0131n hayat\u0131na etki etti\u011fini ileri s\u00fcrd\u00fc. <\/p>\n<p>K\u0131br\u0131s sorununa da de\u011finerek, siyasi e\u015fitli\u011fin pazarl\u0131k konusu olmad\u0131\u011f\u0131na i\u015faret eden Erh\u00fcrman, bug\u00fcne kadar var\u0131lan mutabakatlar\u0131n da yeniden g\u00f6r\u00fc\u015f\u00fclemeyece\u011fini kaydetti.<br \/>Tufan Erh\u00fcrman, \u201cBiz \u00f6n \u015fart sunmuyoruz, yaln\u0131zca BM\u2019nin verdi\u011fi s\u00f6zlerin arkas\u0131nda durmas\u0131n\u0131 istiyoruz\u201d diyerek, BM\u2019nin s\u00f6z\u00fcne sahip \u00e7\u0131kmas\u0131 gerekti\u011fini s\u00f6yledi.<\/p>\n<\/p><\/div>\n<p><script async\n                    defer\n                    crossorigin=\"anonymous\"\n                    src=\"https:\/\/connect.facebook.net\/tr_TR\/sdk.js#xfbml=1&#038;version=v3.3\"\n            ><\/script><br \/>\n<br \/><br \/>\n<br \/><a href=\"[kibrisdakik.com]\n<\/p>\n","protected":false},"excerpt":{"rendered":"<p>Anamuhalefet CTP Genel Ba\u015fkan\u0131 Erh\u00fcrman, bu sabah kat\u0131ld\u0131\u011f\u0131 bir program\u0131nda, New York\u2019taki g\u00f6r\u00fc\u015fmeyle ilgili de\u011ferlendirmede bulundu. Toplant\u0131dan \u00e7\u0131kabilecek sonu\u00e7lara ili\u015fkin \u00f6ng\u00f6r\u00fcs\u00fcn\u00fc dile getiren Erh\u00fcrman, \u201c\u00c7\u0131karsa, bir iki ge\u00e7i\u015f noktas\u0131 a\u00e7\u0131l\u0131r diye bir beklenti var\u201d ifadesini kulland\u0131. Cumhuriyet\u00e7i T\u00fcrk Partisi Genel Ba\u015fkan\u0131 Tufan Erh\u00fcrman kat\u0131ld\u0131\u011f\u0131 bir televizyon program\u0131nda New York\u2019ta ger\u00e7ekle\u015ftirilecek g\u00f6r\u00fc\u015fmeyle ilgili soruyu yan\u0131tlad\u0131. Toplant\u0131dan<\/p>\n","protected":false},"author":1,"featured_media":86270,"comment_status":"open","ping_status":"open","sticky":false,"template":"","format":"standard","meta":{"footnotes":""},"categories":[81,101],"tags":[],"class_list":["post-86269","post","type-post","status-publish","format-standard","has-post-thumbnail","hentry","category-kibris","category-manset"],"yoast_head":"<!-- This site is optimized with the Yoast SEO plugin v27.4 - https:\/\/yoast.com\/product\/yoast-seo-wordpress\/ -->\n<title>Erh\u00fcrman, New York\u2019taki g\u00f6r\u00fc\u015fmeyle ilgili de\u011ferlendirmede bulundu -<\/title>\n<meta name=\"robots\" content=\"index, follow, max-snippet:-1, max-image-preview:large, max-video-preview:-1\" \/>\n<link rel=\"canonical\" href=\"https:\/\/kibrisdakik.com\/?p=86269\" \/>\n<meta property=\"og:locale\" content=\"tr_TR\" \/>\n<meta property=\"og:type\" content=\"article\" \/>\n<meta property=\"og:title\" content=\"Erh\u00fcrman, New York\u2019taki g\u00f6r\u00fc\u015fmeyle ilgili de\u011ferlendirmede bulundu -\" \/>\n<meta property=\"og:description\" content=\"Anamuhalefet CTP Genel Ba\u015fkan\u0131 Erh\u00fcrman, bu sabah kat\u0131ld\u0131\u011f\u0131 bir program\u0131nda, New York\u2019taki g\u00f6r\u00fc\u015fmeyle ilgili de\u011ferlendirmede bulundu. Toplant\u0131dan \u00e7\u0131kabilecek sonu\u00e7lara ili\u015fkin \u00f6ng\u00f6r\u00fcs\u00fcn\u00fc dile getiren Erh\u00fcrman, \u201c\u00c7\u0131karsa, bir iki ge\u00e7i\u015f noktas\u0131 a\u00e7\u0131l\u0131r diye bir beklenti var\u201d ifadesini kulland\u0131. Cumhuriyet\u00e7i T\u00fcrk Partisi Genel Ba\u015fkan\u0131 Tufan Erh\u00fcrman kat\u0131ld\u0131\u011f\u0131 bir televizyon program\u0131nda New York\u2019ta ger\u00e7ekle\u015ftirilecek g\u00f6r\u00fc\u015fmeyle ilgili soruyu yan\u0131tlad\u0131. Toplant\u0131dan\" \/>\n<meta property=\"og:url\" content=\"https:\/\/kibrisdakik.com\/?p=86269\" \/>\n<meta property=\"article:published_time\" content=\"2025-07-14T15:16:02+00:00\" \/>\n<meta property=\"og:image\" content=\"https:\/\/kibrisdakik.com\/wp-content\/uploads\/2025\/07\/erhurmannn-740x420.jpg\" \/>\n\t<meta property=\"og:image:width\" content=\"910\" \/>\n\t<meta property=\"og:image:height\" content=\"430\" \/>\n\t<meta property=\"og:image:type\" content=\"image\/jpeg\" \/>\n<meta name=\"author\" content=\"admin\" \/>\n<meta name=\"twitter:card\" content=\"summary_large_image\" \/>\n<meta name=\"twitter:label1\" content=\"Yazan:\" \/>\n\t<meta name=\"twitter:data1\" content=\"admin\" \/>\n\t<meta name=\"twitter:label2\" content=\"Tahmini okuma s\u00fcresi\" \/>\n\t<meta name=\"twitter:data2\" content=\"1 dakika\" \/>\n<script type=\"application\/ld+json\" class=\"yoast-schema-graph\">{\"@context\":\"https:\\\/\\\/schema.org\",\"@graph\":[{\"@type\":\"Article\",\"@id\":\"https:\\\/\\\/kibrisdakik.com\\\/?p=86269#article\",\"isPartOf\":{\"@id\":\"https:\\\/\\\/kibrisdakik.com\\\/?p=86269\"},\"author\":{\"name\":\"admin\",\"@id\":\"https:\\\/\\\/kibrisdakik.com\\\/#\\\/schema\\\/person\\\/9cd9d437bbb44f72b73ba127e06d8e79\"},\"headline\":\"Erh\u00fcrman, New York\u2019taki g\u00f6r\u00fc\u015fmeyle ilgili de\u011ferlendirmede bulundu\",\"datePublished\":\"2025-07-14T15:16:02+00:00\",\"mainEntityOfPage\":{\"@id\":\"https:\\\/\\\/kibrisdakik.com\\\/?p=86269\"},\"wordCount\":310,\"commentCount\":0,\"image\":{\"@id\":\"https:\\\/\\\/kibrisdakik.com\\\/?p=86269#primaryimage\"},\"thumbnailUrl\":\"https:\\\/\\\/kibrisdakik.com\\\/wp-content\\\/uploads\\\/2025\\\/07\\\/erhurmannn-740x420.jpg\",\"articleSection\":[\"K\u0131br\u0131s\",\"Man\u015fet\"],\"inLanguage\":\"tr\",\"potentialAction\":[{\"@type\":\"CommentAction\",\"name\":\"Comment\",\"target\":[\"https:\\\/\\\/kibrisdakik.com\\\/?p=86269#respond\"]}]},{\"@type\":\"WebPage\",\"@id\":\"https:\\\/\\\/kibrisdakik.com\\\/?p=86269\",\"url\":\"https:\\\/\\\/kibrisdakik.com\\\/?p=86269\",\"name\":\"Erh\u00fcrman, New York\u2019taki g\u00f6r\u00fc\u015fmeyle ilgili de\u011ferlendirmede bulundu -\",\"isPartOf\":{\"@id\":\"https:\\\/\\\/kibrisdakik.com\\\/#website\"},\"primaryImageOfPage\":{\"@id\":\"https:\\\/\\\/kibrisdakik.com\\\/?p=86269#primaryimage\"},\"image\":{\"@id\":\"https:\\\/\\\/kibrisdakik.com\\\/?p=86269#primaryimage\"},\"thumbnailUrl\":\"https:\\\/\\\/kibrisdakik.com\\\/wp-content\\\/uploads\\\/2025\\\/07\\\/erhurmannn-740x420.jpg\",\"datePublished\":\"2025-07-14T15:16:02+00:00\",\"author\":{\"@id\":\"https:\\\/\\\/kibrisdakik.com\\\/#\\\/schema\\\/person\\\/9cd9d437bbb44f72b73ba127e06d8e79\"},\"breadcrumb\":{\"@id\":\"https:\\\/\\\/kibrisdakik.com\\\/?p=86269#breadcrumb\"},\"inLanguage\":\"tr\",\"potentialAction\":[{\"@type\":\"ReadAction\",\"target\":[\"https:\\\/\\\/kibrisdakik.com\\\/?p=86269\"]}]},{\"@type\":\"ImageObject\",\"inLanguage\":\"tr\",\"@id\":\"https:\\\/\\\/kibrisdakik.com\\\/?p=86269#primaryimage\",\"url\":\"https:\\\/\\\/kibrisdakik.com\\\/wp-content\\\/uploads\\\/2025\\\/07\\\/erhurmannn-740x420.jpg\",\"contentUrl\":\"https:\\\/\\\/kibrisdakik.com\\\/wp-content\\\/uploads\\\/2025\\\/07\\\/erhurmannn-740x420.jpg\",\"width\":910,\"height\":430},{\"@type\":\"BreadcrumbList\",\"@id\":\"https:\\\/\\\/kibrisdakik.com\\\/?p=86269#breadcrumb\",\"itemListElement\":[{\"@type\":\"ListItem\",\"position\":1,\"name\":\"Home\",\"item\":\"https:\\\/\\\/kibrisdakik.com\\\/\"},{\"@type\":\"ListItem\",\"position\":2,\"name\":\"Erh\u00fcrman, New York\u2019taki g\u00f6r\u00fc\u015fmeyle ilgili de\u011ferlendirmede bulundu\"}]},{\"@type\":\"WebSite\",\"@id\":\"https:\\\/\\\/kibrisdakik.com\\\/#website\",\"url\":\"https:\\\/\\\/kibrisdakik.com\\\/\",\"name\":\"\",\"description\":\"Tam vaktinde haber\",\"potentialAction\":[{\"@type\":\"SearchAction\",\"target\":{\"@type\":\"EntryPoint\",\"urlTemplate\":\"https:\\\/\\\/kibrisdakik.com\\\/?s={search_term_string}\"},\"query-input\":{\"@type\":\"PropertyValueSpecification\",\"valueRequired\":true,\"valueName\":\"search_term_string\"}}],\"inLanguage\":\"tr\"},{\"@type\":\"Person\",\"@id\":\"https:\\\/\\\/kibrisdakik.com\\\/#\\\/schema\\\/person\\\/9cd9d437bbb44f72b73ba127e06d8e79\",\"name\":\"admin\",\"image\":{\"@type\":\"ImageObject\",\"inLanguage\":\"tr\",\"@id\":\"https:\\\/\\\/secure.gravatar.com\\\/avatar\\\/ccc17943b9d660506c869530f897617f7cb1c21a4bf30023f252596d83e1f007?s=96&d=mm&r=g\",\"url\":\"https:\\\/\\\/secure.gravatar.com\\\/avatar\\\/ccc17943b9d660506c869530f897617f7cb1c21a4bf30023f252596d83e1f007?s=96&d=mm&r=g\",\"contentUrl\":\"https:\\\/\\\/secure.gravatar.com\\\/avatar\\\/ccc17943b9d660506c869530f897617f7cb1c21a4bf30023f252596d83e1f007?s=96&d=mm&r=g\",\"caption\":\"admin\"},\"sameAs\":[\"https:\\\/\\\/kibrisdakik.com\"],\"url\":\"https:\\\/\\\/kibrisdakik.com\\\/?author=1\"}]}<\/script>\n<!-- \/ Yoast SEO plugin. -->","yoast_head_json":{"title":"Erh\u00fcrman, New York\u2019taki g\u00f6r\u00fc\u015fmeyle ilgili de\u011ferlendirmede bulundu -","robots":{"index":"index","follow":"follow","max-snippet":"max-snippet:-1","max-image-preview":"max-image-preview:large","max-video-preview":"max-video-preview:-1"},"canonical":"https:\/\/kibrisdakik.com\/?p=86269","og_locale":"tr_TR","og_type":"article","og_title":"Erh\u00fcrman, New York\u2019taki g\u00f6r\u00fc\u015fmeyle ilgili de\u011ferlendirmede bulundu -","og_description":"Anamuhalefet CTP Genel Ba\u015fkan\u0131 Erh\u00fcrman, bu sabah kat\u0131ld\u0131\u011f\u0131 bir program\u0131nda, New York\u2019taki g\u00f6r\u00fc\u015fmeyle ilgili de\u011ferlendirmede bulundu. Toplant\u0131dan \u00e7\u0131kabilecek sonu\u00e7lara ili\u015fkin \u00f6ng\u00f6r\u00fcs\u00fcn\u00fc dile getiren Erh\u00fcrman, \u201c\u00c7\u0131karsa, bir iki ge\u00e7i\u015f noktas\u0131 a\u00e7\u0131l\u0131r diye bir beklenti var\u201d ifadesini kulland\u0131. Cumhuriyet\u00e7i T\u00fcrk Partisi Genel Ba\u015fkan\u0131 Tufan Erh\u00fcrman kat\u0131ld\u0131\u011f\u0131 bir televizyon program\u0131nda New York\u2019ta ger\u00e7ekle\u015ftirilecek g\u00f6r\u00fc\u015fmeyle ilgili soruyu yan\u0131tlad\u0131. Toplant\u0131dan","og_url":"https:\/\/kibrisdakik.com\/?p=86269","article_published_time":"2025-07-14T15:16:02+00:00","og_image":[{"width":910,"height":430,"url":"https:\/\/kibrisdakik.com\/wp-content\/uploads\/2025\/07\/erhurmannn-740x420.jpg","type":"image\/jpeg"}],"author":"admin","twitter_card":"summary_large_image","twitter_misc":{"Yazan:":"admin","Tahmini okuma s\u00fcresi":"1 dakika"},"schema":{"@context":"https:\/\/schema.org","@graph":[{"@type":"Article","@id":"https:\/\/kibrisdakik.com\/?p=86269#article","isPartOf":{"@id":"https:\/\/kibrisdakik.com\/?p=86269"},"author":{"name":"admin","@id":"https:\/\/kibrisdakik.com\/#\/schema\/person\/9cd9d437bbb44f72b73ba127e06d8e79"},"headline":"Erh\u00fcrman, New York\u2019taki g\u00f6r\u00fc\u015fmeyle ilgili de\u011ferlendirmede bulundu","datePublished":"2025-07-14T15:16:02+00:00","mainEntityOfPage":{"@id":"https:\/\/kibrisdakik.com\/?p=86269"},"wordCount":310,"commentCount":0,"image":{"@id":"https:\/\/kibrisdakik.com\/?p=86269#primaryimage"},"thumbnailUrl":"https:\/\/kibrisdakik.com\/wp-content\/uploads\/2025\/07\/erhurmannn-740x420.jpg","articleSection":["K\u0131br\u0131s","Man\u015fet"],"inLanguage":"tr","potentialAction":[{"@type":"CommentAction","name":"Comment","target":["https:\/\/kibrisdakik.com\/?p=86269#respond"]}]},{"@type":"WebPage","@id":"https:\/\/kibrisdakik.com\/?p=86269","url":"https:\/\/kibrisdakik.com\/?p=86269","name":"Erh\u00fcrman, New York\u2019taki g\u00f6r\u00fc\u015fmeyle ilgili de\u011ferlendirmede bulundu -","isPartOf":{"@id":"https:\/\/kibrisdakik.com\/#website"},"primaryImageOfPage":{"@id":"https:\/\/kibrisdakik.com\/?p=86269#primaryimage"},"image":{"@id":"https:\/\/kibrisdakik.com\/?p=86269#primaryimage"},"thumbnailUrl":"https:\/\/kibrisdakik.com\/wp-content\/uploads\/2025\/07\/erhurmannn-740x420.jpg","datePublished":"2025-07-14T15:16:02+00:00","author":{"@id":"https:\/\/kibrisdakik.com\/#\/schema\/person\/9cd9d437bbb44f72b73ba127e06d8e79"},"breadcrumb":{"@id":"https:\/\/kibrisdakik.com\/?p=86269#breadcrumb"},"inLanguage":"tr","potentialAction":[{"@type":"ReadAction","target":["https:\/\/kibrisdakik.com\/?p=86269"]}]},{"@type":"ImageObject","inLanguage":"tr","@id":"https:\/\/kibrisdakik.com\/?p=86269#primaryimage","url":"https:\/\/kibrisdakik.com\/wp-content\/uploads\/2025\/07\/erhurmannn-740x420.jpg","contentUrl":"https:\/\/kibrisdakik.com\/wp-content\/uploads\/2025\/07\/erhurmannn-740x420.jpg","width":910,"height":430},{"@type":"BreadcrumbList","@id":"https:\/\/kibrisdakik.com\/?p=86269#breadcrumb","itemListElement":[{"@type":"ListItem","position":1,"name":"Home","item":"https:\/\/kibrisdakik.com\/"},{"@type":"ListItem","position":2,"name":"Erh\u00fcrman, New York\u2019taki g\u00f6r\u00fc\u015fmeyle ilgili de\u011ferlendirmede bulundu"}]},{"@type":"WebSite","@id":"https:\/\/kibrisdakik.com\/#website","url":"https:\/\/kibrisdakik.com\/","name":"","description":"Tam vaktinde haber","potentialAction":[{"@type":"SearchAction","target":{"@type":"EntryPoint","urlTemplate":"https:\/\/kibrisdakik.com\/?s={search_term_string}"},"query-input":{"@type":"PropertyValueSpecification","valueRequired":true,"valueName":"search_term_string"}}],"inLanguage":"tr"},{"@type":"Person","@id":"https:\/\/kibrisdakik.com\/#\/schema\/person\/9cd9d437bbb44f72b73ba127e06d8e79","name":"admin","image":{"@type":"ImageObject","inLanguage":"tr","@id":"https:\/\/secure.gravatar.com\/avatar\/ccc17943b9d660506c869530f897617f7cb1c21a4bf30023f252596d83e1f007?s=96&d=mm&r=g","url":"https:\/\/secure.gravatar.com\/avatar\/ccc17943b9d660506c869530f897617f7cb1c21a4bf30023f252596d83e1f007?s=96&d=mm&r=g","contentUrl":"https:\/\/secure.gravatar.com\/avatar\/ccc17943b9d660506c869530f897617f7cb1c21a4bf30023f252596d83e1f007?s=96&d=mm&r=g","caption":"admin"},"sameAs":["https:\/\/kibrisdakik.com"],"url":"https:\/\/kibrisdakik.com\/?author=1"}]}},"_links":{"self":[{"href":"https:\/\/kibrisdakik.com\/index.php?rest_route=\/wp\/v2\/posts\/86269","targetHints":{"allow":["GET"]}}],"collection":[{"href":"https:\/\/kibrisdakik.com\/index.php?rest_route=\/wp\/v2\/posts"}],"about":[{"href":"https:\/\/kibrisdakik.com\/index.php?rest_route=\/wp\/v2\/types\/post"}],"author":[{"embeddable":true,"href":"https:\/\/kibrisdakik.com\/index.php?rest_route=\/wp\/v2\/users\/1"}],"replies":[{"embeddable":true,"href":"https:\/\/kibrisdakik.com\/index.php?rest_route=%2Fwp%2Fv2%2Fcomments&post=86269"}],"version-history":[{"count":0,"href":"https:\/\/kibrisdakik.com\/index.php?rest_route=\/wp\/v2\/posts\/86269\/revisions"}],"wp:featuredmedia":[{"embeddable":true,"href":"https:\/\/kibrisdakik.com\/index.php?rest_route=\/wp\/v2\/media\/86270"}],"wp:attachment":[{"href":"https:\/\/kibrisdakik.com\/index.php?rest_route=%2Fwp%2Fv2%2Fmedia&parent=86269"}],"wp:term":[{"taxonomy":"category","embeddable":true,"href":"https:\/\/kibrisdakik.com\/index.php?rest_route=%2Fwp%2Fv2%2Fcategories&post=86269"},{"taxonomy":"post_tag","embeddable":true,"href":"https:\/\/kibrisdakik.com\/index.php?rest_route=%2Fwp%2Fv2%2Ftags&post=86269"}],"curies":[{"name":"wp","href":"https:\/\/api.w.org\/{rel}","templated":true}]}}