{"id":8631,"date":"2023-06-11T19:35:44","date_gmt":"2023-06-11T19:35:44","guid":{"rendered":"https:\/\/kibrisdakik.com\/index.php\/2023\/06\/11\/cumhuriyet-meclisinin-yarin-yapilmasi-planlanan-genel-kurulu-13-haziran-sali-gunune-alindi\/"},"modified":"2023-06-11T19:35:44","modified_gmt":"2023-06-11T19:35:44","slug":"cumhuriyet-meclisinin-yarin-yapilmasi-planlanan-genel-kurulu-13-haziran-sali-gunune-alindi","status":"publish","type":"post","link":"https:\/\/kibrisdakik.com\/?p=8631","title":{"rendered":"Cumhuriyet Meclisi\u2019nin yar\u0131n yap\u0131lmas\u0131 planlanan Genel Kurulu 13 Haziran Sal\u0131 g\u00fcn\u00fcne al\u0131nd\u0131"},"content":{"rendered":"<p><\/p>\n<div>\n<div class=\"mariselle-image-container center\">\n                <img width=\"652\" height=\"400\" class=\"lazy-image\" alt=\"\" decoding=\"async\" loading=\"lazy\" sizes=\"auto, (max-width: 652px) 100vw, 652px\" src=\"https:\/\/brtk.net\/wp-content\/uploads\/2023\/06\/07\/meclis-bina12.jpg?ver=b05c836637883de0b131b5db9fe3970a\" srcset=\"https:\/\/brtk.net\/wp-content\/uploads\/2023\/06\/07\/meclis-bina12.jpg?ver=b05c836637883de0b131b5db9fe3970a 652w, https:\/\/brtk.net\/wp-content\/uploads\/2023\/06\/07\/meclis-bina12-300x184.jpg?ver=b05c836637883de0b131b5db9fe3970a 300w\"\/>                            <\/div>\n<p>Cumhuriyet Meclisi\u2019nin yar\u0131n yap\u0131lmas\u0131 gereken Genel Kurulu 13 Haziran Sal\u0131 g\u00fcn\u00fcne al\u0131nd\u0131.<\/p>\n<p>Yap\u0131lan a\u00e7\u0131klamada bu karar\u0131n, T\u00fcrkiye Cumhuriyeti (TC) Cumhurba\u015fkan\u0131 Recep Tayyip Erdo\u011fan\u2019\u0131n yar\u0131n Kuzey K\u0131br\u0131s T\u00fcrk Cumhuriyeti\u2019ne (<a href=\"https:\/\/brtk.net\/\">KKTC<\/a>) <a href=\"https:\/\/brtk.net\/\">KKTC<\/a>yapaca\u011f\u0131 resmi ziyaret nedeniyle gruplar aras\u0131 var\u0131lan mutabakat ile al\u0131nd\u0131\u011f\u0131 belirtildi.<\/p>\n<\/p><\/div>\n<p><script async\n                    defer\n                    crossorigin=\"anonymous\"\n                    src=\"https:\/\/connect.facebook.net\/tr_TR\/sdk.js#xfbml=1&#038;version=v3.3\"\n            ><\/script><\/p>\n","protected":false},"excerpt":{"rendered":"<p>Cumhuriyet Meclisi\u2019nin yar\u0131n yap\u0131lmas\u0131 gereken Genel Kurulu 13 Haziran Sal\u0131 g\u00fcn\u00fcne al\u0131nd\u0131. Yap\u0131lan a\u00e7\u0131klamada bu karar\u0131n, T\u00fcrkiye Cumhuriyeti (TC) Cumhurba\u015fkan\u0131 Recep Tayyip Erdo\u011fan\u2019\u0131n yar\u0131n Kuzey K\u0131br\u0131s T\u00fcrk Cumhuriyeti\u2019ne (KKTC) KKTCyapaca\u011f\u0131 resmi ziyaret nedeniyle gruplar aras\u0131 var\u0131lan mutabakat ile al\u0131nd\u0131\u011f\u0131 belirtildi.<\/p>\n","protected":false},"author":1,"featured_media":5272,"comment_status":"open","ping_status":"open","sticky":false,"template":"","format":"standard","meta":{"footnotes":""},"categories":[1],"tags":[],"class_list":["post-8631","post","type-post","status-publish","format-standard","has-post-thumbnail","hentry","category-gundem"],"yoast_head":"<!-- This site is optimized with the Yoast SEO plugin v27.4 - https:\/\/yoast.com\/product\/yoast-seo-wordpress\/ -->\n<title>Cumhuriyet Meclisi\u2019nin yar\u0131n yap\u0131lmas\u0131 planlanan Genel Kurulu 13 Haziran Sal\u0131 g\u00fcn\u00fcne al\u0131nd\u0131 -<\/title>\n<meta name=\"robots\" content=\"index, follow, max-snippet:-1, max-image-preview:large, max-video-preview:-1\" \/>\n<link rel=\"canonical\" href=\"https:\/\/kibrisdakik.com\/?p=8631\" \/>\n<meta property=\"og:locale\" content=\"tr_TR\" \/>\n<meta property=\"og:type\" content=\"article\" \/>\n<meta property=\"og:title\" content=\"Cumhuriyet Meclisi\u2019nin yar\u0131n yap\u0131lmas\u0131 planlanan Genel Kurulu 13 Haziran Sal\u0131 g\u00fcn\u00fcne al\u0131nd\u0131 -\" \/>\n<meta property=\"og:description\" content=\"Cumhuriyet Meclisi\u2019nin yar\u0131n yap\u0131lmas\u0131 gereken Genel Kurulu 13 Haziran Sal\u0131 g\u00fcn\u00fcne al\u0131nd\u0131. Yap\u0131lan a\u00e7\u0131klamada bu karar\u0131n, T\u00fcrkiye Cumhuriyeti (TC) Cumhurba\u015fkan\u0131 Recep Tayyip Erdo\u011fan\u2019\u0131n yar\u0131n Kuzey K\u0131br\u0131s T\u00fcrk Cumhuriyeti\u2019ne (KKTC) KKTCyapaca\u011f\u0131 resmi ziyaret nedeniyle gruplar aras\u0131 var\u0131lan mutabakat ile al\u0131nd\u0131\u011f\u0131 belirtildi.\" \/>\n<meta property=\"og:url\" content=\"https:\/\/kibrisdakik.com\/?p=8631\" \/>\n<meta property=\"article:published_time\" content=\"2023-06-11T19:35:44+00:00\" \/>\n<meta property=\"og:image\" content=\"https:\/\/kibrisdakik.com\/wp-content\/uploads\/2023\/04\/meclis-bina6-740x420.jpg\" \/>\n\t<meta property=\"og:image:width\" content=\"864\" \/>\n\t<meta property=\"og:image:height\" content=\"486\" \/>\n\t<meta property=\"og:image:type\" content=\"image\/jpeg\" \/>\n<meta name=\"author\" content=\"admin\" \/>\n<meta name=\"twitter:card\" content=\"summary_large_image\" \/>\n<meta name=\"twitter:label1\" content=\"Yazan:\" \/>\n\t<meta name=\"twitter:data1\" content=\"admin\" \/>\n<script type=\"application\/ld+json\" class=\"yoast-schema-graph\">{\"@context\":\"https:\\\/\\\/schema.org\",\"@graph\":[{\"@type\":\"Article\",\"@id\":\"https:\\\/\\\/kibrisdakik.com\\\/?p=8631#article\",\"isPartOf\":{\"@id\":\"https:\\\/\\\/kibrisdakik.com\\\/?p=8631\"},\"author\":{\"name\":\"admin\",\"@id\":\"https:\\\/\\\/kibrisdakik.com\\\/#\\\/schema\\\/person\\\/9cd9d437bbb44f72b73ba127e06d8e79\"},\"headline\":\"Cumhuriyet Meclisi\u2019nin yar\u0131n yap\u0131lmas\u0131 planlanan Genel Kurulu 13 Haziran Sal\u0131 g\u00fcn\u00fcne al\u0131nd\u0131\",\"datePublished\":\"2023-06-11T19:35:44+00:00\",\"mainEntityOfPage\":{\"@id\":\"https:\\\/\\\/kibrisdakik.com\\\/?p=8631\"},\"wordCount\":76,\"commentCount\":0,\"image\":{\"@id\":\"https:\\\/\\\/kibrisdakik.com\\\/?p=8631#primaryimage\"},\"thumbnailUrl\":\"https:\\\/\\\/kibrisdakik.com\\\/wp-content\\\/uploads\\\/2023\\\/04\\\/meclis-bina6-740x420.jpg\",\"articleSection\":[\"G\u00fcndem\"],\"inLanguage\":\"tr\",\"potentialAction\":[{\"@type\":\"CommentAction\",\"name\":\"Comment\",\"target\":[\"https:\\\/\\\/kibrisdakik.com\\\/?p=8631#respond\"]}]},{\"@type\":\"WebPage\",\"@id\":\"https:\\\/\\\/kibrisdakik.com\\\/?p=8631\",\"url\":\"https:\\\/\\\/kibrisdakik.com\\\/?p=8631\",\"name\":\"Cumhuriyet Meclisi\u2019nin yar\u0131n yap\u0131lmas\u0131 planlanan Genel Kurulu 13 Haziran Sal\u0131 g\u00fcn\u00fcne al\u0131nd\u0131 -\",\"isPartOf\":{\"@id\":\"https:\\\/\\\/kibrisdakik.com\\\/#website\"},\"primaryImageOfPage\":{\"@id\":\"https:\\\/\\\/kibrisdakik.com\\\/?p=8631#primaryimage\"},\"image\":{\"@id\":\"https:\\\/\\\/kibrisdakik.com\\\/?p=8631#primaryimage\"},\"thumbnailUrl\":\"https:\\\/\\\/kibrisdakik.com\\\/wp-content\\\/uploads\\\/2023\\\/04\\\/meclis-bina6-740x420.jpg\",\"datePublished\":\"2023-06-11T19:35:44+00:00\",\"author\":{\"@id\":\"https:\\\/\\\/kibrisdakik.com\\\/#\\\/schema\\\/person\\\/9cd9d437bbb44f72b73ba127e06d8e79\"},\"breadcrumb\":{\"@id\":\"https:\\\/\\\/kibrisdakik.com\\\/?p=8631#breadcrumb\"},\"inLanguage\":\"tr\",\"potentialAction\":[{\"@type\":\"ReadAction\",\"target\":[\"https:\\\/\\\/kibrisdakik.com\\\/?p=8631\"]}]},{\"@type\":\"ImageObject\",\"inLanguage\":\"tr\",\"@id\":\"https:\\\/\\\/kibrisdakik.com\\\/?p=8631#primaryimage\",\"url\":\"https:\\\/\\\/kibrisdakik.com\\\/wp-content\\\/uploads\\\/2023\\\/04\\\/meclis-bina6-740x420.jpg\",\"contentUrl\":\"https:\\\/\\\/kibrisdakik.com\\\/wp-content\\\/uploads\\\/2023\\\/04\\\/meclis-bina6-740x420.jpg\",\"width\":864,\"height\":486},{\"@type\":\"BreadcrumbList\",\"@id\":\"https:\\\/\\\/kibrisdakik.com\\\/?p=8631#breadcrumb\",\"itemListElement\":[{\"@type\":\"ListItem\",\"position\":1,\"name\":\"Home\",\"item\":\"https:\\\/\\\/kibrisdakik.com\\\/\"},{\"@type\":\"ListItem\",\"position\":2,\"name\":\"Cumhuriyet Meclisi\u2019nin yar\u0131n yap\u0131lmas\u0131 planlanan Genel Kurulu 13 Haziran Sal\u0131 g\u00fcn\u00fcne al\u0131nd\u0131\"}]},{\"@type\":\"WebSite\",\"@id\":\"https:\\\/\\\/kibrisdakik.com\\\/#website\",\"url\":\"https:\\\/\\\/kibrisdakik.com\\\/\",\"name\":\"\",\"description\":\"Tam vaktinde haber\",\"potentialAction\":[{\"@type\":\"SearchAction\",\"target\":{\"@type\":\"EntryPoint\",\"urlTemplate\":\"https:\\\/\\\/kibrisdakik.com\\\/?s={search_term_string}\"},\"query-input\":{\"@type\":\"PropertyValueSpecification\",\"valueRequired\":true,\"valueName\":\"search_term_string\"}}],\"inLanguage\":\"tr\"},{\"@type\":\"Person\",\"@id\":\"https:\\\/\\\/kibrisdakik.com\\\/#\\\/schema\\\/person\\\/9cd9d437bbb44f72b73ba127e06d8e79\",\"name\":\"admin\",\"image\":{\"@type\":\"ImageObject\",\"inLanguage\":\"tr\",\"@id\":\"https:\\\/\\\/secure.gravatar.com\\\/avatar\\\/ccc17943b9d660506c869530f897617f7cb1c21a4bf30023f252596d83e1f007?s=96&d=mm&r=g\",\"url\":\"https:\\\/\\\/secure.gravatar.com\\\/avatar\\\/ccc17943b9d660506c869530f897617f7cb1c21a4bf30023f252596d83e1f007?s=96&d=mm&r=g\",\"contentUrl\":\"https:\\\/\\\/secure.gravatar.com\\\/avatar\\\/ccc17943b9d660506c869530f897617f7cb1c21a4bf30023f252596d83e1f007?s=96&d=mm&r=g\",\"caption\":\"admin\"},\"sameAs\":[\"https:\\\/\\\/kibrisdakik.com\"],\"url\":\"https:\\\/\\\/kibrisdakik.com\\\/?author=1\"}]}<\/script>\n<!-- \/ Yoast SEO plugin. -->","yoast_head_json":{"title":"Cumhuriyet Meclisi\u2019nin yar\u0131n yap\u0131lmas\u0131 planlanan Genel Kurulu 13 Haziran Sal\u0131 g\u00fcn\u00fcne al\u0131nd\u0131 -","robots":{"index":"index","follow":"follow","max-snippet":"max-snippet:-1","max-image-preview":"max-image-preview:large","max-video-preview":"max-video-preview:-1"},"canonical":"https:\/\/kibrisdakik.com\/?p=8631","og_locale":"tr_TR","og_type":"article","og_title":"Cumhuriyet Meclisi\u2019nin yar\u0131n yap\u0131lmas\u0131 planlanan Genel Kurulu 13 Haziran Sal\u0131 g\u00fcn\u00fcne al\u0131nd\u0131 -","og_description":"Cumhuriyet Meclisi\u2019nin yar\u0131n yap\u0131lmas\u0131 gereken Genel Kurulu 13 Haziran Sal\u0131 g\u00fcn\u00fcne al\u0131nd\u0131. Yap\u0131lan a\u00e7\u0131klamada bu karar\u0131n, T\u00fcrkiye Cumhuriyeti (TC) Cumhurba\u015fkan\u0131 Recep Tayyip Erdo\u011fan\u2019\u0131n yar\u0131n Kuzey K\u0131br\u0131s T\u00fcrk Cumhuriyeti\u2019ne (KKTC) KKTCyapaca\u011f\u0131 resmi ziyaret nedeniyle gruplar aras\u0131 var\u0131lan mutabakat ile al\u0131nd\u0131\u011f\u0131 belirtildi.","og_url":"https:\/\/kibrisdakik.com\/?p=8631","article_published_time":"2023-06-11T19:35:44+00:00","og_image":[{"width":864,"height":486,"url":"https:\/\/kibrisdakik.com\/wp-content\/uploads\/2023\/04\/meclis-bina6-740x420.jpg","type":"image\/jpeg"}],"author":"admin","twitter_card":"summary_large_image","twitter_misc":{"Yazan:":"admin"},"schema":{"@context":"https:\/\/schema.org","@graph":[{"@type":"Article","@id":"https:\/\/kibrisdakik.com\/?p=8631#article","isPartOf":{"@id":"https:\/\/kibrisdakik.com\/?p=8631"},"author":{"name":"admin","@id":"https:\/\/kibrisdakik.com\/#\/schema\/person\/9cd9d437bbb44f72b73ba127e06d8e79"},"headline":"Cumhuriyet Meclisi\u2019nin yar\u0131n yap\u0131lmas\u0131 planlanan Genel Kurulu 13 Haziran Sal\u0131 g\u00fcn\u00fcne al\u0131nd\u0131","datePublished":"2023-06-11T19:35:44+00:00","mainEntityOfPage":{"@id":"https:\/\/kibrisdakik.com\/?p=8631"},"wordCount":76,"commentCount":0,"image":{"@id":"https:\/\/kibrisdakik.com\/?p=8631#primaryimage"},"thumbnailUrl":"https:\/\/kibrisdakik.com\/wp-content\/uploads\/2023\/04\/meclis-bina6-740x420.jpg","articleSection":["G\u00fcndem"],"inLanguage":"tr","potentialAction":[{"@type":"CommentAction","name":"Comment","target":["https:\/\/kibrisdakik.com\/?p=8631#respond"]}]},{"@type":"WebPage","@id":"https:\/\/kibrisdakik.com\/?p=8631","url":"https:\/\/kibrisdakik.com\/?p=8631","name":"Cumhuriyet Meclisi\u2019nin yar\u0131n yap\u0131lmas\u0131 planlanan Genel Kurulu 13 Haziran Sal\u0131 g\u00fcn\u00fcne al\u0131nd\u0131 -","isPartOf":{"@id":"https:\/\/kibrisdakik.com\/#website"},"primaryImageOfPage":{"@id":"https:\/\/kibrisdakik.com\/?p=8631#primaryimage"},"image":{"@id":"https:\/\/kibrisdakik.com\/?p=8631#primaryimage"},"thumbnailUrl":"https:\/\/kibrisdakik.com\/wp-content\/uploads\/2023\/04\/meclis-bina6-740x420.jpg","datePublished":"2023-06-11T19:35:44+00:00","author":{"@id":"https:\/\/kibrisdakik.com\/#\/schema\/person\/9cd9d437bbb44f72b73ba127e06d8e79"},"breadcrumb":{"@id":"https:\/\/kibrisdakik.com\/?p=8631#breadcrumb"},"inLanguage":"tr","potentialAction":[{"@type":"ReadAction","target":["https:\/\/kibrisdakik.com\/?p=8631"]}]},{"@type":"ImageObject","inLanguage":"tr","@id":"https:\/\/kibrisdakik.com\/?p=8631#primaryimage","url":"https:\/\/kibrisdakik.com\/wp-content\/uploads\/2023\/04\/meclis-bina6-740x420.jpg","contentUrl":"https:\/\/kibrisdakik.com\/wp-content\/uploads\/2023\/04\/meclis-bina6-740x420.jpg","width":864,"height":486},{"@type":"BreadcrumbList","@id":"https:\/\/kibrisdakik.com\/?p=8631#breadcrumb","itemListElement":[{"@type":"ListItem","position":1,"name":"Home","item":"https:\/\/kibrisdakik.com\/"},{"@type":"ListItem","position":2,"name":"Cumhuriyet Meclisi\u2019nin yar\u0131n yap\u0131lmas\u0131 planlanan Genel Kurulu 13 Haziran Sal\u0131 g\u00fcn\u00fcne al\u0131nd\u0131"}]},{"@type":"WebSite","@id":"https:\/\/kibrisdakik.com\/#website","url":"https:\/\/kibrisdakik.com\/","name":"","description":"Tam vaktinde haber","potentialAction":[{"@type":"SearchAction","target":{"@type":"EntryPoint","urlTemplate":"https:\/\/kibrisdakik.com\/?s={search_term_string}"},"query-input":{"@type":"PropertyValueSpecification","valueRequired":true,"valueName":"search_term_string"}}],"inLanguage":"tr"},{"@type":"Person","@id":"https:\/\/kibrisdakik.com\/#\/schema\/person\/9cd9d437bbb44f72b73ba127e06d8e79","name":"admin","image":{"@type":"ImageObject","inLanguage":"tr","@id":"https:\/\/secure.gravatar.com\/avatar\/ccc17943b9d660506c869530f897617f7cb1c21a4bf30023f252596d83e1f007?s=96&d=mm&r=g","url":"https:\/\/secure.gravatar.com\/avatar\/ccc17943b9d660506c869530f897617f7cb1c21a4bf30023f252596d83e1f007?s=96&d=mm&r=g","contentUrl":"https:\/\/secure.gravatar.com\/avatar\/ccc17943b9d660506c869530f897617f7cb1c21a4bf30023f252596d83e1f007?s=96&d=mm&r=g","caption":"admin"},"sameAs":["https:\/\/kibrisdakik.com"],"url":"https:\/\/kibrisdakik.com\/?author=1"}]}},"_links":{"self":[{"href":"https:\/\/kibrisdakik.com\/index.php?rest_route=\/wp\/v2\/posts\/8631","targetHints":{"allow":["GET"]}}],"collection":[{"href":"https:\/\/kibrisdakik.com\/index.php?rest_route=\/wp\/v2\/posts"}],"about":[{"href":"https:\/\/kibrisdakik.com\/index.php?rest_route=\/wp\/v2\/types\/post"}],"author":[{"embeddable":true,"href":"https:\/\/kibrisdakik.com\/index.php?rest_route=\/wp\/v2\/users\/1"}],"replies":[{"embeddable":true,"href":"https:\/\/kibrisdakik.com\/index.php?rest_route=%2Fwp%2Fv2%2Fcomments&post=8631"}],"version-history":[{"count":0,"href":"https:\/\/kibrisdakik.com\/index.php?rest_route=\/wp\/v2\/posts\/8631\/revisions"}],"wp:featuredmedia":[{"embeddable":true,"href":"https:\/\/kibrisdakik.com\/index.php?rest_route=\/wp\/v2\/media\/5272"}],"wp:attachment":[{"href":"https:\/\/kibrisdakik.com\/index.php?rest_route=%2Fwp%2Fv2%2Fmedia&parent=8631"}],"wp:term":[{"taxonomy":"category","embeddable":true,"href":"https:\/\/kibrisdakik.com\/index.php?rest_route=%2Fwp%2Fv2%2Fcategories&post=8631"},{"taxonomy":"post_tag","embeddable":true,"href":"https:\/\/kibrisdakik.com\/index.php?rest_route=%2Fwp%2Fv2%2Ftags&post=8631"}],"curies":[{"name":"wp","href":"https:\/\/api.w.org\/{rel}","templated":true}]}}