{"id":86313,"date":"2025-07-15T12:25:03","date_gmt":"2025-07-15T09:25:03","guid":{"rendered":"https:\/\/kibrisdakik.com\/index.php\/2025\/07\/15\/sibel-tatar-kuzey-kibris-kadin-orgutleri-agina-bagli-dernekleri-ziyaret-etmeye-devam-ediyor\/"},"modified":"2025-07-15T12:25:03","modified_gmt":"2025-07-15T09:25:03","slug":"sibel-tatar-kuzey-kibris-kadin-orgutleri-agina-bagli-dernekleri-ziyaret-etmeye-devam-ediyor","status":"publish","type":"post","link":"https:\/\/kibrisdakik.com\/?p=86313","title":{"rendered":"Sibel Tatar, Kuzey K\u0131br\u0131s Kad\u0131n \u00d6rg\u00fctleri A\u011f\u0131\u2019na ba\u011fl\u0131 dernekleri ziyaret etmeye devam ediyor"},"content":{"rendered":"<p> <br \/>\n<\/p>\n<div>\n<div class=\"mariselle-image-container center\">\n                                            <\/div>\n<p>Cumhurba\u015fkan\u0131 Ersin Tatar\u2019\u0131n e\u015fi Sibel Tatar, Kuzey K\u0131br\u0131s Kad\u0131n \u00d6rg\u00fctleri A\u011f\u0131\u2019na ba\u011fl\u0131 dernekleri ziyaret etmeye devam ediyor.<\/p>\n<p>Sibel Tatar, ziyaretleri kapsam\u0131nda, ilk olarak Girne\u2019de faaliyet g\u00f6steren K\u0131br\u0131s T\u00fcrk Kad\u0131nlar Birli\u011fi\u2019nin Girne \u015eubesi\u2019ni ziyaret ederek, dernek ba\u015fkan\u0131 Ay\u015fe Y\u0131ld\u0131r\u0131m ve y\u00f6netim kurulu \u00fcyelileriyle g\u00f6r\u00fc\u015ft\u00fc.<\/p>\n<p>\u0130kinci ziyaretini Emek\u00e7i Kad\u0131nlar Kooperatifi\u2019ne ger\u00e7ekle\u015ftirerek kooperatif ba\u015fkan\u0131 Emel Ki\u015fi ve y\u00f6netim kurulu \u00fcyeleriyle bir araya gelen Sibel Tatar, ard\u0131ndan K\u0131br\u0131s T\u00fcrk Yard\u0131msever Kad\u0131nlar Birli\u011fi Ba\u015fkan\u0131 Nefise Onuray ve y\u00f6netim kurulu \u00fcyeleri ile g\u00f6r\u00fc\u015ft\u00fc.<\/p>\n<p>Kooperatif ve birliklerin faaliyetleri hakk\u0131nda bilgi alan Sibel Tatar, y\u00fcr\u00fct\u00fclen projeler ve hayata ge\u00e7mesi planlanan projeler hakk\u0131nda g\u00f6r\u00fc\u015f al\u0131\u015fveri\u015finde bulundu.<\/p>\n<p>\u00d6rg\u00fctlenmenin \u00f6nemine i\u015faret eden Sibel Tatar, sivil toplum \u00f6rg\u00fctlerinin destekleriyle toplum temelli bir\u00e7ok projenin \u00e7ok daha k\u0131sa s\u00fcrede hayat buldu\u011funa dikkat \u00e7ekti.<\/p>\n<p>Sibel Tatar\u2019a ziyaretinde Cumhurba\u015fkanl\u0131\u011f\u0131 Sosyal Politikalar Dan\u0131\u015fman\u0131 Aydan Ba\u015fkurt e\u015flik etti.<\/p>\n<\/p><\/div>\n<p><script async\n                    defer\n                    crossorigin=\"anonymous\"\n                    src=\"https:\/\/connect.facebook.net\/tr_TR\/sdk.js#xfbml=1&#038;version=v3.3\"\n            ><\/script><br \/>\n<br \/><br \/>\n<br \/><a href=\"[kibrisdakik.com]\n<\/p>\n","protected":false},"excerpt":{"rendered":"<p>Cumhurba\u015fkan\u0131 Ersin Tatar\u2019\u0131n e\u015fi Sibel Tatar, Kuzey K\u0131br\u0131s Kad\u0131n \u00d6rg\u00fctleri A\u011f\u0131\u2019na ba\u011fl\u0131 dernekleri ziyaret etmeye devam ediyor. Sibel Tatar, ziyaretleri kapsam\u0131nda, ilk olarak Girne\u2019de faaliyet g\u00f6steren K\u0131br\u0131s T\u00fcrk Kad\u0131nlar Birli\u011fi\u2019nin Girne \u015eubesi\u2019ni ziyaret ederek, dernek ba\u015fkan\u0131 Ay\u015fe Y\u0131ld\u0131r\u0131m ve y\u00f6netim kurulu \u00fcyelileriyle g\u00f6r\u00fc\u015ft\u00fc. \u0130kinci ziyaretini Emek\u00e7i Kad\u0131nlar Kooperatifi\u2019ne ger\u00e7ekle\u015ftirerek kooperatif ba\u015fkan\u0131 Emel Ki\u015fi ve y\u00f6netim<\/p>\n","protected":false},"author":1,"featured_media":86314,"comment_status":"open","ping_status":"open","sticky":false,"template":"","format":"standard","meta":{"footnotes":""},"categories":[81,101],"tags":[],"class_list":["post-86313","post","type-post","status-publish","format-standard","has-post-thumbnail","hentry","category-kibris","category-manset"],"yoast_head":"<!-- This site is optimized with the Yoast SEO plugin v27.5 - https:\/\/yoast.com\/product\/yoast-seo-wordpress\/ -->\n<title>Sibel Tatar, Kuzey K\u0131br\u0131s Kad\u0131n \u00d6rg\u00fctleri A\u011f\u0131\u2019na ba\u011fl\u0131 dernekleri ziyaret etmeye devam ediyor -<\/title>\n<meta name=\"robots\" content=\"index, follow, max-snippet:-1, max-image-preview:large, max-video-preview:-1\" \/>\n<link rel=\"canonical\" href=\"https:\/\/kibrisdakik.com\/?p=86313\" \/>\n<meta property=\"og:locale\" content=\"tr_TR\" \/>\n<meta property=\"og:type\" content=\"article\" \/>\n<meta property=\"og:title\" content=\"Sibel Tatar, Kuzey K\u0131br\u0131s Kad\u0131n \u00d6rg\u00fctleri A\u011f\u0131\u2019na ba\u011fl\u0131 dernekleri ziyaret etmeye devam ediyor -\" \/>\n<meta property=\"og:description\" content=\"Cumhurba\u015fkan\u0131 Ersin Tatar\u2019\u0131n e\u015fi Sibel Tatar, Kuzey K\u0131br\u0131s Kad\u0131n \u00d6rg\u00fctleri A\u011f\u0131\u2019na ba\u011fl\u0131 dernekleri ziyaret etmeye devam ediyor. Sibel Tatar, ziyaretleri kapsam\u0131nda, ilk olarak Girne\u2019de faaliyet g\u00f6steren K\u0131br\u0131s T\u00fcrk Kad\u0131nlar Birli\u011fi\u2019nin Girne \u015eubesi\u2019ni ziyaret ederek, dernek ba\u015fkan\u0131 Ay\u015fe Y\u0131ld\u0131r\u0131m ve y\u00f6netim kurulu \u00fcyelileriyle g\u00f6r\u00fc\u015ft\u00fc. \u0130kinci ziyaretini Emek\u00e7i Kad\u0131nlar Kooperatifi\u2019ne ger\u00e7ekle\u015ftirerek kooperatif ba\u015fkan\u0131 Emel Ki\u015fi ve y\u00f6netim\" \/>\n<meta property=\"og:url\" content=\"https:\/\/kibrisdakik.com\/?p=86313\" \/>\n<meta property=\"article:published_time\" content=\"2025-07-15T09:25:03+00:00\" \/>\n<meta property=\"og:image\" content=\"https:\/\/kibrisdakik.com\/wp-content\/uploads\/2025\/07\/Screenshot_20250715_122221_X-740x420.jpg\" \/>\n\t<meta property=\"og:image:width\" content=\"1080\" \/>\n\t<meta property=\"og:image:height\" content=\"468\" \/>\n\t<meta property=\"og:image:type\" content=\"image\/jpeg\" \/>\n<meta name=\"author\" content=\"admin\" \/>\n<meta name=\"twitter:card\" content=\"summary_large_image\" \/>\n<meta name=\"twitter:label1\" content=\"Yazan:\" \/>\n\t<meta name=\"twitter:data1\" content=\"admin\" \/>\n\t<meta name=\"twitter:label2\" content=\"Tahmini okuma s\u00fcresi\" \/>\n\t<meta name=\"twitter:data2\" content=\"1 dakika\" \/>\n<script type=\"application\/ld+json\" class=\"yoast-schema-graph\">{\"@context\":\"https:\\\/\\\/schema.org\",\"@graph\":[{\"@type\":\"Article\",\"@id\":\"https:\\\/\\\/kibrisdakik.com\\\/?p=86313#article\",\"isPartOf\":{\"@id\":\"https:\\\/\\\/kibrisdakik.com\\\/?p=86313\"},\"author\":{\"name\":\"admin\",\"@id\":\"https:\\\/\\\/kibrisdakik.com\\\/#\\\/schema\\\/person\\\/9cd9d437bbb44f72b73ba127e06d8e79\"},\"headline\":\"Sibel Tatar, Kuzey K\u0131br\u0131s Kad\u0131n \u00d6rg\u00fctleri A\u011f\u0131\u2019na ba\u011fl\u0131 dernekleri ziyaret etmeye devam ediyor\",\"datePublished\":\"2025-07-15T09:25:03+00:00\",\"mainEntityOfPage\":{\"@id\":\"https:\\\/\\\/kibrisdakik.com\\\/?p=86313\"},\"wordCount\":218,\"commentCount\":0,\"image\":{\"@id\":\"https:\\\/\\\/kibrisdakik.com\\\/?p=86313#primaryimage\"},\"thumbnailUrl\":\"https:\\\/\\\/kibrisdakik.com\\\/wp-content\\\/uploads\\\/2025\\\/07\\\/Screenshot_20250715_122221_X-740x420.jpg\",\"articleSection\":[\"K\u0131br\u0131s\",\"Man\u015fet\"],\"inLanguage\":\"tr\",\"potentialAction\":[{\"@type\":\"CommentAction\",\"name\":\"Comment\",\"target\":[\"https:\\\/\\\/kibrisdakik.com\\\/?p=86313#respond\"]}]},{\"@type\":\"WebPage\",\"@id\":\"https:\\\/\\\/kibrisdakik.com\\\/?p=86313\",\"url\":\"https:\\\/\\\/kibrisdakik.com\\\/?p=86313\",\"name\":\"Sibel Tatar, Kuzey K\u0131br\u0131s Kad\u0131n \u00d6rg\u00fctleri A\u011f\u0131\u2019na ba\u011fl\u0131 dernekleri ziyaret etmeye devam ediyor -\",\"isPartOf\":{\"@id\":\"https:\\\/\\\/kibrisdakik.com\\\/#website\"},\"primaryImageOfPage\":{\"@id\":\"https:\\\/\\\/kibrisdakik.com\\\/?p=86313#primaryimage\"},\"image\":{\"@id\":\"https:\\\/\\\/kibrisdakik.com\\\/?p=86313#primaryimage\"},\"thumbnailUrl\":\"https:\\\/\\\/kibrisdakik.com\\\/wp-content\\\/uploads\\\/2025\\\/07\\\/Screenshot_20250715_122221_X-740x420.jpg\",\"datePublished\":\"2025-07-15T09:25:03+00:00\",\"author\":{\"@id\":\"https:\\\/\\\/kibrisdakik.com\\\/#\\\/schema\\\/person\\\/9cd9d437bbb44f72b73ba127e06d8e79\"},\"breadcrumb\":{\"@id\":\"https:\\\/\\\/kibrisdakik.com\\\/?p=86313#breadcrumb\"},\"inLanguage\":\"tr\",\"potentialAction\":[{\"@type\":\"ReadAction\",\"target\":[\"https:\\\/\\\/kibrisdakik.com\\\/?p=86313\"]}]},{\"@type\":\"ImageObject\",\"inLanguage\":\"tr\",\"@id\":\"https:\\\/\\\/kibrisdakik.com\\\/?p=86313#primaryimage\",\"url\":\"https:\\\/\\\/kibrisdakik.com\\\/wp-content\\\/uploads\\\/2025\\\/07\\\/Screenshot_20250715_122221_X-740x420.jpg\",\"contentUrl\":\"https:\\\/\\\/kibrisdakik.com\\\/wp-content\\\/uploads\\\/2025\\\/07\\\/Screenshot_20250715_122221_X-740x420.jpg\",\"width\":1080,\"height\":468},{\"@type\":\"BreadcrumbList\",\"@id\":\"https:\\\/\\\/kibrisdakik.com\\\/?p=86313#breadcrumb\",\"itemListElement\":[{\"@type\":\"ListItem\",\"position\":1,\"name\":\"Home\",\"item\":\"https:\\\/\\\/kibrisdakik.com\\\/\"},{\"@type\":\"ListItem\",\"position\":2,\"name\":\"Sibel Tatar, Kuzey K\u0131br\u0131s Kad\u0131n \u00d6rg\u00fctleri A\u011f\u0131\u2019na ba\u011fl\u0131 dernekleri ziyaret etmeye devam ediyor\"}]},{\"@type\":\"WebSite\",\"@id\":\"https:\\\/\\\/kibrisdakik.com\\\/#website\",\"url\":\"https:\\\/\\\/kibrisdakik.com\\\/\",\"name\":\"\",\"description\":\"Tam vaktinde haber\",\"potentialAction\":[{\"@type\":\"SearchAction\",\"target\":{\"@type\":\"EntryPoint\",\"urlTemplate\":\"https:\\\/\\\/kibrisdakik.com\\\/?s={search_term_string}\"},\"query-input\":{\"@type\":\"PropertyValueSpecification\",\"valueRequired\":true,\"valueName\":\"search_term_string\"}}],\"inLanguage\":\"tr\"},{\"@type\":\"Person\",\"@id\":\"https:\\\/\\\/kibrisdakik.com\\\/#\\\/schema\\\/person\\\/9cd9d437bbb44f72b73ba127e06d8e79\",\"name\":\"admin\",\"image\":{\"@type\":\"ImageObject\",\"inLanguage\":\"tr\",\"@id\":\"https:\\\/\\\/secure.gravatar.com\\\/avatar\\\/ccc17943b9d660506c869530f897617f7cb1c21a4bf30023f252596d83e1f007?s=96&d=mm&r=g\",\"url\":\"https:\\\/\\\/secure.gravatar.com\\\/avatar\\\/ccc17943b9d660506c869530f897617f7cb1c21a4bf30023f252596d83e1f007?s=96&d=mm&r=g\",\"contentUrl\":\"https:\\\/\\\/secure.gravatar.com\\\/avatar\\\/ccc17943b9d660506c869530f897617f7cb1c21a4bf30023f252596d83e1f007?s=96&d=mm&r=g\",\"caption\":\"admin\"},\"sameAs\":[\"https:\\\/\\\/kibrisdakik.com\"],\"url\":\"https:\\\/\\\/kibrisdakik.com\\\/?author=1\"}]}<\/script>\n<!-- \/ Yoast SEO plugin. -->","yoast_head_json":{"title":"Sibel Tatar, Kuzey K\u0131br\u0131s Kad\u0131n \u00d6rg\u00fctleri A\u011f\u0131\u2019na ba\u011fl\u0131 dernekleri ziyaret etmeye devam ediyor -","robots":{"index":"index","follow":"follow","max-snippet":"max-snippet:-1","max-image-preview":"max-image-preview:large","max-video-preview":"max-video-preview:-1"},"canonical":"https:\/\/kibrisdakik.com\/?p=86313","og_locale":"tr_TR","og_type":"article","og_title":"Sibel Tatar, Kuzey K\u0131br\u0131s Kad\u0131n \u00d6rg\u00fctleri A\u011f\u0131\u2019na ba\u011fl\u0131 dernekleri ziyaret etmeye devam ediyor -","og_description":"Cumhurba\u015fkan\u0131 Ersin Tatar\u2019\u0131n e\u015fi Sibel Tatar, Kuzey K\u0131br\u0131s Kad\u0131n \u00d6rg\u00fctleri A\u011f\u0131\u2019na ba\u011fl\u0131 dernekleri ziyaret etmeye devam ediyor. Sibel Tatar, ziyaretleri kapsam\u0131nda, ilk olarak Girne\u2019de faaliyet g\u00f6steren K\u0131br\u0131s T\u00fcrk Kad\u0131nlar Birli\u011fi\u2019nin Girne \u015eubesi\u2019ni ziyaret ederek, dernek ba\u015fkan\u0131 Ay\u015fe Y\u0131ld\u0131r\u0131m ve y\u00f6netim kurulu \u00fcyelileriyle g\u00f6r\u00fc\u015ft\u00fc. \u0130kinci ziyaretini Emek\u00e7i Kad\u0131nlar Kooperatifi\u2019ne ger\u00e7ekle\u015ftirerek kooperatif ba\u015fkan\u0131 Emel Ki\u015fi ve y\u00f6netim","og_url":"https:\/\/kibrisdakik.com\/?p=86313","article_published_time":"2025-07-15T09:25:03+00:00","og_image":[{"width":1080,"height":468,"url":"https:\/\/kibrisdakik.com\/wp-content\/uploads\/2025\/07\/Screenshot_20250715_122221_X-740x420.jpg","type":"image\/jpeg"}],"author":"admin","twitter_card":"summary_large_image","twitter_misc":{"Yazan:":"admin","Tahmini okuma s\u00fcresi":"1 dakika"},"schema":{"@context":"https:\/\/schema.org","@graph":[{"@type":"Article","@id":"https:\/\/kibrisdakik.com\/?p=86313#article","isPartOf":{"@id":"https:\/\/kibrisdakik.com\/?p=86313"},"author":{"name":"admin","@id":"https:\/\/kibrisdakik.com\/#\/schema\/person\/9cd9d437bbb44f72b73ba127e06d8e79"},"headline":"Sibel Tatar, Kuzey K\u0131br\u0131s Kad\u0131n \u00d6rg\u00fctleri A\u011f\u0131\u2019na ba\u011fl\u0131 dernekleri ziyaret etmeye devam ediyor","datePublished":"2025-07-15T09:25:03+00:00","mainEntityOfPage":{"@id":"https:\/\/kibrisdakik.com\/?p=86313"},"wordCount":218,"commentCount":0,"image":{"@id":"https:\/\/kibrisdakik.com\/?p=86313#primaryimage"},"thumbnailUrl":"https:\/\/kibrisdakik.com\/wp-content\/uploads\/2025\/07\/Screenshot_20250715_122221_X-740x420.jpg","articleSection":["K\u0131br\u0131s","Man\u015fet"],"inLanguage":"tr","potentialAction":[{"@type":"CommentAction","name":"Comment","target":["https:\/\/kibrisdakik.com\/?p=86313#respond"]}]},{"@type":"WebPage","@id":"https:\/\/kibrisdakik.com\/?p=86313","url":"https:\/\/kibrisdakik.com\/?p=86313","name":"Sibel Tatar, Kuzey K\u0131br\u0131s Kad\u0131n \u00d6rg\u00fctleri A\u011f\u0131\u2019na ba\u011fl\u0131 dernekleri ziyaret etmeye devam ediyor -","isPartOf":{"@id":"https:\/\/kibrisdakik.com\/#website"},"primaryImageOfPage":{"@id":"https:\/\/kibrisdakik.com\/?p=86313#primaryimage"},"image":{"@id":"https:\/\/kibrisdakik.com\/?p=86313#primaryimage"},"thumbnailUrl":"https:\/\/kibrisdakik.com\/wp-content\/uploads\/2025\/07\/Screenshot_20250715_122221_X-740x420.jpg","datePublished":"2025-07-15T09:25:03+00:00","author":{"@id":"https:\/\/kibrisdakik.com\/#\/schema\/person\/9cd9d437bbb44f72b73ba127e06d8e79"},"breadcrumb":{"@id":"https:\/\/kibrisdakik.com\/?p=86313#breadcrumb"},"inLanguage":"tr","potentialAction":[{"@type":"ReadAction","target":["https:\/\/kibrisdakik.com\/?p=86313"]}]},{"@type":"ImageObject","inLanguage":"tr","@id":"https:\/\/kibrisdakik.com\/?p=86313#primaryimage","url":"https:\/\/kibrisdakik.com\/wp-content\/uploads\/2025\/07\/Screenshot_20250715_122221_X-740x420.jpg","contentUrl":"https:\/\/kibrisdakik.com\/wp-content\/uploads\/2025\/07\/Screenshot_20250715_122221_X-740x420.jpg","width":1080,"height":468},{"@type":"BreadcrumbList","@id":"https:\/\/kibrisdakik.com\/?p=86313#breadcrumb","itemListElement":[{"@type":"ListItem","position":1,"name":"Home","item":"https:\/\/kibrisdakik.com\/"},{"@type":"ListItem","position":2,"name":"Sibel Tatar, Kuzey K\u0131br\u0131s Kad\u0131n \u00d6rg\u00fctleri A\u011f\u0131\u2019na ba\u011fl\u0131 dernekleri ziyaret etmeye devam ediyor"}]},{"@type":"WebSite","@id":"https:\/\/kibrisdakik.com\/#website","url":"https:\/\/kibrisdakik.com\/","name":"","description":"Tam vaktinde haber","potentialAction":[{"@type":"SearchAction","target":{"@type":"EntryPoint","urlTemplate":"https:\/\/kibrisdakik.com\/?s={search_term_string}"},"query-input":{"@type":"PropertyValueSpecification","valueRequired":true,"valueName":"search_term_string"}}],"inLanguage":"tr"},{"@type":"Person","@id":"https:\/\/kibrisdakik.com\/#\/schema\/person\/9cd9d437bbb44f72b73ba127e06d8e79","name":"admin","image":{"@type":"ImageObject","inLanguage":"tr","@id":"https:\/\/secure.gravatar.com\/avatar\/ccc17943b9d660506c869530f897617f7cb1c21a4bf30023f252596d83e1f007?s=96&d=mm&r=g","url":"https:\/\/secure.gravatar.com\/avatar\/ccc17943b9d660506c869530f897617f7cb1c21a4bf30023f252596d83e1f007?s=96&d=mm&r=g","contentUrl":"https:\/\/secure.gravatar.com\/avatar\/ccc17943b9d660506c869530f897617f7cb1c21a4bf30023f252596d83e1f007?s=96&d=mm&r=g","caption":"admin"},"sameAs":["https:\/\/kibrisdakik.com"],"url":"https:\/\/kibrisdakik.com\/?author=1"}]}},"_links":{"self":[{"href":"https:\/\/kibrisdakik.com\/index.php?rest_route=\/wp\/v2\/posts\/86313","targetHints":{"allow":["GET"]}}],"collection":[{"href":"https:\/\/kibrisdakik.com\/index.php?rest_route=\/wp\/v2\/posts"}],"about":[{"href":"https:\/\/kibrisdakik.com\/index.php?rest_route=\/wp\/v2\/types\/post"}],"author":[{"embeddable":true,"href":"https:\/\/kibrisdakik.com\/index.php?rest_route=\/wp\/v2\/users\/1"}],"replies":[{"embeddable":true,"href":"https:\/\/kibrisdakik.com\/index.php?rest_route=%2Fwp%2Fv2%2Fcomments&post=86313"}],"version-history":[{"count":0,"href":"https:\/\/kibrisdakik.com\/index.php?rest_route=\/wp\/v2\/posts\/86313\/revisions"}],"wp:featuredmedia":[{"embeddable":true,"href":"https:\/\/kibrisdakik.com\/index.php?rest_route=\/wp\/v2\/media\/86314"}],"wp:attachment":[{"href":"https:\/\/kibrisdakik.com\/index.php?rest_route=%2Fwp%2Fv2%2Fmedia&parent=86313"}],"wp:term":[{"taxonomy":"category","embeddable":true,"href":"https:\/\/kibrisdakik.com\/index.php?rest_route=%2Fwp%2Fv2%2Fcategories&post=86313"},{"taxonomy":"post_tag","embeddable":true,"href":"https:\/\/kibrisdakik.com\/index.php?rest_route=%2Fwp%2Fv2%2Ftags&post=86313"}],"curies":[{"name":"wp","href":"https:\/\/api.w.org\/{rel}","templated":true}]}}