{"id":86333,"date":"2025-07-15T17:52:21","date_gmt":"2025-07-15T14:52:21","guid":{"rendered":"https:\/\/kibrisdakik.com\/index.php\/2025\/07\/15\/yazar-pinar-kur-hayatini-kaybetti\/"},"modified":"2025-07-15T17:52:21","modified_gmt":"2025-07-15T14:52:21","slug":"yazar-pinar-kur-hayatini-kaybetti","status":"publish","type":"post","link":"https:\/\/kibrisdakik.com\/?p=86333","title":{"rendered":"Yazar P\u0131nar K\u00fcr hayat\u0131n\u0131 kaybetti"},"content":{"rendered":"<p><\/p>\n<div>\n<div class=\"mariselle-image-container center\">\n                                            <\/div>\n<p>\n\u00c7a\u011fda\u015f T\u00fcrk edebiyat\u0131n\u0131n \u00f6nde gelen isimlerinden yazar ve \u00e7evirmen P\u0131nar K\u00fcr, 82 ya\u015f\u0131nda hayat\u0131n\u0131 kaybetti.<\/p>\n<p>P\u0131nar K\u00fcr\u2019\u00fcn vefat etti\u011fini, yazar Yekta Kopan duyurdu. Kopan, sosyal medya hesab\u0131ndan yapt\u0131\u011f\u0131 payla\u015f\u0131mda, \u201cP\u0131nar K\u00fcr\u2019e veda ettik. Edebiyat\u0131m\u0131z\u0131n b\u00fcy\u00fck kayb\u0131\u2026 Ba\u015f\u0131m\u0131z sa\u011f olsun. Ba\u015fta o\u011flu Emrah Koluk\u0131sa olmak \u00fczere b\u00fct\u00fcn aile b\u00fcy\u00fck \u00fcz\u00fcnt\u00fc i\u00e7inde. Cenaze ile ilgili bilgileri aile payla\u015facak\u201d dedi.<\/p>\n<p>-P\u0131nar K\u00fcr kimdir?<\/p>\n<p>P\u0131nar K\u00fcr, 15 Nisan 1945\u2019te Bursa\u2019da d\u00fcnyaya geldi. Annesi T\u00fcrk dili ve edebiyat\u0131 \u00f6\u011fretmeni, babas\u0131ysa Frans\u0131zca ve matematik \u00f6\u011fretmeniydi.<\/p>\n<p>Liseyi Robert Kolejinde okuduktan sonra lisans e\u011fitimini ABD\u2019de Queens College ile Bo\u011fazi\u00e7i \u00dcniversitesinde tamamlad\u0131. Doktoras\u0131n\u0131 Fransa\u2019da Sorbon \u00dcniversitesinde \u201cYirminci Y\u00fczy\u0131l Tiyatrosunda Ger\u00e7eklik ve Yan\u0131lsama\u201d konusunda yapt\u0131. \u0130stanbul \u00dcniversitesi ve \u0130stanbul Bilgi \u00dcniversitesinde \u00f6\u011fretim \u00fcyeli\u011fi yapt\u0131.<\/p>\n<p>Ankara\u2019da 1971-1973 y\u0131llar\u0131nda Devlet Tiyatrolar\u0131nda dramaturg olarak \u00e7al\u0131\u015ft\u0131. Yazar oyuncu olarak tiyatroyla u\u011fra\u015ft\u0131, ard\u0131ndan hikaye yazd\u0131. \u0130lk \u00f6yk\u00fcleri 1971\u2019de Dost dergisinde yay\u0131mlanan yazar\u0131n, Cumhuriyet, Yazko Edebiyat, H\u00fcrriyet G\u00f6steri ve Milliyet Sanat dergisinde yaz\u0131 ve \u00f6yk\u00fcleri yer ald\u0131.<\/p>\n<p>Bir\u00e7ok roman ve \u00e7eviriye imza atan K\u00fcr; \u201cAs\u0131lacak Kad\u0131n\u201d, \u201cYar\u0131n Yar\u0131n\u201d, \u201cAk\u0131\u015f\u0131 Olmayan Sular\u201d ve \u201cBir Cinayet Roman\u0131\u201d ve \u201cSad\u0131k Bey\u201d gibi eserleriyle tan\u0131n\u0131yor.<\/p>\n<p>Edebiyatta g\u00fc\u00e7l\u00fc kad\u0131n temalar\u0131yla tan\u0131nan yazar, \u201cAk\u0131\u015f\u0131 Olmayan Sular\u201d eseriyle 1984\u2019te \u201cSait Faik Hikaye Arma\u011fan\u0131\u201dna de\u011fer g\u00f6r\u00fcld\u00fc.<\/p>\n<p>Ankara \u00d6yk\u00fc G\u00fcnleri kapsam\u0131nda 2013\u2019te \u201cOnur \u00d6d\u00fcl\u00fc\u201dne lay\u0131k g\u00f6r\u00fclen K\u00fcr\u2019\u00fcn \u00f6zel ar\u015fivi, Kad\u0131n Eserleri K\u00fct\u00fcphanesi ve Bilgi Merkezi Vakf\u0131nda bulunuyor.<\/p>\n<p>Oyuncu Can Koluk\u0131sa ile evlili\u011finden Emrah Koluk\u0131sa do\u011fmu\u015ftur.<\/p>\n<\/p><\/div>\n<p><script async\n                    defer\n                    crossorigin=\"anonymous\"\n                    src=\"https:\/\/connect.facebook.net\/tr_TR\/sdk.js#xfbml=1&#038;version=v3.3\"\n            ><\/script><\/p>\n","protected":false},"excerpt":{"rendered":"<p>\u00c7a\u011fda\u015f T\u00fcrk edebiyat\u0131n\u0131n \u00f6nde gelen isimlerinden yazar ve \u00e7evirmen P\u0131nar K\u00fcr, 82 ya\u015f\u0131nda hayat\u0131n\u0131 kaybetti. P\u0131nar K\u00fcr\u2019\u00fcn vefat etti\u011fini, yazar Yekta Kopan duyurdu. Kopan, sosyal medya hesab\u0131ndan yapt\u0131\u011f\u0131 payla\u015f\u0131mda, \u201cP\u0131nar K\u00fcr\u2019e veda ettik. Edebiyat\u0131m\u0131z\u0131n b\u00fcy\u00fck kayb\u0131\u2026 Ba\u015f\u0131m\u0131z sa\u011f olsun. Ba\u015fta o\u011flu Emrah Koluk\u0131sa olmak \u00fczere b\u00fct\u00fcn aile b\u00fcy\u00fck \u00fcz\u00fcnt\u00fc i\u00e7inde. Cenaze ile ilgili bilgileri aile<\/p>\n","protected":false},"author":1,"featured_media":86334,"comment_status":"open","ping_status":"open","sticky":false,"template":"","format":"standard","meta":{"footnotes":""},"categories":[101,86],"tags":[],"class_list":["post-86333","post","type-post","status-publish","format-standard","has-post-thumbnail","hentry","category-manset","category-turkiye"],"yoast_head":"<!-- This site is optimized with the Yoast SEO plugin v27.5 - https:\/\/yoast.com\/product\/yoast-seo-wordpress\/ -->\n<title>Yazar P\u0131nar K\u00fcr hayat\u0131n\u0131 kaybetti -<\/title>\n<meta name=\"robots\" content=\"index, follow, max-snippet:-1, max-image-preview:large, max-video-preview:-1\" \/>\n<link rel=\"canonical\" href=\"https:\/\/kibrisdakik.com\/?p=86333\" \/>\n<meta property=\"og:locale\" content=\"tr_TR\" \/>\n<meta property=\"og:type\" content=\"article\" \/>\n<meta property=\"og:title\" content=\"Yazar P\u0131nar K\u00fcr hayat\u0131n\u0131 kaybetti -\" \/>\n<meta property=\"og:description\" content=\"\u00c7a\u011fda\u015f T\u00fcrk edebiyat\u0131n\u0131n \u00f6nde gelen isimlerinden yazar ve \u00e7evirmen P\u0131nar K\u00fcr, 82 ya\u015f\u0131nda hayat\u0131n\u0131 kaybetti. P\u0131nar K\u00fcr\u2019\u00fcn vefat etti\u011fini, yazar Yekta Kopan duyurdu. Kopan, sosyal medya hesab\u0131ndan yapt\u0131\u011f\u0131 payla\u015f\u0131mda, \u201cP\u0131nar K\u00fcr\u2019e veda ettik. Edebiyat\u0131m\u0131z\u0131n b\u00fcy\u00fck kayb\u0131\u2026 Ba\u015f\u0131m\u0131z sa\u011f olsun. Ba\u015fta o\u011flu Emrah Koluk\u0131sa olmak \u00fczere b\u00fct\u00fcn aile b\u00fcy\u00fck \u00fcz\u00fcnt\u00fc i\u00e7inde. Cenaze ile ilgili bilgileri aile\" \/>\n<meta property=\"og:url\" content=\"https:\/\/kibrisdakik.com\/?p=86333\" \/>\n<meta property=\"article:published_time\" content=\"2025-07-15T14:52:21+00:00\" \/>\n<meta property=\"og:image\" content=\"https:\/\/kibrisdakik.com\/wp-content\/uploads\/2025\/07\/1752586745131Gv5Y7gJWEAAtfPK-740x420.jpg\" \/>\n\t<meta property=\"og:image:width\" content=\"1044\" \/>\n\t<meta property=\"og:image:height\" content=\"1166\" \/>\n\t<meta property=\"og:image:type\" content=\"image\/jpeg\" \/>\n<meta name=\"author\" content=\"admin\" \/>\n<meta name=\"twitter:card\" content=\"summary_large_image\" \/>\n<meta name=\"twitter:label1\" content=\"Yazan:\" \/>\n\t<meta name=\"twitter:data1\" content=\"admin\" \/>\n\t<meta name=\"twitter:label2\" content=\"Tahmini okuma s\u00fcresi\" \/>\n\t<meta name=\"twitter:data2\" content=\"2 dakika\" \/>\n<script type=\"application\/ld+json\" class=\"yoast-schema-graph\">{\"@context\":\"https:\\\/\\\/schema.org\",\"@graph\":[{\"@type\":\"Article\",\"@id\":\"https:\\\/\\\/kibrisdakik.com\\\/?p=86333#article\",\"isPartOf\":{\"@id\":\"https:\\\/\\\/kibrisdakik.com\\\/?p=86333\"},\"author\":{\"name\":\"admin\",\"@id\":\"https:\\\/\\\/kibrisdakik.com\\\/#\\\/schema\\\/person\\\/9cd9d437bbb44f72b73ba127e06d8e79\"},\"headline\":\"Yazar P\u0131nar K\u00fcr hayat\u0131n\u0131 kaybetti\",\"datePublished\":\"2025-07-15T14:52:21+00:00\",\"mainEntityOfPage\":{\"@id\":\"https:\\\/\\\/kibrisdakik.com\\\/?p=86333\"},\"wordCount\":331,\"commentCount\":0,\"image\":{\"@id\":\"https:\\\/\\\/kibrisdakik.com\\\/?p=86333#primaryimage\"},\"thumbnailUrl\":\"https:\\\/\\\/kibrisdakik.com\\\/wp-content\\\/uploads\\\/2025\\\/07\\\/1752586745131Gv5Y7gJWEAAtfPK-740x420.jpg\",\"articleSection\":[\"Man\u015fet\",\"T\u00fcrkiye\"],\"inLanguage\":\"tr\",\"potentialAction\":[{\"@type\":\"CommentAction\",\"name\":\"Comment\",\"target\":[\"https:\\\/\\\/kibrisdakik.com\\\/?p=86333#respond\"]}]},{\"@type\":\"WebPage\",\"@id\":\"https:\\\/\\\/kibrisdakik.com\\\/?p=86333\",\"url\":\"https:\\\/\\\/kibrisdakik.com\\\/?p=86333\",\"name\":\"Yazar P\u0131nar K\u00fcr hayat\u0131n\u0131 kaybetti -\",\"isPartOf\":{\"@id\":\"https:\\\/\\\/kibrisdakik.com\\\/#website\"},\"primaryImageOfPage\":{\"@id\":\"https:\\\/\\\/kibrisdakik.com\\\/?p=86333#primaryimage\"},\"image\":{\"@id\":\"https:\\\/\\\/kibrisdakik.com\\\/?p=86333#primaryimage\"},\"thumbnailUrl\":\"https:\\\/\\\/kibrisdakik.com\\\/wp-content\\\/uploads\\\/2025\\\/07\\\/1752586745131Gv5Y7gJWEAAtfPK-740x420.jpg\",\"datePublished\":\"2025-07-15T14:52:21+00:00\",\"author\":{\"@id\":\"https:\\\/\\\/kibrisdakik.com\\\/#\\\/schema\\\/person\\\/9cd9d437bbb44f72b73ba127e06d8e79\"},\"breadcrumb\":{\"@id\":\"https:\\\/\\\/kibrisdakik.com\\\/?p=86333#breadcrumb\"},\"inLanguage\":\"tr\",\"potentialAction\":[{\"@type\":\"ReadAction\",\"target\":[\"https:\\\/\\\/kibrisdakik.com\\\/?p=86333\"]}]},{\"@type\":\"ImageObject\",\"inLanguage\":\"tr\",\"@id\":\"https:\\\/\\\/kibrisdakik.com\\\/?p=86333#primaryimage\",\"url\":\"https:\\\/\\\/kibrisdakik.com\\\/wp-content\\\/uploads\\\/2025\\\/07\\\/1752586745131Gv5Y7gJWEAAtfPK-740x420.jpg\",\"contentUrl\":\"https:\\\/\\\/kibrisdakik.com\\\/wp-content\\\/uploads\\\/2025\\\/07\\\/1752586745131Gv5Y7gJWEAAtfPK-740x420.jpg\",\"width\":1044,\"height\":1166},{\"@type\":\"BreadcrumbList\",\"@id\":\"https:\\\/\\\/kibrisdakik.com\\\/?p=86333#breadcrumb\",\"itemListElement\":[{\"@type\":\"ListItem\",\"position\":1,\"name\":\"Home\",\"item\":\"https:\\\/\\\/kibrisdakik.com\\\/\"},{\"@type\":\"ListItem\",\"position\":2,\"name\":\"Yazar P\u0131nar K\u00fcr hayat\u0131n\u0131 kaybetti\"}]},{\"@type\":\"WebSite\",\"@id\":\"https:\\\/\\\/kibrisdakik.com\\\/#website\",\"url\":\"https:\\\/\\\/kibrisdakik.com\\\/\",\"name\":\"\",\"description\":\"Tam vaktinde haber\",\"potentialAction\":[{\"@type\":\"SearchAction\",\"target\":{\"@type\":\"EntryPoint\",\"urlTemplate\":\"https:\\\/\\\/kibrisdakik.com\\\/?s={search_term_string}\"},\"query-input\":{\"@type\":\"PropertyValueSpecification\",\"valueRequired\":true,\"valueName\":\"search_term_string\"}}],\"inLanguage\":\"tr\"},{\"@type\":\"Person\",\"@id\":\"https:\\\/\\\/kibrisdakik.com\\\/#\\\/schema\\\/person\\\/9cd9d437bbb44f72b73ba127e06d8e79\",\"name\":\"admin\",\"image\":{\"@type\":\"ImageObject\",\"inLanguage\":\"tr\",\"@id\":\"https:\\\/\\\/secure.gravatar.com\\\/avatar\\\/ccc17943b9d660506c869530f897617f7cb1c21a4bf30023f252596d83e1f007?s=96&d=mm&r=g\",\"url\":\"https:\\\/\\\/secure.gravatar.com\\\/avatar\\\/ccc17943b9d660506c869530f897617f7cb1c21a4bf30023f252596d83e1f007?s=96&d=mm&r=g\",\"contentUrl\":\"https:\\\/\\\/secure.gravatar.com\\\/avatar\\\/ccc17943b9d660506c869530f897617f7cb1c21a4bf30023f252596d83e1f007?s=96&d=mm&r=g\",\"caption\":\"admin\"},\"sameAs\":[\"https:\\\/\\\/kibrisdakik.com\"],\"url\":\"https:\\\/\\\/kibrisdakik.com\\\/?author=1\"}]}<\/script>\n<!-- \/ Yoast SEO plugin. -->","yoast_head_json":{"title":"Yazar P\u0131nar K\u00fcr hayat\u0131n\u0131 kaybetti -","robots":{"index":"index","follow":"follow","max-snippet":"max-snippet:-1","max-image-preview":"max-image-preview:large","max-video-preview":"max-video-preview:-1"},"canonical":"https:\/\/kibrisdakik.com\/?p=86333","og_locale":"tr_TR","og_type":"article","og_title":"Yazar P\u0131nar K\u00fcr hayat\u0131n\u0131 kaybetti -","og_description":"\u00c7a\u011fda\u015f T\u00fcrk edebiyat\u0131n\u0131n \u00f6nde gelen isimlerinden yazar ve \u00e7evirmen P\u0131nar K\u00fcr, 82 ya\u015f\u0131nda hayat\u0131n\u0131 kaybetti. P\u0131nar K\u00fcr\u2019\u00fcn vefat etti\u011fini, yazar Yekta Kopan duyurdu. Kopan, sosyal medya hesab\u0131ndan yapt\u0131\u011f\u0131 payla\u015f\u0131mda, \u201cP\u0131nar K\u00fcr\u2019e veda ettik. Edebiyat\u0131m\u0131z\u0131n b\u00fcy\u00fck kayb\u0131\u2026 Ba\u015f\u0131m\u0131z sa\u011f olsun. Ba\u015fta o\u011flu Emrah Koluk\u0131sa olmak \u00fczere b\u00fct\u00fcn aile b\u00fcy\u00fck \u00fcz\u00fcnt\u00fc i\u00e7inde. Cenaze ile ilgili bilgileri aile","og_url":"https:\/\/kibrisdakik.com\/?p=86333","article_published_time":"2025-07-15T14:52:21+00:00","og_image":[{"width":1044,"height":1166,"url":"https:\/\/kibrisdakik.com\/wp-content\/uploads\/2025\/07\/1752586745131Gv5Y7gJWEAAtfPK-740x420.jpg","type":"image\/jpeg"}],"author":"admin","twitter_card":"summary_large_image","twitter_misc":{"Yazan:":"admin","Tahmini okuma s\u00fcresi":"2 dakika"},"schema":{"@context":"https:\/\/schema.org","@graph":[{"@type":"Article","@id":"https:\/\/kibrisdakik.com\/?p=86333#article","isPartOf":{"@id":"https:\/\/kibrisdakik.com\/?p=86333"},"author":{"name":"admin","@id":"https:\/\/kibrisdakik.com\/#\/schema\/person\/9cd9d437bbb44f72b73ba127e06d8e79"},"headline":"Yazar P\u0131nar K\u00fcr hayat\u0131n\u0131 kaybetti","datePublished":"2025-07-15T14:52:21+00:00","mainEntityOfPage":{"@id":"https:\/\/kibrisdakik.com\/?p=86333"},"wordCount":331,"commentCount":0,"image":{"@id":"https:\/\/kibrisdakik.com\/?p=86333#primaryimage"},"thumbnailUrl":"https:\/\/kibrisdakik.com\/wp-content\/uploads\/2025\/07\/1752586745131Gv5Y7gJWEAAtfPK-740x420.jpg","articleSection":["Man\u015fet","T\u00fcrkiye"],"inLanguage":"tr","potentialAction":[{"@type":"CommentAction","name":"Comment","target":["https:\/\/kibrisdakik.com\/?p=86333#respond"]}]},{"@type":"WebPage","@id":"https:\/\/kibrisdakik.com\/?p=86333","url":"https:\/\/kibrisdakik.com\/?p=86333","name":"Yazar P\u0131nar K\u00fcr hayat\u0131n\u0131 kaybetti -","isPartOf":{"@id":"https:\/\/kibrisdakik.com\/#website"},"primaryImageOfPage":{"@id":"https:\/\/kibrisdakik.com\/?p=86333#primaryimage"},"image":{"@id":"https:\/\/kibrisdakik.com\/?p=86333#primaryimage"},"thumbnailUrl":"https:\/\/kibrisdakik.com\/wp-content\/uploads\/2025\/07\/1752586745131Gv5Y7gJWEAAtfPK-740x420.jpg","datePublished":"2025-07-15T14:52:21+00:00","author":{"@id":"https:\/\/kibrisdakik.com\/#\/schema\/person\/9cd9d437bbb44f72b73ba127e06d8e79"},"breadcrumb":{"@id":"https:\/\/kibrisdakik.com\/?p=86333#breadcrumb"},"inLanguage":"tr","potentialAction":[{"@type":"ReadAction","target":["https:\/\/kibrisdakik.com\/?p=86333"]}]},{"@type":"ImageObject","inLanguage":"tr","@id":"https:\/\/kibrisdakik.com\/?p=86333#primaryimage","url":"https:\/\/kibrisdakik.com\/wp-content\/uploads\/2025\/07\/1752586745131Gv5Y7gJWEAAtfPK-740x420.jpg","contentUrl":"https:\/\/kibrisdakik.com\/wp-content\/uploads\/2025\/07\/1752586745131Gv5Y7gJWEAAtfPK-740x420.jpg","width":1044,"height":1166},{"@type":"BreadcrumbList","@id":"https:\/\/kibrisdakik.com\/?p=86333#breadcrumb","itemListElement":[{"@type":"ListItem","position":1,"name":"Home","item":"https:\/\/kibrisdakik.com\/"},{"@type":"ListItem","position":2,"name":"Yazar P\u0131nar K\u00fcr hayat\u0131n\u0131 kaybetti"}]},{"@type":"WebSite","@id":"https:\/\/kibrisdakik.com\/#website","url":"https:\/\/kibrisdakik.com\/","name":"","description":"Tam vaktinde haber","potentialAction":[{"@type":"SearchAction","target":{"@type":"EntryPoint","urlTemplate":"https:\/\/kibrisdakik.com\/?s={search_term_string}"},"query-input":{"@type":"PropertyValueSpecification","valueRequired":true,"valueName":"search_term_string"}}],"inLanguage":"tr"},{"@type":"Person","@id":"https:\/\/kibrisdakik.com\/#\/schema\/person\/9cd9d437bbb44f72b73ba127e06d8e79","name":"admin","image":{"@type":"ImageObject","inLanguage":"tr","@id":"https:\/\/secure.gravatar.com\/avatar\/ccc17943b9d660506c869530f897617f7cb1c21a4bf30023f252596d83e1f007?s=96&d=mm&r=g","url":"https:\/\/secure.gravatar.com\/avatar\/ccc17943b9d660506c869530f897617f7cb1c21a4bf30023f252596d83e1f007?s=96&d=mm&r=g","contentUrl":"https:\/\/secure.gravatar.com\/avatar\/ccc17943b9d660506c869530f897617f7cb1c21a4bf30023f252596d83e1f007?s=96&d=mm&r=g","caption":"admin"},"sameAs":["https:\/\/kibrisdakik.com"],"url":"https:\/\/kibrisdakik.com\/?author=1"}]}},"_links":{"self":[{"href":"https:\/\/kibrisdakik.com\/index.php?rest_route=\/wp\/v2\/posts\/86333","targetHints":{"allow":["GET"]}}],"collection":[{"href":"https:\/\/kibrisdakik.com\/index.php?rest_route=\/wp\/v2\/posts"}],"about":[{"href":"https:\/\/kibrisdakik.com\/index.php?rest_route=\/wp\/v2\/types\/post"}],"author":[{"embeddable":true,"href":"https:\/\/kibrisdakik.com\/index.php?rest_route=\/wp\/v2\/users\/1"}],"replies":[{"embeddable":true,"href":"https:\/\/kibrisdakik.com\/index.php?rest_route=%2Fwp%2Fv2%2Fcomments&post=86333"}],"version-history":[{"count":0,"href":"https:\/\/kibrisdakik.com\/index.php?rest_route=\/wp\/v2\/posts\/86333\/revisions"}],"wp:featuredmedia":[{"embeddable":true,"href":"https:\/\/kibrisdakik.com\/index.php?rest_route=\/wp\/v2\/media\/86334"}],"wp:attachment":[{"href":"https:\/\/kibrisdakik.com\/index.php?rest_route=%2Fwp%2Fv2%2Fmedia&parent=86333"}],"wp:term":[{"taxonomy":"category","embeddable":true,"href":"https:\/\/kibrisdakik.com\/index.php?rest_route=%2Fwp%2Fv2%2Fcategories&post=86333"},{"taxonomy":"post_tag","embeddable":true,"href":"https:\/\/kibrisdakik.com\/index.php?rest_route=%2Fwp%2Fv2%2Ftags&post=86333"}],"curies":[{"name":"wp","href":"https:\/\/api.w.org\/{rel}","templated":true}]}}