{"id":86341,"date":"2025-07-15T22:08:02","date_gmt":"2025-07-15T19:08:02","guid":{"rendered":"https:\/\/kibrisdakik.com\/index.php\/2025\/07\/15\/yuksek-mahkeme-baskani-ozerdag-azerbaycan-anayasasinin-30uncu-yil-donumu-etkinliklerine-ve-turk-anayasa-mahkemesi-toplantisina-katilacak\/"},"modified":"2025-07-15T22:08:02","modified_gmt":"2025-07-15T19:08:02","slug":"yuksek-mahkeme-baskani-ozerdag-azerbaycan-anayasasinin-30uncu-yil-donumu-etkinliklerine-ve-turk-anayasa-mahkemesi-toplantisina-katilacak","status":"publish","type":"post","link":"https:\/\/kibrisdakik.com\/?p=86341","title":{"rendered":"Y\u00fcksek Mahkeme Ba\u015fkan\u0131 \u00d6zerda\u011f, Azerbaycan Anayasas\u0131n\u0131n 30\u2019uncu y\u0131l d\u00f6n\u00fcm\u00fc etkinliklerine ve T\u00fcrk Anayasa Mahkemesi toplant\u0131s\u0131na kat\u0131lacak"},"content":{"rendered":"<p> <br \/>\n<\/p>\n<div>\n<div class=\"mariselle-image-container center\">\n                                            <\/div>\n<p>Y\u00fcksek Mahkeme Ba\u015fkan\u0131 Bertan \u00d6zerda\u011f, Azerbaycan Cumhuriyeti Anayasa Mahkemesinin davetlisi olarak Azerbaycan Anayasas\u0131n\u0131n kabul\u00fcn\u00fcn 30\u2019uncu y\u0131l d\u00f6n\u00fcm\u00fc etkinlikleri ile T\u00dcRKAY T\u00fcrk Anayasa Mahkemesi toplant\u0131s\u0131na kat\u0131lmak ve \u00e7e\u015fitli temaslarda bulunmak \u00fczere Azerbaycan\u2019a gitti.<\/p>\n<p>Y\u00fcksek Mahkeme Ba\u015fkan\u0131 Bertan \u00d6zerda\u011f\u2019a ziyaretinde Y\u00fcksek Mahkeme Yarg\u0131c\u0131 Peri Hakk\u0131 da e\u015flik ediyor. Y\u00fcksek Mahkeme heyeti Azerbaycan ziyaretinde Azerbaycan Cumhuriyeti ve T\u00fcrk Devletleri Te\u015fkilat\u0131 \u00dcye ve G\u00f6zlemci Devletlerin Yarg\u0131 Ba\u015fkan ve yetkilileri ile \u00fcst d\u00fczey temaslarda bulunacak.<\/p>\n<p>Y\u00fcksek Mahkeme Ba\u015fkan\u0131 Bertan \u00d6zerda\u011f, Azerbaycan Cumhuriyeti Anayasas\u0131n\u0131n kabul\u00fcn\u00fcn 30\u2019uncu y\u0131ld\u00f6n\u00fcm\u00fc m\u00fcnasebetiyle d\u00fczenlenecek konferansta KKTC Yarg\u0131s\u0131n\u0131 temsilen \u201cG\u00fcn\u00fcm\u00fcz insan ya\u015fam\u0131ndaki de\u011fi\u015fimlerin anayasal haklar a\u00e7\u0131s\u0131ndan etkileri\u201d konulu bir konu\u015fma yapacak.<\/p>\n<\/p><\/div>\n<p><script async\n                    defer\n                    crossorigin=\"anonymous\"\n                    src=\"https:\/\/connect.facebook.net\/tr_TR\/sdk.js#xfbml=1&#038;version=v3.3\"\n            ><\/script><br \/>\n<br \/><br \/>\n<br \/><a href=\"[kibrisdakik.com]\n<\/p>\n","protected":false},"excerpt":{"rendered":"<p>Y\u00fcksek Mahkeme Ba\u015fkan\u0131 Bertan \u00d6zerda\u011f, Azerbaycan Cumhuriyeti Anayasa Mahkemesinin davetlisi olarak Azerbaycan Anayasas\u0131n\u0131n kabul\u00fcn\u00fcn 30\u2019uncu y\u0131l d\u00f6n\u00fcm\u00fc etkinlikleri ile T\u00dcRKAY T\u00fcrk Anayasa Mahkemesi toplant\u0131s\u0131na kat\u0131lmak ve \u00e7e\u015fitli temaslarda bulunmak \u00fczere Azerbaycan\u2019a gitti. Y\u00fcksek Mahkeme Ba\u015fkan\u0131 Bertan \u00d6zerda\u011f\u2019a ziyaretinde Y\u00fcksek Mahkeme Yarg\u0131c\u0131 Peri Hakk\u0131 da e\u015flik ediyor. Y\u00fcksek Mahkeme heyeti Azerbaycan ziyaretinde Azerbaycan Cumhuriyeti ve T\u00fcrk<\/p>\n","protected":false},"author":1,"featured_media":86342,"comment_status":"open","ping_status":"open","sticky":false,"template":"","format":"standard","meta":{"footnotes":""},"categories":[81,101],"tags":[],"class_list":["post-86341","post","type-post","status-publish","format-standard","has-post-thumbnail","hentry","category-kibris","category-manset"],"yoast_head":"<!-- This site is optimized with the Yoast SEO plugin v27.4 - https:\/\/yoast.com\/product\/yoast-seo-wordpress\/ -->\n<title>Y\u00fcksek Mahkeme Ba\u015fkan\u0131 \u00d6zerda\u011f, Azerbaycan Anayasas\u0131n\u0131n 30\u2019uncu y\u0131l d\u00f6n\u00fcm\u00fc etkinliklerine ve T\u00fcrk Anayasa Mahkemesi toplant\u0131s\u0131na kat\u0131lacak -<\/title>\n<meta name=\"robots\" content=\"index, follow, max-snippet:-1, max-image-preview:large, max-video-preview:-1\" \/>\n<link rel=\"canonical\" href=\"https:\/\/kibrisdakik.com\/?p=86341\" \/>\n<meta property=\"og:locale\" content=\"tr_TR\" \/>\n<meta property=\"og:type\" content=\"article\" \/>\n<meta property=\"og:title\" content=\"Y\u00fcksek Mahkeme Ba\u015fkan\u0131 \u00d6zerda\u011f, Azerbaycan Anayasas\u0131n\u0131n 30\u2019uncu y\u0131l d\u00f6n\u00fcm\u00fc etkinliklerine ve T\u00fcrk Anayasa Mahkemesi toplant\u0131s\u0131na kat\u0131lacak -\" \/>\n<meta property=\"og:description\" content=\"Y\u00fcksek Mahkeme Ba\u015fkan\u0131 Bertan \u00d6zerda\u011f, Azerbaycan Cumhuriyeti Anayasa Mahkemesinin davetlisi olarak Azerbaycan Anayasas\u0131n\u0131n kabul\u00fcn\u00fcn 30\u2019uncu y\u0131l d\u00f6n\u00fcm\u00fc etkinlikleri ile T\u00dcRKAY T\u00fcrk Anayasa Mahkemesi toplant\u0131s\u0131na kat\u0131lmak ve \u00e7e\u015fitli temaslarda bulunmak \u00fczere Azerbaycan\u2019a gitti. Y\u00fcksek Mahkeme Ba\u015fkan\u0131 Bertan \u00d6zerda\u011f\u2019a ziyaretinde Y\u00fcksek Mahkeme Yarg\u0131c\u0131 Peri Hakk\u0131 da e\u015flik ediyor. Y\u00fcksek Mahkeme heyeti Azerbaycan ziyaretinde Azerbaycan Cumhuriyeti ve T\u00fcrk\" \/>\n<meta property=\"og:url\" content=\"https:\/\/kibrisdakik.com\/?p=86341\" \/>\n<meta property=\"article:published_time\" content=\"2025-07-15T19:08:02+00:00\" \/>\n<meta property=\"og:image\" content=\"https:\/\/kibrisdakik.com\/wp-content\/uploads\/2025\/07\/1752585272805ozerdag-740x420.jpg\" \/>\n\t<meta property=\"og:image:width\" content=\"2480\" \/>\n\t<meta property=\"og:image:height\" content=\"1654\" \/>\n\t<meta property=\"og:image:type\" content=\"image\/jpeg\" \/>\n<meta name=\"author\" content=\"admin\" \/>\n<meta name=\"twitter:card\" content=\"summary_large_image\" \/>\n<meta name=\"twitter:label1\" content=\"Yazan:\" \/>\n\t<meta name=\"twitter:data1\" content=\"admin\" \/>\n\t<meta name=\"twitter:label2\" content=\"Tahmini okuma s\u00fcresi\" \/>\n\t<meta name=\"twitter:data2\" content=\"1 dakika\" \/>\n<script type=\"application\/ld+json\" class=\"yoast-schema-graph\">{\"@context\":\"https:\\\/\\\/schema.org\",\"@graph\":[{\"@type\":\"Article\",\"@id\":\"https:\\\/\\\/kibrisdakik.com\\\/?p=86341#article\",\"isPartOf\":{\"@id\":\"https:\\\/\\\/kibrisdakik.com\\\/?p=86341\"},\"author\":{\"name\":\"admin\",\"@id\":\"https:\\\/\\\/kibrisdakik.com\\\/#\\\/schema\\\/person\\\/9cd9d437bbb44f72b73ba127e06d8e79\"},\"headline\":\"Y\u00fcksek Mahkeme Ba\u015fkan\u0131 \u00d6zerda\u011f, Azerbaycan Anayasas\u0131n\u0131n 30\u2019uncu y\u0131l d\u00f6n\u00fcm\u00fc etkinliklerine ve T\u00fcrk Anayasa Mahkemesi toplant\u0131s\u0131na kat\u0131lacak\",\"datePublished\":\"2025-07-15T19:08:02+00:00\",\"mainEntityOfPage\":{\"@id\":\"https:\\\/\\\/kibrisdakik.com\\\/?p=86341\"},\"wordCount\":179,\"commentCount\":0,\"image\":{\"@id\":\"https:\\\/\\\/kibrisdakik.com\\\/?p=86341#primaryimage\"},\"thumbnailUrl\":\"https:\\\/\\\/kibrisdakik.com\\\/wp-content\\\/uploads\\\/2025\\\/07\\\/1752585272805ozerdag-740x420.jpg\",\"articleSection\":[\"K\u0131br\u0131s\",\"Man\u015fet\"],\"inLanguage\":\"tr\",\"potentialAction\":[{\"@type\":\"CommentAction\",\"name\":\"Comment\",\"target\":[\"https:\\\/\\\/kibrisdakik.com\\\/?p=86341#respond\"]}]},{\"@type\":\"WebPage\",\"@id\":\"https:\\\/\\\/kibrisdakik.com\\\/?p=86341\",\"url\":\"https:\\\/\\\/kibrisdakik.com\\\/?p=86341\",\"name\":\"Y\u00fcksek Mahkeme Ba\u015fkan\u0131 \u00d6zerda\u011f, Azerbaycan Anayasas\u0131n\u0131n 30\u2019uncu y\u0131l d\u00f6n\u00fcm\u00fc etkinliklerine ve T\u00fcrk Anayasa Mahkemesi toplant\u0131s\u0131na kat\u0131lacak -\",\"isPartOf\":{\"@id\":\"https:\\\/\\\/kibrisdakik.com\\\/#website\"},\"primaryImageOfPage\":{\"@id\":\"https:\\\/\\\/kibrisdakik.com\\\/?p=86341#primaryimage\"},\"image\":{\"@id\":\"https:\\\/\\\/kibrisdakik.com\\\/?p=86341#primaryimage\"},\"thumbnailUrl\":\"https:\\\/\\\/kibrisdakik.com\\\/wp-content\\\/uploads\\\/2025\\\/07\\\/1752585272805ozerdag-740x420.jpg\",\"datePublished\":\"2025-07-15T19:08:02+00:00\",\"author\":{\"@id\":\"https:\\\/\\\/kibrisdakik.com\\\/#\\\/schema\\\/person\\\/9cd9d437bbb44f72b73ba127e06d8e79\"},\"breadcrumb\":{\"@id\":\"https:\\\/\\\/kibrisdakik.com\\\/?p=86341#breadcrumb\"},\"inLanguage\":\"tr\",\"potentialAction\":[{\"@type\":\"ReadAction\",\"target\":[\"https:\\\/\\\/kibrisdakik.com\\\/?p=86341\"]}]},{\"@type\":\"ImageObject\",\"inLanguage\":\"tr\",\"@id\":\"https:\\\/\\\/kibrisdakik.com\\\/?p=86341#primaryimage\",\"url\":\"https:\\\/\\\/kibrisdakik.com\\\/wp-content\\\/uploads\\\/2025\\\/07\\\/1752585272805ozerdag-740x420.jpg\",\"contentUrl\":\"https:\\\/\\\/kibrisdakik.com\\\/wp-content\\\/uploads\\\/2025\\\/07\\\/1752585272805ozerdag-740x420.jpg\",\"width\":2480,\"height\":1654},{\"@type\":\"BreadcrumbList\",\"@id\":\"https:\\\/\\\/kibrisdakik.com\\\/?p=86341#breadcrumb\",\"itemListElement\":[{\"@type\":\"ListItem\",\"position\":1,\"name\":\"Home\",\"item\":\"https:\\\/\\\/kibrisdakik.com\\\/\"},{\"@type\":\"ListItem\",\"position\":2,\"name\":\"Y\u00fcksek Mahkeme Ba\u015fkan\u0131 \u00d6zerda\u011f, Azerbaycan Anayasas\u0131n\u0131n 30\u2019uncu y\u0131l d\u00f6n\u00fcm\u00fc etkinliklerine ve T\u00fcrk Anayasa Mahkemesi toplant\u0131s\u0131na kat\u0131lacak\"}]},{\"@type\":\"WebSite\",\"@id\":\"https:\\\/\\\/kibrisdakik.com\\\/#website\",\"url\":\"https:\\\/\\\/kibrisdakik.com\\\/\",\"name\":\"\",\"description\":\"Tam vaktinde haber\",\"potentialAction\":[{\"@type\":\"SearchAction\",\"target\":{\"@type\":\"EntryPoint\",\"urlTemplate\":\"https:\\\/\\\/kibrisdakik.com\\\/?s={search_term_string}\"},\"query-input\":{\"@type\":\"PropertyValueSpecification\",\"valueRequired\":true,\"valueName\":\"search_term_string\"}}],\"inLanguage\":\"tr\"},{\"@type\":\"Person\",\"@id\":\"https:\\\/\\\/kibrisdakik.com\\\/#\\\/schema\\\/person\\\/9cd9d437bbb44f72b73ba127e06d8e79\",\"name\":\"admin\",\"image\":{\"@type\":\"ImageObject\",\"inLanguage\":\"tr\",\"@id\":\"https:\\\/\\\/secure.gravatar.com\\\/avatar\\\/ccc17943b9d660506c869530f897617f7cb1c21a4bf30023f252596d83e1f007?s=96&d=mm&r=g\",\"url\":\"https:\\\/\\\/secure.gravatar.com\\\/avatar\\\/ccc17943b9d660506c869530f897617f7cb1c21a4bf30023f252596d83e1f007?s=96&d=mm&r=g\",\"contentUrl\":\"https:\\\/\\\/secure.gravatar.com\\\/avatar\\\/ccc17943b9d660506c869530f897617f7cb1c21a4bf30023f252596d83e1f007?s=96&d=mm&r=g\",\"caption\":\"admin\"},\"sameAs\":[\"https:\\\/\\\/kibrisdakik.com\"],\"url\":\"https:\\\/\\\/kibrisdakik.com\\\/?author=1\"}]}<\/script>\n<!-- \/ Yoast SEO plugin. -->","yoast_head_json":{"title":"Y\u00fcksek Mahkeme Ba\u015fkan\u0131 \u00d6zerda\u011f, Azerbaycan Anayasas\u0131n\u0131n 30\u2019uncu y\u0131l d\u00f6n\u00fcm\u00fc etkinliklerine ve T\u00fcrk Anayasa Mahkemesi toplant\u0131s\u0131na kat\u0131lacak -","robots":{"index":"index","follow":"follow","max-snippet":"max-snippet:-1","max-image-preview":"max-image-preview:large","max-video-preview":"max-video-preview:-1"},"canonical":"https:\/\/kibrisdakik.com\/?p=86341","og_locale":"tr_TR","og_type":"article","og_title":"Y\u00fcksek Mahkeme Ba\u015fkan\u0131 \u00d6zerda\u011f, Azerbaycan Anayasas\u0131n\u0131n 30\u2019uncu y\u0131l d\u00f6n\u00fcm\u00fc etkinliklerine ve T\u00fcrk Anayasa Mahkemesi toplant\u0131s\u0131na kat\u0131lacak -","og_description":"Y\u00fcksek Mahkeme Ba\u015fkan\u0131 Bertan \u00d6zerda\u011f, Azerbaycan Cumhuriyeti Anayasa Mahkemesinin davetlisi olarak Azerbaycan Anayasas\u0131n\u0131n kabul\u00fcn\u00fcn 30\u2019uncu y\u0131l d\u00f6n\u00fcm\u00fc etkinlikleri ile T\u00dcRKAY T\u00fcrk Anayasa Mahkemesi toplant\u0131s\u0131na kat\u0131lmak ve \u00e7e\u015fitli temaslarda bulunmak \u00fczere Azerbaycan\u2019a gitti. Y\u00fcksek Mahkeme Ba\u015fkan\u0131 Bertan \u00d6zerda\u011f\u2019a ziyaretinde Y\u00fcksek Mahkeme Yarg\u0131c\u0131 Peri Hakk\u0131 da e\u015flik ediyor. Y\u00fcksek Mahkeme heyeti Azerbaycan ziyaretinde Azerbaycan Cumhuriyeti ve T\u00fcrk","og_url":"https:\/\/kibrisdakik.com\/?p=86341","article_published_time":"2025-07-15T19:08:02+00:00","og_image":[{"width":2480,"height":1654,"url":"https:\/\/kibrisdakik.com\/wp-content\/uploads\/2025\/07\/1752585272805ozerdag-740x420.jpg","type":"image\/jpeg"}],"author":"admin","twitter_card":"summary_large_image","twitter_misc":{"Yazan:":"admin","Tahmini okuma s\u00fcresi":"1 dakika"},"schema":{"@context":"https:\/\/schema.org","@graph":[{"@type":"Article","@id":"https:\/\/kibrisdakik.com\/?p=86341#article","isPartOf":{"@id":"https:\/\/kibrisdakik.com\/?p=86341"},"author":{"name":"admin","@id":"https:\/\/kibrisdakik.com\/#\/schema\/person\/9cd9d437bbb44f72b73ba127e06d8e79"},"headline":"Y\u00fcksek Mahkeme Ba\u015fkan\u0131 \u00d6zerda\u011f, Azerbaycan Anayasas\u0131n\u0131n 30\u2019uncu y\u0131l d\u00f6n\u00fcm\u00fc etkinliklerine ve T\u00fcrk Anayasa Mahkemesi toplant\u0131s\u0131na kat\u0131lacak","datePublished":"2025-07-15T19:08:02+00:00","mainEntityOfPage":{"@id":"https:\/\/kibrisdakik.com\/?p=86341"},"wordCount":179,"commentCount":0,"image":{"@id":"https:\/\/kibrisdakik.com\/?p=86341#primaryimage"},"thumbnailUrl":"https:\/\/kibrisdakik.com\/wp-content\/uploads\/2025\/07\/1752585272805ozerdag-740x420.jpg","articleSection":["K\u0131br\u0131s","Man\u015fet"],"inLanguage":"tr","potentialAction":[{"@type":"CommentAction","name":"Comment","target":["https:\/\/kibrisdakik.com\/?p=86341#respond"]}]},{"@type":"WebPage","@id":"https:\/\/kibrisdakik.com\/?p=86341","url":"https:\/\/kibrisdakik.com\/?p=86341","name":"Y\u00fcksek Mahkeme Ba\u015fkan\u0131 \u00d6zerda\u011f, Azerbaycan Anayasas\u0131n\u0131n 30\u2019uncu y\u0131l d\u00f6n\u00fcm\u00fc etkinliklerine ve T\u00fcrk Anayasa Mahkemesi toplant\u0131s\u0131na kat\u0131lacak -","isPartOf":{"@id":"https:\/\/kibrisdakik.com\/#website"},"primaryImageOfPage":{"@id":"https:\/\/kibrisdakik.com\/?p=86341#primaryimage"},"image":{"@id":"https:\/\/kibrisdakik.com\/?p=86341#primaryimage"},"thumbnailUrl":"https:\/\/kibrisdakik.com\/wp-content\/uploads\/2025\/07\/1752585272805ozerdag-740x420.jpg","datePublished":"2025-07-15T19:08:02+00:00","author":{"@id":"https:\/\/kibrisdakik.com\/#\/schema\/person\/9cd9d437bbb44f72b73ba127e06d8e79"},"breadcrumb":{"@id":"https:\/\/kibrisdakik.com\/?p=86341#breadcrumb"},"inLanguage":"tr","potentialAction":[{"@type":"ReadAction","target":["https:\/\/kibrisdakik.com\/?p=86341"]}]},{"@type":"ImageObject","inLanguage":"tr","@id":"https:\/\/kibrisdakik.com\/?p=86341#primaryimage","url":"https:\/\/kibrisdakik.com\/wp-content\/uploads\/2025\/07\/1752585272805ozerdag-740x420.jpg","contentUrl":"https:\/\/kibrisdakik.com\/wp-content\/uploads\/2025\/07\/1752585272805ozerdag-740x420.jpg","width":2480,"height":1654},{"@type":"BreadcrumbList","@id":"https:\/\/kibrisdakik.com\/?p=86341#breadcrumb","itemListElement":[{"@type":"ListItem","position":1,"name":"Home","item":"https:\/\/kibrisdakik.com\/"},{"@type":"ListItem","position":2,"name":"Y\u00fcksek Mahkeme Ba\u015fkan\u0131 \u00d6zerda\u011f, Azerbaycan Anayasas\u0131n\u0131n 30\u2019uncu y\u0131l d\u00f6n\u00fcm\u00fc etkinliklerine ve T\u00fcrk Anayasa Mahkemesi toplant\u0131s\u0131na kat\u0131lacak"}]},{"@type":"WebSite","@id":"https:\/\/kibrisdakik.com\/#website","url":"https:\/\/kibrisdakik.com\/","name":"","description":"Tam vaktinde haber","potentialAction":[{"@type":"SearchAction","target":{"@type":"EntryPoint","urlTemplate":"https:\/\/kibrisdakik.com\/?s={search_term_string}"},"query-input":{"@type":"PropertyValueSpecification","valueRequired":true,"valueName":"search_term_string"}}],"inLanguage":"tr"},{"@type":"Person","@id":"https:\/\/kibrisdakik.com\/#\/schema\/person\/9cd9d437bbb44f72b73ba127e06d8e79","name":"admin","image":{"@type":"ImageObject","inLanguage":"tr","@id":"https:\/\/secure.gravatar.com\/avatar\/ccc17943b9d660506c869530f897617f7cb1c21a4bf30023f252596d83e1f007?s=96&d=mm&r=g","url":"https:\/\/secure.gravatar.com\/avatar\/ccc17943b9d660506c869530f897617f7cb1c21a4bf30023f252596d83e1f007?s=96&d=mm&r=g","contentUrl":"https:\/\/secure.gravatar.com\/avatar\/ccc17943b9d660506c869530f897617f7cb1c21a4bf30023f252596d83e1f007?s=96&d=mm&r=g","caption":"admin"},"sameAs":["https:\/\/kibrisdakik.com"],"url":"https:\/\/kibrisdakik.com\/?author=1"}]}},"_links":{"self":[{"href":"https:\/\/kibrisdakik.com\/index.php?rest_route=\/wp\/v2\/posts\/86341","targetHints":{"allow":["GET"]}}],"collection":[{"href":"https:\/\/kibrisdakik.com\/index.php?rest_route=\/wp\/v2\/posts"}],"about":[{"href":"https:\/\/kibrisdakik.com\/index.php?rest_route=\/wp\/v2\/types\/post"}],"author":[{"embeddable":true,"href":"https:\/\/kibrisdakik.com\/index.php?rest_route=\/wp\/v2\/users\/1"}],"replies":[{"embeddable":true,"href":"https:\/\/kibrisdakik.com\/index.php?rest_route=%2Fwp%2Fv2%2Fcomments&post=86341"}],"version-history":[{"count":0,"href":"https:\/\/kibrisdakik.com\/index.php?rest_route=\/wp\/v2\/posts\/86341\/revisions"}],"wp:featuredmedia":[{"embeddable":true,"href":"https:\/\/kibrisdakik.com\/index.php?rest_route=\/wp\/v2\/media\/86342"}],"wp:attachment":[{"href":"https:\/\/kibrisdakik.com\/index.php?rest_route=%2Fwp%2Fv2%2Fmedia&parent=86341"}],"wp:term":[{"taxonomy":"category","embeddable":true,"href":"https:\/\/kibrisdakik.com\/index.php?rest_route=%2Fwp%2Fv2%2Fcategories&post=86341"},{"taxonomy":"post_tag","embeddable":true,"href":"https:\/\/kibrisdakik.com\/index.php?rest_route=%2Fwp%2Fv2%2Ftags&post=86341"}],"curies":[{"name":"wp","href":"https:\/\/api.w.org\/{rel}","templated":true}]}}