{"id":86359,"date":"2025-07-16T10:11:07","date_gmt":"2025-07-16T07:11:07","guid":{"rendered":"https:\/\/kibrisdakik.com\/index.php\/2025\/07\/16\/new-york-ve-romada-15-temmuz-demokrasi-ve-milli-birlik-gunu-dolayisiyla-yapilan-anma-programlarina-dana-ve-beyazbayram-da-katildi\/"},"modified":"2025-07-16T10:11:07","modified_gmt":"2025-07-16T07:11:07","slug":"new-york-ve-romada-15-temmuz-demokrasi-ve-milli-birlik-gunu-dolayisiyla-yapilan-anma-programlarina-dana-ve-beyazbayram-da-katildi","status":"publish","type":"post","link":"https:\/\/kibrisdakik.com\/?p=86359","title":{"rendered":"New York ve Roma\u2019da \u201c15 Temmuz Demokrasi ve Milli Birlik G\u00fcn\u00fc\u201d dolay\u0131s\u0131yla yap\u0131lan anma programlar\u0131na Dana ve Beyazbayram da kat\u0131ld\u0131"},"content":{"rendered":"<p> <br \/>\n<\/p>\n<div>\n<div class=\"mariselle-image-container center\">\n                                            <\/div>\n<p>New York, \u0130talya ve Malta\u2019da \u201c15 Temmuz Demokrasi ve Milli Birlik G\u00fcn\u00fc\u201dnde anma program\u0131 ve t\u00f6renleri yap\u0131ld\u0131.<\/p>\n<p>T\u00fcrkevi\u2019nde, New York Ba\u015fkonsolosu B\u00fcy\u00fckel\u00e7i Muhittin Ahmet Yazal\u2019\u0131n ev sahipli\u011finde ger\u00e7ekle\u015fen programda, Kuzey K\u0131br\u0131s T\u00fcrk Cumhuriyeti\u2019nin (KKTC) New York Temsilcisi Mehmet Dana, Konya Belediye Ba\u015fkan\u0131 U\u011fur \u0130brahim Altay, yerli ve yabanc\u0131 diplomatik misyon \u00e7al\u0131\u015fanlar\u0131 ile sivil toplum kurulu\u015flar\u0131ndan temsilciler ve vatanda\u015flar kat\u0131ld\u0131.<\/p>\n<p>Ba\u015fkonsolos Yazal, 15 Temmuz\u2019un \u00f6nemine de\u011finerek, \u201cPek \u00e7ok milletin \u00f6mr\u00fcnde b\u00f6yle \u00f6nemli hadiseler vard\u0131r, biz \u00f6yle bir milletiz ki tarihimiz boyunca defalarca b\u00f6yle hadiselerden aln\u0131m\u0131z\u0131n ak\u0131yla \u00e7\u0131km\u0131\u015f\u0131z. 15 Temmuz da i\u015fte \u00f6yle bir g\u00fcnd\u00fc.\u201d dedi.<\/p>\n<p>Darbe giri\u015fimini anlatan video g\u00f6steriminin ard\u0131ndan 15 Temmuz sergisi davetliler taraf\u0131ndan gezildi.<\/p>\n<p>-Roma ve Malta\u2019da da anma programlar\u0131<\/p>\n<p>Roma\u2019da T\u00fcrkiye\u2019nin Roma B\u00fcy\u00fckel\u00e7isi Elif \u00c7omo\u011flu \u00dclgen\u2019in b\u00fcy\u00fckel\u00e7ilikte ev sahipli\u011fi yapt\u0131\u011f\u0131 anma t\u00f6renine, Azerbaycan\u2019\u0131n Roma B\u00fcy\u00fckel\u00e7isi Rashad Aslanov, T\u00fcrkiye\u2019nin Vatikan B\u00fcy\u00fckel\u00e7ili\u011fi Ge\u00e7ici Maslahatg\u00fczar\u0131 Elif Okutucu ve Kuzey K\u0131br\u0131s T\u00fcrk Cumhuriyeti (KKTC) Roma Temsilcisi Mustafa Kemal Beyazbayram\u2019\u0131n aralar\u0131nda bulundu\u011fu diplomatlar ve ilgililer kat\u0131ld\u0131.<\/p>\n<p>B\u00fcy\u00fckel\u00e7i \u00dclgen, t\u00f6rendeki konu\u015fmas\u0131nda, 15 Temmuz \u015eehitleri\u2019ni sayg\u0131yla and\u0131\u011f\u0131n\u0131 belirterek \u201c(15 Temmuz) Ger\u00e7ekten bunun nas\u0131l b\u00fcy\u00fck bir felaket oldu\u011funu ve bu felaketin \u00fcstesinden gelmekte ne kadar mahir oldu\u011fumuzu g\u00f6rd\u00fcm.\u201d dedi.<\/p>\n<p>Malta\u2019daki tarihi T\u00fcrk \u015eehitli\u011fi\u2019nde, \u201c15 Temmuz Demokrasi ve Milli Birlik G\u00fcn\u00fc\u201d dolay\u0131s\u0131yla anma t\u00f6reni d\u00fczenlendi.<\/p>\n<\/p><\/div>\n<p><script async\n                    defer\n                    crossorigin=\"anonymous\"\n                    src=\"https:\/\/connect.facebook.net\/tr_TR\/sdk.js#xfbml=1&#038;version=v3.3\"\n            ><\/script><br \/>\n<br \/><br \/>\n<br \/><a href=\"[kibrisdakik.com]\n<\/p>\n","protected":false},"excerpt":{"rendered":"<p>New York, \u0130talya ve Malta\u2019da \u201c15 Temmuz Demokrasi ve Milli Birlik G\u00fcn\u00fc\u201dnde anma program\u0131 ve t\u00f6renleri yap\u0131ld\u0131. T\u00fcrkevi\u2019nde, New York Ba\u015fkonsolosu B\u00fcy\u00fckel\u00e7i Muhittin Ahmet Yazal\u2019\u0131n ev sahipli\u011finde ger\u00e7ekle\u015fen programda, Kuzey K\u0131br\u0131s T\u00fcrk Cumhuriyeti\u2019nin (KKTC) New York Temsilcisi Mehmet Dana, Konya Belediye Ba\u015fkan\u0131 U\u011fur \u0130brahim Altay, yerli ve yabanc\u0131 diplomatik misyon \u00e7al\u0131\u015fanlar\u0131 ile sivil toplum kurulu\u015flar\u0131ndan<\/p>\n","protected":false},"author":1,"featured_media":86360,"comment_status":"open","ping_status":"open","sticky":false,"template":"","format":"standard","meta":{"footnotes":""},"categories":[81,101],"tags":[],"class_list":["post-86359","post","type-post","status-publish","format-standard","has-post-thumbnail","hentry","category-kibris","category-manset"],"yoast_head":"<!-- This site is optimized with the Yoast SEO plugin v27.4 - https:\/\/yoast.com\/product\/yoast-seo-wordpress\/ -->\n<title>New York ve Roma\u2019da \u201c15 Temmuz Demokrasi ve Milli Birlik G\u00fcn\u00fc\u201d dolay\u0131s\u0131yla yap\u0131lan anma programlar\u0131na Dana ve Beyazbayram da kat\u0131ld\u0131 -<\/title>\n<meta name=\"robots\" content=\"index, follow, max-snippet:-1, max-image-preview:large, max-video-preview:-1\" \/>\n<link rel=\"canonical\" href=\"https:\/\/kibrisdakik.com\/?p=86359\" \/>\n<meta property=\"og:locale\" content=\"tr_TR\" \/>\n<meta property=\"og:type\" content=\"article\" \/>\n<meta property=\"og:title\" content=\"New York ve Roma\u2019da \u201c15 Temmuz Demokrasi ve Milli Birlik G\u00fcn\u00fc\u201d dolay\u0131s\u0131yla yap\u0131lan anma programlar\u0131na Dana ve Beyazbayram da kat\u0131ld\u0131 -\" \/>\n<meta property=\"og:description\" content=\"New York, \u0130talya ve Malta\u2019da \u201c15 Temmuz Demokrasi ve Milli Birlik G\u00fcn\u00fc\u201dnde anma program\u0131 ve t\u00f6renleri yap\u0131ld\u0131. T\u00fcrkevi\u2019nde, New York Ba\u015fkonsolosu B\u00fcy\u00fckel\u00e7i Muhittin Ahmet Yazal\u2019\u0131n ev sahipli\u011finde ger\u00e7ekle\u015fen programda, Kuzey K\u0131br\u0131s T\u00fcrk Cumhuriyeti\u2019nin (KKTC) New York Temsilcisi Mehmet Dana, Konya Belediye Ba\u015fkan\u0131 U\u011fur \u0130brahim Altay, yerli ve yabanc\u0131 diplomatik misyon \u00e7al\u0131\u015fanlar\u0131 ile sivil toplum kurulu\u015flar\u0131ndan\" \/>\n<meta property=\"og:url\" content=\"https:\/\/kibrisdakik.com\/?p=86359\" \/>\n<meta property=\"article:published_time\" content=\"2025-07-16T07:11:07+00:00\" \/>\n<meta property=\"og:image\" content=\"https:\/\/kibrisdakik.com\/wp-content\/uploads\/2025\/07\/1752645418860AA-20250715-38568257-38568255-ITALYA_VE_MALTADA_15_TEMMUZ_DEMOKRASI_VE_MILLI_BIRLIK_GUN-740x420.jpeg\" \/>\n\t<meta property=\"og:image:width\" content=\"2560\" \/>\n\t<meta property=\"og:image:height\" content=\"1707\" \/>\n\t<meta property=\"og:image:type\" content=\"image\/jpeg\" \/>\n<meta name=\"author\" content=\"admin\" \/>\n<meta name=\"twitter:card\" content=\"summary_large_image\" \/>\n<meta name=\"twitter:label1\" content=\"Yazan:\" \/>\n\t<meta name=\"twitter:data1\" content=\"admin\" \/>\n\t<meta name=\"twitter:label2\" content=\"Tahmini okuma s\u00fcresi\" \/>\n\t<meta name=\"twitter:data2\" content=\"1 dakika\" \/>\n<script type=\"application\/ld+json\" class=\"yoast-schema-graph\">{\"@context\":\"https:\\\/\\\/schema.org\",\"@graph\":[{\"@type\":\"Article\",\"@id\":\"https:\\\/\\\/kibrisdakik.com\\\/?p=86359#article\",\"isPartOf\":{\"@id\":\"https:\\\/\\\/kibrisdakik.com\\\/?p=86359\"},\"author\":{\"name\":\"admin\",\"@id\":\"https:\\\/\\\/kibrisdakik.com\\\/#\\\/schema\\\/person\\\/9cd9d437bbb44f72b73ba127e06d8e79\"},\"headline\":\"New York ve Roma\u2019da \u201c15 Temmuz Demokrasi ve Milli Birlik G\u00fcn\u00fc\u201d dolay\u0131s\u0131yla yap\u0131lan anma programlar\u0131na Dana ve Beyazbayram da kat\u0131ld\u0131\",\"datePublished\":\"2025-07-16T07:11:07+00:00\",\"mainEntityOfPage\":{\"@id\":\"https:\\\/\\\/kibrisdakik.com\\\/?p=86359\"},\"wordCount\":323,\"commentCount\":0,\"image\":{\"@id\":\"https:\\\/\\\/kibrisdakik.com\\\/?p=86359#primaryimage\"},\"thumbnailUrl\":\"https:\\\/\\\/kibrisdakik.com\\\/wp-content\\\/uploads\\\/2025\\\/07\\\/1752645418860AA-20250715-38568257-38568255-ITALYA_VE_MALTADA_15_TEMMUZ_DEMOKRASI_VE_MILLI_BIRLIK_GUN-740x420.jpeg\",\"articleSection\":[\"K\u0131br\u0131s\",\"Man\u015fet\"],\"inLanguage\":\"tr\",\"potentialAction\":[{\"@type\":\"CommentAction\",\"name\":\"Comment\",\"target\":[\"https:\\\/\\\/kibrisdakik.com\\\/?p=86359#respond\"]}]},{\"@type\":\"WebPage\",\"@id\":\"https:\\\/\\\/kibrisdakik.com\\\/?p=86359\",\"url\":\"https:\\\/\\\/kibrisdakik.com\\\/?p=86359\",\"name\":\"New York ve Roma\u2019da \u201c15 Temmuz Demokrasi ve Milli Birlik G\u00fcn\u00fc\u201d dolay\u0131s\u0131yla yap\u0131lan anma programlar\u0131na Dana ve Beyazbayram da kat\u0131ld\u0131 -\",\"isPartOf\":{\"@id\":\"https:\\\/\\\/kibrisdakik.com\\\/#website\"},\"primaryImageOfPage\":{\"@id\":\"https:\\\/\\\/kibrisdakik.com\\\/?p=86359#primaryimage\"},\"image\":{\"@id\":\"https:\\\/\\\/kibrisdakik.com\\\/?p=86359#primaryimage\"},\"thumbnailUrl\":\"https:\\\/\\\/kibrisdakik.com\\\/wp-content\\\/uploads\\\/2025\\\/07\\\/1752645418860AA-20250715-38568257-38568255-ITALYA_VE_MALTADA_15_TEMMUZ_DEMOKRASI_VE_MILLI_BIRLIK_GUN-740x420.jpeg\",\"datePublished\":\"2025-07-16T07:11:07+00:00\",\"author\":{\"@id\":\"https:\\\/\\\/kibrisdakik.com\\\/#\\\/schema\\\/person\\\/9cd9d437bbb44f72b73ba127e06d8e79\"},\"breadcrumb\":{\"@id\":\"https:\\\/\\\/kibrisdakik.com\\\/?p=86359#breadcrumb\"},\"inLanguage\":\"tr\",\"potentialAction\":[{\"@type\":\"ReadAction\",\"target\":[\"https:\\\/\\\/kibrisdakik.com\\\/?p=86359\"]}]},{\"@type\":\"ImageObject\",\"inLanguage\":\"tr\",\"@id\":\"https:\\\/\\\/kibrisdakik.com\\\/?p=86359#primaryimage\",\"url\":\"https:\\\/\\\/kibrisdakik.com\\\/wp-content\\\/uploads\\\/2025\\\/07\\\/1752645418860AA-20250715-38568257-38568255-ITALYA_VE_MALTADA_15_TEMMUZ_DEMOKRASI_VE_MILLI_BIRLIK_GUN-740x420.jpeg\",\"contentUrl\":\"https:\\\/\\\/kibrisdakik.com\\\/wp-content\\\/uploads\\\/2025\\\/07\\\/1752645418860AA-20250715-38568257-38568255-ITALYA_VE_MALTADA_15_TEMMUZ_DEMOKRASI_VE_MILLI_BIRLIK_GUN-740x420.jpeg\",\"width\":2560,\"height\":1707},{\"@type\":\"BreadcrumbList\",\"@id\":\"https:\\\/\\\/kibrisdakik.com\\\/?p=86359#breadcrumb\",\"itemListElement\":[{\"@type\":\"ListItem\",\"position\":1,\"name\":\"Home\",\"item\":\"https:\\\/\\\/kibrisdakik.com\\\/\"},{\"@type\":\"ListItem\",\"position\":2,\"name\":\"New York ve Roma\u2019da \u201c15 Temmuz Demokrasi ve Milli Birlik G\u00fcn\u00fc\u201d dolay\u0131s\u0131yla yap\u0131lan anma programlar\u0131na Dana ve Beyazbayram da kat\u0131ld\u0131\"}]},{\"@type\":\"WebSite\",\"@id\":\"https:\\\/\\\/kibrisdakik.com\\\/#website\",\"url\":\"https:\\\/\\\/kibrisdakik.com\\\/\",\"name\":\"\",\"description\":\"Tam vaktinde haber\",\"potentialAction\":[{\"@type\":\"SearchAction\",\"target\":{\"@type\":\"EntryPoint\",\"urlTemplate\":\"https:\\\/\\\/kibrisdakik.com\\\/?s={search_term_string}\"},\"query-input\":{\"@type\":\"PropertyValueSpecification\",\"valueRequired\":true,\"valueName\":\"search_term_string\"}}],\"inLanguage\":\"tr\"},{\"@type\":\"Person\",\"@id\":\"https:\\\/\\\/kibrisdakik.com\\\/#\\\/schema\\\/person\\\/9cd9d437bbb44f72b73ba127e06d8e79\",\"name\":\"admin\",\"image\":{\"@type\":\"ImageObject\",\"inLanguage\":\"tr\",\"@id\":\"https:\\\/\\\/secure.gravatar.com\\\/avatar\\\/ccc17943b9d660506c869530f897617f7cb1c21a4bf30023f252596d83e1f007?s=96&d=mm&r=g\",\"url\":\"https:\\\/\\\/secure.gravatar.com\\\/avatar\\\/ccc17943b9d660506c869530f897617f7cb1c21a4bf30023f252596d83e1f007?s=96&d=mm&r=g\",\"contentUrl\":\"https:\\\/\\\/secure.gravatar.com\\\/avatar\\\/ccc17943b9d660506c869530f897617f7cb1c21a4bf30023f252596d83e1f007?s=96&d=mm&r=g\",\"caption\":\"admin\"},\"sameAs\":[\"https:\\\/\\\/kibrisdakik.com\"],\"url\":\"https:\\\/\\\/kibrisdakik.com\\\/?author=1\"}]}<\/script>\n<!-- \/ Yoast SEO plugin. -->","yoast_head_json":{"title":"New York ve Roma\u2019da \u201c15 Temmuz Demokrasi ve Milli Birlik G\u00fcn\u00fc\u201d dolay\u0131s\u0131yla yap\u0131lan anma programlar\u0131na Dana ve Beyazbayram da kat\u0131ld\u0131 -","robots":{"index":"index","follow":"follow","max-snippet":"max-snippet:-1","max-image-preview":"max-image-preview:large","max-video-preview":"max-video-preview:-1"},"canonical":"https:\/\/kibrisdakik.com\/?p=86359","og_locale":"tr_TR","og_type":"article","og_title":"New York ve Roma\u2019da \u201c15 Temmuz Demokrasi ve Milli Birlik G\u00fcn\u00fc\u201d dolay\u0131s\u0131yla yap\u0131lan anma programlar\u0131na Dana ve Beyazbayram da kat\u0131ld\u0131 -","og_description":"New York, \u0130talya ve Malta\u2019da \u201c15 Temmuz Demokrasi ve Milli Birlik G\u00fcn\u00fc\u201dnde anma program\u0131 ve t\u00f6renleri yap\u0131ld\u0131. T\u00fcrkevi\u2019nde, New York Ba\u015fkonsolosu B\u00fcy\u00fckel\u00e7i Muhittin Ahmet Yazal\u2019\u0131n ev sahipli\u011finde ger\u00e7ekle\u015fen programda, Kuzey K\u0131br\u0131s T\u00fcrk Cumhuriyeti\u2019nin (KKTC) New York Temsilcisi Mehmet Dana, Konya Belediye Ba\u015fkan\u0131 U\u011fur \u0130brahim Altay, yerli ve yabanc\u0131 diplomatik misyon \u00e7al\u0131\u015fanlar\u0131 ile sivil toplum kurulu\u015flar\u0131ndan","og_url":"https:\/\/kibrisdakik.com\/?p=86359","article_published_time":"2025-07-16T07:11:07+00:00","og_image":[{"width":2560,"height":1707,"url":"https:\/\/kibrisdakik.com\/wp-content\/uploads\/2025\/07\/1752645418860AA-20250715-38568257-38568255-ITALYA_VE_MALTADA_15_TEMMUZ_DEMOKRASI_VE_MILLI_BIRLIK_GUN-740x420.jpeg","type":"image\/jpeg"}],"author":"admin","twitter_card":"summary_large_image","twitter_misc":{"Yazan:":"admin","Tahmini okuma s\u00fcresi":"1 dakika"},"schema":{"@context":"https:\/\/schema.org","@graph":[{"@type":"Article","@id":"https:\/\/kibrisdakik.com\/?p=86359#article","isPartOf":{"@id":"https:\/\/kibrisdakik.com\/?p=86359"},"author":{"name":"admin","@id":"https:\/\/kibrisdakik.com\/#\/schema\/person\/9cd9d437bbb44f72b73ba127e06d8e79"},"headline":"New York ve Roma\u2019da \u201c15 Temmuz Demokrasi ve Milli Birlik G\u00fcn\u00fc\u201d dolay\u0131s\u0131yla yap\u0131lan anma programlar\u0131na Dana ve Beyazbayram da kat\u0131ld\u0131","datePublished":"2025-07-16T07:11:07+00:00","mainEntityOfPage":{"@id":"https:\/\/kibrisdakik.com\/?p=86359"},"wordCount":323,"commentCount":0,"image":{"@id":"https:\/\/kibrisdakik.com\/?p=86359#primaryimage"},"thumbnailUrl":"https:\/\/kibrisdakik.com\/wp-content\/uploads\/2025\/07\/1752645418860AA-20250715-38568257-38568255-ITALYA_VE_MALTADA_15_TEMMUZ_DEMOKRASI_VE_MILLI_BIRLIK_GUN-740x420.jpeg","articleSection":["K\u0131br\u0131s","Man\u015fet"],"inLanguage":"tr","potentialAction":[{"@type":"CommentAction","name":"Comment","target":["https:\/\/kibrisdakik.com\/?p=86359#respond"]}]},{"@type":"WebPage","@id":"https:\/\/kibrisdakik.com\/?p=86359","url":"https:\/\/kibrisdakik.com\/?p=86359","name":"New York ve Roma\u2019da \u201c15 Temmuz Demokrasi ve Milli Birlik G\u00fcn\u00fc\u201d dolay\u0131s\u0131yla yap\u0131lan anma programlar\u0131na Dana ve Beyazbayram da kat\u0131ld\u0131 -","isPartOf":{"@id":"https:\/\/kibrisdakik.com\/#website"},"primaryImageOfPage":{"@id":"https:\/\/kibrisdakik.com\/?p=86359#primaryimage"},"image":{"@id":"https:\/\/kibrisdakik.com\/?p=86359#primaryimage"},"thumbnailUrl":"https:\/\/kibrisdakik.com\/wp-content\/uploads\/2025\/07\/1752645418860AA-20250715-38568257-38568255-ITALYA_VE_MALTADA_15_TEMMUZ_DEMOKRASI_VE_MILLI_BIRLIK_GUN-740x420.jpeg","datePublished":"2025-07-16T07:11:07+00:00","author":{"@id":"https:\/\/kibrisdakik.com\/#\/schema\/person\/9cd9d437bbb44f72b73ba127e06d8e79"},"breadcrumb":{"@id":"https:\/\/kibrisdakik.com\/?p=86359#breadcrumb"},"inLanguage":"tr","potentialAction":[{"@type":"ReadAction","target":["https:\/\/kibrisdakik.com\/?p=86359"]}]},{"@type":"ImageObject","inLanguage":"tr","@id":"https:\/\/kibrisdakik.com\/?p=86359#primaryimage","url":"https:\/\/kibrisdakik.com\/wp-content\/uploads\/2025\/07\/1752645418860AA-20250715-38568257-38568255-ITALYA_VE_MALTADA_15_TEMMUZ_DEMOKRASI_VE_MILLI_BIRLIK_GUN-740x420.jpeg","contentUrl":"https:\/\/kibrisdakik.com\/wp-content\/uploads\/2025\/07\/1752645418860AA-20250715-38568257-38568255-ITALYA_VE_MALTADA_15_TEMMUZ_DEMOKRASI_VE_MILLI_BIRLIK_GUN-740x420.jpeg","width":2560,"height":1707},{"@type":"BreadcrumbList","@id":"https:\/\/kibrisdakik.com\/?p=86359#breadcrumb","itemListElement":[{"@type":"ListItem","position":1,"name":"Home","item":"https:\/\/kibrisdakik.com\/"},{"@type":"ListItem","position":2,"name":"New York ve Roma\u2019da \u201c15 Temmuz Demokrasi ve Milli Birlik G\u00fcn\u00fc\u201d dolay\u0131s\u0131yla yap\u0131lan anma programlar\u0131na Dana ve Beyazbayram da kat\u0131ld\u0131"}]},{"@type":"WebSite","@id":"https:\/\/kibrisdakik.com\/#website","url":"https:\/\/kibrisdakik.com\/","name":"","description":"Tam vaktinde haber","potentialAction":[{"@type":"SearchAction","target":{"@type":"EntryPoint","urlTemplate":"https:\/\/kibrisdakik.com\/?s={search_term_string}"},"query-input":{"@type":"PropertyValueSpecification","valueRequired":true,"valueName":"search_term_string"}}],"inLanguage":"tr"},{"@type":"Person","@id":"https:\/\/kibrisdakik.com\/#\/schema\/person\/9cd9d437bbb44f72b73ba127e06d8e79","name":"admin","image":{"@type":"ImageObject","inLanguage":"tr","@id":"https:\/\/secure.gravatar.com\/avatar\/ccc17943b9d660506c869530f897617f7cb1c21a4bf30023f252596d83e1f007?s=96&d=mm&r=g","url":"https:\/\/secure.gravatar.com\/avatar\/ccc17943b9d660506c869530f897617f7cb1c21a4bf30023f252596d83e1f007?s=96&d=mm&r=g","contentUrl":"https:\/\/secure.gravatar.com\/avatar\/ccc17943b9d660506c869530f897617f7cb1c21a4bf30023f252596d83e1f007?s=96&d=mm&r=g","caption":"admin"},"sameAs":["https:\/\/kibrisdakik.com"],"url":"https:\/\/kibrisdakik.com\/?author=1"}]}},"_links":{"self":[{"href":"https:\/\/kibrisdakik.com\/index.php?rest_route=\/wp\/v2\/posts\/86359","targetHints":{"allow":["GET"]}}],"collection":[{"href":"https:\/\/kibrisdakik.com\/index.php?rest_route=\/wp\/v2\/posts"}],"about":[{"href":"https:\/\/kibrisdakik.com\/index.php?rest_route=\/wp\/v2\/types\/post"}],"author":[{"embeddable":true,"href":"https:\/\/kibrisdakik.com\/index.php?rest_route=\/wp\/v2\/users\/1"}],"replies":[{"embeddable":true,"href":"https:\/\/kibrisdakik.com\/index.php?rest_route=%2Fwp%2Fv2%2Fcomments&post=86359"}],"version-history":[{"count":0,"href":"https:\/\/kibrisdakik.com\/index.php?rest_route=\/wp\/v2\/posts\/86359\/revisions"}],"wp:featuredmedia":[{"embeddable":true,"href":"https:\/\/kibrisdakik.com\/index.php?rest_route=\/wp\/v2\/media\/86360"}],"wp:attachment":[{"href":"https:\/\/kibrisdakik.com\/index.php?rest_route=%2Fwp%2Fv2%2Fmedia&parent=86359"}],"wp:term":[{"taxonomy":"category","embeddable":true,"href":"https:\/\/kibrisdakik.com\/index.php?rest_route=%2Fwp%2Fv2%2Fcategories&post=86359"},{"taxonomy":"post_tag","embeddable":true,"href":"https:\/\/kibrisdakik.com\/index.php?rest_route=%2Fwp%2Fv2%2Ftags&post=86359"}],"curies":[{"name":"wp","href":"https:\/\/api.w.org\/{rel}","templated":true}]}}