{"id":86387,"date":"2025-07-16T15:09:07","date_gmt":"2025-07-16T12:09:07","guid":{"rendered":"https:\/\/kibrisdakik.com\/index.php\/2025\/07\/16\/kei-ofisi-koordinatoru-erol-oz-kurum-muduru-meryem-ozkurtu-ziyaret-etti\/"},"modified":"2025-07-16T15:09:07","modified_gmt":"2025-07-16T12:09:07","slug":"kei-ofisi-koordinatoru-erol-oz-kurum-muduru-meryem-ozkurtu-ziyaret-etti","status":"publish","type":"post","link":"https:\/\/kibrisdakik.com\/?p=86387","title":{"rendered":"KE\u0130 Ofisi Koordinat\u00f6r\u00fc Erol \u00d6z, Kurum M\u00fcd\u00fcr\u00fc Meryem \u00d6zkurt\u2019u ziyaret etti"},"content":{"rendered":"<p> <br \/>\n<\/p>\n<div>\n<div class=\"mariselle-image-container center\">\n                                            <\/div>\n<p>Bayrak Radyo Televizyon Kurumu\u2019nun altyap\u0131s\u0131n\u0131n g\u00fc\u00e7lendirilmesi i\u00e7in \u00e7al\u0131\u015fmalar devam ediyor.<\/p>\n<p>T\u00fcrkiye Cumhuriyeti Lefko\u015fa B\u00fcy\u00fckel\u00e7ili\u011fi Kalk\u0131nma ve Ekonomik \u0130\u015f Birli\u011fi Ofisi Koordinat\u00f6r\u00fc Erol \u00d6z, bug\u00fcn BRTK M\u00fcd\u00fcr\u00fc Meryem \u00d6zkurt\u2019u ziyaret ederek, BRT\u2019nin g\u00fc\u00e7lendirilmesi i\u00e7in yap\u0131lacak projeleri ele ald\u0131.<\/p>\n<p>Erol \u00d6z ziyarette ayr\u0131ca Kurum M\u00fcd\u00fcr\u00fc \u00d6zkurt ile birlikte KE\u0130 Ofisi katk\u0131lar\u0131yla tamamlanan projeleri de yerinde inceledi.<\/p>\n<div class=\"mariselle-image-container center\">\n                <img loading=\"lazy\" decoding=\"async\" width=\"910\" height=\"430\" class=\"lazy-image\" alt=\"\" sizes=\"auto, (max-width: 910px) 100vw, 910px\" src=\"https:\/\/brtk.net\/wp-content\/uploads\/2025\/07\/16\/brtkei45.jpg?ver=6ad550e1a5316e1af9d012e7b4e3a42f\" srcset=\"https:\/\/brtk.net\/wp-content\/uploads\/2025\/07\/16\/brtkei45.jpg?ver=6ad550e1a5316e1af9d012e7b4e3a42f 910w, https:\/\/brtk.net\/wp-content\/uploads\/2025\/07\/16\/brtkei45-300x142.jpg?ver=6ad550e1a5316e1af9d012e7b4e3a42f 300w, https:\/\/brtk.net\/wp-content\/uploads\/2025\/07\/16\/brtkei45-768x363.jpg?ver=6ad550e1a5316e1af9d012e7b4e3a42f 768w\"\/>                            <\/div>\n<p>T\u00fcrkiye Cumhuriyeti Lefko\u015fa B\u00fcy\u00fckel\u00e7ili\u011fi Kalk\u0131nma ve Ekonomik \u0130\u015f Birli\u011fi Ofisi Koordinat\u00f6r\u00fc Erol \u00d6z, Bayrak Radyo Televiyzon Kurumu M\u00fcd\u00fcr\u00fc Meryem \u00d6zkurt\u2019u ziyaret etti.<\/p>\n<p>KE\u0130 Ofisi Uzman\u0131 G\u00fcls\u00fcm G\u00f6zenler\u2019in de haz\u0131r bulundu\u011fu g\u00f6r\u00fc\u015fmede, kurumun 2025 y\u0131l\u0131 i\u00e7erinde alt yap\u0131s\u0131n\u0131n g\u00fc\u00e7lendirilmesi i\u00e7in yap\u0131lacak projeler ele al\u0131nd\u0131.<\/p>\n<div class=\"mariselle-image-container center\">\n                <img loading=\"lazy\" decoding=\"async\" width=\"910\" height=\"430\" class=\"lazy-image\" alt=\"\" sizes=\"auto, (max-width: 910px) 100vw, 910px\" src=\"https:\/\/brtk.net\/wp-content\/uploads\/2025\/07\/16\/keiber1.jpg?ver=f43790cc06fbeda9689dc2b72bf90245\" srcset=\"https:\/\/brtk.net\/wp-content\/uploads\/2025\/07\/16\/keiber1.jpg?ver=f43790cc06fbeda9689dc2b72bf90245 910w, https:\/\/brtk.net\/wp-content\/uploads\/2025\/07\/16\/keiber1-300x142.jpg?ver=e21e12fd1f7a718eea23cf73838b156a 300w, https:\/\/brtk.net\/wp-content\/uploads\/2025\/07\/16\/keiber1-768x363.jpg?ver=e21e12fd1f7a718eea23cf73838b156a 768w\"\/>                            <\/div>\n<p>KE\u0130 Koordinat\u00f6r\u00fc \u00d6z, Kurum M\u00fcd\u00fcr\u00fc \u00d6zkurt ile birlikte KE\u0130 Ofisi katk\u0131lar\u0131yla tamamlanan projeleri de yerinde inceledi.<\/p>\n<p>Erol \u00d6z, ayr\u0131ca KE\u0130 Ofisinin finansal katk\u0131lar\u0131yla en son teknoloji ile yenilenen haber merkezini de ziyaret ederek, \u00e7al\u0131\u015fanlarla sohbet etti.<\/p>\n<\/p><\/div>\n<p><script async\n                    defer\n                    crossorigin=\"anonymous\"\n                    src=\"https:\/\/connect.facebook.net\/tr_TR\/sdk.js#xfbml=1&#038;version=v3.3\"\n            ><\/script><br \/>\n<br \/><br \/>\n<br \/><a href=\"[kibrisdakik.com]\n<\/p>\n","protected":false},"excerpt":{"rendered":"<p>Bayrak Radyo Televizyon Kurumu\u2019nun altyap\u0131s\u0131n\u0131n g\u00fc\u00e7lendirilmesi i\u00e7in \u00e7al\u0131\u015fmalar devam ediyor. T\u00fcrkiye Cumhuriyeti Lefko\u015fa B\u00fcy\u00fckel\u00e7ili\u011fi Kalk\u0131nma ve Ekonomik \u0130\u015f Birli\u011fi Ofisi Koordinat\u00f6r\u00fc Erol \u00d6z, bug\u00fcn BRTK M\u00fcd\u00fcr\u00fc Meryem \u00d6zkurt\u2019u ziyaret ederek, BRT\u2019nin g\u00fc\u00e7lendirilmesi i\u00e7in yap\u0131lacak projeleri ele ald\u0131. Erol \u00d6z ziyarette ayr\u0131ca Kurum M\u00fcd\u00fcr\u00fc \u00d6zkurt ile birlikte KE\u0130 Ofisi katk\u0131lar\u0131yla tamamlanan projeleri de yerinde inceledi. T\u00fcrkiye<\/p>\n","protected":false},"author":1,"featured_media":86388,"comment_status":"open","ping_status":"open","sticky":false,"template":"","format":"standard","meta":{"footnotes":""},"categories":[81,101],"tags":[],"class_list":["post-86387","post","type-post","status-publish","format-standard","has-post-thumbnail","hentry","category-kibris","category-manset"],"yoast_head":"<!-- This site is optimized with the Yoast SEO plugin v27.4 - https:\/\/yoast.com\/product\/yoast-seo-wordpress\/ -->\n<title>KE\u0130 Ofisi Koordinat\u00f6r\u00fc Erol \u00d6z, Kurum M\u00fcd\u00fcr\u00fc Meryem \u00d6zkurt\u2019u ziyaret etti -<\/title>\n<meta name=\"robots\" content=\"index, follow, max-snippet:-1, max-image-preview:large, max-video-preview:-1\" \/>\n<link rel=\"canonical\" href=\"https:\/\/kibrisdakik.com\/?p=86387\" \/>\n<meta property=\"og:locale\" content=\"tr_TR\" \/>\n<meta property=\"og:type\" content=\"article\" \/>\n<meta property=\"og:title\" content=\"KE\u0130 Ofisi Koordinat\u00f6r\u00fc Erol \u00d6z, Kurum M\u00fcd\u00fcr\u00fc Meryem \u00d6zkurt\u2019u ziyaret etti -\" \/>\n<meta property=\"og:description\" content=\"Bayrak Radyo Televizyon Kurumu\u2019nun altyap\u0131s\u0131n\u0131n g\u00fc\u00e7lendirilmesi i\u00e7in \u00e7al\u0131\u015fmalar devam ediyor. T\u00fcrkiye Cumhuriyeti Lefko\u015fa B\u00fcy\u00fckel\u00e7ili\u011fi Kalk\u0131nma ve Ekonomik \u0130\u015f Birli\u011fi Ofisi Koordinat\u00f6r\u00fc Erol \u00d6z, bug\u00fcn BRTK M\u00fcd\u00fcr\u00fc Meryem \u00d6zkurt\u2019u ziyaret ederek, BRT\u2019nin g\u00fc\u00e7lendirilmesi i\u00e7in yap\u0131lacak projeleri ele ald\u0131. Erol \u00d6z ziyarette ayr\u0131ca Kurum M\u00fcd\u00fcr\u00fc \u00d6zkurt ile birlikte KE\u0130 Ofisi katk\u0131lar\u0131yla tamamlanan projeleri de yerinde inceledi. T\u00fcrkiye\" \/>\n<meta property=\"og:url\" content=\"https:\/\/kibrisdakik.com\/?p=86387\" \/>\n<meta property=\"article:published_time\" content=\"2025-07-16T12:09:07+00:00\" \/>\n<meta property=\"og:image\" content=\"https:\/\/kibrisdakik.com\/wp-content\/uploads\/2025\/07\/brtkei45-740x420.jpg\" \/>\n\t<meta property=\"og:image:width\" content=\"910\" \/>\n\t<meta property=\"og:image:height\" content=\"430\" \/>\n\t<meta property=\"og:image:type\" content=\"image\/jpeg\" \/>\n<meta name=\"author\" content=\"admin\" \/>\n<meta name=\"twitter:card\" content=\"summary_large_image\" \/>\n<meta name=\"twitter:label1\" content=\"Yazan:\" \/>\n\t<meta name=\"twitter:data1\" content=\"admin\" \/>\n\t<meta name=\"twitter:label2\" content=\"Tahmini okuma s\u00fcresi\" \/>\n\t<meta name=\"twitter:data2\" content=\"1 dakika\" \/>\n<script type=\"application\/ld+json\" class=\"yoast-schema-graph\">{\"@context\":\"https:\\\/\\\/schema.org\",\"@graph\":[{\"@type\":\"Article\",\"@id\":\"https:\\\/\\\/kibrisdakik.com\\\/?p=86387#article\",\"isPartOf\":{\"@id\":\"https:\\\/\\\/kibrisdakik.com\\\/?p=86387\"},\"author\":{\"name\":\"admin\",\"@id\":\"https:\\\/\\\/kibrisdakik.com\\\/#\\\/schema\\\/person\\\/9cd9d437bbb44f72b73ba127e06d8e79\"},\"headline\":\"KE\u0130 Ofisi Koordinat\u00f6r\u00fc Erol \u00d6z, Kurum M\u00fcd\u00fcr\u00fc Meryem \u00d6zkurt\u2019u ziyaret etti\",\"datePublished\":\"2025-07-16T12:09:07+00:00\",\"mainEntityOfPage\":{\"@id\":\"https:\\\/\\\/kibrisdakik.com\\\/?p=86387\"},\"wordCount\":214,\"commentCount\":0,\"image\":{\"@id\":\"https:\\\/\\\/kibrisdakik.com\\\/?p=86387#primaryimage\"},\"thumbnailUrl\":\"https:\\\/\\\/kibrisdakik.com\\\/wp-content\\\/uploads\\\/2025\\\/07\\\/brtkei45-740x420.jpg\",\"articleSection\":[\"K\u0131br\u0131s\",\"Man\u015fet\"],\"inLanguage\":\"tr\",\"potentialAction\":[{\"@type\":\"CommentAction\",\"name\":\"Comment\",\"target\":[\"https:\\\/\\\/kibrisdakik.com\\\/?p=86387#respond\"]}]},{\"@type\":\"WebPage\",\"@id\":\"https:\\\/\\\/kibrisdakik.com\\\/?p=86387\",\"url\":\"https:\\\/\\\/kibrisdakik.com\\\/?p=86387\",\"name\":\"KE\u0130 Ofisi Koordinat\u00f6r\u00fc Erol \u00d6z, Kurum M\u00fcd\u00fcr\u00fc Meryem \u00d6zkurt\u2019u ziyaret etti -\",\"isPartOf\":{\"@id\":\"https:\\\/\\\/kibrisdakik.com\\\/#website\"},\"primaryImageOfPage\":{\"@id\":\"https:\\\/\\\/kibrisdakik.com\\\/?p=86387#primaryimage\"},\"image\":{\"@id\":\"https:\\\/\\\/kibrisdakik.com\\\/?p=86387#primaryimage\"},\"thumbnailUrl\":\"https:\\\/\\\/kibrisdakik.com\\\/wp-content\\\/uploads\\\/2025\\\/07\\\/brtkei45-740x420.jpg\",\"datePublished\":\"2025-07-16T12:09:07+00:00\",\"author\":{\"@id\":\"https:\\\/\\\/kibrisdakik.com\\\/#\\\/schema\\\/person\\\/9cd9d437bbb44f72b73ba127e06d8e79\"},\"breadcrumb\":{\"@id\":\"https:\\\/\\\/kibrisdakik.com\\\/?p=86387#breadcrumb\"},\"inLanguage\":\"tr\",\"potentialAction\":[{\"@type\":\"ReadAction\",\"target\":[\"https:\\\/\\\/kibrisdakik.com\\\/?p=86387\"]}]},{\"@type\":\"ImageObject\",\"inLanguage\":\"tr\",\"@id\":\"https:\\\/\\\/kibrisdakik.com\\\/?p=86387#primaryimage\",\"url\":\"https:\\\/\\\/kibrisdakik.com\\\/wp-content\\\/uploads\\\/2025\\\/07\\\/brtkei45-740x420.jpg\",\"contentUrl\":\"https:\\\/\\\/kibrisdakik.com\\\/wp-content\\\/uploads\\\/2025\\\/07\\\/brtkei45-740x420.jpg\",\"width\":910,\"height\":430},{\"@type\":\"BreadcrumbList\",\"@id\":\"https:\\\/\\\/kibrisdakik.com\\\/?p=86387#breadcrumb\",\"itemListElement\":[{\"@type\":\"ListItem\",\"position\":1,\"name\":\"Home\",\"item\":\"https:\\\/\\\/kibrisdakik.com\\\/\"},{\"@type\":\"ListItem\",\"position\":2,\"name\":\"KE\u0130 Ofisi Koordinat\u00f6r\u00fc Erol \u00d6z, Kurum M\u00fcd\u00fcr\u00fc Meryem \u00d6zkurt\u2019u ziyaret etti\"}]},{\"@type\":\"WebSite\",\"@id\":\"https:\\\/\\\/kibrisdakik.com\\\/#website\",\"url\":\"https:\\\/\\\/kibrisdakik.com\\\/\",\"name\":\"\",\"description\":\"Tam vaktinde haber\",\"potentialAction\":[{\"@type\":\"SearchAction\",\"target\":{\"@type\":\"EntryPoint\",\"urlTemplate\":\"https:\\\/\\\/kibrisdakik.com\\\/?s={search_term_string}\"},\"query-input\":{\"@type\":\"PropertyValueSpecification\",\"valueRequired\":true,\"valueName\":\"search_term_string\"}}],\"inLanguage\":\"tr\"},{\"@type\":\"Person\",\"@id\":\"https:\\\/\\\/kibrisdakik.com\\\/#\\\/schema\\\/person\\\/9cd9d437bbb44f72b73ba127e06d8e79\",\"name\":\"admin\",\"image\":{\"@type\":\"ImageObject\",\"inLanguage\":\"tr\",\"@id\":\"https:\\\/\\\/secure.gravatar.com\\\/avatar\\\/ccc17943b9d660506c869530f897617f7cb1c21a4bf30023f252596d83e1f007?s=96&d=mm&r=g\",\"url\":\"https:\\\/\\\/secure.gravatar.com\\\/avatar\\\/ccc17943b9d660506c869530f897617f7cb1c21a4bf30023f252596d83e1f007?s=96&d=mm&r=g\",\"contentUrl\":\"https:\\\/\\\/secure.gravatar.com\\\/avatar\\\/ccc17943b9d660506c869530f897617f7cb1c21a4bf30023f252596d83e1f007?s=96&d=mm&r=g\",\"caption\":\"admin\"},\"sameAs\":[\"https:\\\/\\\/kibrisdakik.com\"],\"url\":\"https:\\\/\\\/kibrisdakik.com\\\/?author=1\"}]}<\/script>\n<!-- \/ Yoast SEO plugin. -->","yoast_head_json":{"title":"KE\u0130 Ofisi Koordinat\u00f6r\u00fc Erol \u00d6z, Kurum M\u00fcd\u00fcr\u00fc Meryem \u00d6zkurt\u2019u ziyaret etti -","robots":{"index":"index","follow":"follow","max-snippet":"max-snippet:-1","max-image-preview":"max-image-preview:large","max-video-preview":"max-video-preview:-1"},"canonical":"https:\/\/kibrisdakik.com\/?p=86387","og_locale":"tr_TR","og_type":"article","og_title":"KE\u0130 Ofisi Koordinat\u00f6r\u00fc Erol \u00d6z, Kurum M\u00fcd\u00fcr\u00fc Meryem \u00d6zkurt\u2019u ziyaret etti -","og_description":"Bayrak Radyo Televizyon Kurumu\u2019nun altyap\u0131s\u0131n\u0131n g\u00fc\u00e7lendirilmesi i\u00e7in \u00e7al\u0131\u015fmalar devam ediyor. T\u00fcrkiye Cumhuriyeti Lefko\u015fa B\u00fcy\u00fckel\u00e7ili\u011fi Kalk\u0131nma ve Ekonomik \u0130\u015f Birli\u011fi Ofisi Koordinat\u00f6r\u00fc Erol \u00d6z, bug\u00fcn BRTK M\u00fcd\u00fcr\u00fc Meryem \u00d6zkurt\u2019u ziyaret ederek, BRT\u2019nin g\u00fc\u00e7lendirilmesi i\u00e7in yap\u0131lacak projeleri ele ald\u0131. Erol \u00d6z ziyarette ayr\u0131ca Kurum M\u00fcd\u00fcr\u00fc \u00d6zkurt ile birlikte KE\u0130 Ofisi katk\u0131lar\u0131yla tamamlanan projeleri de yerinde inceledi. T\u00fcrkiye","og_url":"https:\/\/kibrisdakik.com\/?p=86387","article_published_time":"2025-07-16T12:09:07+00:00","og_image":[{"width":910,"height":430,"url":"https:\/\/kibrisdakik.com\/wp-content\/uploads\/2025\/07\/brtkei45-740x420.jpg","type":"image\/jpeg"}],"author":"admin","twitter_card":"summary_large_image","twitter_misc":{"Yazan:":"admin","Tahmini okuma s\u00fcresi":"1 dakika"},"schema":{"@context":"https:\/\/schema.org","@graph":[{"@type":"Article","@id":"https:\/\/kibrisdakik.com\/?p=86387#article","isPartOf":{"@id":"https:\/\/kibrisdakik.com\/?p=86387"},"author":{"name":"admin","@id":"https:\/\/kibrisdakik.com\/#\/schema\/person\/9cd9d437bbb44f72b73ba127e06d8e79"},"headline":"KE\u0130 Ofisi Koordinat\u00f6r\u00fc Erol \u00d6z, Kurum M\u00fcd\u00fcr\u00fc Meryem \u00d6zkurt\u2019u ziyaret etti","datePublished":"2025-07-16T12:09:07+00:00","mainEntityOfPage":{"@id":"https:\/\/kibrisdakik.com\/?p=86387"},"wordCount":214,"commentCount":0,"image":{"@id":"https:\/\/kibrisdakik.com\/?p=86387#primaryimage"},"thumbnailUrl":"https:\/\/kibrisdakik.com\/wp-content\/uploads\/2025\/07\/brtkei45-740x420.jpg","articleSection":["K\u0131br\u0131s","Man\u015fet"],"inLanguage":"tr","potentialAction":[{"@type":"CommentAction","name":"Comment","target":["https:\/\/kibrisdakik.com\/?p=86387#respond"]}]},{"@type":"WebPage","@id":"https:\/\/kibrisdakik.com\/?p=86387","url":"https:\/\/kibrisdakik.com\/?p=86387","name":"KE\u0130 Ofisi Koordinat\u00f6r\u00fc Erol \u00d6z, Kurum M\u00fcd\u00fcr\u00fc Meryem \u00d6zkurt\u2019u ziyaret etti -","isPartOf":{"@id":"https:\/\/kibrisdakik.com\/#website"},"primaryImageOfPage":{"@id":"https:\/\/kibrisdakik.com\/?p=86387#primaryimage"},"image":{"@id":"https:\/\/kibrisdakik.com\/?p=86387#primaryimage"},"thumbnailUrl":"https:\/\/kibrisdakik.com\/wp-content\/uploads\/2025\/07\/brtkei45-740x420.jpg","datePublished":"2025-07-16T12:09:07+00:00","author":{"@id":"https:\/\/kibrisdakik.com\/#\/schema\/person\/9cd9d437bbb44f72b73ba127e06d8e79"},"breadcrumb":{"@id":"https:\/\/kibrisdakik.com\/?p=86387#breadcrumb"},"inLanguage":"tr","potentialAction":[{"@type":"ReadAction","target":["https:\/\/kibrisdakik.com\/?p=86387"]}]},{"@type":"ImageObject","inLanguage":"tr","@id":"https:\/\/kibrisdakik.com\/?p=86387#primaryimage","url":"https:\/\/kibrisdakik.com\/wp-content\/uploads\/2025\/07\/brtkei45-740x420.jpg","contentUrl":"https:\/\/kibrisdakik.com\/wp-content\/uploads\/2025\/07\/brtkei45-740x420.jpg","width":910,"height":430},{"@type":"BreadcrumbList","@id":"https:\/\/kibrisdakik.com\/?p=86387#breadcrumb","itemListElement":[{"@type":"ListItem","position":1,"name":"Home","item":"https:\/\/kibrisdakik.com\/"},{"@type":"ListItem","position":2,"name":"KE\u0130 Ofisi Koordinat\u00f6r\u00fc Erol \u00d6z, Kurum M\u00fcd\u00fcr\u00fc Meryem \u00d6zkurt\u2019u ziyaret etti"}]},{"@type":"WebSite","@id":"https:\/\/kibrisdakik.com\/#website","url":"https:\/\/kibrisdakik.com\/","name":"","description":"Tam vaktinde haber","potentialAction":[{"@type":"SearchAction","target":{"@type":"EntryPoint","urlTemplate":"https:\/\/kibrisdakik.com\/?s={search_term_string}"},"query-input":{"@type":"PropertyValueSpecification","valueRequired":true,"valueName":"search_term_string"}}],"inLanguage":"tr"},{"@type":"Person","@id":"https:\/\/kibrisdakik.com\/#\/schema\/person\/9cd9d437bbb44f72b73ba127e06d8e79","name":"admin","image":{"@type":"ImageObject","inLanguage":"tr","@id":"https:\/\/secure.gravatar.com\/avatar\/ccc17943b9d660506c869530f897617f7cb1c21a4bf30023f252596d83e1f007?s=96&d=mm&r=g","url":"https:\/\/secure.gravatar.com\/avatar\/ccc17943b9d660506c869530f897617f7cb1c21a4bf30023f252596d83e1f007?s=96&d=mm&r=g","contentUrl":"https:\/\/secure.gravatar.com\/avatar\/ccc17943b9d660506c869530f897617f7cb1c21a4bf30023f252596d83e1f007?s=96&d=mm&r=g","caption":"admin"},"sameAs":["https:\/\/kibrisdakik.com"],"url":"https:\/\/kibrisdakik.com\/?author=1"}]}},"_links":{"self":[{"href":"https:\/\/kibrisdakik.com\/index.php?rest_route=\/wp\/v2\/posts\/86387","targetHints":{"allow":["GET"]}}],"collection":[{"href":"https:\/\/kibrisdakik.com\/index.php?rest_route=\/wp\/v2\/posts"}],"about":[{"href":"https:\/\/kibrisdakik.com\/index.php?rest_route=\/wp\/v2\/types\/post"}],"author":[{"embeddable":true,"href":"https:\/\/kibrisdakik.com\/index.php?rest_route=\/wp\/v2\/users\/1"}],"replies":[{"embeddable":true,"href":"https:\/\/kibrisdakik.com\/index.php?rest_route=%2Fwp%2Fv2%2Fcomments&post=86387"}],"version-history":[{"count":0,"href":"https:\/\/kibrisdakik.com\/index.php?rest_route=\/wp\/v2\/posts\/86387\/revisions"}],"wp:featuredmedia":[{"embeddable":true,"href":"https:\/\/kibrisdakik.com\/index.php?rest_route=\/wp\/v2\/media\/86388"}],"wp:attachment":[{"href":"https:\/\/kibrisdakik.com\/index.php?rest_route=%2Fwp%2Fv2%2Fmedia&parent=86387"}],"wp:term":[{"taxonomy":"category","embeddable":true,"href":"https:\/\/kibrisdakik.com\/index.php?rest_route=%2Fwp%2Fv2%2Fcategories&post=86387"},{"taxonomy":"post_tag","embeddable":true,"href":"https:\/\/kibrisdakik.com\/index.php?rest_route=%2Fwp%2Fv2%2Ftags&post=86387"}],"curies":[{"name":"wp","href":"https:\/\/api.w.org\/{rel}","templated":true}]}}