{"id":8639,"date":"2023-06-12T04:53:27","date_gmt":"2023-06-12T04:53:27","guid":{"rendered":"https:\/\/kibrisdakik.com\/index.php\/2023\/06\/12\/tc-cumhurbaskani-recep-tayyip-erdoganin-kktc-ziyareti-canli-yayin-frekans-bilgileri\/"},"modified":"2023-06-12T04:53:27","modified_gmt":"2023-06-12T04:53:27","slug":"tc-cumhurbaskani-recep-tayyip-erdoganin-kktc-ziyareti-canli-yayin-frekans-bilgileri","status":"publish","type":"post","link":"https:\/\/kibrisdakik.com\/?p=8639","title":{"rendered":"TC Cumhurba\u015fkan\u0131 Recep Tayyip Erdo\u011fan\u2019\u0131n KKTC  ziyareti canl\u0131 yay\u0131n frekans bilgileri:"},"content":{"rendered":"<p><\/p>\n<div>\n<div class=\"mariselle-image-container center\">\n                <img width=\"895\" height=\"444\" class=\"lazy-image\" alt=\"\" decoding=\"async\" loading=\"lazy\" sizes=\"auto, (max-width: 895px) 100vw, 895px\" src=\"https:\/\/brtk.net\/wp-content\/uploads\/2023\/01\/20\/canli-yayin-frekans-bilgileri.jpg?ver=8f8997ee28b5f782d9dfc5f09834c75c\" srcset=\"https:\/\/brtk.net\/wp-content\/uploads\/2023\/01\/20\/canli-yayin-frekans-bilgileri.jpg?ver=8f8997ee28b5f782d9dfc5f09834c75c 895w, https:\/\/brtk.net\/wp-content\/uploads\/2023\/01\/20\/canli-yayin-frekans-bilgileri-300x149.jpg?ver=8f8997ee28b5f782d9dfc5f09834c75c 300w, https:\/\/brtk.net\/wp-content\/uploads\/2023\/01\/20\/canli-yayin-frekans-bilgileri-768x381.jpg?ver=108b6339ffa230f10e97a42a40109e24 768w\"\/>                            <\/div>\n<p>TC Cumhurba\u015fkan\u0131 Recep Tayyip Erdo\u011fan\u2019\u0131n <a href=\"https:\/\/brtk.net\/\">KKTC<\/a>  ziyaretinde <a href=\"https:\/\/brtk.net\/\">BRT<\/a>K taraf\u0131ndan canl\u0131 yay\u0131nlanacak olan Resmi Kar\u015f\u0131lama T\u00f6reni, An\u0131t T\u00f6reni ve Cumhurba\u015fkan\u0131 <a href=\"https:\/\/brtk.net\/\" target=\"_blank\" rel=\"noopener\">Ersin Tatar<\/a> ile ger\u00e7ekle\u015ftirilece\u011fi ortak bas\u0131n toplant\u0131s\u0131 a\u015fa\u011f\u0131daki frekans ve link \u00fczerinden takip edilebilecektir. <\/p>\n<p>Frekans:11541<br \/>SR 2960<br \/>Fec 5\/6<br \/>Pol H (yatay)<\/p>\n<p> rtmp:\/\/stream.brtk.net\/live\/kaband<\/p>\n<\/p><\/div>\n<p><script async\n                    defer\n                    crossorigin=\"anonymous\"\n                    src=\"https:\/\/connect.facebook.net\/tr_TR\/sdk.js#xfbml=1&#038;version=v3.3\"\n            ><\/script><\/p>\n","protected":false},"excerpt":{"rendered":"<p>TC Cumhurba\u015fkan\u0131 Recep Tayyip Erdo\u011fan\u2019\u0131n KKTC ziyaretinde BRTK taraf\u0131ndan canl\u0131 yay\u0131nlanacak olan Resmi Kar\u015f\u0131lama T\u00f6reni, An\u0131t T\u00f6reni ve Cumhurba\u015fkan\u0131 Ersin Tatar ile ger\u00e7ekle\u015ftirilece\u011fi ortak bas\u0131n toplant\u0131s\u0131 a\u015fa\u011f\u0131daki frekans ve link \u00fczerinden takip edilebilecektir. Frekans:11541SR 2960Fec 5\/6Pol H (yatay) rtmp:\/\/stream.brtk.net\/live\/kaband<\/p>\n","protected":false},"author":1,"featured_media":2440,"comment_status":"open","ping_status":"open","sticky":false,"template":"","format":"standard","meta":{"footnotes":""},"categories":[1],"tags":[],"class_list":["post-8639","post","type-post","status-publish","format-standard","has-post-thumbnail","hentry","category-gundem"],"yoast_head":"<!-- This site is optimized with the Yoast SEO plugin v27.4 - https:\/\/yoast.com\/product\/yoast-seo-wordpress\/ -->\n<title>TC Cumhurba\u015fkan\u0131 Recep Tayyip Erdo\u011fan\u2019\u0131n KKTC ziyareti canl\u0131 yay\u0131n frekans bilgileri: -<\/title>\n<meta name=\"robots\" content=\"index, follow, max-snippet:-1, max-image-preview:large, max-video-preview:-1\" \/>\n<link rel=\"canonical\" href=\"https:\/\/kibrisdakik.com\/?p=8639\" \/>\n<meta property=\"og:locale\" content=\"tr_TR\" \/>\n<meta property=\"og:type\" content=\"article\" \/>\n<meta property=\"og:title\" content=\"TC Cumhurba\u015fkan\u0131 Recep Tayyip Erdo\u011fan\u2019\u0131n KKTC ziyareti canl\u0131 yay\u0131n frekans bilgileri: -\" \/>\n<meta property=\"og:description\" content=\"TC Cumhurba\u015fkan\u0131 Recep Tayyip Erdo\u011fan\u2019\u0131n KKTC ziyaretinde BRTK taraf\u0131ndan canl\u0131 yay\u0131nlanacak olan Resmi Kar\u015f\u0131lama T\u00f6reni, An\u0131t T\u00f6reni ve Cumhurba\u015fkan\u0131 Ersin Tatar ile ger\u00e7ekle\u015ftirilece\u011fi ortak bas\u0131n toplant\u0131s\u0131 a\u015fa\u011f\u0131daki frekans ve link \u00fczerinden takip edilebilecektir. Frekans:11541SR 2960Fec 5\/6Pol H (yatay) rtmp:\/\/stream.brtk.net\/live\/kaband\" \/>\n<meta property=\"og:url\" content=\"https:\/\/kibrisdakik.com\/?p=8639\" \/>\n<meta property=\"article:published_time\" content=\"2023-06-12T04:53:27+00:00\" \/>\n<meta property=\"og:image\" content=\"https:\/\/kibrisdakik.com\/wp-content\/uploads\/2023\/03\/canli-yayin-frekans-bilgileri-740x420.jpg\" \/>\n\t<meta property=\"og:image:width\" content=\"895\" \/>\n\t<meta property=\"og:image:height\" content=\"444\" \/>\n\t<meta property=\"og:image:type\" content=\"image\/jpeg\" \/>\n<meta name=\"author\" content=\"admin\" \/>\n<meta name=\"twitter:card\" content=\"summary_large_image\" \/>\n<meta name=\"twitter:label1\" content=\"Yazan:\" \/>\n\t<meta name=\"twitter:data1\" content=\"admin\" \/>\n<script type=\"application\/ld+json\" class=\"yoast-schema-graph\">{\"@context\":\"https:\\\/\\\/schema.org\",\"@graph\":[{\"@type\":\"Article\",\"@id\":\"https:\\\/\\\/kibrisdakik.com\\\/?p=8639#article\",\"isPartOf\":{\"@id\":\"https:\\\/\\\/kibrisdakik.com\\\/?p=8639\"},\"author\":{\"name\":\"admin\",\"@id\":\"https:\\\/\\\/kibrisdakik.com\\\/#\\\/schema\\\/person\\\/9cd9d437bbb44f72b73ba127e06d8e79\"},\"headline\":\"TC Cumhurba\u015fkan\u0131 Recep Tayyip Erdo\u011fan\u2019\u0131n KKTC ziyareti canl\u0131 yay\u0131n frekans bilgileri:\",\"datePublished\":\"2023-06-12T04:53:27+00:00\",\"mainEntityOfPage\":{\"@id\":\"https:\\\/\\\/kibrisdakik.com\\\/?p=8639\"},\"wordCount\":77,\"commentCount\":0,\"image\":{\"@id\":\"https:\\\/\\\/kibrisdakik.com\\\/?p=8639#primaryimage\"},\"thumbnailUrl\":\"https:\\\/\\\/kibrisdakik.com\\\/wp-content\\\/uploads\\\/2023\\\/03\\\/canli-yayin-frekans-bilgileri-740x420.jpg\",\"articleSection\":[\"G\u00fcndem\"],\"inLanguage\":\"tr\",\"potentialAction\":[{\"@type\":\"CommentAction\",\"name\":\"Comment\",\"target\":[\"https:\\\/\\\/kibrisdakik.com\\\/?p=8639#respond\"]}]},{\"@type\":\"WebPage\",\"@id\":\"https:\\\/\\\/kibrisdakik.com\\\/?p=8639\",\"url\":\"https:\\\/\\\/kibrisdakik.com\\\/?p=8639\",\"name\":\"TC Cumhurba\u015fkan\u0131 Recep Tayyip Erdo\u011fan\u2019\u0131n KKTC ziyareti canl\u0131 yay\u0131n frekans bilgileri: -\",\"isPartOf\":{\"@id\":\"https:\\\/\\\/kibrisdakik.com\\\/#website\"},\"primaryImageOfPage\":{\"@id\":\"https:\\\/\\\/kibrisdakik.com\\\/?p=8639#primaryimage\"},\"image\":{\"@id\":\"https:\\\/\\\/kibrisdakik.com\\\/?p=8639#primaryimage\"},\"thumbnailUrl\":\"https:\\\/\\\/kibrisdakik.com\\\/wp-content\\\/uploads\\\/2023\\\/03\\\/canli-yayin-frekans-bilgileri-740x420.jpg\",\"datePublished\":\"2023-06-12T04:53:27+00:00\",\"author\":{\"@id\":\"https:\\\/\\\/kibrisdakik.com\\\/#\\\/schema\\\/person\\\/9cd9d437bbb44f72b73ba127e06d8e79\"},\"breadcrumb\":{\"@id\":\"https:\\\/\\\/kibrisdakik.com\\\/?p=8639#breadcrumb\"},\"inLanguage\":\"tr\",\"potentialAction\":[{\"@type\":\"ReadAction\",\"target\":[\"https:\\\/\\\/kibrisdakik.com\\\/?p=8639\"]}]},{\"@type\":\"ImageObject\",\"inLanguage\":\"tr\",\"@id\":\"https:\\\/\\\/kibrisdakik.com\\\/?p=8639#primaryimage\",\"url\":\"https:\\\/\\\/kibrisdakik.com\\\/wp-content\\\/uploads\\\/2023\\\/03\\\/canli-yayin-frekans-bilgileri-740x420.jpg\",\"contentUrl\":\"https:\\\/\\\/kibrisdakik.com\\\/wp-content\\\/uploads\\\/2023\\\/03\\\/canli-yayin-frekans-bilgileri-740x420.jpg\",\"width\":895,\"height\":444},{\"@type\":\"BreadcrumbList\",\"@id\":\"https:\\\/\\\/kibrisdakik.com\\\/?p=8639#breadcrumb\",\"itemListElement\":[{\"@type\":\"ListItem\",\"position\":1,\"name\":\"Home\",\"item\":\"https:\\\/\\\/kibrisdakik.com\\\/\"},{\"@type\":\"ListItem\",\"position\":2,\"name\":\"TC Cumhurba\u015fkan\u0131 Recep Tayyip Erdo\u011fan\u2019\u0131n KKTC ziyareti canl\u0131 yay\u0131n frekans bilgileri:\"}]},{\"@type\":\"WebSite\",\"@id\":\"https:\\\/\\\/kibrisdakik.com\\\/#website\",\"url\":\"https:\\\/\\\/kibrisdakik.com\\\/\",\"name\":\"\",\"description\":\"Tam vaktinde haber\",\"potentialAction\":[{\"@type\":\"SearchAction\",\"target\":{\"@type\":\"EntryPoint\",\"urlTemplate\":\"https:\\\/\\\/kibrisdakik.com\\\/?s={search_term_string}\"},\"query-input\":{\"@type\":\"PropertyValueSpecification\",\"valueRequired\":true,\"valueName\":\"search_term_string\"}}],\"inLanguage\":\"tr\"},{\"@type\":\"Person\",\"@id\":\"https:\\\/\\\/kibrisdakik.com\\\/#\\\/schema\\\/person\\\/9cd9d437bbb44f72b73ba127e06d8e79\",\"name\":\"admin\",\"image\":{\"@type\":\"ImageObject\",\"inLanguage\":\"tr\",\"@id\":\"https:\\\/\\\/secure.gravatar.com\\\/avatar\\\/ccc17943b9d660506c869530f897617f7cb1c21a4bf30023f252596d83e1f007?s=96&d=mm&r=g\",\"url\":\"https:\\\/\\\/secure.gravatar.com\\\/avatar\\\/ccc17943b9d660506c869530f897617f7cb1c21a4bf30023f252596d83e1f007?s=96&d=mm&r=g\",\"contentUrl\":\"https:\\\/\\\/secure.gravatar.com\\\/avatar\\\/ccc17943b9d660506c869530f897617f7cb1c21a4bf30023f252596d83e1f007?s=96&d=mm&r=g\",\"caption\":\"admin\"},\"sameAs\":[\"https:\\\/\\\/kibrisdakik.com\"],\"url\":\"https:\\\/\\\/kibrisdakik.com\\\/?author=1\"}]}<\/script>\n<!-- \/ Yoast SEO plugin. -->","yoast_head_json":{"title":"TC Cumhurba\u015fkan\u0131 Recep Tayyip Erdo\u011fan\u2019\u0131n KKTC ziyareti canl\u0131 yay\u0131n frekans bilgileri: -","robots":{"index":"index","follow":"follow","max-snippet":"max-snippet:-1","max-image-preview":"max-image-preview:large","max-video-preview":"max-video-preview:-1"},"canonical":"https:\/\/kibrisdakik.com\/?p=8639","og_locale":"tr_TR","og_type":"article","og_title":"TC Cumhurba\u015fkan\u0131 Recep Tayyip Erdo\u011fan\u2019\u0131n KKTC ziyareti canl\u0131 yay\u0131n frekans bilgileri: -","og_description":"TC Cumhurba\u015fkan\u0131 Recep Tayyip Erdo\u011fan\u2019\u0131n KKTC ziyaretinde BRTK taraf\u0131ndan canl\u0131 yay\u0131nlanacak olan Resmi Kar\u015f\u0131lama T\u00f6reni, An\u0131t T\u00f6reni ve Cumhurba\u015fkan\u0131 Ersin Tatar ile ger\u00e7ekle\u015ftirilece\u011fi ortak bas\u0131n toplant\u0131s\u0131 a\u015fa\u011f\u0131daki frekans ve link \u00fczerinden takip edilebilecektir. Frekans:11541SR 2960Fec 5\/6Pol H (yatay) rtmp:\/\/stream.brtk.net\/live\/kaband","og_url":"https:\/\/kibrisdakik.com\/?p=8639","article_published_time":"2023-06-12T04:53:27+00:00","og_image":[{"width":895,"height":444,"url":"https:\/\/kibrisdakik.com\/wp-content\/uploads\/2023\/03\/canli-yayin-frekans-bilgileri-740x420.jpg","type":"image\/jpeg"}],"author":"admin","twitter_card":"summary_large_image","twitter_misc":{"Yazan:":"admin"},"schema":{"@context":"https:\/\/schema.org","@graph":[{"@type":"Article","@id":"https:\/\/kibrisdakik.com\/?p=8639#article","isPartOf":{"@id":"https:\/\/kibrisdakik.com\/?p=8639"},"author":{"name":"admin","@id":"https:\/\/kibrisdakik.com\/#\/schema\/person\/9cd9d437bbb44f72b73ba127e06d8e79"},"headline":"TC Cumhurba\u015fkan\u0131 Recep Tayyip Erdo\u011fan\u2019\u0131n KKTC ziyareti canl\u0131 yay\u0131n frekans bilgileri:","datePublished":"2023-06-12T04:53:27+00:00","mainEntityOfPage":{"@id":"https:\/\/kibrisdakik.com\/?p=8639"},"wordCount":77,"commentCount":0,"image":{"@id":"https:\/\/kibrisdakik.com\/?p=8639#primaryimage"},"thumbnailUrl":"https:\/\/kibrisdakik.com\/wp-content\/uploads\/2023\/03\/canli-yayin-frekans-bilgileri-740x420.jpg","articleSection":["G\u00fcndem"],"inLanguage":"tr","potentialAction":[{"@type":"CommentAction","name":"Comment","target":["https:\/\/kibrisdakik.com\/?p=8639#respond"]}]},{"@type":"WebPage","@id":"https:\/\/kibrisdakik.com\/?p=8639","url":"https:\/\/kibrisdakik.com\/?p=8639","name":"TC Cumhurba\u015fkan\u0131 Recep Tayyip Erdo\u011fan\u2019\u0131n KKTC ziyareti canl\u0131 yay\u0131n frekans bilgileri: -","isPartOf":{"@id":"https:\/\/kibrisdakik.com\/#website"},"primaryImageOfPage":{"@id":"https:\/\/kibrisdakik.com\/?p=8639#primaryimage"},"image":{"@id":"https:\/\/kibrisdakik.com\/?p=8639#primaryimage"},"thumbnailUrl":"https:\/\/kibrisdakik.com\/wp-content\/uploads\/2023\/03\/canli-yayin-frekans-bilgileri-740x420.jpg","datePublished":"2023-06-12T04:53:27+00:00","author":{"@id":"https:\/\/kibrisdakik.com\/#\/schema\/person\/9cd9d437bbb44f72b73ba127e06d8e79"},"breadcrumb":{"@id":"https:\/\/kibrisdakik.com\/?p=8639#breadcrumb"},"inLanguage":"tr","potentialAction":[{"@type":"ReadAction","target":["https:\/\/kibrisdakik.com\/?p=8639"]}]},{"@type":"ImageObject","inLanguage":"tr","@id":"https:\/\/kibrisdakik.com\/?p=8639#primaryimage","url":"https:\/\/kibrisdakik.com\/wp-content\/uploads\/2023\/03\/canli-yayin-frekans-bilgileri-740x420.jpg","contentUrl":"https:\/\/kibrisdakik.com\/wp-content\/uploads\/2023\/03\/canli-yayin-frekans-bilgileri-740x420.jpg","width":895,"height":444},{"@type":"BreadcrumbList","@id":"https:\/\/kibrisdakik.com\/?p=8639#breadcrumb","itemListElement":[{"@type":"ListItem","position":1,"name":"Home","item":"https:\/\/kibrisdakik.com\/"},{"@type":"ListItem","position":2,"name":"TC Cumhurba\u015fkan\u0131 Recep Tayyip Erdo\u011fan\u2019\u0131n KKTC ziyareti canl\u0131 yay\u0131n frekans bilgileri:"}]},{"@type":"WebSite","@id":"https:\/\/kibrisdakik.com\/#website","url":"https:\/\/kibrisdakik.com\/","name":"","description":"Tam vaktinde haber","potentialAction":[{"@type":"SearchAction","target":{"@type":"EntryPoint","urlTemplate":"https:\/\/kibrisdakik.com\/?s={search_term_string}"},"query-input":{"@type":"PropertyValueSpecification","valueRequired":true,"valueName":"search_term_string"}}],"inLanguage":"tr"},{"@type":"Person","@id":"https:\/\/kibrisdakik.com\/#\/schema\/person\/9cd9d437bbb44f72b73ba127e06d8e79","name":"admin","image":{"@type":"ImageObject","inLanguage":"tr","@id":"https:\/\/secure.gravatar.com\/avatar\/ccc17943b9d660506c869530f897617f7cb1c21a4bf30023f252596d83e1f007?s=96&d=mm&r=g","url":"https:\/\/secure.gravatar.com\/avatar\/ccc17943b9d660506c869530f897617f7cb1c21a4bf30023f252596d83e1f007?s=96&d=mm&r=g","contentUrl":"https:\/\/secure.gravatar.com\/avatar\/ccc17943b9d660506c869530f897617f7cb1c21a4bf30023f252596d83e1f007?s=96&d=mm&r=g","caption":"admin"},"sameAs":["https:\/\/kibrisdakik.com"],"url":"https:\/\/kibrisdakik.com\/?author=1"}]}},"_links":{"self":[{"href":"https:\/\/kibrisdakik.com\/index.php?rest_route=\/wp\/v2\/posts\/8639","targetHints":{"allow":["GET"]}}],"collection":[{"href":"https:\/\/kibrisdakik.com\/index.php?rest_route=\/wp\/v2\/posts"}],"about":[{"href":"https:\/\/kibrisdakik.com\/index.php?rest_route=\/wp\/v2\/types\/post"}],"author":[{"embeddable":true,"href":"https:\/\/kibrisdakik.com\/index.php?rest_route=\/wp\/v2\/users\/1"}],"replies":[{"embeddable":true,"href":"https:\/\/kibrisdakik.com\/index.php?rest_route=%2Fwp%2Fv2%2Fcomments&post=8639"}],"version-history":[{"count":0,"href":"https:\/\/kibrisdakik.com\/index.php?rest_route=\/wp\/v2\/posts\/8639\/revisions"}],"wp:featuredmedia":[{"embeddable":true,"href":"https:\/\/kibrisdakik.com\/index.php?rest_route=\/wp\/v2\/media\/2440"}],"wp:attachment":[{"href":"https:\/\/kibrisdakik.com\/index.php?rest_route=%2Fwp%2Fv2%2Fmedia&parent=8639"}],"wp:term":[{"taxonomy":"category","embeddable":true,"href":"https:\/\/kibrisdakik.com\/index.php?rest_route=%2Fwp%2Fv2%2Fcategories&post=8639"},{"taxonomy":"post_tag","embeddable":true,"href":"https:\/\/kibrisdakik.com\/index.php?rest_route=%2Fwp%2Fv2%2Ftags&post=8639"}],"curies":[{"name":"wp","href":"https:\/\/api.w.org\/{rel}","templated":true}]}}