{"id":86401,"date":"2025-07-16T18:05:02","date_gmt":"2025-07-16T15:05:02","guid":{"rendered":"https:\/\/kibrisdakik.com\/index.php\/2025\/07\/16\/ozturklerden-demetriouya-yanit-turkiyenin-mudahalesi-bir-isgal-degil-varolus-mucadelesinin-desteklenmesidir\/"},"modified":"2025-07-16T18:05:02","modified_gmt":"2025-07-16T15:05:02","slug":"ozturklerden-demetriouya-yanit-turkiyenin-mudahalesi-bir-isgal-degil-varolus-mucadelesinin-desteklenmesidir","status":"publish","type":"post","link":"https:\/\/kibrisdakik.com\/?p=86401","title":{"rendered":"\u00d6zt\u00fcrkler\u2019den Demetriou\u2019ya yan\u0131t: T\u00fcrkiye\u2019nin m\u00fcdahalesi, bir i\u015fgal de\u011fil, varolu\u015f m\u00fccadelesinin desteklenmesidir"},"content":{"rendered":"<p> <br \/>\n<\/p>\n<div>\n<p>\u00a0<\/p>\n<div class=\"mariselle-image-container center\">\n                                            <\/div>\n<p>\u00a0<\/p>\n<p>Cumhurba\u015fkan\u0131 Vekili ve Cumhuriyet Meclisi Ba\u015fkan\u0131 Ziya \u00d6zt\u00fcrkler,kat\u0131ld\u0131\u011f\u0131 programda sorular\u0131 yan\u0131tlad\u0131 ve T\u00fcrkiye\u2019de devam eden yarg\u0131 s\u00fcreci hem de siyasi geli\u015fmelere ili\u015fkin a\u00e7\u0131klamalarda bulundu.<br \/>\u00d6zt\u00fcrkler, 6 \u015eubat depreminde y\u0131k\u0131lan Grand \u0130sias Oteli\u2019ne ili\u015fkin y\u00fcr\u00fct\u00fclen yarg\u0131 s\u00fcrecinde, tutuksuz yarg\u0131lanan 6 kamu g\u00f6revlisinin ikinci kez hakim kar\u015f\u0131s\u0131na \u00e7\u0131kt\u0131\u011f\u0131n\u0131 hat\u0131rlatt\u0131.<\/p>\n<p>\u00a0<\/p>\n<p>Bu davan\u0131n yaln\u0131zca hukuki de\u011fil, ayn\u0131 zamanda toplumsal vicdan\u0131 ilgilendiren bir sorumluluk ta\u015f\u0131d\u0131\u011f\u0131n\u0131 belirten \u00d6zt\u00fcrkler, \u201c\u015eampiyon Melekleri\u201d anarak, ailelerin y\u00fcr\u00fctt\u00fc\u011f\u00fc adalet m\u00fccadelesine deste\u011fini yineledi.<br \/>\u00d6zt\u00fcrkler, Rum Meclis Ba\u015fkan\u0131 Annita Demetriou\u2019nun T\u00fcrkiye ve K\u0131br\u0131s T\u00fcrk halk\u0131na y\u00f6nelik a\u00e7\u0131klamalar\u0131na tepki g\u00f6sterdi.<\/p>\n<p>\u00a0<\/p>\n<p>\u00a0<\/p>\n<p>K\u0131br\u0131s Bar\u0131\u015f Harek\u00e2t\u0131\u2019n\u0131n Z\u00fcrih ve Londra Antla\u015fmalar\u0131\u2019ndan do\u011fan me\u015fru m\u00fcdahale hakk\u0131na dayand\u0131\u011f\u0131n\u0131 vurgulayan \u00d6zt\u00fcrkler, \u201c1974, K\u0131br\u0131s T\u00fcrk halk\u0131n\u0131n can g\u00fcvenli\u011fi i\u00e7in bir d\u00f6n\u00fcm noktas\u0131d\u0131r. EOKA ter\u00f6r\u00fc, katliamlar ve zorla yerinden edilmeler ger\u00e7e\u011fi g\u00f6rmezden gelinemez. T\u00fcrkiye\u2019nin m\u00fcdahalesi, bir i\u015fgal de\u011fil; varolu\u015f m\u00fccadelesinin desteklenmesidir\u201d ifadelerini kulland\u0131.<\/p>\n<p>\u00a0<\/p>\n<p>Demetriou\u2019nun demografik yap\u0131 iddialar\u0131n\u0131 da de\u011ferlendiren \u00d6zt\u00fcrkler, K\u0131br\u0131s T\u00fcrk halk\u0131n\u0131n \u00f6zg\u00fcrce ya\u015fama ve kendi gelece\u011fini belirleme hakk\u0131na sahip oldu\u011funu belirterek, tek yanl\u0131 s\u00f6ylemlerle de\u011fil; egemen e\u015fitlik ve e\u015fit uluslararas\u0131 stat\u00fc temelinde bir \u00e7\u00f6z\u00fcm vizyonunun esas al\u0131nmas\u0131 gerekti\u011fini vurgulad\u0131.<\/p>\n<p>\u00a0<\/p>\n<p>Bu ak\u015fam ba\u015flayacak \u201cK\u0131br\u0131s Konulu Geni\u015fletilmi\u015f Formatl\u0131 Gayri Resmi Toplant\u0131\u201dya ili\u015fkin de konu\u015fan \u00d6zt\u00fcrkler, KKTC heyetinin d\u00fcn adadan ayr\u0131ld\u0131\u011f\u0131n\u0131 an\u0131msatt\u0131.<br \/>T\u00fcrkiye Cumhuriyeti D\u0131\u015fi\u015fleri Bakan\u0131 Hakan Fidan\u2019\u0131n kat\u0131l\u0131m\u0131yla ger\u00e7ekle\u015fecek zirvede, iki devletli \u00e7\u00f6z\u00fcm vizyonunun uluslararas\u0131 d\u00fczeyde bir kez daha net bi\u00e7imde ortaya konaca\u011f\u0131n\u0131 ifade etti.<br \/>\u00d6zt\u00fcrkler, 27 y\u0131l aradan sonra hayata ge\u00e7irilen G\u00fczelyurt sosyal konut projesinin gen\u00e7ler ve dar gelirli aileler i\u00e7in umut verici oldu\u011funu dile getirdi.<\/p>\n<p>\u00a0<\/p>\n<p>Ayr\u0131ca narenciye sekt\u00f6r\u00fcne y\u00f6nelik kurulan So\u011fuk Hava Deposu\u2019nun \u00fcreticiye stratejik katk\u0131lar sunaca\u011f\u0131n\u0131, tar\u0131msal s\u00fcrd\u00fcr\u00fclebilirli\u011fe ivme kazand\u0131raca\u011f\u0131n\u0131 belirten \u00d6zt\u00fcrkler, b\u00f6lgedeki yol ve altyap\u0131 projelerinin ise ekonomik canl\u0131l\u0131\u011f\u0131 do\u011frudan art\u0131raca\u011f\u0131n\u0131, \u00f6zellikle \u00fcretim alanlar\u0131na eri\u015fimi kolayla\u015ft\u0131racak yat\u0131r\u0131mlar\u0131n kritik \u00f6nemde oldu\u011funu vurgulad\u0131.<\/p>\n<p>\u00a0<\/p>\n<p>2025 \u0130ktisadi ve Mali \u0130\u015fbirli\u011fi Protokol\u00fc kapsam\u0131nda T\u00fcrkiye ile KKTC aras\u0131nda y\u00fcr\u00fct\u00fclen projelere de\u011finen \u00d6zt\u00fcrkler, bu ortak \u00e7al\u0131\u015fmalar\u0131n halk\u0131n refah seviyesini y\u00fckseltmeye odakl\u0131 oldu\u011funu belirtti.<\/p>\n<p>Fiber Optik D\u00f6n\u00fc\u015f\u00fcm Protokol\u00fc\u2019n\u00fcn ard\u0131ndan e-devlet altyap\u0131s\u0131n\u0131n h\u0131zla geli\u015fti\u011fini ifade eden \u00d6zt\u00fcrkler, kamu hizmetlerine eri\u015fimin daha etkin hale geldi\u011fini ve dijital e\u011fitim olanaklar\u0131n\u0131n geni\u015fletildi\u011fini kaydetti.<\/p>\n<p>\u00d6zt\u00fcrkler, \u201cBu yat\u0131r\u0131mlar, teknolojinin \u00f6tesinde bir vizyonun par\u00e7as\u0131d\u0131r. KKTC, dijital \u00e7a\u011f\u0131n g\u00fc\u00e7l\u00fc bir akt\u00f6r\u00fc olarak yoluna devam etmektedir\u201d ifadeleriyle dijital d\u00f6n\u00fc\u015f\u00fcm\u00fcn stratejik \u00f6nemine\u00a0dikkat\u00a0\u00e7ekti.<\/p>\n<\/p><\/div>\n<p><script async\n                    defer\n                    crossorigin=\"anonymous\"\n                    src=\"https:\/\/connect.facebook.net\/tr_TR\/sdk.js#xfbml=1&#038;version=v3.3\"\n            ><\/script><br \/>\n<br \/><br \/>\n<br \/><a href=\"[kibrisdakik.com]\n<\/p>\n","protected":false},"excerpt":{"rendered":"<p>\u00a0 \u00a0 Cumhurba\u015fkan\u0131 Vekili ve Cumhuriyet Meclisi Ba\u015fkan\u0131 Ziya \u00d6zt\u00fcrkler,kat\u0131ld\u0131\u011f\u0131 programda sorular\u0131 yan\u0131tlad\u0131 ve T\u00fcrkiye\u2019de devam eden yarg\u0131 s\u00fcreci hem de siyasi geli\u015fmelere ili\u015fkin a\u00e7\u0131klamalarda bulundu.\u00d6zt\u00fcrkler, 6 \u015eubat depreminde y\u0131k\u0131lan Grand \u0130sias Oteli\u2019ne ili\u015fkin y\u00fcr\u00fct\u00fclen yarg\u0131 s\u00fcrecinde, tutuksuz yarg\u0131lanan 6 kamu g\u00f6revlisinin ikinci kez hakim kar\u015f\u0131s\u0131na \u00e7\u0131kt\u0131\u011f\u0131n\u0131 hat\u0131rlatt\u0131. \u00a0 Bu davan\u0131n yaln\u0131zca hukuki de\u011fil, ayn\u0131<\/p>\n","protected":false},"author":1,"featured_media":86402,"comment_status":"open","ping_status":"open","sticky":false,"template":"","format":"standard","meta":{"footnotes":""},"categories":[81,101],"tags":[],"class_list":["post-86401","post","type-post","status-publish","format-standard","has-post-thumbnail","hentry","category-kibris","category-manset"],"yoast_head":"<!-- This site is optimized with the Yoast SEO plugin v27.5 - https:\/\/yoast.com\/product\/yoast-seo-wordpress\/ -->\n<title>\u00d6zt\u00fcrkler\u2019den Demetriou\u2019ya yan\u0131t: T\u00fcrkiye\u2019nin m\u00fcdahalesi, bir i\u015fgal de\u011fil, varolu\u015f m\u00fccadelesinin desteklenmesidir -<\/title>\n<meta name=\"robots\" content=\"index, follow, max-snippet:-1, max-image-preview:large, max-video-preview:-1\" \/>\n<link rel=\"canonical\" href=\"https:\/\/kibrisdakik.com\/?p=86401\" \/>\n<meta property=\"og:locale\" content=\"tr_TR\" \/>\n<meta property=\"og:type\" content=\"article\" \/>\n<meta property=\"og:title\" content=\"\u00d6zt\u00fcrkler\u2019den Demetriou\u2019ya yan\u0131t: T\u00fcrkiye\u2019nin m\u00fcdahalesi, bir i\u015fgal de\u011fil, varolu\u015f m\u00fccadelesinin desteklenmesidir -\" \/>\n<meta property=\"og:description\" content=\"\u00a0 \u00a0 Cumhurba\u015fkan\u0131 Vekili ve Cumhuriyet Meclisi Ba\u015fkan\u0131 Ziya \u00d6zt\u00fcrkler,kat\u0131ld\u0131\u011f\u0131 programda sorular\u0131 yan\u0131tlad\u0131 ve T\u00fcrkiye\u2019de devam eden yarg\u0131 s\u00fcreci hem de siyasi geli\u015fmelere ili\u015fkin a\u00e7\u0131klamalarda bulundu.\u00d6zt\u00fcrkler, 6 \u015eubat depreminde y\u0131k\u0131lan Grand \u0130sias Oteli\u2019ne ili\u015fkin y\u00fcr\u00fct\u00fclen yarg\u0131 s\u00fcrecinde, tutuksuz yarg\u0131lanan 6 kamu g\u00f6revlisinin ikinci kez hakim kar\u015f\u0131s\u0131na \u00e7\u0131kt\u0131\u011f\u0131n\u0131 hat\u0131rlatt\u0131. \u00a0 Bu davan\u0131n yaln\u0131zca hukuki de\u011fil, ayn\u0131\" \/>\n<meta property=\"og:url\" content=\"https:\/\/kibrisdakik.com\/?p=86401\" \/>\n<meta property=\"article:published_time\" content=\"2025-07-16T15:05:02+00:00\" \/>\n<meta property=\"og:image\" content=\"https:\/\/kibrisdakik.com\/wp-content\/uploads\/2025\/07\/ziyacmmmm-740x420.jpg\" \/>\n\t<meta property=\"og:image:width\" content=\"2213\" \/>\n\t<meta property=\"og:image:height\" content=\"1394\" \/>\n\t<meta property=\"og:image:type\" content=\"image\/jpeg\" \/>\n<meta name=\"author\" content=\"admin\" \/>\n<meta name=\"twitter:card\" content=\"summary_large_image\" \/>\n<meta name=\"twitter:label1\" content=\"Yazan:\" \/>\n\t<meta name=\"twitter:data1\" content=\"admin\" \/>\n\t<meta name=\"twitter:label2\" content=\"Tahmini okuma s\u00fcresi\" \/>\n\t<meta name=\"twitter:data2\" content=\"3 dakika\" \/>\n<script type=\"application\/ld+json\" class=\"yoast-schema-graph\">{\"@context\":\"https:\\\/\\\/schema.org\",\"@graph\":[{\"@type\":\"Article\",\"@id\":\"https:\\\/\\\/kibrisdakik.com\\\/?p=86401#article\",\"isPartOf\":{\"@id\":\"https:\\\/\\\/kibrisdakik.com\\\/?p=86401\"},\"author\":{\"name\":\"admin\",\"@id\":\"https:\\\/\\\/kibrisdakik.com\\\/#\\\/schema\\\/person\\\/9cd9d437bbb44f72b73ba127e06d8e79\"},\"headline\":\"\u00d6zt\u00fcrkler\u2019den Demetriou\u2019ya yan\u0131t: T\u00fcrkiye\u2019nin m\u00fcdahalesi, bir i\u015fgal de\u011fil, varolu\u015f m\u00fccadelesinin desteklenmesidir\",\"datePublished\":\"2025-07-16T15:05:02+00:00\",\"mainEntityOfPage\":{\"@id\":\"https:\\\/\\\/kibrisdakik.com\\\/?p=86401\"},\"wordCount\":578,\"commentCount\":0,\"image\":{\"@id\":\"https:\\\/\\\/kibrisdakik.com\\\/?p=86401#primaryimage\"},\"thumbnailUrl\":\"https:\\\/\\\/kibrisdakik.com\\\/wp-content\\\/uploads\\\/2025\\\/07\\\/ziyacmmmm-740x420.jpg\",\"articleSection\":[\"K\u0131br\u0131s\",\"Man\u015fet\"],\"inLanguage\":\"tr\",\"potentialAction\":[{\"@type\":\"CommentAction\",\"name\":\"Comment\",\"target\":[\"https:\\\/\\\/kibrisdakik.com\\\/?p=86401#respond\"]}]},{\"@type\":\"WebPage\",\"@id\":\"https:\\\/\\\/kibrisdakik.com\\\/?p=86401\",\"url\":\"https:\\\/\\\/kibrisdakik.com\\\/?p=86401\",\"name\":\"\u00d6zt\u00fcrkler\u2019den Demetriou\u2019ya yan\u0131t: T\u00fcrkiye\u2019nin m\u00fcdahalesi, bir i\u015fgal de\u011fil, varolu\u015f m\u00fccadelesinin desteklenmesidir -\",\"isPartOf\":{\"@id\":\"https:\\\/\\\/kibrisdakik.com\\\/#website\"},\"primaryImageOfPage\":{\"@id\":\"https:\\\/\\\/kibrisdakik.com\\\/?p=86401#primaryimage\"},\"image\":{\"@id\":\"https:\\\/\\\/kibrisdakik.com\\\/?p=86401#primaryimage\"},\"thumbnailUrl\":\"https:\\\/\\\/kibrisdakik.com\\\/wp-content\\\/uploads\\\/2025\\\/07\\\/ziyacmmmm-740x420.jpg\",\"datePublished\":\"2025-07-16T15:05:02+00:00\",\"author\":{\"@id\":\"https:\\\/\\\/kibrisdakik.com\\\/#\\\/schema\\\/person\\\/9cd9d437bbb44f72b73ba127e06d8e79\"},\"breadcrumb\":{\"@id\":\"https:\\\/\\\/kibrisdakik.com\\\/?p=86401#breadcrumb\"},\"inLanguage\":\"tr\",\"potentialAction\":[{\"@type\":\"ReadAction\",\"target\":[\"https:\\\/\\\/kibrisdakik.com\\\/?p=86401\"]}]},{\"@type\":\"ImageObject\",\"inLanguage\":\"tr\",\"@id\":\"https:\\\/\\\/kibrisdakik.com\\\/?p=86401#primaryimage\",\"url\":\"https:\\\/\\\/kibrisdakik.com\\\/wp-content\\\/uploads\\\/2025\\\/07\\\/ziyacmmmm-740x420.jpg\",\"contentUrl\":\"https:\\\/\\\/kibrisdakik.com\\\/wp-content\\\/uploads\\\/2025\\\/07\\\/ziyacmmmm-740x420.jpg\",\"width\":2213,\"height\":1394},{\"@type\":\"BreadcrumbList\",\"@id\":\"https:\\\/\\\/kibrisdakik.com\\\/?p=86401#breadcrumb\",\"itemListElement\":[{\"@type\":\"ListItem\",\"position\":1,\"name\":\"Home\",\"item\":\"https:\\\/\\\/kibrisdakik.com\\\/\"},{\"@type\":\"ListItem\",\"position\":2,\"name\":\"\u00d6zt\u00fcrkler\u2019den Demetriou\u2019ya yan\u0131t: T\u00fcrkiye\u2019nin m\u00fcdahalesi, bir i\u015fgal de\u011fil, varolu\u015f m\u00fccadelesinin desteklenmesidir\"}]},{\"@type\":\"WebSite\",\"@id\":\"https:\\\/\\\/kibrisdakik.com\\\/#website\",\"url\":\"https:\\\/\\\/kibrisdakik.com\\\/\",\"name\":\"\",\"description\":\"Tam vaktinde haber\",\"potentialAction\":[{\"@type\":\"SearchAction\",\"target\":{\"@type\":\"EntryPoint\",\"urlTemplate\":\"https:\\\/\\\/kibrisdakik.com\\\/?s={search_term_string}\"},\"query-input\":{\"@type\":\"PropertyValueSpecification\",\"valueRequired\":true,\"valueName\":\"search_term_string\"}}],\"inLanguage\":\"tr\"},{\"@type\":\"Person\",\"@id\":\"https:\\\/\\\/kibrisdakik.com\\\/#\\\/schema\\\/person\\\/9cd9d437bbb44f72b73ba127e06d8e79\",\"name\":\"admin\",\"image\":{\"@type\":\"ImageObject\",\"inLanguage\":\"tr\",\"@id\":\"https:\\\/\\\/secure.gravatar.com\\\/avatar\\\/ccc17943b9d660506c869530f897617f7cb1c21a4bf30023f252596d83e1f007?s=96&d=mm&r=g\",\"url\":\"https:\\\/\\\/secure.gravatar.com\\\/avatar\\\/ccc17943b9d660506c869530f897617f7cb1c21a4bf30023f252596d83e1f007?s=96&d=mm&r=g\",\"contentUrl\":\"https:\\\/\\\/secure.gravatar.com\\\/avatar\\\/ccc17943b9d660506c869530f897617f7cb1c21a4bf30023f252596d83e1f007?s=96&d=mm&r=g\",\"caption\":\"admin\"},\"sameAs\":[\"https:\\\/\\\/kibrisdakik.com\"],\"url\":\"https:\\\/\\\/kibrisdakik.com\\\/?author=1\"}]}<\/script>\n<!-- \/ Yoast SEO plugin. -->","yoast_head_json":{"title":"\u00d6zt\u00fcrkler\u2019den Demetriou\u2019ya yan\u0131t: T\u00fcrkiye\u2019nin m\u00fcdahalesi, bir i\u015fgal de\u011fil, varolu\u015f m\u00fccadelesinin desteklenmesidir -","robots":{"index":"index","follow":"follow","max-snippet":"max-snippet:-1","max-image-preview":"max-image-preview:large","max-video-preview":"max-video-preview:-1"},"canonical":"https:\/\/kibrisdakik.com\/?p=86401","og_locale":"tr_TR","og_type":"article","og_title":"\u00d6zt\u00fcrkler\u2019den Demetriou\u2019ya yan\u0131t: T\u00fcrkiye\u2019nin m\u00fcdahalesi, bir i\u015fgal de\u011fil, varolu\u015f m\u00fccadelesinin desteklenmesidir -","og_description":"\u00a0 \u00a0 Cumhurba\u015fkan\u0131 Vekili ve Cumhuriyet Meclisi Ba\u015fkan\u0131 Ziya \u00d6zt\u00fcrkler,kat\u0131ld\u0131\u011f\u0131 programda sorular\u0131 yan\u0131tlad\u0131 ve T\u00fcrkiye\u2019de devam eden yarg\u0131 s\u00fcreci hem de siyasi geli\u015fmelere ili\u015fkin a\u00e7\u0131klamalarda bulundu.\u00d6zt\u00fcrkler, 6 \u015eubat depreminde y\u0131k\u0131lan Grand \u0130sias Oteli\u2019ne ili\u015fkin y\u00fcr\u00fct\u00fclen yarg\u0131 s\u00fcrecinde, tutuksuz yarg\u0131lanan 6 kamu g\u00f6revlisinin ikinci kez hakim kar\u015f\u0131s\u0131na \u00e7\u0131kt\u0131\u011f\u0131n\u0131 hat\u0131rlatt\u0131. \u00a0 Bu davan\u0131n yaln\u0131zca hukuki de\u011fil, ayn\u0131","og_url":"https:\/\/kibrisdakik.com\/?p=86401","article_published_time":"2025-07-16T15:05:02+00:00","og_image":[{"width":2213,"height":1394,"url":"https:\/\/kibrisdakik.com\/wp-content\/uploads\/2025\/07\/ziyacmmmm-740x420.jpg","type":"image\/jpeg"}],"author":"admin","twitter_card":"summary_large_image","twitter_misc":{"Yazan:":"admin","Tahmini okuma s\u00fcresi":"3 dakika"},"schema":{"@context":"https:\/\/schema.org","@graph":[{"@type":"Article","@id":"https:\/\/kibrisdakik.com\/?p=86401#article","isPartOf":{"@id":"https:\/\/kibrisdakik.com\/?p=86401"},"author":{"name":"admin","@id":"https:\/\/kibrisdakik.com\/#\/schema\/person\/9cd9d437bbb44f72b73ba127e06d8e79"},"headline":"\u00d6zt\u00fcrkler\u2019den Demetriou\u2019ya yan\u0131t: T\u00fcrkiye\u2019nin m\u00fcdahalesi, bir i\u015fgal de\u011fil, varolu\u015f m\u00fccadelesinin desteklenmesidir","datePublished":"2025-07-16T15:05:02+00:00","mainEntityOfPage":{"@id":"https:\/\/kibrisdakik.com\/?p=86401"},"wordCount":578,"commentCount":0,"image":{"@id":"https:\/\/kibrisdakik.com\/?p=86401#primaryimage"},"thumbnailUrl":"https:\/\/kibrisdakik.com\/wp-content\/uploads\/2025\/07\/ziyacmmmm-740x420.jpg","articleSection":["K\u0131br\u0131s","Man\u015fet"],"inLanguage":"tr","potentialAction":[{"@type":"CommentAction","name":"Comment","target":["https:\/\/kibrisdakik.com\/?p=86401#respond"]}]},{"@type":"WebPage","@id":"https:\/\/kibrisdakik.com\/?p=86401","url":"https:\/\/kibrisdakik.com\/?p=86401","name":"\u00d6zt\u00fcrkler\u2019den Demetriou\u2019ya yan\u0131t: T\u00fcrkiye\u2019nin m\u00fcdahalesi, bir i\u015fgal de\u011fil, varolu\u015f m\u00fccadelesinin desteklenmesidir -","isPartOf":{"@id":"https:\/\/kibrisdakik.com\/#website"},"primaryImageOfPage":{"@id":"https:\/\/kibrisdakik.com\/?p=86401#primaryimage"},"image":{"@id":"https:\/\/kibrisdakik.com\/?p=86401#primaryimage"},"thumbnailUrl":"https:\/\/kibrisdakik.com\/wp-content\/uploads\/2025\/07\/ziyacmmmm-740x420.jpg","datePublished":"2025-07-16T15:05:02+00:00","author":{"@id":"https:\/\/kibrisdakik.com\/#\/schema\/person\/9cd9d437bbb44f72b73ba127e06d8e79"},"breadcrumb":{"@id":"https:\/\/kibrisdakik.com\/?p=86401#breadcrumb"},"inLanguage":"tr","potentialAction":[{"@type":"ReadAction","target":["https:\/\/kibrisdakik.com\/?p=86401"]}]},{"@type":"ImageObject","inLanguage":"tr","@id":"https:\/\/kibrisdakik.com\/?p=86401#primaryimage","url":"https:\/\/kibrisdakik.com\/wp-content\/uploads\/2025\/07\/ziyacmmmm-740x420.jpg","contentUrl":"https:\/\/kibrisdakik.com\/wp-content\/uploads\/2025\/07\/ziyacmmmm-740x420.jpg","width":2213,"height":1394},{"@type":"BreadcrumbList","@id":"https:\/\/kibrisdakik.com\/?p=86401#breadcrumb","itemListElement":[{"@type":"ListItem","position":1,"name":"Home","item":"https:\/\/kibrisdakik.com\/"},{"@type":"ListItem","position":2,"name":"\u00d6zt\u00fcrkler\u2019den Demetriou\u2019ya yan\u0131t: T\u00fcrkiye\u2019nin m\u00fcdahalesi, bir i\u015fgal de\u011fil, varolu\u015f m\u00fccadelesinin desteklenmesidir"}]},{"@type":"WebSite","@id":"https:\/\/kibrisdakik.com\/#website","url":"https:\/\/kibrisdakik.com\/","name":"","description":"Tam vaktinde haber","potentialAction":[{"@type":"SearchAction","target":{"@type":"EntryPoint","urlTemplate":"https:\/\/kibrisdakik.com\/?s={search_term_string}"},"query-input":{"@type":"PropertyValueSpecification","valueRequired":true,"valueName":"search_term_string"}}],"inLanguage":"tr"},{"@type":"Person","@id":"https:\/\/kibrisdakik.com\/#\/schema\/person\/9cd9d437bbb44f72b73ba127e06d8e79","name":"admin","image":{"@type":"ImageObject","inLanguage":"tr","@id":"https:\/\/secure.gravatar.com\/avatar\/ccc17943b9d660506c869530f897617f7cb1c21a4bf30023f252596d83e1f007?s=96&d=mm&r=g","url":"https:\/\/secure.gravatar.com\/avatar\/ccc17943b9d660506c869530f897617f7cb1c21a4bf30023f252596d83e1f007?s=96&d=mm&r=g","contentUrl":"https:\/\/secure.gravatar.com\/avatar\/ccc17943b9d660506c869530f897617f7cb1c21a4bf30023f252596d83e1f007?s=96&d=mm&r=g","caption":"admin"},"sameAs":["https:\/\/kibrisdakik.com"],"url":"https:\/\/kibrisdakik.com\/?author=1"}]}},"_links":{"self":[{"href":"https:\/\/kibrisdakik.com\/index.php?rest_route=\/wp\/v2\/posts\/86401","targetHints":{"allow":["GET"]}}],"collection":[{"href":"https:\/\/kibrisdakik.com\/index.php?rest_route=\/wp\/v2\/posts"}],"about":[{"href":"https:\/\/kibrisdakik.com\/index.php?rest_route=\/wp\/v2\/types\/post"}],"author":[{"embeddable":true,"href":"https:\/\/kibrisdakik.com\/index.php?rest_route=\/wp\/v2\/users\/1"}],"replies":[{"embeddable":true,"href":"https:\/\/kibrisdakik.com\/index.php?rest_route=%2Fwp%2Fv2%2Fcomments&post=86401"}],"version-history":[{"count":0,"href":"https:\/\/kibrisdakik.com\/index.php?rest_route=\/wp\/v2\/posts\/86401\/revisions"}],"wp:featuredmedia":[{"embeddable":true,"href":"https:\/\/kibrisdakik.com\/index.php?rest_route=\/wp\/v2\/media\/86402"}],"wp:attachment":[{"href":"https:\/\/kibrisdakik.com\/index.php?rest_route=%2Fwp%2Fv2%2Fmedia&parent=86401"}],"wp:term":[{"taxonomy":"category","embeddable":true,"href":"https:\/\/kibrisdakik.com\/index.php?rest_route=%2Fwp%2Fv2%2Fcategories&post=86401"},{"taxonomy":"post_tag","embeddable":true,"href":"https:\/\/kibrisdakik.com\/index.php?rest_route=%2Fwp%2Fv2%2Ftags&post=86401"}],"curies":[{"name":"wp","href":"https:\/\/api.w.org\/{rel}","templated":true}]}}